{"id":31028,"date":"2026-02-10T13:36:21","date_gmt":"2026-02-10T11:36:21","guid":{"rendered":"https:\/\/www.factorenergia.com\/ca\/?p=31028"},"modified":"2026-04-17T13:48:00","modified_gmt":"2026-04-17T11:48:00","slug":"factorenergia-signa-un-acord-amb-el-col%c2%b7legi-dadministradors-de-finques-de-tarragona-per-optimitzar-la-gestio-energetica","status":"publish","type":"post","link":"https:\/\/www.factorenergia.com\/ca\/blog\/empreses\/factorenergia-signa-un-acord-amb-el-col%c2%b7legi-dadministradors-de-finques-de-tarragona-per-optimitzar-la-gestio-energetica\/","title":{"rendered":"Factorenergia signa un acord amb el Col\u00b7legi d\u2019Administradors de Finques de Tarragona per optimitzar la gesti\u00f3 energ\u00e8tica"},"content":{"rendered":"<p><span>Factorenergia ha signat un <\/span><strong><span>acord de col\u00b7laboraci\u00f3 amb el <a href=\"https:\/\/www.coaft.com\/es\/colegio-administradores-de-tarragona.aspx\">Col\u00b7legi d\u2019Administradors de Finques de Tarragona<\/a><\/span><\/strong><span>, un pas estrat\u00e8gic que refor\u00e7a el seu comprom\u00eds amb els professionals que gestionen comunitats de propietaris i edificis a la prov\u00edncia de Tarragona.<\/span><\/p>\n<p><span>Aquest acord t\u00e9 com a objectiu facilitar als administradors de finques una <\/span><strong><span>gesti\u00f3 energ\u00e8tica m\u00e9s eficient, transparent i optimitzada<\/span><\/strong><span>, adaptada a les necessitats reals de les comunitats i dels clients finals.<\/span><\/p>\n<h2><span>Un acord clau per als administradors de finques de Tarragona<\/span><\/h2>\n<p><span>La signatura de l\u2019acord ha comptat amb la pres\u00e8ncia de <\/span><strong><span>Nico Arcas<\/span><\/strong><span>, assessor delegat de Factorenergia per al Col\u00b7legi d\u2019Administradors de Finques de Tarragona, <\/span><strong><span>Francisco Trastallino<\/span><\/strong><span>, director comercial de Factorenergia, i <\/span><strong><span>Fabi\u00e1n C. Huguet Tous<\/span><\/strong><span>, president del Col\u00b7legi.<\/span><\/p>\n<p><span>Amb aquesta col\u00b7laboraci\u00f3, Factorenergia es consolida com a partner energ\u00e8tic de refer\u00e8ncia per als administradors de finques de Tarragona, aportant experi\u00e8ncia, proximitat i solucions dissenyades espec\u00edficament per al sector.<\/span><\/p>\n<h2>Per qu\u00e8 els administradors de finques confien en Factorenergia?<\/h2>\n<p><span>Cada vegada m\u00e9s administradors de finques han confiat la seva gesti\u00f3 energ\u00e8tica a Factorenergia per una proposta clara i orientada a resultats:<\/span><\/p>\n<ul data-spread=\"false\">\n<li><strong><span>Transpar\u00e8ncia i facilitat de gesti\u00f3<\/span><\/strong><span> en tots els processos energ\u00e8tics.<\/span><\/li>\n<li><strong><span>Assessor delegat 24\/7<\/span><\/strong><span>, amb atenci\u00f3 directa i personalitzada.<\/span><\/li>\n<li><strong><span>Estudis de consum<\/span><\/strong><span> adaptats a cada comunitat o edifici.<\/span><\/li>\n<li><strong><span>Actualitzaci\u00f3 i comparativa intel\u00b7ligent de tarifes de llum i gas<\/span><\/strong><span>, per garantir sempre la millor opci\u00f3.<\/span><\/li>\n<li><strong><span>Optimitzaci\u00f3 de pot\u00e8ncies contractades<\/span><\/strong><span>, clau per reduir costos innecessaris.<\/span><\/li>\n<\/ul>\n<p><span>Aquest enfocament permet als administradors de finques oferir un millor servei als seus clients, millorar el control de la despesa energ\u00e8tica i prendre decisions informades.<\/span><\/p>\n<h2><span>Impacte local: solucions energ\u00e8tiques pensades per a Tarragona<\/span><\/h2>\n<p><span>L\u2019acord amb el Col\u00b7legi d\u2019Administradors de Finques de Tarragona refor\u00e7a l\u2019aposta de Factorenergia per un <\/span><strong><span>model de proximitat i enfocament territorial<\/span><\/strong><span>, amb solucions adaptades al context energ\u00e8tic i normatiu de la prov\u00edncia de Tarragona.<\/span><\/p>\n<p><span>La col\u00b7laboraci\u00f3 facilita l\u2019acc\u00e9s a assessorament expert i a eines d\u2019an\u00e0lisi energ\u00e8tica que contribueixen a l\u2019estalvi, l\u2019efici\u00e8ncia i una gesti\u00f3 m\u00e9s sostenible de les comunitats.<\/span><\/p>\n<h2><span>Factorenergia, partner energ\u00e8tic per als administradors de finques<\/span><\/h2>\n<p><span>Amb aquesta alian\u00e7a, Factorenergia reafirma la seva posici\u00f3 com a comercialitzadora energ\u00e8tica compromesa amb la <\/span><strong><span>claredat, l\u2019efici\u00e8ncia i l\u2019acompanyament professional<\/span><\/strong><span>, oferint als administradors de finques de Tarragona un suport s\u00f2lid per afrontar els reptes actuals del sector energ\u00e8tic.<\/span><\/p>\n<p><span>Aquest acord representa un pas m\u00e9s cap a una gesti\u00f3 energ\u00e8tica m\u00e9s eficient, transparent i alineada amb les necessitats reals del territori.<\/span><\/p>\n","protected":false},"excerpt":{"rendered":"<p>Factorenergia ha signat un acord de col\u00b7laboraci\u00f3 amb el Col\u00b7legi d\u2019Administradors de Finques de Tarragona, un pas estrat\u00e8gic que refor\u00e7a el seu comprom\u00eds amb els professionals que gestionen comunitats de propietaris i edificis a la prov\u00edncia de Tarragona. Aquest acord t\u00e9 com a objectiu facilitar als administradors de finques una gesti\u00f3 energ\u00e8tica m\u00e9s eficient, transparent [&hellip;]<\/p>\n","protected":false},"author":23,"featured_media":0,"comment_status":"open","ping_status":"open","sticky":false,"template":"","format":"standard","meta":{"inline_featured_image":false,"footnotes":""},"categories":[289],"tags":[],"acf":{"fecha_de_la_entrada":"20260209","imagen_portada":31031,"categoria_blog":null,"tipo_de_distribuidora":null,"tiempo_lectura":"","banner_bool":false,"titulo_banner":"","texto_banner":"","texto_boton_banner":"","url_boton_banner":"","post_relacionados":""},"yoast_head":"<!-- This site is optimized with the Yoast SEO plugin v22.2 - https:\/\/yoast.com\/wordpress\/plugins\/seo\/ -->\n<title>Factorenergia signa un acord amb el Col\u00b7legi d\u2019Administradors de Finques de Tarragona per optimitzar la gesti\u00f3 energ\u00e8tica | factorenergia<\/title>\n<meta name=\"description\" content=\"Factorenergia ha signat un acord amb el Col\u00b7legi d\u2019Administradors de Finques de Tarragona per millorar la gesti\u00f3 energ\u00e8tica amb transpar\u00e8ncia i assessorament.\" \/>\n<meta name=\"robots\" content=\"index, follow, max-snippet:-1, max-image-preview:large, max-video-preview:-1\" \/>\n<link rel=\"canonical\" href=\"https:\/\/www.factorenergia.com\/ca\/blog\/empreses\/factorenergia-signa-un-acord-amb-el-col\u00b7legi-dadministradors-de-finques-de-tarragona-per-optimitzar-la-gestio-energetica\/\" \/>\n<meta name=\"twitter:card\" content=\"summary_large_image\" \/>\n<meta name=\"twitter:title\" content=\"Factorenergia signa un acord amb el Col\u00b7legi d\u2019Administradors de Finques de Tarragona per optimitzar la gesti\u00f3 energ\u00e8tica | factorenergia\" \/>\n<meta name=\"twitter:description\" content=\"Factorenergia ha signat un acord amb el Col\u00b7legi d\u2019Administradors de Finques de Tarragona per millorar la gesti\u00f3 energ\u00e8tica amb transpar\u00e8ncia i assessorament.\" \/>\n<meta name=\"twitter:creator\" content=\"@factorenergia\" \/>\n<meta name=\"twitter:site\" content=\"@factorenergia\" \/>\n<meta name=\"twitter:label1\" content=\"Written by\" \/>\n\t<meta name=\"twitter:data1\" content=\"Equipo Transici\u00f3n Energ\u00e9tica Factorenergia\" \/>\n\t<meta name=\"twitter:label2\" content=\"Est. reading time\" \/>\n\t<meta name=\"twitter:data2\" content=\"2 minutes\" \/>\n<script type=\"application\/ld+json\" class=\"yoast-schema-graph\">{\"@context\":\"https:\/\/schema.org\",\"@graph\":[{\"@type\":\"WebPage\",\"@id\":\"https:\/\/www.factorenergia.com\/ca\/blog\/empreses\/factorenergia-signa-un-acord-amb-el-col%c2%b7legi-dadministradors-de-finques-de-tarragona-per-optimitzar-la-gestio-energetica\/\",\"url\":\"https:\/\/www.factorenergia.com\/ca\/blog\/empreses\/factorenergia-signa-un-acord-amb-el-col%c2%b7legi-dadministradors-de-finques-de-tarragona-per-optimitzar-la-gestio-energetica\/\",\"name\":\"Factorenergia signa un acord amb el Col\u00b7legi d\u2019Administradors de Finques de Tarragona per optimitzar la gesti\u00f3 energ\u00e8tica | factorenergia\",\"isPartOf\":{\"@id\":\"https:\/\/www.factorenergia.com\/es\/#website\"},\"datePublished\":\"2026-02-10T11:36:21+00:00\",\"dateModified\":\"2026-04-17T11:48:00+00:00\",\"author\":{\"@id\":\"https:\/\/www.factorenergia.com\/es\/#\/schema\/person\/0393cfddedf83f56c6fa67cd7f64b4f5\"},\"description\":\"Factorenergia ha signat un acord amb el Col\u00b7legi d\u2019Administradors de Finques de Tarragona per millorar la gesti\u00f3 energ\u00e8tica amb transpar\u00e8ncia i assessorament.\",\"breadcrumb\":{\"@id\":\"https:\/\/www.factorenergia.com\/ca\/blog\/empreses\/factorenergia-signa-un-acord-amb-el-col%c2%b7legi-dadministradors-de-finques-de-tarragona-per-optimitzar-la-gestio-energetica\/#breadcrumb\"},\"inLanguage\":\"ca\",\"potentialAction\":[{\"@type\":\"ReadAction\",\"target\":[\"https:\/\/www.factorenergia.com\/ca\/blog\/empreses\/factorenergia-signa-un-acord-amb-el-col%c2%b7legi-dadministradors-de-finques-de-tarragona-per-optimitzar-la-gestio-energetica\/\"]}]},{\"@type\":\"BreadcrumbList\",\"@id\":\"https:\/\/www.factorenergia.com\/ca\/blog\/empreses\/factorenergia-signa-un-acord-amb-el-col%c2%b7legi-dadministradors-de-finques-de-tarragona-per-optimitzar-la-gestio-energetica\/#breadcrumb\",\"itemListElement\":[{\"@type\":\"ListItem\",\"position\":1,\"name\":\"Portada\",\"item\":\"https:\/\/www.factorenergia.com\/ca\/\"},{\"@type\":\"ListItem\",\"position\":2,\"name\":\"Factorenergia signa un acord amb el Col\u00b7legi d\u2019Administradors de Finques de Tarragona per optimitzar la gesti\u00f3 energ\u00e8tica\"}]},{\"@type\":\"WebSite\",\"@id\":\"https:\/\/www.factorenergia.com\/es\/#website\",\"url\":\"https:\/\/www.factorenergia.com\/es\/\",\"name\":\"factorenergia\",\"description\":\"factorenergia\",\"potentialAction\":[{\"@type\":\"SearchAction\",\"target\":{\"@type\":\"EntryPoint\",\"urlTemplate\":\"https:\/\/www.factorenergia.com\/es\/?s={search_term_string}\"},\"query-input\":\"required name=search_term_string\"}],\"inLanguage\":\"ca\"},{\"@type\":\"Person\",\"@id\":\"https:\/\/www.factorenergia.com\/es\/#\/schema\/person\/0393cfddedf83f56c6fa67cd7f64b4f5\",\"name\":\"Equipo Transici\u00f3n Energ\u00e9tica Factorenergia\",\"image\":{\"@type\":\"ImageObject\",\"inLanguage\":\"ca\",\"@id\":\"https:\/\/www.factorenergia.com\/es\/#\/schema\/person\/image\/\",\"url\":\"https:\/\/secure.gravatar.com\/avatar\/80959538036dc57cad8f416d2d764870?s=96&d=mm&r=g\",\"contentUrl\":\"https:\/\/secure.gravatar.com\/avatar\/80959538036dc57cad8f416d2d764870?s=96&d=mm&r=g\",\"caption\":\"Equipo Transici\u00f3n Energ\u00e9tica Factorenergia\"},\"url\":\"https:\/\/www.factorenergia.com\/ca\/blog\/author\/pilar\/\"}]}<\/script>\n<!-- \/ Yoast SEO plugin. -->","yoast_head_json":{"title":"Factorenergia signa un acord amb el Col\u00b7legi d\u2019Administradors de Finques de Tarragona per optimitzar la gesti\u00f3 energ\u00e8tica | factorenergia","description":"Factorenergia ha signat un acord amb el Col\u00b7legi d\u2019Administradors de Finques de Tarragona per millorar la gesti\u00f3 energ\u00e8tica amb transpar\u00e8ncia i assessorament.","robots":{"index":"index","follow":"follow","max-snippet":"max-snippet:-1","max-image-preview":"max-image-preview:large","max-video-preview":"max-video-preview:-1"},"canonical":"https:\/\/www.factorenergia.com\/ca\/blog\/empreses\/factorenergia-signa-un-acord-amb-el-col\u00b7legi-dadministradors-de-finques-de-tarragona-per-optimitzar-la-gestio-energetica\/","twitter_card":"summary_large_image","twitter_title":"Factorenergia signa un acord amb el Col\u00b7legi d\u2019Administradors de Finques de Tarragona per optimitzar la gesti\u00f3 energ\u00e8tica | factorenergia","twitter_description":"Factorenergia ha signat un acord amb el Col\u00b7legi d\u2019Administradors de Finques de Tarragona per millorar la gesti\u00f3 energ\u00e8tica amb transpar\u00e8ncia i assessorament.","twitter_creator":"@factorenergia","twitter_site":"@factorenergia","twitter_misc":{"Written by":"Equipo Transici\u00f3n Energ\u00e9tica Factorenergia","Est. reading time":"2 minutes"},"schema":{"@context":"https:\/\/schema.org","@graph":[{"@type":"WebPage","@id":"https:\/\/www.factorenergia.com\/ca\/blog\/empreses\/factorenergia-signa-un-acord-amb-el-col%c2%b7legi-dadministradors-de-finques-de-tarragona-per-optimitzar-la-gestio-energetica\/","url":"https:\/\/www.factorenergia.com\/ca\/blog\/empreses\/factorenergia-signa-un-acord-amb-el-col%c2%b7legi-dadministradors-de-finques-de-tarragona-per-optimitzar-la-gestio-energetica\/","name":"Factorenergia signa un acord amb el Col\u00b7legi d\u2019Administradors de Finques de Tarragona per optimitzar la gesti\u00f3 energ\u00e8tica | factorenergia","isPartOf":{"@id":"https:\/\/www.factorenergia.com\/es\/#website"},"datePublished":"2026-02-10T11:36:21+00:00","dateModified":"2026-04-17T11:48:00+00:00","author":{"@id":"https:\/\/www.factorenergia.com\/es\/#\/schema\/person\/0393cfddedf83f56c6fa67cd7f64b4f5"},"description":"Factorenergia ha signat un acord amb el Col\u00b7legi d\u2019Administradors de Finques de Tarragona per millorar la gesti\u00f3 energ\u00e8tica amb transpar\u00e8ncia i assessorament.","breadcrumb":{"@id":"https:\/\/www.factorenergia.com\/ca\/blog\/empreses\/factorenergia-signa-un-acord-amb-el-col%c2%b7legi-dadministradors-de-finques-de-tarragona-per-optimitzar-la-gestio-energetica\/#breadcrumb"},"inLanguage":"ca","potentialAction":[{"@type":"ReadAction","target":["https:\/\/www.factorenergia.com\/ca\/blog\/empreses\/factorenergia-signa-un-acord-amb-el-col%c2%b7legi-dadministradors-de-finques-de-tarragona-per-optimitzar-la-gestio-energetica\/"]}]},{"@type":"BreadcrumbList","@id":"https:\/\/www.factorenergia.com\/ca\/blog\/empreses\/factorenergia-signa-un-acord-amb-el-col%c2%b7legi-dadministradors-de-finques-de-tarragona-per-optimitzar-la-gestio-energetica\/#breadcrumb","itemListElement":[{"@type":"ListItem","position":1,"name":"Portada","item":"https:\/\/www.factorenergia.com\/ca\/"},{"@type":"ListItem","position":2,"name":"Factorenergia signa un acord amb el Col\u00b7legi d\u2019Administradors de Finques de Tarragona per optimitzar la gesti\u00f3 energ\u00e8tica"}]},{"@type":"WebSite","@id":"https:\/\/www.factorenergia.com\/es\/#website","url":"https:\/\/www.factorenergia.com\/es\/","name":"factorenergia","description":"factorenergia","potentialAction":[{"@type":"SearchAction","target":{"@type":"EntryPoint","urlTemplate":"https:\/\/www.factorenergia.com\/es\/?s={search_term_string}"},"query-input":"required name=search_term_string"}],"inLanguage":"ca"},{"@type":"Person","@id":"https:\/\/www.factorenergia.com\/es\/#\/schema\/person\/0393cfddedf83f56c6fa67cd7f64b4f5","name":"Equipo Transici\u00f3n Energ\u00e9tica Factorenergia","image":{"@type":"ImageObject","inLanguage":"ca","@id":"https:\/\/www.factorenergia.com\/es\/#\/schema\/person\/image\/","url":"https:\/\/secure.gravatar.com\/avatar\/80959538036dc57cad8f416d2d764870?s=96&d=mm&r=g","contentUrl":"https:\/\/secure.gravatar.com\/avatar\/80959538036dc57cad8f416d2d764870?s=96&d=mm&r=g","caption":"Equipo Transici\u00f3n Energ\u00e9tica Factorenergia"},"url":"https:\/\/www.factorenergia.com\/ca\/blog\/author\/pilar\/"}]}},"_links":{"self":[{"href":"https:\/\/www.factorenergia.com\/ca\/wp-json\/wp\/v2\/posts\/31028"}],"collection":[{"href":"https:\/\/www.factorenergia.com\/ca\/wp-json\/wp\/v2\/posts"}],"about":[{"href":"https:\/\/www.factorenergia.com\/ca\/wp-json\/wp\/v2\/types\/post"}],"author":[{"embeddable":true,"href":"https:\/\/www.factorenergia.com\/ca\/wp-json\/wp\/v2\/users\/23"}],"replies":[{"embeddable":true,"href":"https:\/\/www.factorenergia.com\/ca\/wp-json\/wp\/v2\/comments?post=31028"}],"version-history":[{"count":1,"href":"https:\/\/www.factorenergia.com\/ca\/wp-json\/wp\/v2\/posts\/31028\/revisions"}],"predecessor-version":[{"id":31033,"href":"https:\/\/www.factorenergia.com\/ca\/wp-json\/wp\/v2\/posts\/31028\/revisions\/31033"}],"wp:attachment":[{"href":"https:\/\/www.factorenergia.com\/ca\/wp-json\/wp\/v2\/media?parent=31028"}],"wp:term":[{"taxonomy":"category","embeddable":true,"href":"https:\/\/www.factorenergia.com\/ca\/wp-json\/wp\/v2\/categories?post=31028"},{"taxonomy":"post_tag","embeddable":true,"href":"https:\/\/www.factorenergia.com\/ca\/wp-json\/wp\/v2\/tags?post=31028"}],"curies":[{"name":"wp","href":"https:\/\/api.w.org\/{rel}","templated":true}]}}