{"id":3085,"date":"2017-03-08T12:21:43","date_gmt":"2017-03-08T10:21:43","guid":{"rendered":"https:\/\/www.factorenergia.com\/ca\/?post_type=blog&#038;p=3085"},"modified":"2023-01-23T12:29:23","modified_gmt":"2023-01-23T10:29:23","slug":"dona-treballadora-marie-curie","status":"publish","type":"post","link":"https:\/\/www.factorenergia.com\/ca\/blog\/histories-positives\/dona-treballadora-marie-curie\/","title":{"rendered":"La dona treballadora, llegat de Marie Curie"},"content":{"rendered":"<p><span style=\"color: #000000;\">Per a aquest 8 de mar\u00e7, dia de la dona, recuperem el que probablement sigui el cas de superaci\u00f3 femenina m\u00e9s conegut dins del m\u00f3n de la ci\u00e8ncia; el de la Marie Curie.<\/span><\/p>\n<p><span style=\"color: #000000;\">Marie Curie, nascuda a Pol\u00f2nia el 1867, es va topar amb multitud de problemes per a dedicar-se al camp que volia; el de la ci\u00e8ncia. Val a dir que en aquella \u00e8poca, al seu pa\u00eds natal, les dones no podien anar a la universitat; ella, en canvi, va decidir arriscar la seva salut f\u00edsica i mental per a no haver de renunciar a la seva vocaci\u00f3 d\u2019investigadora cient\u00edfica, i ho va aconseguir.<\/span><\/p>\n<h2><span style=\"color: #000000;\">Marie Curie, dona treballadora<\/span><\/h2>\n<p><span style=\"color: #000000;\">La doble guanyadora del premi Nobel va ser pionera en molts aspectes que avui en dia encara s\u00f3n motiu de lluita per a les dones, com la conciliaci\u00f3 familiar o la igualtat d\u2019oportunitats.<\/span><\/p>\n<h3><span style=\"color: #000000;\"><strong>Breu hist\u00f2ria de la Marie Curie<\/strong><\/span><\/h3>\n<p><span style=\"color: #000000;\">Encara que el seu cognom patern era Sklodowska, va adoptar el fam\u00f3s \u201cCurie\u201d del seu marit, en Pierre Curie.<\/span><\/p>\n<p><span style=\"color: #000000;\">Aleshores, a Pol\u00f2nia, les dones no tenien dret a anar a la universitat, aix\u00ed que va decidir perseguir la seva vocaci\u00f3 i anar-se\u2019n a Par\u00eds, a on va sobreviure amb pocs estalvis fins a llicenciar-se, n\u00famero \u00fa de la seva promoci\u00f3 en F\u00edsica a la Sorbona.<\/span><\/p>\n<p><span style=\"color: #000000;\">Al 1895 es va casar amb Pierre Curie, apassionat i prometedor f\u00edsic, qui va ser el seu company d\u2019investigacions. Despr\u00e9s de casar-se, es van instal\u00b7lar a un senzill apartament parisenc, a on van dedicar-se plenament a les seves investigacions i a criar les seves dues filles.<\/span><\/p>\n<p><span style=\"color: #000000;\">Va encunyar el terme \u201cradioactiu\u201d al descobrir que hi havia elements molt m\u00e9s radioactius que l\u2019urani que estudiaven, descobrint aix\u00ed el poloni i el radi, i va ser a partir d\u2019aquesta etapa, despr\u00e9s de guanyar el premi Nobel per l\u2019a\u00efllament d\u2019una fracci\u00f3 de gram d\u2019urani, que van arribar els reconeixements que van convertir, al 1904, en Pierre Curie en catedr\u00e0tic de F\u00edsica de la Universitat de Par\u00eds i en membre de l\u2019Acad\u00e8mia Francesa; c\u00e0rrecs que, com que mai eren ostentats per dones, Marie no va obtindr\u00e9 malgrat la major part dels descobriments eren d\u2019ella.<\/span><\/p>\n<p><span style=\"color: #000000;\">Quan va morir en Pierre, el 1906, Marie va heretar la seva c\u00e0tedra, i la va compaginar amb altres investigacions que la van portar a guanyar el Nobel de Qu\u00edmica el 1911. Va ser nombrada directora de l\u2019institut del Radi de Par\u00eds i, finalment, va morir de leuc\u00e8mia el 1934.<\/span><\/p>\n<h2><span style=\"color: #000000;\">Qu\u00e8 fa tant especial a la Marie Curie<\/span><\/h2>\n<p><span style=\"color: #000000;\">Encara que sembla que ha plogut molt des d\u2019aquell 1900, en ple 2017 encara estem lluitant per molts drets de la dona. No ens queda tant lluny el cas d\u2019una dona a la que, nom\u00e9s per ser dona, mai se la va respectar com a cient\u00edfica, o no al menys fins que va morir el seu marit. Tampoc ens queda tant lluny una dona que hagi d\u2019aprendre a compaginar vida familiar i laboral perqu\u00e8 se li pressuposa el deure de cuidar els seus fills, ni ens queda tampoc tant fora d\u2019\u00f2rbita una dona que nom\u00e9s va aconseguir el reconeixement que mereixia fins que la opci\u00f3 masculina no va quedar fora de joc.<\/span><\/p>\n<p><span style=\"color: #000000;\">Podria dir-se que Marie va ser pionera en \u201cconciliaci\u00f3\u201d i en superaci\u00f3. Parlem d\u2019una dona que va descobrir dos elements de la taula peri\u00f2dica que encara s\u2019estudia a les escoles (Radi i Poloni), d\u2019una dona que no va con\u00e8ixer la fama fins que no va viatjar als Estats Units, al 1921, a on s\u00ed se la va tractar com a una emin\u00e8ncia cient\u00edfica, d\u2019una dona que va guanyar dos premis Nobel, que va sacrificar i necessitar m\u00e9s temps i esfor\u00e7 que qualsevol home de la seva \u00e8poca per tal de convertir-se en la investigadora que va ser i, sobre tot, d\u2019alg\u00fa que no va renunciar als seus somnis i els va aconseguir malgrat totes les barreres que li va interposar la seva societat.<\/span><\/p>\n<p><span style=\"color: #000000;\">I qu\u00e8 va oferir ella a canvi? Acceptaci\u00f3 i la renuncia a la patent del seu primer descobriment, l\u2019a\u00efllament del radi, per a deixar-lo a disposici\u00f3 de la comunitat cient\u00edfica.<\/span><\/p>\n<h2><span style=\"color: #000000;\">L\u2019her\u00e8ncia de Marie Curie<\/span><\/h2>\n<p><span style=\"color: #000000;\">Encara que no \u00e9s una soluci\u00f3 energ\u00e8tica molt verda ni la millor forma d&#8217;<a href=\"https:\/\/www.factorenergia.com\/ca\/blog\/apren-a-estalviar\/consells-per-estalviar-energia-casa\/\" target=\"_blank\" rel=\"noopener\">estalviar llum<\/a>, a la Marie li devem les actuals centrals nuclears; \u00e9s probable que la ci\u00e8ncia i la tecnologia no haguessin arribat a on estan sense els seus descobriments. Li devem un programa d\u2019acceleraci\u00f3 Europeu, que porta el seu nom, i li devem tamb\u00e9 una reflexi\u00f3 sobre una societat que, sovint, sembla que no ha canviat tant.<\/span><\/p>\n<p>&nbsp;<\/p>\n","protected":false},"excerpt":{"rendered":"<p>Marie Curie, nascuda a Pol\u00f2nia el 1867, es va topar amb multitud de problemes per a dedicar-se al camp que volia; el de la ci\u00e8ncia. Val a dir que en aquella \u00e8poca, al seu pa\u00eds natal, les dones no podien anar a la universitat; ella, en canvi, va decidir arriscar la seva salut f\u00edsica i mental per a no haver de renunciar a la seva vocaci\u00f3 d\u2019investigadora cient\u00edfica, i ho va aconseguir.<\/p>\n","protected":false},"author":17,"featured_media":0,"comment_status":"open","ping_status":"closed","sticky":false,"template":"","format":"standard","meta":{"inline_featured_image":false,"footnotes":""},"categories":[58],"tags":[],"acf":{"fecha_de_la_entrada":"20170308","imagen_portada":3086,"categoria_blog":58,"tipo_de_distribuidora":null,"tiempo_lectura":"","banner_bool":false,"titulo_banner":"","texto_banner":"","texto_boton_banner":"","url_boton_banner":"","post_relacionados":null},"yoast_head":"<!-- This site is optimized with the Yoast SEO plugin v22.2 - https:\/\/yoast.com\/wordpress\/plugins\/seo\/ -->\n<title>La dona treballadora, llegat de Marie Curie | factorenergia<\/title>\n<meta name=\"description\" content=\"Pel 8 de mar\u00e7, dia de la dona, recuperem el cas de superaci\u00f3 femenina m\u00e9s conegut dins del m\u00f3n de la ci\u00e8ncia; el de la Marie Curie.\" \/>\n<meta name=\"robots\" content=\"index, follow, max-snippet:-1, max-image-preview:large, max-video-preview:-1\" \/>\n<link rel=\"canonical\" href=\"https:\/\/www.factorenergia.com\/ca\/blog\/histories-positives\/dona-treballadora-marie-curie\/\" \/>\n<meta name=\"twitter:card\" content=\"summary_large_image\" \/>\n<meta name=\"twitter:title\" content=\"La dona treballadora, llegat de Marie Curie | factorenergia\" \/>\n<meta name=\"twitter:description\" content=\"Pel 8 de mar\u00e7, dia de la dona, recuperem el cas de superaci\u00f3 femenina m\u00e9s conegut dins del m\u00f3n de la ci\u00e8ncia; el de la Marie Curie.\" \/>\n<meta name=\"twitter:creator\" content=\"@factorenergia\" \/>\n<meta name=\"twitter:site\" content=\"@factorenergia\" \/>\n<meta name=\"twitter:label1\" content=\"Written by\" \/>\n\t<meta name=\"twitter:data1\" content=\"Equipo Transici\u00f3n Energ\u00e9tica Factorenergia\" \/>\n\t<meta name=\"twitter:label2\" content=\"Est. reading time\" \/>\n\t<meta name=\"twitter:data2\" content=\"4 minutes\" \/>\n<script type=\"application\/ld+json\" class=\"yoast-schema-graph\">{\"@context\":\"https:\/\/schema.org\",\"@graph\":[{\"@type\":\"WebPage\",\"@id\":\"https:\/\/www.factorenergia.com\/ca\/blog\/histories-positives\/dona-treballadora-marie-curie\/\",\"url\":\"https:\/\/www.factorenergia.com\/ca\/blog\/histories-positives\/dona-treballadora-marie-curie\/\",\"name\":\"La dona treballadora, llegat de Marie Curie | factorenergia\",\"isPartOf\":{\"@id\":\"https:\/\/www.factorenergia.com\/es\/#website\"},\"datePublished\":\"2017-03-08T10:21:43+00:00\",\"dateModified\":\"2023-01-23T10:29:23+00:00\",\"author\":{\"@id\":\"https:\/\/www.factorenergia.com\/es\/#\/schema\/person\/dff9e4b6dc520720e3a37bdaaedc5841\"},\"description\":\"Pel 8 de mar\u00e7, dia de la dona, recuperem el cas de superaci\u00f3 femenina m\u00e9s conegut dins del m\u00f3n de la ci\u00e8ncia; el de la Marie Curie.\",\"breadcrumb\":{\"@id\":\"https:\/\/www.factorenergia.com\/ca\/blog\/histories-positives\/dona-treballadora-marie-curie\/#breadcrumb\"},\"inLanguage\":\"ca\",\"potentialAction\":[{\"@type\":\"ReadAction\",\"target\":[\"https:\/\/www.factorenergia.com\/ca\/blog\/histories-positives\/dona-treballadora-marie-curie\/\"]}]},{\"@type\":\"BreadcrumbList\",\"@id\":\"https:\/\/www.factorenergia.com\/ca\/blog\/histories-positives\/dona-treballadora-marie-curie\/#breadcrumb\",\"itemListElement\":[{\"@type\":\"ListItem\",\"position\":1,\"name\":\"Portada\",\"item\":\"https:\/\/www.factorenergia.com\/ca\/\"},{\"@type\":\"ListItem\",\"position\":2,\"name\":\"La dona treballadora, llegat de Marie Curie\"}]},{\"@type\":\"WebSite\",\"@id\":\"https:\/\/www.factorenergia.com\/es\/#website\",\"url\":\"https:\/\/www.factorenergia.com\/es\/\",\"name\":\"factorenergia\",\"description\":\"factorenergia\",\"potentialAction\":[{\"@type\":\"SearchAction\",\"target\":{\"@type\":\"EntryPoint\",\"urlTemplate\":\"https:\/\/www.factorenergia.com\/es\/?s={search_term_string}\"},\"query-input\":\"required name=search_term_string\"}],\"inLanguage\":\"ca\"},{\"@type\":\"Person\",\"@id\":\"https:\/\/www.factorenergia.com\/es\/#\/schema\/person\/dff9e4b6dc520720e3a37bdaaedc5841\",\"name\":\"Equipo Transici\u00f3n Energ\u00e9tica Factorenergia\",\"image\":{\"@type\":\"ImageObject\",\"inLanguage\":\"ca\",\"@id\":\"https:\/\/www.factorenergia.com\/es\/#\/schema\/person\/image\/\",\"url\":\"https:\/\/secure.gravatar.com\/avatar\/1b7c76bab80ee1c4261b06108874e24b?s=96&d=mm&r=g\",\"contentUrl\":\"https:\/\/secure.gravatar.com\/avatar\/1b7c76bab80ee1c4261b06108874e24b?s=96&d=mm&r=g\",\"caption\":\"Equipo Transici\u00f3n Energ\u00e9tica Factorenergia\"},\"description\":\"El equipo est\u00e1 formado por expertos en materia de Luz, Gas y Eficiencia Energ\u00e9tica, que conocen de primera mano las tendencias del mercado. Su experiencia en el sector les permite ofrecer las mejores soluciones energ\u00e9ticas y resolver las dudas planteadas por los clientes.\",\"sameAs\":[\"https:\/\/www.factorenergia.com\/es\/\",\"https:\/\/www.facebook.com\/factorenergiacom\",\"https:\/\/www.instagram.com\/factorenergia_com\/\",\"https:\/\/es.linkedin.com\/company\/factor-energia\",\"https:\/\/twitter.com\/factorenergia\",\"https:\/\/www.youtube.com\/c\/factorenergiacom\"],\"url\":\"https:\/\/www.factorenergia.com\/ca\/blog\/author\/marketing\/\"}]}<\/script>\n<!-- \/ Yoast SEO plugin. -->","yoast_head_json":{"title":"La dona treballadora, llegat de Marie Curie | factorenergia","description":"Pel 8 de mar\u00e7, dia de la dona, recuperem el cas de superaci\u00f3 femenina m\u00e9s conegut dins del m\u00f3n de la ci\u00e8ncia; el de la Marie Curie.","robots":{"index":"index","follow":"follow","max-snippet":"max-snippet:-1","max-image-preview":"max-image-preview:large","max-video-preview":"max-video-preview:-1"},"canonical":"https:\/\/www.factorenergia.com\/ca\/blog\/histories-positives\/dona-treballadora-marie-curie\/","twitter_card":"summary_large_image","twitter_title":"La dona treballadora, llegat de Marie Curie | factorenergia","twitter_description":"Pel 8 de mar\u00e7, dia de la dona, recuperem el cas de superaci\u00f3 femenina m\u00e9s conegut dins del m\u00f3n de la ci\u00e8ncia; el de la Marie Curie.","twitter_creator":"@factorenergia","twitter_site":"@factorenergia","twitter_misc":{"Written by":"Equipo Transici\u00f3n Energ\u00e9tica Factorenergia","Est. reading time":"4 minutes"},"schema":{"@context":"https:\/\/schema.org","@graph":[{"@type":"WebPage","@id":"https:\/\/www.factorenergia.com\/ca\/blog\/histories-positives\/dona-treballadora-marie-curie\/","url":"https:\/\/www.factorenergia.com\/ca\/blog\/histories-positives\/dona-treballadora-marie-curie\/","name":"La dona treballadora, llegat de Marie Curie | factorenergia","isPartOf":{"@id":"https:\/\/www.factorenergia.com\/es\/#website"},"datePublished":"2017-03-08T10:21:43+00:00","dateModified":"2023-01-23T10:29:23+00:00","author":{"@id":"https:\/\/www.factorenergia.com\/es\/#\/schema\/person\/dff9e4b6dc520720e3a37bdaaedc5841"},"description":"Pel 8 de mar\u00e7, dia de la dona, recuperem el cas de superaci\u00f3 femenina m\u00e9s conegut dins del m\u00f3n de la ci\u00e8ncia; el de la Marie Curie.","breadcrumb":{"@id":"https:\/\/www.factorenergia.com\/ca\/blog\/histories-positives\/dona-treballadora-marie-curie\/#breadcrumb"},"inLanguage":"ca","potentialAction":[{"@type":"ReadAction","target":["https:\/\/www.factorenergia.com\/ca\/blog\/histories-positives\/dona-treballadora-marie-curie\/"]}]},{"@type":"BreadcrumbList","@id":"https:\/\/www.factorenergia.com\/ca\/blog\/histories-positives\/dona-treballadora-marie-curie\/#breadcrumb","itemListElement":[{"@type":"ListItem","position":1,"name":"Portada","item":"https:\/\/www.factorenergia.com\/ca\/"},{"@type":"ListItem","position":2,"name":"La dona treballadora, llegat de Marie Curie"}]},{"@type":"WebSite","@id":"https:\/\/www.factorenergia.com\/es\/#website","url":"https:\/\/www.factorenergia.com\/es\/","name":"factorenergia","description":"factorenergia","potentialAction":[{"@type":"SearchAction","target":{"@type":"EntryPoint","urlTemplate":"https:\/\/www.factorenergia.com\/es\/?s={search_term_string}"},"query-input":"required name=search_term_string"}],"inLanguage":"ca"},{"@type":"Person","@id":"https:\/\/www.factorenergia.com\/es\/#\/schema\/person\/dff9e4b6dc520720e3a37bdaaedc5841","name":"Equipo Transici\u00f3n Energ\u00e9tica Factorenergia","image":{"@type":"ImageObject","inLanguage":"ca","@id":"https:\/\/www.factorenergia.com\/es\/#\/schema\/person\/image\/","url":"https:\/\/secure.gravatar.com\/avatar\/1b7c76bab80ee1c4261b06108874e24b?s=96&d=mm&r=g","contentUrl":"https:\/\/secure.gravatar.com\/avatar\/1b7c76bab80ee1c4261b06108874e24b?s=96&d=mm&r=g","caption":"Equipo Transici\u00f3n Energ\u00e9tica Factorenergia"},"description":"El equipo est\u00e1 formado por expertos en materia de Luz, Gas y Eficiencia Energ\u00e9tica, que conocen de primera mano las tendencias del mercado. Su experiencia en el sector les permite ofrecer las mejores soluciones energ\u00e9ticas y resolver las dudas planteadas por los clientes.","sameAs":["https:\/\/www.factorenergia.com\/es\/","https:\/\/www.facebook.com\/factorenergiacom","https:\/\/www.instagram.com\/factorenergia_com\/","https:\/\/es.linkedin.com\/company\/factor-energia","https:\/\/twitter.com\/factorenergia","https:\/\/www.youtube.com\/c\/factorenergiacom"],"url":"https:\/\/www.factorenergia.com\/ca\/blog\/author\/marketing\/"}]}},"_links":{"self":[{"href":"https:\/\/www.factorenergia.com\/ca\/wp-json\/wp\/v2\/posts\/3085"}],"collection":[{"href":"https:\/\/www.factorenergia.com\/ca\/wp-json\/wp\/v2\/posts"}],"about":[{"href":"https:\/\/www.factorenergia.com\/ca\/wp-json\/wp\/v2\/types\/post"}],"author":[{"embeddable":true,"href":"https:\/\/www.factorenergia.com\/ca\/wp-json\/wp\/v2\/users\/17"}],"replies":[{"embeddable":true,"href":"https:\/\/www.factorenergia.com\/ca\/wp-json\/wp\/v2\/comments?post=3085"}],"version-history":[{"count":1,"href":"https:\/\/www.factorenergia.com\/ca\/wp-json\/wp\/v2\/posts\/3085\/revisions"}],"predecessor-version":[{"id":3089,"href":"https:\/\/www.factorenergia.com\/ca\/wp-json\/wp\/v2\/posts\/3085\/revisions\/3089"}],"acf:term":[{"embeddable":true,"taxonomy":"category","href":"https:\/\/www.factorenergia.com\/ca\/wp-json\/wp\/v2\/categories\/58"}],"wp:attachment":[{"href":"https:\/\/www.factorenergia.com\/ca\/wp-json\/wp\/v2\/media?parent=3085"}],"wp:term":[{"taxonomy":"category","embeddable":true,"href":"https:\/\/www.factorenergia.com\/ca\/wp-json\/wp\/v2\/categories?post=3085"},{"taxonomy":"post_tag","embeddable":true,"href":"https:\/\/www.factorenergia.com\/ca\/wp-json\/wp\/v2\/tags?post=3085"}],"curies":[{"name":"wp","href":"https:\/\/api.w.org\/{rel}","templated":true}]}}