{"id":30804,"date":"2025-12-04T13:04:03","date_gmt":"2025-12-04T11:04:03","guid":{"rendered":"https:\/\/www.factorenergia.com\/ca\/?p=30804"},"modified":"2025-12-04T13:13:28","modified_gmt":"2025-12-04T11:13:28","slug":"la-transicio-energetica-com-a-oportunitat-per-a-la-competitivitat-de-catalunya-reflexions-del-tercer-eixampletalks","status":"publish","type":"post","link":"https:\/\/www.factorenergia.com\/ca\/blog\/esdeveniments\/la-transicio-energetica-com-a-oportunitat-per-a-la-competitivitat-de-catalunya-reflexions-del-tercer-eixampletalks\/","title":{"rendered":"La transici\u00f3 energ\u00e8tica com a oportunitat per a la competitivitat de Catalunya: reflexions del tercer #EixampleTalks"},"content":{"rendered":"<p data-start=\"316\" data-end=\"397\">Factorenergia participa en una jornada clau sobre el futur energ\u00e8tic del pa\u00eds<\/p>\n<h2 data-start=\"404\" data-end=\"478\"><strong data-start=\"407\" data-end=\"478\">Una trobada per definir el futur energ\u00e8tic i productiu de Catalunya<\/strong><\/h2>\n<p data-start=\"480\" data-end=\"889\">La tercera sessi\u00f3 del cicle <strong data-start=\"508\" data-end=\"526\">#EixampleTalks<\/strong>, organitzat per <a href=\"https:\/\/pimec.org\/es\"><strong data-start=\"543\" data-end=\"552\">PIMEC<\/strong><\/a> i <a href=\"https:\/\/www.thenewbarcelonapost.com\/\"><strong data-start=\"555\" data-end=\"581\">The New Barcelona Post<\/strong><\/a>, ha reunit representants clau del sector energ\u00e8tic i empresarial per analitzar com la transici\u00f3 energ\u00e8tica est\u00e0 transformant la competitivitat de Catalunya. Un debat imprescindible en un moment en qu\u00e8 les infraestructures, la innovaci\u00f3 i les pol\u00edtiques energ\u00e8tiques marquen el ritme del creixement econ\u00f2mic.<\/p>\n<p data-start=\"891\" data-end=\"932\">L\u2019acte ha comptat amb la benvinguda de:<\/p>\n<ul data-start=\"933\" data-end=\"1090\">\n<li data-start=\"933\" data-end=\"1001\">\n<p data-start=\"935\" data-end=\"1001\"><strong data-start=\"935\" data-end=\"950\">Pere Guerra<\/strong>, vicepresident de la Comissi\u00f3 d\u2019Energia de PIMEC<\/p>\n<\/li>\n<li data-start=\"1002\" data-end=\"1090\">\n<p data-start=\"1004\" data-end=\"1090\"><strong data-start=\"1004\" data-end=\"1028\">Guillem Carol Vall\u00e8s<\/strong>, CEO de Must Media Group i editor de The New Barcelona Post<\/p>\n<\/li>\n<\/ul>\n<h2 data-start=\"1097\" data-end=\"1142\"><strong data-start=\"1100\" data-end=\"1142\">Una taula rodona amb visi\u00f3 estrat\u00e8gica<\/strong><\/h2>\n<p data-start=\"1144\" data-end=\"1273\">La sessi\u00f3, moderada per <strong data-start=\"1168\" data-end=\"1193\">Elena Busquets Segura<\/strong>, directora de The New Barcelona Post, ha reunit tres veus referents del sector:<\/p>\n<ul data-start=\"1275\" data-end=\"1463\">\n<li data-start=\"1275\" data-end=\"1335\">\n<p data-start=\"1277\" data-end=\"1335\"><strong data-start=\"1277\" data-end=\"1300\">Emili Rousaud Par\u00e9s<\/strong>, CEO i fundador de Factorenergia<\/p>\n<\/li>\n<li data-start=\"1336\" data-end=\"1392\">\n<p data-start=\"1338\" data-end=\"1392\"><strong data-start=\"1338\" data-end=\"1364\">Daniel P\u00e9rez Rodr\u00edguez<\/strong>, director de L\u2019Energ\u00e8tica<\/p>\n<\/li>\n<li data-start=\"1393\" data-end=\"1463\">\n<p data-start=\"1395\" data-end=\"1463\"><strong data-start=\"1395\" data-end=\"1418\">Jordi Vila Mart\u00ednez<\/strong>, cap de Medi Ambient del Port de Barcelona<\/p>\n<\/li>\n<\/ul>\n<p data-start=\"1465\" data-end=\"1704\">Al llarg de la taula rodona, els ponents han analitzat els principals reptes i oportunitats de la transici\u00f3 energ\u00e8tica des de perspectives complement\u00e0ries: la gesti\u00f3 p\u00fablica, l\u2019impacte ambiental i la visi\u00f3 empresarial del mercat energ\u00e8tic.<\/p>\n<h2 data-start=\"1711\" data-end=\"1794\"><strong data-start=\"1714\" data-end=\"1794\">Infraestructures, renovables i col\u00b7laboraci\u00f3 publicoprivada: eixos del debat<\/strong><\/h2>\n<p data-start=\"1796\" data-end=\"1853\">La trobada ha posat el focus en tres \u00e0rees estrat\u00e8giques:<\/p>\n<h3 data-start=\"1855\" data-end=\"1914\"><strong data-start=\"1859\" data-end=\"1914\">1. Impulsar infraestructures energ\u00e8tiques m\u00e9s \u00e0gils<\/strong><\/h3>\n<p data-start=\"1915\" data-end=\"2082\">La competitivitat de Catalunya dep\u00e8n d\u2019un major desplegament d\u2019infraestructures que facilitin la integraci\u00f3 de noves tecnologies i l\u2019increment de la demanda el\u00e8ctrica.<\/p>\n<h3 data-start=\"2084\" data-end=\"2139\"><strong data-start=\"2088\" data-end=\"2139\">2. Refor\u00e7ar el paper de les energies renovables<\/strong><\/h3>\n<p data-start=\"2140\" data-end=\"2293\">La transici\u00f3 energ\u00e8tica nom\u00e9s ser\u00e0 efectiva si avan\u00e7a la implantaci\u00f3 de renovables d\u2019una manera equilibrada, eficient i alineada amb el teixit productiu.<\/p>\n<h3 data-start=\"2295\" data-end=\"2348\"><strong data-start=\"2299\" data-end=\"2348\">3. Consolidar la col\u00b7laboraci\u00f3 publicoprivada<\/strong><\/h3>\n<p data-start=\"2349\" data-end=\"2525\">Els participants han coincidit que la transformaci\u00f3 del sistema energ\u00e8tic requereix un model de governan\u00e7a compartida capa\u00e7 de coordinar administracions, empreses i ciutadania.<\/p>\n<h2 data-start=\"2532\" data-end=\"2577\"><strong data-start=\"2535\" data-end=\"2577\">La visi\u00f3 de Factorenergia a la trobada<\/strong><\/h2>\n<p data-start=\"2579\" data-end=\"2831\">Durant la seva intervenci\u00f3, <strong data-start=\"2607\" data-end=\"2624\">Emili Rousaud<\/strong> ha subratllat la import\u00e0ncia d\u2019un model energ\u00e8tic <strong data-start=\"2675\" data-end=\"2715\">transparent, competitiu i sostenible<\/strong>, que permeti a empreses i ciutadania prendre decisions informades i avan\u00e7ar cap a un \u00fas m\u00e9s efficient de l\u2019energia.<\/p>\n<p data-start=\"2833\" data-end=\"2927\">Tamb\u00e9 ha ressaltat el paper de companyies com Factorenergia en aquest proc\u00e9s de transformaci\u00f3:<\/p>\n<ul data-start=\"2929\" data-end=\"3085\">\n<li data-start=\"2929\" data-end=\"2972\">\n<p data-start=\"2931\" data-end=\"2972\"><strong data-start=\"2931\" data-end=\"2970\">aportant innovaci\u00f3 i digitalitzaci\u00f3<\/strong><\/p>\n<\/li>\n<li data-start=\"2973\" data-end=\"3023\">\n<p data-start=\"2975\" data-end=\"3023\"><strong data-start=\"2975\" data-end=\"3021\">impulsant solucions energ\u00e8tiques eficients<\/strong><\/p>\n<\/li>\n<li data-start=\"3024\" data-end=\"3085\">\n<p data-start=\"3026\" data-end=\"3085\"><strong data-start=\"3026\" data-end=\"3083\">promovent un model m\u00e9s clar i accessible per a tothom<\/strong><\/p>\n<\/li>\n<\/ul>\n<p data-start=\"3087\" data-end=\"3231\">Per a Factorenergia, la transici\u00f3 energ\u00e8tica no \u00e9s nom\u00e9s un repte t\u00e8cnic o regulatori: \u00e9s una <strong data-start=\"3181\" data-end=\"3230\">oportunitat real de progr\u00e9s econ\u00f2mic i social<\/strong>.<\/p>\n<h2 data-start=\"3238\" data-end=\"3279\"><strong data-start=\"3241\" data-end=\"3279\">Un tancament que mira cap al futur<\/strong><\/h2>\n<p data-start=\"3281\" data-end=\"3495\">La sessi\u00f3 ha concl\u00f2s amb un espai de networking on els assistents han pogut intercanviar visions, generar noves connexions i plantejar possibles vies de col\u00b7laboraci\u00f3 per avan\u00e7ar cap a un model energ\u00e8tic m\u00e9s s\u00f2lid.<\/p>\n<h2 data-start=\"3502\" data-end=\"3532\"><strong data-start=\"3505\" data-end=\"3532\">Comprom\u00eds Factorenergia<\/strong><\/h2>\n<p data-start=\"3534\" data-end=\"3608\">A Factorenergia mantenim el nostre comprom\u00eds amb un sistema energ\u00e8tic que:<\/p>\n<ul data-start=\"3610\" data-end=\"3775\">\n<li data-start=\"3610\" data-end=\"3662\">\n<p data-start=\"3612\" data-end=\"3662\">millori la competitivitat del teixit empresarial<\/p>\n<\/li>\n<li data-start=\"3663\" data-end=\"3703\">\n<p data-start=\"3665\" data-end=\"3703\">acceleri la modernitzaci\u00f3 productiva<\/p>\n<\/li>\n<li data-start=\"3704\" data-end=\"3730\">\n<p data-start=\"3706\" data-end=\"3730\">integri m\u00e9s renovables<\/p>\n<\/li>\n<li data-start=\"3731\" data-end=\"3775\">\n<p data-start=\"3733\" data-end=\"3775\">sigui transparent, eficient i sostenible<\/p>\n<\/li>\n<\/ul>\n<p data-start=\"3777\" data-end=\"3960\">Seguirem participant en espais de di\u00e0leg com <strong data-start=\"3822\" data-end=\"3840\">#EixampleTalks<\/strong>, conven\u00e7uts que la transici\u00f3 energ\u00e8tica nom\u00e9s \u00e9s possible a trav\u00e9s de la col\u00b7laboraci\u00f3 i una visi\u00f3 compartida de futur.<\/p>\n","protected":false},"excerpt":{"rendered":"<p>Factorenergia participa en una jornada clau sobre el futur energ\u00e8tic del pa\u00eds Una trobada per definir el futur energ\u00e8tic i productiu de Catalunya La tercera sessi\u00f3 del cicle #EixampleTalks, organitzat per PIMEC i The New Barcelona Post, ha reunit representants clau del sector energ\u00e8tic i empresarial per analitzar com la transici\u00f3 energ\u00e8tica est\u00e0 transformant la [&hellip;]<\/p>\n","protected":false},"author":23,"featured_media":0,"comment_status":"open","ping_status":"open","sticky":false,"template":"","format":"standard","meta":{"inline_featured_image":false,"footnotes":""},"categories":[181],"tags":[],"acf":{"fecha_de_la_entrada":"20251203","imagen_portada":30802,"categoria_blog":null,"tipo_de_distribuidora":null,"tiempo_lectura":"2'","banner_bool":false,"titulo_banner":"","texto_banner":"","texto_boton_banner":"","url_boton_banner":"","post_relacionados":""},"yoast_head":"<!-- This site is optimized with the Yoast SEO plugin v22.2 - https:\/\/yoast.com\/wordpress\/plugins\/seo\/ -->\n<title>La transici\u00f3 energ\u00e8tica com a oportunitat per a la competitivitat de Catalunya: reflexions del tercer #EixampleTalks | factorenergia<\/title>\n<meta name=\"description\" content=\"El encuentro Eixample Talks analiza c\u00f3mo la transici\u00f3n energ\u00e9tica impulsa la competitividad de Catalu\u00f1a. Factorenergia aporta visi\u00f3n estrat\u00e9gica y compromiso sostenible.\" \/>\n<meta name=\"robots\" content=\"index, follow, max-snippet:-1, max-image-preview:large, max-video-preview:-1\" \/>\n<link rel=\"canonical\" href=\"https:\/\/www.factorenergia.com\/ca\/blog\/esdeveniments\/la-transicio-energetica-com-a-oportunitat-per-a-la-competitivitat-de-catalunya-reflexions-del-tercer-eixampletalks\/\" \/>\n<meta name=\"twitter:card\" content=\"summary_large_image\" \/>\n<meta name=\"twitter:title\" content=\"La transici\u00f3 energ\u00e8tica com a oportunitat per a la competitivitat de Catalunya: reflexions del tercer #EixampleTalks | factorenergia\" \/>\n<meta name=\"twitter:description\" content=\"El encuentro Eixample Talks analiza c\u00f3mo la transici\u00f3n energ\u00e9tica impulsa la competitividad de Catalu\u00f1a. Factorenergia aporta visi\u00f3n estrat\u00e9gica y compromiso sostenible.\" \/>\n<meta name=\"twitter:creator\" content=\"@factorenergia\" \/>\n<meta name=\"twitter:site\" content=\"@factorenergia\" \/>\n<meta name=\"twitter:label1\" content=\"Written by\" \/>\n\t<meta name=\"twitter:data1\" content=\"Equipo Transici\u00f3n Energ\u00e9tica Factorenergia\" \/>\n\t<meta name=\"twitter:label2\" content=\"Est. reading time\" \/>\n\t<meta name=\"twitter:data2\" content=\"3 minutes\" \/>\n<script type=\"application\/ld+json\" class=\"yoast-schema-graph\">{\"@context\":\"https:\/\/schema.org\",\"@graph\":[{\"@type\":\"WebPage\",\"@id\":\"https:\/\/www.factorenergia.com\/ca\/blog\/esdeveniments\/la-transicio-energetica-com-a-oportunitat-per-a-la-competitivitat-de-catalunya-reflexions-del-tercer-eixampletalks\/\",\"url\":\"https:\/\/www.factorenergia.com\/ca\/blog\/esdeveniments\/la-transicio-energetica-com-a-oportunitat-per-a-la-competitivitat-de-catalunya-reflexions-del-tercer-eixampletalks\/\",\"name\":\"La transici\u00f3 energ\u00e8tica com a oportunitat per a la competitivitat de Catalunya: reflexions del tercer #EixampleTalks | factorenergia\",\"isPartOf\":{\"@id\":\"https:\/\/www.factorenergia.com\/es\/#website\"},\"datePublished\":\"2025-12-04T11:04:03+00:00\",\"dateModified\":\"2025-12-04T11:13:28+00:00\",\"author\":{\"@id\":\"https:\/\/www.factorenergia.com\/es\/#\/schema\/person\/0393cfddedf83f56c6fa67cd7f64b4f5\"},\"description\":\"El encuentro Eixample Talks analiza c\u00f3mo la transici\u00f3n energ\u00e9tica impulsa la competitividad de Catalu\u00f1a. Factorenergia aporta visi\u00f3n estrat\u00e9gica y compromiso sostenible.\",\"breadcrumb\":{\"@id\":\"https:\/\/www.factorenergia.com\/ca\/blog\/esdeveniments\/la-transicio-energetica-com-a-oportunitat-per-a-la-competitivitat-de-catalunya-reflexions-del-tercer-eixampletalks\/#breadcrumb\"},\"inLanguage\":\"ca\",\"potentialAction\":[{\"@type\":\"ReadAction\",\"target\":[\"https:\/\/www.factorenergia.com\/ca\/blog\/esdeveniments\/la-transicio-energetica-com-a-oportunitat-per-a-la-competitivitat-de-catalunya-reflexions-del-tercer-eixampletalks\/\"]}]},{\"@type\":\"BreadcrumbList\",\"@id\":\"https:\/\/www.factorenergia.com\/ca\/blog\/esdeveniments\/la-transicio-energetica-com-a-oportunitat-per-a-la-competitivitat-de-catalunya-reflexions-del-tercer-eixampletalks\/#breadcrumb\",\"itemListElement\":[{\"@type\":\"ListItem\",\"position\":1,\"name\":\"Portada\",\"item\":\"https:\/\/www.factorenergia.com\/ca\/\"},{\"@type\":\"ListItem\",\"position\":2,\"name\":\"La transici\u00f3 energ\u00e8tica com a oportunitat per a la competitivitat de Catalunya: reflexions del tercer #EixampleTalks\"}]},{\"@type\":\"WebSite\",\"@id\":\"https:\/\/www.factorenergia.com\/es\/#website\",\"url\":\"https:\/\/www.factorenergia.com\/es\/\",\"name\":\"factorenergia\",\"description\":\"factorenergia\",\"potentialAction\":[{\"@type\":\"SearchAction\",\"target\":{\"@type\":\"EntryPoint\",\"urlTemplate\":\"https:\/\/www.factorenergia.com\/es\/?s={search_term_string}\"},\"query-input\":\"required name=search_term_string\"}],\"inLanguage\":\"ca\"},{\"@type\":\"Person\",\"@id\":\"https:\/\/www.factorenergia.com\/es\/#\/schema\/person\/0393cfddedf83f56c6fa67cd7f64b4f5\",\"name\":\"Equipo Transici\u00f3n Energ\u00e9tica Factorenergia\",\"image\":{\"@type\":\"ImageObject\",\"inLanguage\":\"ca\",\"@id\":\"https:\/\/www.factorenergia.com\/es\/#\/schema\/person\/image\/\",\"url\":\"https:\/\/secure.gravatar.com\/avatar\/80959538036dc57cad8f416d2d764870?s=96&d=mm&r=g\",\"contentUrl\":\"https:\/\/secure.gravatar.com\/avatar\/80959538036dc57cad8f416d2d764870?s=96&d=mm&r=g\",\"caption\":\"Equipo Transici\u00f3n Energ\u00e9tica Factorenergia\"},\"url\":\"https:\/\/www.factorenergia.com\/ca\/blog\/author\/pilar\/\"}]}<\/script>\n<!-- \/ Yoast SEO plugin. -->","yoast_head_json":{"title":"La transici\u00f3 energ\u00e8tica com a oportunitat per a la competitivitat de Catalunya: reflexions del tercer #EixampleTalks | factorenergia","description":"El encuentro Eixample Talks analiza c\u00f3mo la transici\u00f3n energ\u00e9tica impulsa la competitividad de Catalu\u00f1a. Factorenergia aporta visi\u00f3n estrat\u00e9gica y compromiso sostenible.","robots":{"index":"index","follow":"follow","max-snippet":"max-snippet:-1","max-image-preview":"max-image-preview:large","max-video-preview":"max-video-preview:-1"},"canonical":"https:\/\/www.factorenergia.com\/ca\/blog\/esdeveniments\/la-transicio-energetica-com-a-oportunitat-per-a-la-competitivitat-de-catalunya-reflexions-del-tercer-eixampletalks\/","twitter_card":"summary_large_image","twitter_title":"La transici\u00f3 energ\u00e8tica com a oportunitat per a la competitivitat de Catalunya: reflexions del tercer #EixampleTalks | factorenergia","twitter_description":"El encuentro Eixample Talks analiza c\u00f3mo la transici\u00f3n energ\u00e9tica impulsa la competitividad de Catalu\u00f1a. Factorenergia aporta visi\u00f3n estrat\u00e9gica y compromiso sostenible.","twitter_creator":"@factorenergia","twitter_site":"@factorenergia","twitter_misc":{"Written by":"Equipo Transici\u00f3n Energ\u00e9tica Factorenergia","Est. reading time":"3 minutes"},"schema":{"@context":"https:\/\/schema.org","@graph":[{"@type":"WebPage","@id":"https:\/\/www.factorenergia.com\/ca\/blog\/esdeveniments\/la-transicio-energetica-com-a-oportunitat-per-a-la-competitivitat-de-catalunya-reflexions-del-tercer-eixampletalks\/","url":"https:\/\/www.factorenergia.com\/ca\/blog\/esdeveniments\/la-transicio-energetica-com-a-oportunitat-per-a-la-competitivitat-de-catalunya-reflexions-del-tercer-eixampletalks\/","name":"La transici\u00f3 energ\u00e8tica com a oportunitat per a la competitivitat de Catalunya: reflexions del tercer #EixampleTalks | factorenergia","isPartOf":{"@id":"https:\/\/www.factorenergia.com\/es\/#website"},"datePublished":"2025-12-04T11:04:03+00:00","dateModified":"2025-12-04T11:13:28+00:00","author":{"@id":"https:\/\/www.factorenergia.com\/es\/#\/schema\/person\/0393cfddedf83f56c6fa67cd7f64b4f5"},"description":"El encuentro Eixample Talks analiza c\u00f3mo la transici\u00f3n energ\u00e9tica impulsa la competitividad de Catalu\u00f1a. Factorenergia aporta visi\u00f3n estrat\u00e9gica y compromiso sostenible.","breadcrumb":{"@id":"https:\/\/www.factorenergia.com\/ca\/blog\/esdeveniments\/la-transicio-energetica-com-a-oportunitat-per-a-la-competitivitat-de-catalunya-reflexions-del-tercer-eixampletalks\/#breadcrumb"},"inLanguage":"ca","potentialAction":[{"@type":"ReadAction","target":["https:\/\/www.factorenergia.com\/ca\/blog\/esdeveniments\/la-transicio-energetica-com-a-oportunitat-per-a-la-competitivitat-de-catalunya-reflexions-del-tercer-eixampletalks\/"]}]},{"@type":"BreadcrumbList","@id":"https:\/\/www.factorenergia.com\/ca\/blog\/esdeveniments\/la-transicio-energetica-com-a-oportunitat-per-a-la-competitivitat-de-catalunya-reflexions-del-tercer-eixampletalks\/#breadcrumb","itemListElement":[{"@type":"ListItem","position":1,"name":"Portada","item":"https:\/\/www.factorenergia.com\/ca\/"},{"@type":"ListItem","position":2,"name":"La transici\u00f3 energ\u00e8tica com a oportunitat per a la competitivitat de Catalunya: reflexions del tercer #EixampleTalks"}]},{"@type":"WebSite","@id":"https:\/\/www.factorenergia.com\/es\/#website","url":"https:\/\/www.factorenergia.com\/es\/","name":"factorenergia","description":"factorenergia","potentialAction":[{"@type":"SearchAction","target":{"@type":"EntryPoint","urlTemplate":"https:\/\/www.factorenergia.com\/es\/?s={search_term_string}"},"query-input":"required name=search_term_string"}],"inLanguage":"ca"},{"@type":"Person","@id":"https:\/\/www.factorenergia.com\/es\/#\/schema\/person\/0393cfddedf83f56c6fa67cd7f64b4f5","name":"Equipo Transici\u00f3n Energ\u00e9tica Factorenergia","image":{"@type":"ImageObject","inLanguage":"ca","@id":"https:\/\/www.factorenergia.com\/es\/#\/schema\/person\/image\/","url":"https:\/\/secure.gravatar.com\/avatar\/80959538036dc57cad8f416d2d764870?s=96&d=mm&r=g","contentUrl":"https:\/\/secure.gravatar.com\/avatar\/80959538036dc57cad8f416d2d764870?s=96&d=mm&r=g","caption":"Equipo Transici\u00f3n Energ\u00e9tica Factorenergia"},"url":"https:\/\/www.factorenergia.com\/ca\/blog\/author\/pilar\/"}]}},"_links":{"self":[{"href":"https:\/\/www.factorenergia.com\/ca\/wp-json\/wp\/v2\/posts\/30804"}],"collection":[{"href":"https:\/\/www.factorenergia.com\/ca\/wp-json\/wp\/v2\/posts"}],"about":[{"href":"https:\/\/www.factorenergia.com\/ca\/wp-json\/wp\/v2\/types\/post"}],"author":[{"embeddable":true,"href":"https:\/\/www.factorenergia.com\/ca\/wp-json\/wp\/v2\/users\/23"}],"replies":[{"embeddable":true,"href":"https:\/\/www.factorenergia.com\/ca\/wp-json\/wp\/v2\/comments?post=30804"}],"version-history":[{"count":4,"href":"https:\/\/www.factorenergia.com\/ca\/wp-json\/wp\/v2\/posts\/30804\/revisions"}],"predecessor-version":[{"id":30810,"href":"https:\/\/www.factorenergia.com\/ca\/wp-json\/wp\/v2\/posts\/30804\/revisions\/30810"}],"wp:attachment":[{"href":"https:\/\/www.factorenergia.com\/ca\/wp-json\/wp\/v2\/media?parent=30804"}],"wp:term":[{"taxonomy":"category","embeddable":true,"href":"https:\/\/www.factorenergia.com\/ca\/wp-json\/wp\/v2\/categories?post=30804"},{"taxonomy":"post_tag","embeddable":true,"href":"https:\/\/www.factorenergia.com\/ca\/wp-json\/wp\/v2\/tags?post=30804"}],"curies":[{"name":"wp","href":"https:\/\/api.w.org\/{rel}","templated":true}]}}