{"id":30794,"date":"2025-12-01T16:45:43","date_gmt":"2025-12-01T14:45:43","guid":{"rendered":"https:\/\/www.factorenergia.com\/ca\/?p=30794"},"modified":"2025-12-01T16:45:43","modified_gmt":"2025-12-01T14:45:43","slug":"factorenergia-participa-a-leaml-2025-per-impulsar-el-desenvolupament-dels-mercats-lliures-iberoamericans","status":"publish","type":"post","link":"https:\/\/www.factorenergia.com\/ca\/blog\/esdeveniments\/factorenergia-participa-a-leaml-2025-per-impulsar-el-desenvolupament-dels-mercats-lliures-iberoamericans\/","title":{"rendered":"Factorenergia participa a l\u2019EAML 2025 per impulsar el desenvolupament dels mercats lliures iberoamericans"},"content":{"rendered":"<p data-start=\"370\" data-end=\"803\">Factorenergia ha participat a l\u2019<strong data-start=\"402\" data-end=\"460\">Encontre Anual del Mercat Lliure d\u2019Energia (EAML 2025)<\/strong> organitzat per <strong data-start=\"476\" data-end=\"488\">Abraceel<\/strong> al Brasil, una edici\u00f3 especialment significativa en coincidir amb el <strong data-start=\"558\" data-end=\"592\">25\u00e8 aniversari de l\u2019associaci\u00f3<\/strong>, una fita rellevant per al sector energ\u00e8tic brasiler i iberoameric\u00e0. L\u2019esdeveniment ha reunit experts, reguladors i empreses de tota la regi\u00f3 per debatre sobre l\u2019evoluci\u00f3 i el futur del mercat lliure d\u2019energia.<\/p>\n<p data-start=\"805\" data-end=\"1099\">En aquesta edici\u00f3, <strong data-start=\"824\" data-end=\"849\">Teresa Company Juber\u00f3<\/strong>, <em data-start=\"851\" data-end=\"893\">Country Manager de Factorluz \u2013 ACIE Xile<\/em>, <strong data-start=\"895\" data-end=\"946\">ha participat en representaci\u00f3 de Factorenergia<\/strong> com a ponent al panell <strong data-start=\"970\" data-end=\"1021\">\u201cPanorama dos Mercados Livres Ibero-Americanos\u201d<\/strong>, aportant l\u2019experi\u00e8ncia de la companyia en mercats oberts i en transformaci\u00f3.<\/p>\n<h2 data-start=\"805\" data-end=\"1099\">Un panell per entendre el present i el futur del mercat lliure<\/h2>\n<p data-start=\"1173\" data-end=\"1324\">El panell ha abordat els principals reptes i aprenentatges que estan marcant l\u2019evoluci\u00f3 dels mercats lliures a Iberoam\u00e8rica. Entre els temes destacats:<\/p>\n<ul data-start=\"1326\" data-end=\"1696\">\n<li data-start=\"1326\" data-end=\"1394\">\n<p data-start=\"1328\" data-end=\"1394\"><strong data-start=\"1328\" data-end=\"1358\">Evoluci\u00f3 del mercat lliure<\/strong> als diferents pa\u00efsos de la regi\u00f3.<\/p>\n<\/li>\n<li data-start=\"1395\" data-end=\"1457\">\n<p data-start=\"1397\" data-end=\"1457\"><strong data-start=\"1397\" data-end=\"1440\">Xifres rellevants i an\u00e0lisi comparativa<\/strong> entre mercats.<\/p>\n<\/li>\n<li data-start=\"1458\" data-end=\"1539\">\n<p data-start=\"1460\" data-end=\"1539\"><strong data-start=\"1460\" data-end=\"1488\">Similituds i difer\u00e8ncies<\/strong> en les seves estructures i dissenys regulatoris.<\/p>\n<\/li>\n<li data-start=\"1540\" data-end=\"1626\">\n<p data-start=\"1542\" data-end=\"1626\"><strong data-start=\"1542\" data-end=\"1575\">Formaci\u00f3 de preus i seguretat<\/strong>, i quins aprenentatges pot incorporar el Brasil.<\/p>\n<\/li>\n<li data-start=\"1627\" data-end=\"1696\">\n<p data-start=\"1629\" data-end=\"1696\"><strong data-start=\"1629\" data-end=\"1682\">Debat sobre l\u2019obertura i el desenvolupament futur<\/strong> dels mercats.<\/p>\n<\/li>\n<\/ul>\n<p data-start=\"1698\" data-end=\"1884\">La sessi\u00f3 ha estat presentada per <strong data-start=\"1732\" data-end=\"1751\">Sebastian Novoa<\/strong> (AICE Xile) i moderada per <strong data-start=\"1779\" data-end=\"1798\">Alexandre Viana<\/strong> (Envol).<br data-start=\"1807\" data-end=\"1810\" \/>A m\u00e9s de la nostra representaci\u00f3, hi han participat l\u00edders del sector com:<\/p>\n<ul data-start=\"1886\" data-end=\"2029\">\n<li data-start=\"1886\" data-end=\"1940\">\n<p data-start=\"1888\" data-end=\"1940\"><strong data-start=\"1888\" data-end=\"1911\">Andrea Lozano Bravo<\/strong> (AMSCA M\u00e8xic \/ BID Energy)<\/p>\n<\/li>\n<li data-start=\"1941\" data-end=\"1987\">\n<p data-start=\"1943\" data-end=\"1987\"><strong data-start=\"1943\" data-end=\"1967\">Marta Aguilar M\u00e9ndez<\/strong> (ACCE \u2013 Col\u00f2mbia)<\/p>\n<\/li>\n<li data-start=\"1988\" data-end=\"2029\">\n<p data-start=\"1990\" data-end=\"2029\"><strong data-start=\"1990\" data-end=\"2009\">Jo\u00e3o Nuno Serra<\/strong> (ACEMEL \u2013 Portugal)<\/p>\n<\/li>\n<\/ul>\n<h2>La visi\u00f3 de Factorenergia en el debat iberoameric\u00e0<\/h2>\n<p data-start=\"2091\" data-end=\"2257\">Durant la seva intervenci\u00f3, <strong data-start=\"2119\" data-end=\"2245\">Teresa Company Juber\u00f3 va subratllar el comprom\u00eds de Factorenergia amb un mercat energ\u00e8tic m\u00e9s obert, competitiu i eficient<\/strong>, destacant:<\/p>\n<ul data-start=\"2259\" data-end=\"2662\">\n<li data-start=\"2259\" data-end=\"2364\">\n<p data-start=\"2261\" data-end=\"2364\">La import\u00e0ncia de refor\u00e7ar la <strong data-start=\"2291\" data-end=\"2345\">compet\u00e8ncia per oferir m\u00e9s opcions i millors preus<\/strong> als consumidors.<\/p>\n<\/li>\n<li data-start=\"2365\" data-end=\"2459\">\n<p data-start=\"2367\" data-end=\"2459\">El paper dels mercats lliures en impulsar la <strong data-start=\"2412\" data-end=\"2456\">transici\u00f3 energ\u00e8tica i la sostenibilitat<\/strong>.<\/p>\n<\/li>\n<li data-start=\"2460\" data-end=\"2567\">\n<p data-start=\"2462\" data-end=\"2567\">La necessitat de <strong data-start=\"2479\" data-end=\"2524\">marcs regulatoris estables i transparents<\/strong> que fomentin la innovaci\u00f3 i la inversi\u00f3.<\/p>\n<\/li>\n<li data-start=\"2568\" data-end=\"2662\">\n<p data-start=\"2570\" data-end=\"2662\">La rellev\u00e0ncia de compartir experi\u00e8ncies entre pa\u00efsos per avan\u00e7ar cap a un model m\u00e9s robust.<\/p>\n<\/li>\n<\/ul>\n<h2>Un comprom\u00eds refor\u00e7at amb la sostenibilitat i l\u2019obertura energ\u00e8tica<\/h2>\n<p data-start=\"2741\" data-end=\"2925\">La pres\u00e8ncia de Factorenergia a l\u2019<strong data-start=\"2775\" data-end=\"2788\">EAML 2025<\/strong> reflecteix la voluntat de la companyia de continuar participant activament en els debats estrat\u00e8gics del sector a escala iberoamericana.<\/p>\n<p data-start=\"2927\" data-end=\"3064\">Agra\u00efm a <strong data-start=\"2936\" data-end=\"2948\">Abraceel<\/strong> la invitaci\u00f3 i la creaci\u00f3 d\u2019un espai tan valu\u00f3s per a l\u2019intercanvi de coneixement i la col\u00b7laboraci\u00f3 entre mercats.<\/p>\n<p data-start=\"3066\" data-end=\"3213\">\ud83c\udf0d <strong data-start=\"3069\" data-end=\"3213\">Amb aquesta participaci\u00f3, reforcem el nostre comprom\u00eds amb un futur energ\u00e8tic m\u00e9s competitiu, transparent i sostenible arreu d\u2019Iberoam\u00e8rica.<\/strong><\/p>\n","protected":false},"excerpt":{"rendered":"<p>Factorenergia ha participat a l\u2019Encontre Anual del Mercat Lliure d\u2019Energia (EAML 2025) organitzat per Abraceel al Brasil, una edici\u00f3 especialment significativa en coincidir amb el 25\u00e8 aniversari de l\u2019associaci\u00f3, una fita rellevant per al sector energ\u00e8tic brasiler i iberoameric\u00e0. L\u2019esdeveniment ha reunit experts, reguladors i empreses de tota la regi\u00f3 per debatre sobre l\u2019evoluci\u00f3 i [&hellip;]<\/p>\n","protected":false},"author":23,"featured_media":0,"comment_status":"open","ping_status":"open","sticky":false,"template":"","format":"standard","meta":{"inline_featured_image":false,"footnotes":""},"categories":[181],"tags":[],"acf":{"fecha_de_la_entrada":"20251127","imagen_portada":30795,"categoria_blog":null,"tipo_de_distribuidora":null,"tiempo_lectura":"2'","banner_bool":false,"titulo_banner":"","texto_banner":"","texto_boton_banner":"","url_boton_banner":"","post_relacionados":""},"yoast_head":"<!-- This site is optimized with the Yoast SEO plugin v22.2 - https:\/\/yoast.com\/wordpress\/plugins\/seo\/ -->\n<title>Factorenergia participa a l\u2019EAML 2025 per impulsar el desenvolupament dels mercats lliures iberoamericans | factorenergia<\/title>\n<meta name=\"description\" content=\"Factorenergia participa a l\u2019EAML 2025 d\u2019Abraceel, aportant visi\u00f3 sobre l\u2019evoluci\u00f3 i el desenvolupament del mercat lliure d\u2019energia a Iberoam\u00e8rica.\" \/>\n<meta name=\"robots\" content=\"index, follow, max-snippet:-1, max-image-preview:large, max-video-preview:-1\" \/>\n<link rel=\"canonical\" href=\"https:\/\/www.factorenergia.com\/ca\/blog\/esdeveniments\/factorenergia-participa-a-leaml-2025-per-impulsar-el-desenvolupament-dels-mercats-lliures-iberoamericans\/\" \/>\n<meta name=\"twitter:card\" content=\"summary_large_image\" \/>\n<meta name=\"twitter:title\" content=\"Factorenergia participa a l\u2019EAML 2025 per impulsar el desenvolupament dels mercats lliures iberoamericans | factorenergia\" \/>\n<meta name=\"twitter:description\" content=\"Factorenergia participa a l\u2019EAML 2025 d\u2019Abraceel, aportant visi\u00f3 sobre l\u2019evoluci\u00f3 i el desenvolupament del mercat lliure d\u2019energia a Iberoam\u00e8rica.\" \/>\n<meta name=\"twitter:creator\" content=\"@factorenergia\" \/>\n<meta name=\"twitter:site\" content=\"@factorenergia\" \/>\n<meta name=\"twitter:label1\" content=\"Written by\" \/>\n\t<meta name=\"twitter:data1\" content=\"Equipo Transici\u00f3n Energ\u00e9tica Factorenergia\" \/>\n\t<meta name=\"twitter:label2\" content=\"Est. reading time\" \/>\n\t<meta name=\"twitter:data2\" content=\"2 minutes\" \/>\n<script type=\"application\/ld+json\" class=\"yoast-schema-graph\">{\"@context\":\"https:\/\/schema.org\",\"@graph\":[{\"@type\":\"WebPage\",\"@id\":\"https:\/\/www.factorenergia.com\/ca\/blog\/esdeveniments\/factorenergia-participa-a-leaml-2025-per-impulsar-el-desenvolupament-dels-mercats-lliures-iberoamericans\/\",\"url\":\"https:\/\/www.factorenergia.com\/ca\/blog\/esdeveniments\/factorenergia-participa-a-leaml-2025-per-impulsar-el-desenvolupament-dels-mercats-lliures-iberoamericans\/\",\"name\":\"Factorenergia participa a l\u2019EAML 2025 per impulsar el desenvolupament dels mercats lliures iberoamericans | factorenergia\",\"isPartOf\":{\"@id\":\"https:\/\/www.factorenergia.com\/es\/#website\"},\"datePublished\":\"2025-12-01T14:45:43+00:00\",\"dateModified\":\"2025-12-01T14:45:43+00:00\",\"author\":{\"@id\":\"https:\/\/www.factorenergia.com\/es\/#\/schema\/person\/0393cfddedf83f56c6fa67cd7f64b4f5\"},\"description\":\"Factorenergia participa a l\u2019EAML 2025 d\u2019Abraceel, aportant visi\u00f3 sobre l\u2019evoluci\u00f3 i el desenvolupament del mercat lliure d\u2019energia a Iberoam\u00e8rica.\",\"breadcrumb\":{\"@id\":\"https:\/\/www.factorenergia.com\/ca\/blog\/esdeveniments\/factorenergia-participa-a-leaml-2025-per-impulsar-el-desenvolupament-dels-mercats-lliures-iberoamericans\/#breadcrumb\"},\"inLanguage\":\"ca\",\"potentialAction\":[{\"@type\":\"ReadAction\",\"target\":[\"https:\/\/www.factorenergia.com\/ca\/blog\/esdeveniments\/factorenergia-participa-a-leaml-2025-per-impulsar-el-desenvolupament-dels-mercats-lliures-iberoamericans\/\"]}]},{\"@type\":\"BreadcrumbList\",\"@id\":\"https:\/\/www.factorenergia.com\/ca\/blog\/esdeveniments\/factorenergia-participa-a-leaml-2025-per-impulsar-el-desenvolupament-dels-mercats-lliures-iberoamericans\/#breadcrumb\",\"itemListElement\":[{\"@type\":\"ListItem\",\"position\":1,\"name\":\"Portada\",\"item\":\"https:\/\/www.factorenergia.com\/ca\/\"},{\"@type\":\"ListItem\",\"position\":2,\"name\":\"Factorenergia participa a l\u2019EAML 2025 per impulsar el desenvolupament dels mercats lliures iberoamericans\"}]},{\"@type\":\"WebSite\",\"@id\":\"https:\/\/www.factorenergia.com\/es\/#website\",\"url\":\"https:\/\/www.factorenergia.com\/es\/\",\"name\":\"factorenergia\",\"description\":\"factorenergia\",\"potentialAction\":[{\"@type\":\"SearchAction\",\"target\":{\"@type\":\"EntryPoint\",\"urlTemplate\":\"https:\/\/www.factorenergia.com\/es\/?s={search_term_string}\"},\"query-input\":\"required name=search_term_string\"}],\"inLanguage\":\"ca\"},{\"@type\":\"Person\",\"@id\":\"https:\/\/www.factorenergia.com\/es\/#\/schema\/person\/0393cfddedf83f56c6fa67cd7f64b4f5\",\"name\":\"Equipo Transici\u00f3n Energ\u00e9tica Factorenergia\",\"image\":{\"@type\":\"ImageObject\",\"inLanguage\":\"ca\",\"@id\":\"https:\/\/www.factorenergia.com\/es\/#\/schema\/person\/image\/\",\"url\":\"https:\/\/secure.gravatar.com\/avatar\/80959538036dc57cad8f416d2d764870?s=96&d=mm&r=g\",\"contentUrl\":\"https:\/\/secure.gravatar.com\/avatar\/80959538036dc57cad8f416d2d764870?s=96&d=mm&r=g\",\"caption\":\"Equipo Transici\u00f3n Energ\u00e9tica Factorenergia\"},\"url\":\"https:\/\/www.factorenergia.com\/ca\/blog\/author\/pilar\/\"}]}<\/script>\n<!-- \/ Yoast SEO plugin. -->","yoast_head_json":{"title":"Factorenergia participa a l\u2019EAML 2025 per impulsar el desenvolupament dels mercats lliures iberoamericans | factorenergia","description":"Factorenergia participa a l\u2019EAML 2025 d\u2019Abraceel, aportant visi\u00f3 sobre l\u2019evoluci\u00f3 i el desenvolupament del mercat lliure d\u2019energia a Iberoam\u00e8rica.","robots":{"index":"index","follow":"follow","max-snippet":"max-snippet:-1","max-image-preview":"max-image-preview:large","max-video-preview":"max-video-preview:-1"},"canonical":"https:\/\/www.factorenergia.com\/ca\/blog\/esdeveniments\/factorenergia-participa-a-leaml-2025-per-impulsar-el-desenvolupament-dels-mercats-lliures-iberoamericans\/","twitter_card":"summary_large_image","twitter_title":"Factorenergia participa a l\u2019EAML 2025 per impulsar el desenvolupament dels mercats lliures iberoamericans | factorenergia","twitter_description":"Factorenergia participa a l\u2019EAML 2025 d\u2019Abraceel, aportant visi\u00f3 sobre l\u2019evoluci\u00f3 i el desenvolupament del mercat lliure d\u2019energia a Iberoam\u00e8rica.","twitter_creator":"@factorenergia","twitter_site":"@factorenergia","twitter_misc":{"Written by":"Equipo Transici\u00f3n Energ\u00e9tica Factorenergia","Est. reading time":"2 minutes"},"schema":{"@context":"https:\/\/schema.org","@graph":[{"@type":"WebPage","@id":"https:\/\/www.factorenergia.com\/ca\/blog\/esdeveniments\/factorenergia-participa-a-leaml-2025-per-impulsar-el-desenvolupament-dels-mercats-lliures-iberoamericans\/","url":"https:\/\/www.factorenergia.com\/ca\/blog\/esdeveniments\/factorenergia-participa-a-leaml-2025-per-impulsar-el-desenvolupament-dels-mercats-lliures-iberoamericans\/","name":"Factorenergia participa a l\u2019EAML 2025 per impulsar el desenvolupament dels mercats lliures iberoamericans | factorenergia","isPartOf":{"@id":"https:\/\/www.factorenergia.com\/es\/#website"},"datePublished":"2025-12-01T14:45:43+00:00","dateModified":"2025-12-01T14:45:43+00:00","author":{"@id":"https:\/\/www.factorenergia.com\/es\/#\/schema\/person\/0393cfddedf83f56c6fa67cd7f64b4f5"},"description":"Factorenergia participa a l\u2019EAML 2025 d\u2019Abraceel, aportant visi\u00f3 sobre l\u2019evoluci\u00f3 i el desenvolupament del mercat lliure d\u2019energia a Iberoam\u00e8rica.","breadcrumb":{"@id":"https:\/\/www.factorenergia.com\/ca\/blog\/esdeveniments\/factorenergia-participa-a-leaml-2025-per-impulsar-el-desenvolupament-dels-mercats-lliures-iberoamericans\/#breadcrumb"},"inLanguage":"ca","potentialAction":[{"@type":"ReadAction","target":["https:\/\/www.factorenergia.com\/ca\/blog\/esdeveniments\/factorenergia-participa-a-leaml-2025-per-impulsar-el-desenvolupament-dels-mercats-lliures-iberoamericans\/"]}]},{"@type":"BreadcrumbList","@id":"https:\/\/www.factorenergia.com\/ca\/blog\/esdeveniments\/factorenergia-participa-a-leaml-2025-per-impulsar-el-desenvolupament-dels-mercats-lliures-iberoamericans\/#breadcrumb","itemListElement":[{"@type":"ListItem","position":1,"name":"Portada","item":"https:\/\/www.factorenergia.com\/ca\/"},{"@type":"ListItem","position":2,"name":"Factorenergia participa a l\u2019EAML 2025 per impulsar el desenvolupament dels mercats lliures iberoamericans"}]},{"@type":"WebSite","@id":"https:\/\/www.factorenergia.com\/es\/#website","url":"https:\/\/www.factorenergia.com\/es\/","name":"factorenergia","description":"factorenergia","potentialAction":[{"@type":"SearchAction","target":{"@type":"EntryPoint","urlTemplate":"https:\/\/www.factorenergia.com\/es\/?s={search_term_string}"},"query-input":"required name=search_term_string"}],"inLanguage":"ca"},{"@type":"Person","@id":"https:\/\/www.factorenergia.com\/es\/#\/schema\/person\/0393cfddedf83f56c6fa67cd7f64b4f5","name":"Equipo Transici\u00f3n Energ\u00e9tica Factorenergia","image":{"@type":"ImageObject","inLanguage":"ca","@id":"https:\/\/www.factorenergia.com\/es\/#\/schema\/person\/image\/","url":"https:\/\/secure.gravatar.com\/avatar\/80959538036dc57cad8f416d2d764870?s=96&d=mm&r=g","contentUrl":"https:\/\/secure.gravatar.com\/avatar\/80959538036dc57cad8f416d2d764870?s=96&d=mm&r=g","caption":"Equipo Transici\u00f3n Energ\u00e9tica Factorenergia"},"url":"https:\/\/www.factorenergia.com\/ca\/blog\/author\/pilar\/"}]}},"_links":{"self":[{"href":"https:\/\/www.factorenergia.com\/ca\/wp-json\/wp\/v2\/posts\/30794"}],"collection":[{"href":"https:\/\/www.factorenergia.com\/ca\/wp-json\/wp\/v2\/posts"}],"about":[{"href":"https:\/\/www.factorenergia.com\/ca\/wp-json\/wp\/v2\/types\/post"}],"author":[{"embeddable":true,"href":"https:\/\/www.factorenergia.com\/ca\/wp-json\/wp\/v2\/users\/23"}],"replies":[{"embeddable":true,"href":"https:\/\/www.factorenergia.com\/ca\/wp-json\/wp\/v2\/comments?post=30794"}],"version-history":[{"count":1,"href":"https:\/\/www.factorenergia.com\/ca\/wp-json\/wp\/v2\/posts\/30794\/revisions"}],"predecessor-version":[{"id":30797,"href":"https:\/\/www.factorenergia.com\/ca\/wp-json\/wp\/v2\/posts\/30794\/revisions\/30797"}],"wp:attachment":[{"href":"https:\/\/www.factorenergia.com\/ca\/wp-json\/wp\/v2\/media?parent=30794"}],"wp:term":[{"taxonomy":"category","embeddable":true,"href":"https:\/\/www.factorenergia.com\/ca\/wp-json\/wp\/v2\/categories?post=30794"},{"taxonomy":"post_tag","embeddable":true,"href":"https:\/\/www.factorenergia.com\/ca\/wp-json\/wp\/v2\/tags?post=30794"}],"curies":[{"name":"wp","href":"https:\/\/api.w.org\/{rel}","templated":true}]}}