{"id":30562,"date":"2025-11-11T12:47:05","date_gmt":"2025-11-11T10:47:05","guid":{"rendered":"https:\/\/www.factorenergia.com\/ca\/?p=30562"},"modified":"2026-01-27T15:26:54","modified_gmt":"2026-01-27T13:26:54","slug":"el-teu-restaurant-no-pot-aturar-se-la-bateria-intel%c2%b7ligent-que-segueix-el-teu-ritme","status":"publish","type":"post","link":"https:\/\/www.factorenergia.com\/ca\/blog\/eficiencia-energetica\/el-teu-restaurant-no-pot-aturar-se-la-bateria-intel%c2%b7ligent-que-segueix-el-teu-ritme\/","title":{"rendered":"El teu restaurant no pot aturar-se: la bateria intel\u00b7ligent que segueix el teu ritme"},"content":{"rendered":"<p data-start=\"244\" data-end=\"511\">En un restaurant, <strong data-start=\"262\" data-end=\"283\">cada minut compta<\/strong>: les neveres han de mantenir-se fredes, la cuina ha d\u2019anar a ple rendiment i els clients han d\u2019estar satisfets. Per\u00f2, qu\u00e8 passa quan hi ha un <strong data-start=\"426\" data-end=\"453\">tall de subministrament<\/strong> o el <strong data-start=\"459\" data-end=\"508\">preu de la llum es dispara just en hora punta<\/strong>?<\/p>\n<p data-start=\"513\" data-end=\"780\">La resposta \u00e9s la nostra <strong data-start=\"538\" data-end=\"562\">bateria intel\u00b7ligent<\/strong>, una soluci\u00f3 dissenyada perqu\u00e8 el teu negoci <strong data-start=\"608\" data-end=\"626\">no s\u2019aturi mai<\/strong>. Amb ella, sempre tindr\u00e0s energia disponible i podr\u00e0s <strong data-start=\"681\" data-end=\"716\">estalviar cada dia sense esfor\u00e7<\/strong>, sense dependre de les tarifes ni dels imprevistos el\u00e8ctrics.<\/p>\n<p><iframe loading=\"lazy\" width=\"100%\" height=\"100%\" style=\"aspect-ratio:16\/9\" src=\"https:\/\/www.youtube.com\/embed\/o8QAIza_MCI?si=VZjZuUvBd8koR-uz\" title=\"YouTube video player\" frameborder=\"0\" allow=\"accelerometer; autoplay; clipboard-write; encrypted-media; gyroscope; picture-in-picture; web-share\" referrerpolicy=\"strict-origin-when-cross-origin\" allowfullscreen=\"allowfullscreen\"><\/iframe><\/p>\n<h2 data-start=\"513\" data-end=\"780\">Com funciona una bateria intel\u00b7ligent?<\/h2>\n<p data-start=\"830\" data-end=\"1103\">La nostra bateria intel\u00b7ligent <strong data-start=\"861\" data-end=\"913\">emmagatzema energia durant les hores m\u00e9s barates<\/strong> \u2014per exemple, durant les hores de sol o els per\u00edodes de menor demanda\u2014 i la fa servir autom\u00e0ticament <strong data-start=\"1015\" data-end=\"1041\">quan m\u00e9s la necessites<\/strong>, com en el torn de sopars o en els moments de m\u00e0xim consum.<\/p>\n<p data-start=\"1105\" data-end=\"1153\">\ud83d\udc49 <strong data-start=\"1108\" data-end=\"1151\">Aix\u00ed funciona el teu estalvi autom\u00e0tic:<\/strong><\/p>\n<ul data-start=\"1154\" data-end=\"1344\">\n<li data-start=\"1154\" data-end=\"1216\">\n<p data-start=\"1156\" data-end=\"1216\">Es <strong data-start=\"1159\" data-end=\"1175\">carrega sola<\/strong> durant les hores amb el preu m\u00e9s baix.<\/p>\n<\/li>\n<li data-start=\"1217\" data-end=\"1269\">\n<p data-start=\"1219\" data-end=\"1269\"><strong data-start=\"1219\" data-end=\"1239\">Allibera energia<\/strong> quan el cost el\u00e8ctric puja.<\/p>\n<\/li>\n<li data-start=\"1270\" data-end=\"1344\">\n<p data-start=\"1272\" data-end=\"1344\"><strong data-start=\"1272\" data-end=\"1299\">Redueix la teva factura<\/strong> i millora l\u2019efici\u00e8ncia del teu restaurant.<\/p>\n<\/li>\n<\/ul>\n<p><a href=\"https:\/\/www.factorenergia.com\/wp-content\/uploads\/2025\/11\/Carrega_bateries_fisiques.jpg\"><picture><source srcset=\"https:\/\/www.factorenergia.com\/wp-content\/webp-express\/webp-images\/uploads\/2025\/11\/Carrega_bateries_fisiques-1024x576.jpg.webp 1024w, https:\/\/www.factorenergia.com\/wp-content\/webp-express\/webp-images\/uploads\/2025\/11\/Carrega_bateries_fisiques-300x169.jpg.webp 300w, https:\/\/www.factorenergia.com\/wp-content\/webp-express\/webp-images\/uploads\/2025\/11\/Carrega_bateries_fisiques-768x432.jpg.webp 768w, https:\/\/www.factorenergia.com\/wp-content\/webp-express\/webp-images\/uploads\/2025\/11\/Carrega_bateries_fisiques-1536x864.jpg.webp 1536w, https:\/\/www.factorenergia.com\/wp-content\/webp-express\/webp-images\/uploads\/2025\/11\/Carrega_bateries_fisiques-2048x1152.jpg.webp 2048w, https:\/\/www.factorenergia.com\/wp-content\/webp-express\/webp-images\/uploads\/2025\/11\/Carrega_bateries_fisiques-306x172.jpg.webp 306w, https:\/\/www.factorenergia.com\/wp-content\/webp-express\/webp-images\/uploads\/2025\/11\/Carrega_bateries_fisiques-90x51.jpg.webp 90w, https:\/\/www.factorenergia.com\/wp-content\/webp-express\/webp-images\/uploads\/2025\/11\/Carrega_bateries_fisiques-170x96.jpg.webp 170w, https:\/\/www.factorenergia.com\/wp-content\/webp-express\/webp-images\/uploads\/2025\/11\/Carrega_bateries_fisiques-640x360.jpg.webp 640w, https:\/\/www.factorenergia.com\/wp-content\/webp-express\/webp-images\/uploads\/2025\/11\/Carrega_bateries_fisiques-500x281.jpg.webp 500w\" sizes=\"(max-width: 1024px) 100vw, 1024px\" type=\"image\/webp\"><img loading=\"lazy\" decoding=\"async\" src=\"https:\/\/www.factorenergia.com\/wp-content\/uploads\/2025\/11\/Carrega_bateries_fisiques-1024x576.jpg\" alt=\"\" width=\"1024\" height=\"576\" heigth=\"100%\" class=\"wp-image-30626 size-large webpexpress-processed\" srcset=\"https:\/\/www.factorenergia.com\/wp-content\/uploads\/2025\/11\/Carrega_bateries_fisiques-1024x576.jpg 1024w, https:\/\/www.factorenergia.com\/wp-content\/uploads\/2025\/11\/Carrega_bateries_fisiques-300x169.jpg 300w, https:\/\/www.factorenergia.com\/wp-content\/uploads\/2025\/11\/Carrega_bateries_fisiques-768x432.jpg 768w, https:\/\/www.factorenergia.com\/wp-content\/uploads\/2025\/11\/Carrega_bateries_fisiques-1536x864.jpg 1536w, https:\/\/www.factorenergia.com\/wp-content\/uploads\/2025\/11\/Carrega_bateries_fisiques-2048x1152.jpg 2048w, https:\/\/www.factorenergia.com\/wp-content\/uploads\/2025\/11\/Carrega_bateries_fisiques-306x172.jpg 306w, https:\/\/www.factorenergia.com\/wp-content\/uploads\/2025\/11\/Carrega_bateries_fisiques-90x51.jpg 90w, https:\/\/www.factorenergia.com\/wp-content\/uploads\/2025\/11\/Carrega_bateries_fisiques-170x96.jpg 170w, https:\/\/www.factorenergia.com\/wp-content\/uploads\/2025\/11\/Carrega_bateries_fisiques-640x360.jpg 640w, https:\/\/www.factorenergia.com\/wp-content\/uploads\/2025\/11\/Carrega_bateries_fisiques-500x281.jpg 500w\" sizes=\"(max-width: 1024px) 100vw, 1024px\"><\/picture><\/a><\/p>\n<p data-start=\"260\" data-end=\"334\">En altres paraules, la bateria estalvia per tu. Tu nom\u00e9s continua cuinant.<\/p>\n<p>Durant les hores m\u00e9s cares del dia, el teu restaurant aprofita l\u2019energia acumulada a la bateria intel\u00b7ligent per reduir el cost energ\u00e8tic i mantenir el ritme sense interrupcions.<\/p>\n<h3 data-start=\"336\" data-end=\"390\">Instal\u00b7laci\u00f3 r\u00e0pida, sense obres ni plaques solars<\/h3>\n<p data-start=\"392\" data-end=\"516\">Sabem que el teu restaurant no pot aturar-se. Per aix\u00f2, la instal\u00b7laci\u00f3 de la bateria \u00e9s r\u00e0pida, neta i sense interrupcions.<\/p>\n<p data-start=\"518\" data-end=\"729\">\u2705 Instal\u00b7laci\u00f3 en 1 dia.<br data-start=\"542\" data-end=\"545\" \/>\u2705 Sense necessitat d\u2019instal\u00b7laci\u00f3 solar ni grans obres.<br data-start=\"600\" data-end=\"603\" \/>\u2705 Tot incl\u00f2s: estudi energ\u00e8tic, instal\u00b7laci\u00f3 i manteniment.<br data-start=\"662\" data-end=\"665\" \/>\u2705 Te la deixem tota configurada i funcionant des del primer dia.<\/p>\n<p data-start=\"731\" data-end=\"809\">Tu continues atenent els teus clients; nosaltres ens encarreguem de l\u2019energia.<\/p>\n<h3 data-start=\"811\" data-end=\"861\">Estalvia m\u00e9s i guanya independ\u00e8ncia energ\u00e8tica<\/h3>\n<p data-start=\"863\" data-end=\"1006\">La nostra bateria intel\u00b7ligent \u00e9s la soluci\u00f3 definitiva per aconseguir l\u2019estalvi i la independ\u00e8ncia energ\u00e8tica que el teu restaurant necessita.<\/p>\n<p data-start=\"1008\" data-end=\"1027\">\ud83d\udd0b Amb ella obtens:<\/p>\n<ul data-start=\"1029\" data-end=\"1190\">\n<li data-start=\"1029\" data-end=\"1099\">\n<p data-start=\"1031\" data-end=\"1099\">Energia sempre disponible, fins i tot en talls de subministrament.<\/p>\n<\/li>\n<li data-start=\"1100\" data-end=\"1149\">\n<p data-start=\"1102\" data-end=\"1149\">Factures m\u00e9s baixes gr\u00e0cies a un \u00fas eficient.<\/p>\n<\/li>\n<li data-start=\"1150\" data-end=\"1190\">\n<p data-start=\"1152\" data-end=\"1190\">Menor depend\u00e8ncia del mercat el\u00e8ctric.<\/p>\n<\/li>\n<\/ul>\n<p data-start=\"1192\" data-end=\"1273\">Fes que el teu restaurant sigui m\u00e9s eficient, sostenible i preparat per al futur.<\/p>\n<h3 data-start=\"1275\" data-end=\"1315\">Sol\u00b7licita la teva proposta gratu\u00efta<\/h3>\n<p data-start=\"1317\" data-end=\"1473\">En menys de 48 hores rebr\u00e0s una proposta personalitzada, sense comprom\u00eds, per saber quant pots estalviar i com optimitzar el consum energ\u00e8tic del teu local.<\/p>\n<p data-start=\"1475\" data-end=\"1563\">\u2728 El teu restaurant no pot parar.<br data-start=\"1508\" data-end=\"1511\" \/>La nostra bateria intel\u00b7ligent segueix el teu ritme.<\/p>\n<p data-start=\"1565\" data-end=\"1609\" data-is-last-node=\"\" data-is-only-node=\"\">\ud83d\udc49 <strong data-start=\"1568\" data-end=\"1609\" data-is-last-node=\"\">Sol\u00b7licita la teva proposta gratu\u00efta.<\/strong><\/p>\n<p>&nbsp;<\/p>\n<p>&nbsp;<\/p>\n<p>&nbsp;<\/p>\n<p>&nbsp;<\/p>\n<p>&nbsp;<\/p>\n<p>&nbsp;<\/p>\n<p>&nbsp;<\/p>\n","protected":false},"excerpt":{"rendered":"<p>En un restaurant, cada minut compta: les neveres han de mantenir-se fredes, la cuina ha d\u2019anar a ple rendiment i els clients han d\u2019estar satisfets. Per\u00f2, qu\u00e8 passa quan hi ha un tall de subministrament o el preu de la llum es dispara just en hora punta? La resposta \u00e9s la nostra bateria intel\u00b7ligent, una [&hellip;]<\/p>\n","protected":false},"author":23,"featured_media":0,"comment_status":"open","ping_status":"open","sticky":false,"template":"","format":"standard","meta":{"inline_featured_image":false,"footnotes":""},"categories":[56],"tags":[],"acf":{"fecha_de_la_entrada":"20251111","imagen_portada":30565,"categoria_blog":null,"tipo_de_distribuidora":null,"tiempo_lectura":"","banner_bool":false,"titulo_banner":"","texto_banner":"","texto_boton_banner":"","url_boton_banner":"","post_relacionados":""},"yoast_head":"<!-- This site is optimized with the Yoast SEO plugin v22.2 - https:\/\/yoast.com\/wordpress\/plugins\/seo\/ -->\n<title>El teu restaurant no pot aturar-se: la bateria intel\u00b7ligent que segueix el teu ritme | factorenergia<\/title>\n<meta name=\"description\" content=\"El teu restaurant no pot aturar-se. Descobreix la bateria intel\u00b7ligent que et garanteix energia constant, estalvi i autonomia, fins i tot en hores punta.\" \/>\n<meta name=\"robots\" content=\"index, follow, max-snippet:-1, max-image-preview:large, max-video-preview:-1\" \/>\n<link rel=\"canonical\" href=\"https:\/\/www.factorenergia.com\/ca\/blog\/eficiencia-energetica\/el-teu-restaurant-no-pot-aturar-se-la-bateria-intel\u00b7ligent-que-segueix-el-teu-ritme\/\" \/>\n<meta name=\"twitter:card\" content=\"summary_large_image\" \/>\n<meta name=\"twitter:title\" content=\"El teu restaurant no pot aturar-se: la bateria intel\u00b7ligent que segueix el teu ritme | factorenergia\" \/>\n<meta name=\"twitter:description\" content=\"El teu restaurant no pot aturar-se. Descobreix la bateria intel\u00b7ligent que et garanteix energia constant, estalvi i autonomia, fins i tot en hores punta.\" \/>\n<meta name=\"twitter:image\" content=\"https:\/\/www.factorenergia.com\/wp-content\/uploads\/2025\/11\/Carrega_bateries_fisiques-1024x576.jpg\" \/>\n<meta name=\"twitter:creator\" content=\"@factorenergia\" \/>\n<meta name=\"twitter:site\" content=\"@factorenergia\" \/>\n<meta name=\"twitter:label1\" content=\"Written by\" \/>\n\t<meta name=\"twitter:data1\" content=\"Equipo Transici\u00f3n Energ\u00e9tica Factorenergia\" \/>\n\t<meta name=\"twitter:label2\" content=\"Est. reading time\" \/>\n\t<meta name=\"twitter:data2\" content=\"3 minutes\" \/>\n<script type=\"application\/ld+json\" class=\"yoast-schema-graph\">{\"@context\":\"https:\/\/schema.org\",\"@graph\":[{\"@type\":\"WebPage\",\"@id\":\"https:\/\/www.factorenergia.com\/ca\/blog\/eficiencia-energetica\/el-teu-restaurant-no-pot-aturar-se-la-bateria-intel%c2%b7ligent-que-segueix-el-teu-ritme\/\",\"url\":\"https:\/\/www.factorenergia.com\/ca\/blog\/eficiencia-energetica\/el-teu-restaurant-no-pot-aturar-se-la-bateria-intel%c2%b7ligent-que-segueix-el-teu-ritme\/\",\"name\":\"El teu restaurant no pot aturar-se: la bateria intel\u00b7ligent que segueix el teu ritme | factorenergia\",\"isPartOf\":{\"@id\":\"https:\/\/www.factorenergia.com\/es\/#website\"},\"primaryImageOfPage\":{\"@id\":\"https:\/\/www.factorenergia.com\/ca\/blog\/eficiencia-energetica\/el-teu-restaurant-no-pot-aturar-se-la-bateria-intel%c2%b7ligent-que-segueix-el-teu-ritme\/#primaryimage\"},\"image\":{\"@id\":\"https:\/\/www.factorenergia.com\/ca\/blog\/eficiencia-energetica\/el-teu-restaurant-no-pot-aturar-se-la-bateria-intel%c2%b7ligent-que-segueix-el-teu-ritme\/#primaryimage\"},\"thumbnailUrl\":\"https:\/\/www.factorenergia.com\/wp-content\/uploads\/2025\/11\/Carrega_bateries_fisiques-1024x576.jpg\",\"datePublished\":\"2025-11-11T10:47:05+00:00\",\"dateModified\":\"2026-01-27T13:26:54+00:00\",\"author\":{\"@id\":\"https:\/\/www.factorenergia.com\/es\/#\/schema\/person\/0393cfddedf83f56c6fa67cd7f64b4f5\"},\"description\":\"El teu restaurant no pot aturar-se. Descobreix la bateria intel\u00b7ligent que et garanteix energia constant, estalvi i autonomia, fins i tot en hores punta.\",\"breadcrumb\":{\"@id\":\"https:\/\/www.factorenergia.com\/ca\/blog\/eficiencia-energetica\/el-teu-restaurant-no-pot-aturar-se-la-bateria-intel%c2%b7ligent-que-segueix-el-teu-ritme\/#breadcrumb\"},\"inLanguage\":\"ca\",\"potentialAction\":[{\"@type\":\"ReadAction\",\"target\":[\"https:\/\/www.factorenergia.com\/ca\/blog\/eficiencia-energetica\/el-teu-restaurant-no-pot-aturar-se-la-bateria-intel%c2%b7ligent-que-segueix-el-teu-ritme\/\"]}]},{\"@type\":\"ImageObject\",\"inLanguage\":\"ca\",\"@id\":\"https:\/\/www.factorenergia.com\/ca\/blog\/eficiencia-energetica\/el-teu-restaurant-no-pot-aturar-se-la-bateria-intel%c2%b7ligent-que-segueix-el-teu-ritme\/#primaryimage\",\"url\":\"https:\/\/www.factorenergia.com\/wp-content\/uploads\/2025\/11\/Carrega_bateries_fisiques-1024x576.jpg\",\"contentUrl\":\"https:\/\/www.factorenergia.com\/wp-content\/uploads\/2025\/11\/Carrega_bateries_fisiques-1024x576.jpg\"},{\"@type\":\"BreadcrumbList\",\"@id\":\"https:\/\/www.factorenergia.com\/ca\/blog\/eficiencia-energetica\/el-teu-restaurant-no-pot-aturar-se-la-bateria-intel%c2%b7ligent-que-segueix-el-teu-ritme\/#breadcrumb\",\"itemListElement\":[{\"@type\":\"ListItem\",\"position\":1,\"name\":\"Portada\",\"item\":\"https:\/\/www.factorenergia.com\/ca\/\"},{\"@type\":\"ListItem\",\"position\":2,\"name\":\"El teu restaurant no pot aturar-se: la bateria intel\u00b7ligent que segueix el teu ritme\"}]},{\"@type\":\"WebSite\",\"@id\":\"https:\/\/www.factorenergia.com\/es\/#website\",\"url\":\"https:\/\/www.factorenergia.com\/es\/\",\"name\":\"factorenergia\",\"description\":\"factorenergia\",\"potentialAction\":[{\"@type\":\"SearchAction\",\"target\":{\"@type\":\"EntryPoint\",\"urlTemplate\":\"https:\/\/www.factorenergia.com\/es\/?s={search_term_string}\"},\"query-input\":\"required name=search_term_string\"}],\"inLanguage\":\"ca\"},{\"@type\":\"Person\",\"@id\":\"https:\/\/www.factorenergia.com\/es\/#\/schema\/person\/0393cfddedf83f56c6fa67cd7f64b4f5\",\"name\":\"Equipo Transici\u00f3n Energ\u00e9tica Factorenergia\",\"image\":{\"@type\":\"ImageObject\",\"inLanguage\":\"ca\",\"@id\":\"https:\/\/www.factorenergia.com\/es\/#\/schema\/person\/image\/\",\"url\":\"https:\/\/secure.gravatar.com\/avatar\/80959538036dc57cad8f416d2d764870?s=96&d=mm&r=g\",\"contentUrl\":\"https:\/\/secure.gravatar.com\/avatar\/80959538036dc57cad8f416d2d764870?s=96&d=mm&r=g\",\"caption\":\"Equipo Transici\u00f3n Energ\u00e9tica Factorenergia\"},\"url\":\"https:\/\/www.factorenergia.com\/ca\/blog\/author\/pilar\/\"}]}<\/script>\n<!-- \/ Yoast SEO plugin. -->","yoast_head_json":{"title":"El teu restaurant no pot aturar-se: la bateria intel\u00b7ligent que segueix el teu ritme | factorenergia","description":"El teu restaurant no pot aturar-se. Descobreix la bateria intel\u00b7ligent que et garanteix energia constant, estalvi i autonomia, fins i tot en hores punta.","robots":{"index":"index","follow":"follow","max-snippet":"max-snippet:-1","max-image-preview":"max-image-preview:large","max-video-preview":"max-video-preview:-1"},"canonical":"https:\/\/www.factorenergia.com\/ca\/blog\/eficiencia-energetica\/el-teu-restaurant-no-pot-aturar-se-la-bateria-intel\u00b7ligent-que-segueix-el-teu-ritme\/","twitter_card":"summary_large_image","twitter_title":"El teu restaurant no pot aturar-se: la bateria intel\u00b7ligent que segueix el teu ritme | factorenergia","twitter_description":"El teu restaurant no pot aturar-se. Descobreix la bateria intel\u00b7ligent que et garanteix energia constant, estalvi i autonomia, fins i tot en hores punta.","twitter_image":"https:\/\/www.factorenergia.com\/wp-content\/uploads\/2025\/11\/Carrega_bateries_fisiques-1024x576.jpg","twitter_creator":"@factorenergia","twitter_site":"@factorenergia","twitter_misc":{"Written by":"Equipo Transici\u00f3n Energ\u00e9tica Factorenergia","Est. reading time":"3 minutes"},"schema":{"@context":"https:\/\/schema.org","@graph":[{"@type":"WebPage","@id":"https:\/\/www.factorenergia.com\/ca\/blog\/eficiencia-energetica\/el-teu-restaurant-no-pot-aturar-se-la-bateria-intel%c2%b7ligent-que-segueix-el-teu-ritme\/","url":"https:\/\/www.factorenergia.com\/ca\/blog\/eficiencia-energetica\/el-teu-restaurant-no-pot-aturar-se-la-bateria-intel%c2%b7ligent-que-segueix-el-teu-ritme\/","name":"El teu restaurant no pot aturar-se: la bateria intel\u00b7ligent que segueix el teu ritme | factorenergia","isPartOf":{"@id":"https:\/\/www.factorenergia.com\/es\/#website"},"primaryImageOfPage":{"@id":"https:\/\/www.factorenergia.com\/ca\/blog\/eficiencia-energetica\/el-teu-restaurant-no-pot-aturar-se-la-bateria-intel%c2%b7ligent-que-segueix-el-teu-ritme\/#primaryimage"},"image":{"@id":"https:\/\/www.factorenergia.com\/ca\/blog\/eficiencia-energetica\/el-teu-restaurant-no-pot-aturar-se-la-bateria-intel%c2%b7ligent-que-segueix-el-teu-ritme\/#primaryimage"},"thumbnailUrl":"https:\/\/www.factorenergia.com\/wp-content\/uploads\/2025\/11\/Carrega_bateries_fisiques-1024x576.jpg","datePublished":"2025-11-11T10:47:05+00:00","dateModified":"2026-01-27T13:26:54+00:00","author":{"@id":"https:\/\/www.factorenergia.com\/es\/#\/schema\/person\/0393cfddedf83f56c6fa67cd7f64b4f5"},"description":"El teu restaurant no pot aturar-se. Descobreix la bateria intel\u00b7ligent que et garanteix energia constant, estalvi i autonomia, fins i tot en hores punta.","breadcrumb":{"@id":"https:\/\/www.factorenergia.com\/ca\/blog\/eficiencia-energetica\/el-teu-restaurant-no-pot-aturar-se-la-bateria-intel%c2%b7ligent-que-segueix-el-teu-ritme\/#breadcrumb"},"inLanguage":"ca","potentialAction":[{"@type":"ReadAction","target":["https:\/\/www.factorenergia.com\/ca\/blog\/eficiencia-energetica\/el-teu-restaurant-no-pot-aturar-se-la-bateria-intel%c2%b7ligent-que-segueix-el-teu-ritme\/"]}]},{"@type":"ImageObject","inLanguage":"ca","@id":"https:\/\/www.factorenergia.com\/ca\/blog\/eficiencia-energetica\/el-teu-restaurant-no-pot-aturar-se-la-bateria-intel%c2%b7ligent-que-segueix-el-teu-ritme\/#primaryimage","url":"https:\/\/www.factorenergia.com\/wp-content\/uploads\/2025\/11\/Carrega_bateries_fisiques-1024x576.jpg","contentUrl":"https:\/\/www.factorenergia.com\/wp-content\/uploads\/2025\/11\/Carrega_bateries_fisiques-1024x576.jpg"},{"@type":"BreadcrumbList","@id":"https:\/\/www.factorenergia.com\/ca\/blog\/eficiencia-energetica\/el-teu-restaurant-no-pot-aturar-se-la-bateria-intel%c2%b7ligent-que-segueix-el-teu-ritme\/#breadcrumb","itemListElement":[{"@type":"ListItem","position":1,"name":"Portada","item":"https:\/\/www.factorenergia.com\/ca\/"},{"@type":"ListItem","position":2,"name":"El teu restaurant no pot aturar-se: la bateria intel\u00b7ligent que segueix el teu ritme"}]},{"@type":"WebSite","@id":"https:\/\/www.factorenergia.com\/es\/#website","url":"https:\/\/www.factorenergia.com\/es\/","name":"factorenergia","description":"factorenergia","potentialAction":[{"@type":"SearchAction","target":{"@type":"EntryPoint","urlTemplate":"https:\/\/www.factorenergia.com\/es\/?s={search_term_string}"},"query-input":"required name=search_term_string"}],"inLanguage":"ca"},{"@type":"Person","@id":"https:\/\/www.factorenergia.com\/es\/#\/schema\/person\/0393cfddedf83f56c6fa67cd7f64b4f5","name":"Equipo Transici\u00f3n Energ\u00e9tica Factorenergia","image":{"@type":"ImageObject","inLanguage":"ca","@id":"https:\/\/www.factorenergia.com\/es\/#\/schema\/person\/image\/","url":"https:\/\/secure.gravatar.com\/avatar\/80959538036dc57cad8f416d2d764870?s=96&d=mm&r=g","contentUrl":"https:\/\/secure.gravatar.com\/avatar\/80959538036dc57cad8f416d2d764870?s=96&d=mm&r=g","caption":"Equipo Transici\u00f3n Energ\u00e9tica Factorenergia"},"url":"https:\/\/www.factorenergia.com\/ca\/blog\/author\/pilar\/"}]}},"_links":{"self":[{"href":"https:\/\/www.factorenergia.com\/ca\/wp-json\/wp\/v2\/posts\/30562"}],"collection":[{"href":"https:\/\/www.factorenergia.com\/ca\/wp-json\/wp\/v2\/posts"}],"about":[{"href":"https:\/\/www.factorenergia.com\/ca\/wp-json\/wp\/v2\/types\/post"}],"author":[{"embeddable":true,"href":"https:\/\/www.factorenergia.com\/ca\/wp-json\/wp\/v2\/users\/23"}],"replies":[{"embeddable":true,"href":"https:\/\/www.factorenergia.com\/ca\/wp-json\/wp\/v2\/comments?post=30562"}],"version-history":[{"count":23,"href":"https:\/\/www.factorenergia.com\/ca\/wp-json\/wp\/v2\/posts\/30562\/revisions"}],"predecessor-version":[{"id":30961,"href":"https:\/\/www.factorenergia.com\/ca\/wp-json\/wp\/v2\/posts\/30562\/revisions\/30961"}],"wp:attachment":[{"href":"https:\/\/www.factorenergia.com\/ca\/wp-json\/wp\/v2\/media?parent=30562"}],"wp:term":[{"taxonomy":"category","embeddable":true,"href":"https:\/\/www.factorenergia.com\/ca\/wp-json\/wp\/v2\/categories?post=30562"},{"taxonomy":"post_tag","embeddable":true,"href":"https:\/\/www.factorenergia.com\/ca\/wp-json\/wp\/v2\/tags?post=30562"}],"curies":[{"name":"wp","href":"https:\/\/api.w.org\/{rel}","templated":true}]}}