{"id":30529,"date":"2025-11-07T13:17:01","date_gmt":"2025-11-07T11:17:01","guid":{"rendered":"https:\/\/www.factorenergia.com\/ca\/?p=30529"},"modified":"2026-01-27T16:07:14","modified_gmt":"2026-01-27T14:07:14","slug":"un-pas-mes-cap-a-leficiencia-factorenergia-participa-en-la-iniciativa-del-ceec-sobre-els-cae","status":"publish","type":"post","link":"https:\/\/www.factorenergia.com\/ca\/blog\/eficiencia-energetica\/un-pas-mes-cap-a-leficiencia-factorenergia-participa-en-la-iniciativa-del-ceec-sobre-els-cae\/","title":{"rendered":"Un pas m\u00e9s cap a l\u2019efici\u00e8ncia: Factorenergia participa en la iniciativa del CEEC sobre els CAE"},"content":{"rendered":"<h2 data-start=\"167\" data-end=\"220\"><strong data-start=\"170\" data-end=\"220\">Impulsant l\u2019efici\u00e8ncia des de la col\u00b7laboraci\u00f3<\/strong><\/h2>\n<p data-start=\"222\" data-end=\"598\">A <strong data-start=\"224\" data-end=\"241\">Factorenergia<\/strong> creiem que el futur energ\u00e8tic es construeix a partir de la cooperaci\u00f3 i el coneixement compartit. Per aix\u00f2, vam obrir les portes de les nostres oficines al <strong data-start=\"398\" data-end=\"451\">Cl\u00faster de l\u2019Energia Eficient de Catalunya (CEEC)<\/strong>, en el marc de la seva iniciativa per donar visibilitat al paper de les empreses dins el sistema dels <strong data-start=\"554\" data-end=\"595\">Certificats d\u2019Estalvi Energ\u00e8tic (CAE)<\/strong>.<\/p>\n<p data-start=\"600\" data-end=\"873\">Aquestes visites impulsades pel CEEC tenen com a objectiu apropar la realitat de l\u2019efici\u00e8ncia energ\u00e8tica a trav\u00e9s de l\u2019experi\u00e8ncia de diferents entitats del sector, fomentant l\u2019intercanvi de coneixement i la col\u00b7laboraci\u00f3 entre empreses compromeses amb la sostenibilitat.<\/p>\n<h2 data-start=\"880\" data-end=\"949\"><strong data-start=\"883\" data-end=\"949\">Factorenergia, m\u00e9s de 25 anys liderant la transici\u00f3 energ\u00e8tica<\/strong><\/h2>\n<p data-start=\"951\" data-end=\"1243\">Des de fa 26 anys, <strong data-start=\"970\" data-end=\"987\">Factorenergia<\/strong> treballa per oferir solucions energ\u00e8tiques sostenibles a llars i empreses. Vam ser pioners en el subministrament d\u2019<strong data-start=\"1103\" data-end=\"1125\">energia 100% verda<\/strong> i avui continuem apostant per la innovaci\u00f3 tecnol\u00f2gica i l\u2019efici\u00e8ncia com a eixos centrals de la nostra estrat\u00e8gia.<\/p>\n<p data-start=\"1245\" data-end=\"1516\">Al v\u00eddeo realitzat pel CEEC, <strong data-start=\"1274\" data-end=\"1294\">Antoni Franquesa<\/strong>, Director de Transici\u00f3 Energ\u00e8tica de Factorenergia, explica com els <strong data-start=\"1363\" data-end=\"1370\">CAE<\/strong> s\u2019estan convertint en una eina essencial per reduir el consum energ\u00e8tic i fomentar l\u2019estalvi, sense comprometre el confort ni la productivitat.<\/p>\n<blockquote data-start=\"1518\" data-end=\"1640\">\n<p data-start=\"1520\" data-end=\"1640\">\u201cEl principal benefici dels CAE \u00e9s l\u2019estalvi: consumir menys energia de manera m\u00e9s intel\u00b7ligent\u201d, assenyala Franquesa.<\/p>\n<\/blockquote>\n<h2 data-start=\"1647\" data-end=\"1712\"><strong data-start=\"1650\" data-end=\"1712\">El projecte de Madrid: innovaci\u00f3 al servei de l\u2019efici\u00e8ncia<\/strong><\/h2>\n<p data-start=\"1714\" data-end=\"1929\">Un dels casos destacats que presenta Factorenergia al v\u00eddeo del CEEC \u00e9s el <strong data-start=\"1789\" data-end=\"1836\">projecte d\u2019un edifici d\u2019habitatges a Madrid<\/strong>, dissenyat espec\u00edficament per <strong data-start=\"1867\" data-end=\"1926\">minimitzar les p\u00e8rdues energ\u00e8tiques en parets i sostres<\/strong>.<\/p>\n<p data-start=\"1931\" data-end=\"2119\">Aquest projecte exemplifica com els <strong data-start=\"1967\" data-end=\"2002\">Certificats d\u2019Estalvi Energ\u00e8tic<\/strong> poden aplicar-se en l\u2019\u00e0mbit residencial per millorar l\u2019efici\u00e8ncia dels edificis i reduir-ne la petjada energ\u00e8tica.<\/p>\n<p>&nbsp;<br \/>\n<iframe loading=\"lazy\" width=\"100%\" height=\"100%\" style=\"aspect-ratio: 16\/9;\" src=\"https:\/\/www.youtube.com\/embed\/xe-y4waSVtQ?si=CnkihsQbrl_tLuNm\" title=\"YouTube video player\" frameborder=\"0\" allow=\"accelerometer; autoplay; clipboard-write; encrypted-media; gyroscope; picture-in-picture; web-share\" referrerpolicy=\"strict-origin-when-cross-origin\" allowfullscreen=\"allowfullscreen\"><\/iframe><br \/>\n&nbsp;<\/p>\n<h3 data-start=\"2121\" data-end=\"2151\"><strong data-start=\"2125\" data-end=\"2151\">Beneficis del projecte<\/strong><\/h3>\n<ul data-start=\"2152\" data-end=\"2340\">\n<li data-start=\"2152\" data-end=\"2201\">\n<p data-start=\"2154\" data-end=\"2201\">M\u00e9s confort t\u00e8rmic amb menys consum el\u00e8ctric.<\/p>\n<\/li>\n<li data-start=\"2202\" data-end=\"2272\">\n<p data-start=\"2204\" data-end=\"2272\">Reducci\u00f3 de les p\u00e8rdues energ\u00e8tiques en l\u2019envolupant de l\u2019edifici.<\/p>\n<\/li>\n<li data-start=\"2273\" data-end=\"2340\">\n<p data-start=\"2275\" data-end=\"2340\">Aplicaci\u00f3 pr\u00e0ctica del sistema de CAE en el sector residencial.<\/p>\n<\/li>\n<\/ul>\n<p data-start=\"2342\" data-end=\"2568\">Gr\u00e0cies a la implementaci\u00f3 de mesures d\u2019a\u00efllament t\u00e8rmic i optimitzaci\u00f3 de l\u2019envolupant, s\u2019aconsegueix un <strong data-start=\"2448\" data-end=\"2485\">major confort amb un consum menor<\/strong>, demostrant que l\u2019efici\u00e8ncia no \u00e9s nom\u00e9s t\u00e8cnica, sin\u00f3 tamb\u00e9 econ\u00f2mica i social.<\/p>\n<h2 data-start=\"2575\" data-end=\"2632\"><strong data-start=\"2578\" data-end=\"2632\">Qu\u00e8 s\u00f3n els Certificats d\u2019Estalvi Energ\u00e8tic (CAE)?<\/strong><\/h2>\n<p data-start=\"2634\" data-end=\"2840\">Els <strong data-start=\"2638\" data-end=\"2645\">CAE<\/strong> s\u00f3n un instrument regulat que permet <strong data-start=\"2683\" data-end=\"2724\">acreditar l\u2019estalvi energ\u00e8tic assolit<\/strong> despr\u00e9s d\u2019implementar mesures d\u2019efici\u00e8ncia, tant en instal\u00b7lacions industrials com en edificis o serveis p\u00fablics.<\/p>\n<p data-start=\"2842\" data-end=\"3078\">Cada certificat representa una quantitat concreta d\u2019energia estalviada, mesurada en quilowatts hora (kWh), i pot ser utilitzada per empreses obligades o delegades per complir amb els objectius d\u2019estalvi establerts per l\u2019administraci\u00f3.<\/p>\n<h3 data-start=\"3080\" data-end=\"3109\"><strong data-start=\"3084\" data-end=\"3109\">Com funcionen els CAE<\/strong><\/h3>\n<ol data-start=\"3110\" data-end=\"3386\">\n<li data-start=\"3110\" data-end=\"3165\">\n<p data-start=\"3113\" data-end=\"3165\">Es duu a terme una mesura d\u2019efici\u00e8ncia energ\u00e8tica.<\/p>\n<\/li>\n<li data-start=\"3166\" data-end=\"3217\">\n<p data-start=\"3169\" data-end=\"3217\">Es verifica i quantifica l\u2019estalvi aconseguit.<\/p>\n<\/li>\n<li data-start=\"3218\" data-end=\"3279\">\n<p data-start=\"3221\" data-end=\"3279\">S\u2019acredita oficialment aquest estalvi mitjan\u00e7ant un CAE.<\/p>\n<\/li>\n<li data-start=\"3280\" data-end=\"3386\">\n<p data-start=\"3283\" data-end=\"3386\">Les empreses poden utilitzar o intercanviar aquests certificats per complir els objectius energ\u00e8tics.<\/p>\n<\/li>\n<\/ol>\n<p data-start=\"3388\" data-end=\"3567\">Aquest sistema, impulsat pel <strong data-start=\"3417\" data-end=\"3427\">MITECO<\/strong> i gestionat per organismes com l\u2019<strong data-start=\"3461\" data-end=\"3470\">ICAEN<\/strong> a Catalunya, fomenta que cada vegada m\u00e9s empreses apostin per projectes de millora energ\u00e8tica.<\/p>\n<h2 data-start=\"3574\" data-end=\"3629\"><strong data-start=\"3577\" data-end=\"3629\">El paper del CEEC: connectar coneixement i acci\u00f3<\/strong><\/h2>\n<p data-start=\"3631\" data-end=\"3861\">El <strong data-start=\"3634\" data-end=\"3687\">Cl\u00faster de l\u2019Energia Eficient de Catalunya (CEEC)<\/strong> \u00e9s una entitat sense \u00e0nim de lucre que agrupa empreses, centres de recerca, administracions i organitzacions que treballen per l\u2019efici\u00e8ncia i la sostenibilitat energ\u00e8tica.<\/p>\n<h3 data-start=\"3863\" data-end=\"3885\"><strong data-start=\"3867\" data-end=\"3885\">La seva missi\u00f3<\/strong><\/h3>\n<ul data-start=\"3886\" data-end=\"4066\">\n<li data-start=\"3886\" data-end=\"3942\">\n<p data-start=\"3888\" data-end=\"3942\">Impulsar la col\u00b7laboraci\u00f3 entre empreses i entitats.<\/p>\n<\/li>\n<li data-start=\"3943\" data-end=\"4006\">\n<p data-start=\"3945\" data-end=\"4006\">Promoure la innovaci\u00f3 tecnol\u00f2gica en efici\u00e8ncia energ\u00e8tica.<\/p>\n<\/li>\n<li data-start=\"4007\" data-end=\"4066\">\n<p data-start=\"4009\" data-end=\"4066\">Afavorir l\u2019aplicaci\u00f3 pr\u00e0ctica de solucions sostenibles.<\/p>\n<\/li>\n<\/ul>\n<p data-start=\"4068\" data-end=\"4296\">Amb iniciatives com aquesta s\u00e8rie de v\u00eddeos, el CEEC refor\u00e7a el seu paper com a punt de trobada entre empreses que comparteixen un prop\u00f2sit com\u00fa: <strong data-start=\"4214\" data-end=\"4293\">accelerar la transici\u00f3 cap a un model energ\u00e8tic m\u00e9s intel\u00b7ligent i eficient<\/strong>.<\/p>\n<h2 data-start=\"4303\" data-end=\"4381\"><strong data-start=\"4306\" data-end=\"4381\">Comunitats solars: el seg\u00fcent pas cap a la democratitzaci\u00f3 de l\u2019energia<\/strong><\/h2>\n<p data-start=\"4383\" data-end=\"4584\">A m\u00e9s dels CAE, a Factorenergia impulsem un altre model d\u2019efici\u00e8ncia i estalvi: les <strong data-start=\"4467\" data-end=\"4488\">comunitats solars<\/strong>, que permeten accedir a energia renovable sense necessitat d\u2019instal\u00b7lar plaques en propietat.<\/p>\n<p data-start=\"4586\" data-end=\"4745\">Aquest model col\u00b7laboratiu reflecteix la visi\u00f3 que defensem des de Factorenergia: <strong data-start=\"4668\" data-end=\"4743\">fer que l\u2019energia verda sigui accessible, eficient i \u00fatil per a tothom.<\/strong><\/p>\n<h2 data-start=\"4752\" data-end=\"4807\"><strong data-start=\"4755\" data-end=\"4807\">Conclusi\u00f3: un comprom\u00eds que es tradueix en acci\u00f3<\/strong><\/h2>\n<p data-start=\"4809\" data-end=\"4975\">La participaci\u00f3 de <strong data-start=\"4828\" data-end=\"4845\">Factorenergia<\/strong> en la iniciativa del <strong data-start=\"4867\" data-end=\"4875\">CEEC<\/strong> demostra que la sostenibilitat i l\u2019efici\u00e8ncia no s\u00f3n nom\u00e9s objectius, sin\u00f3 una realitat tangible.<\/p>\n<h3 data-start=\"4977\" data-end=\"5004\"><strong data-start=\"4981\" data-end=\"5004\">El nostre comprom\u00eds<\/strong><\/h3>\n<ul data-start=\"5005\" data-end=\"5129\">\n<li data-start=\"5005\" data-end=\"5036\">\n<p data-start=\"5007\" data-end=\"5036\">Reduir el consum energ\u00e8tic.<\/p>\n<\/li>\n<li data-start=\"5037\" data-end=\"5078\">\n<p data-start=\"5039\" data-end=\"5078\">Impulsar la innovaci\u00f3 i l\u2019efici\u00e8ncia.<\/p>\n<\/li>\n<li data-start=\"5079\" data-end=\"5129\">\n<p data-start=\"5081\" data-end=\"5129\">Accelerar la transici\u00f3 cap a un futur m\u00e9s net.<\/p>\n<\/li>\n<\/ul>\n<p data-start=\"5131\" data-end=\"5348\">Projectes com l\u2019edifici de Madrid o l\u2019expansi\u00f3 del sistema de <strong data-start=\"5193\" data-end=\"5228\">Certificats d\u2019Estalvi Energ\u00e8tic<\/strong> evidencien que la col\u00b7laboraci\u00f3 entre empreses, cl\u00fasters i institucions pot transformar el panorama energ\u00e8tic actual.<\/p>\n","protected":false},"excerpt":{"rendered":"<p>Impulsant l\u2019efici\u00e8ncia des de la col\u00b7laboraci\u00f3 A Factorenergia creiem que el futur energ\u00e8tic es construeix a partir de la cooperaci\u00f3 i el coneixement compartit. Per aix\u00f2, vam obrir les portes de les nostres oficines al Cl\u00faster de l\u2019Energia Eficient de Catalunya (CEEC), en el marc de la seva iniciativa per donar visibilitat al paper de [&hellip;]<\/p>\n","protected":false},"author":23,"featured_media":0,"comment_status":"open","ping_status":"open","sticky":false,"template":"","format":"standard","meta":{"inline_featured_image":false,"footnotes":""},"categories":[56],"tags":[],"acf":{"fecha_de_la_entrada":"20251107","imagen_portada":30532,"categoria_blog":null,"tipo_de_distribuidora":null,"tiempo_lectura":"","banner_bool":false,"titulo_banner":"","texto_banner":"","texto_boton_banner":"","url_boton_banner":"","post_relacionados":""},"yoast_head":"<!-- This site is optimized with the Yoast SEO plugin v22.2 - https:\/\/yoast.com\/wordpress\/plugins\/seo\/ -->\n<title>Un pas m\u00e9s cap a l\u2019efici\u00e8ncia: Factorenergia participa en la iniciativa del CEEC sobre els CAE | factorenergia<\/title>\n<meta name=\"description\" content=\"Factorenergia participa en la iniciativa del CEEC sobre els Certificats d\u2019Estalvi Energ\u00e8tic (CAE), impulsant l\u2019efici\u00e8ncia i la sostenibilitat.\" \/>\n<meta name=\"robots\" content=\"index, follow, max-snippet:-1, max-image-preview:large, max-video-preview:-1\" \/>\n<link rel=\"canonical\" href=\"https:\/\/www.factorenergia.com\/ca\/blog\/eficiencia-energetica\/un-pas-mes-cap-a-leficiencia-factorenergia-participa-en-la-iniciativa-del-ceec-sobre-els-cae\/\" \/>\n<meta name=\"twitter:card\" content=\"summary_large_image\" \/>\n<meta name=\"twitter:title\" content=\"Un pas m\u00e9s cap a l\u2019efici\u00e8ncia: Factorenergia participa en la iniciativa del CEEC sobre els CAE | factorenergia\" \/>\n<meta name=\"twitter:description\" content=\"Factorenergia participa en la iniciativa del CEEC sobre els Certificats d\u2019Estalvi Energ\u00e8tic (CAE), impulsant l\u2019efici\u00e8ncia i la sostenibilitat.\" \/>\n<meta name=\"twitter:creator\" content=\"@factorenergia\" \/>\n<meta name=\"twitter:site\" content=\"@factorenergia\" \/>\n<meta name=\"twitter:label1\" content=\"Written by\" \/>\n\t<meta name=\"twitter:data1\" content=\"Equipo Transici\u00f3n Energ\u00e9tica Factorenergia\" \/>\n\t<meta name=\"twitter:label2\" content=\"Est. reading time\" \/>\n\t<meta name=\"twitter:data2\" content=\"4 minutes\" \/>\n<script type=\"application\/ld+json\" class=\"yoast-schema-graph\">{\"@context\":\"https:\/\/schema.org\",\"@graph\":[{\"@type\":\"WebPage\",\"@id\":\"https:\/\/www.factorenergia.com\/ca\/blog\/eficiencia-energetica\/un-pas-mes-cap-a-leficiencia-factorenergia-participa-en-la-iniciativa-del-ceec-sobre-els-cae\/\",\"url\":\"https:\/\/www.factorenergia.com\/ca\/blog\/eficiencia-energetica\/un-pas-mes-cap-a-leficiencia-factorenergia-participa-en-la-iniciativa-del-ceec-sobre-els-cae\/\",\"name\":\"Un pas m\u00e9s cap a l\u2019efici\u00e8ncia: Factorenergia participa en la iniciativa del CEEC sobre els CAE | factorenergia\",\"isPartOf\":{\"@id\":\"https:\/\/www.factorenergia.com\/es\/#website\"},\"datePublished\":\"2025-11-07T11:17:01+00:00\",\"dateModified\":\"2026-01-27T14:07:14+00:00\",\"author\":{\"@id\":\"https:\/\/www.factorenergia.com\/es\/#\/schema\/person\/0393cfddedf83f56c6fa67cd7f64b4f5\"},\"description\":\"Factorenergia participa en la iniciativa del CEEC sobre els Certificats d\u2019Estalvi Energ\u00e8tic (CAE), impulsant l\u2019efici\u00e8ncia i la sostenibilitat.\",\"breadcrumb\":{\"@id\":\"https:\/\/www.factorenergia.com\/ca\/blog\/eficiencia-energetica\/un-pas-mes-cap-a-leficiencia-factorenergia-participa-en-la-iniciativa-del-ceec-sobre-els-cae\/#breadcrumb\"},\"inLanguage\":\"ca\",\"potentialAction\":[{\"@type\":\"ReadAction\",\"target\":[\"https:\/\/www.factorenergia.com\/ca\/blog\/eficiencia-energetica\/un-pas-mes-cap-a-leficiencia-factorenergia-participa-en-la-iniciativa-del-ceec-sobre-els-cae\/\"]}]},{\"@type\":\"BreadcrumbList\",\"@id\":\"https:\/\/www.factorenergia.com\/ca\/blog\/eficiencia-energetica\/un-pas-mes-cap-a-leficiencia-factorenergia-participa-en-la-iniciativa-del-ceec-sobre-els-cae\/#breadcrumb\",\"itemListElement\":[{\"@type\":\"ListItem\",\"position\":1,\"name\":\"Portada\",\"item\":\"https:\/\/www.factorenergia.com\/ca\/\"},{\"@type\":\"ListItem\",\"position\":2,\"name\":\"Un pas m\u00e9s cap a l\u2019efici\u00e8ncia: Factorenergia participa en la iniciativa del CEEC sobre els CAE\"}]},{\"@type\":\"WebSite\",\"@id\":\"https:\/\/www.factorenergia.com\/es\/#website\",\"url\":\"https:\/\/www.factorenergia.com\/es\/\",\"name\":\"factorenergia\",\"description\":\"factorenergia\",\"potentialAction\":[{\"@type\":\"SearchAction\",\"target\":{\"@type\":\"EntryPoint\",\"urlTemplate\":\"https:\/\/www.factorenergia.com\/es\/?s={search_term_string}\"},\"query-input\":\"required name=search_term_string\"}],\"inLanguage\":\"ca\"},{\"@type\":\"Person\",\"@id\":\"https:\/\/www.factorenergia.com\/es\/#\/schema\/person\/0393cfddedf83f56c6fa67cd7f64b4f5\",\"name\":\"Equipo Transici\u00f3n Energ\u00e9tica Factorenergia\",\"image\":{\"@type\":\"ImageObject\",\"inLanguage\":\"ca\",\"@id\":\"https:\/\/www.factorenergia.com\/es\/#\/schema\/person\/image\/\",\"url\":\"https:\/\/secure.gravatar.com\/avatar\/80959538036dc57cad8f416d2d764870?s=96&d=mm&r=g\",\"contentUrl\":\"https:\/\/secure.gravatar.com\/avatar\/80959538036dc57cad8f416d2d764870?s=96&d=mm&r=g\",\"caption\":\"Equipo Transici\u00f3n Energ\u00e9tica Factorenergia\"},\"url\":\"https:\/\/www.factorenergia.com\/ca\/blog\/author\/pilar\/\"}]}<\/script>\n<!-- \/ Yoast SEO plugin. -->","yoast_head_json":{"title":"Un pas m\u00e9s cap a l\u2019efici\u00e8ncia: Factorenergia participa en la iniciativa del CEEC sobre els CAE | factorenergia","description":"Factorenergia participa en la iniciativa del CEEC sobre els Certificats d\u2019Estalvi Energ\u00e8tic (CAE), impulsant l\u2019efici\u00e8ncia i la sostenibilitat.","robots":{"index":"index","follow":"follow","max-snippet":"max-snippet:-1","max-image-preview":"max-image-preview:large","max-video-preview":"max-video-preview:-1"},"canonical":"https:\/\/www.factorenergia.com\/ca\/blog\/eficiencia-energetica\/un-pas-mes-cap-a-leficiencia-factorenergia-participa-en-la-iniciativa-del-ceec-sobre-els-cae\/","twitter_card":"summary_large_image","twitter_title":"Un pas m\u00e9s cap a l\u2019efici\u00e8ncia: Factorenergia participa en la iniciativa del CEEC sobre els CAE | factorenergia","twitter_description":"Factorenergia participa en la iniciativa del CEEC sobre els Certificats d\u2019Estalvi Energ\u00e8tic (CAE), impulsant l\u2019efici\u00e8ncia i la sostenibilitat.","twitter_creator":"@factorenergia","twitter_site":"@factorenergia","twitter_misc":{"Written by":"Equipo Transici\u00f3n Energ\u00e9tica Factorenergia","Est. reading time":"4 minutes"},"schema":{"@context":"https:\/\/schema.org","@graph":[{"@type":"WebPage","@id":"https:\/\/www.factorenergia.com\/ca\/blog\/eficiencia-energetica\/un-pas-mes-cap-a-leficiencia-factorenergia-participa-en-la-iniciativa-del-ceec-sobre-els-cae\/","url":"https:\/\/www.factorenergia.com\/ca\/blog\/eficiencia-energetica\/un-pas-mes-cap-a-leficiencia-factorenergia-participa-en-la-iniciativa-del-ceec-sobre-els-cae\/","name":"Un pas m\u00e9s cap a l\u2019efici\u00e8ncia: Factorenergia participa en la iniciativa del CEEC sobre els CAE | factorenergia","isPartOf":{"@id":"https:\/\/www.factorenergia.com\/es\/#website"},"datePublished":"2025-11-07T11:17:01+00:00","dateModified":"2026-01-27T14:07:14+00:00","author":{"@id":"https:\/\/www.factorenergia.com\/es\/#\/schema\/person\/0393cfddedf83f56c6fa67cd7f64b4f5"},"description":"Factorenergia participa en la iniciativa del CEEC sobre els Certificats d\u2019Estalvi Energ\u00e8tic (CAE), impulsant l\u2019efici\u00e8ncia i la sostenibilitat.","breadcrumb":{"@id":"https:\/\/www.factorenergia.com\/ca\/blog\/eficiencia-energetica\/un-pas-mes-cap-a-leficiencia-factorenergia-participa-en-la-iniciativa-del-ceec-sobre-els-cae\/#breadcrumb"},"inLanguage":"ca","potentialAction":[{"@type":"ReadAction","target":["https:\/\/www.factorenergia.com\/ca\/blog\/eficiencia-energetica\/un-pas-mes-cap-a-leficiencia-factorenergia-participa-en-la-iniciativa-del-ceec-sobre-els-cae\/"]}]},{"@type":"BreadcrumbList","@id":"https:\/\/www.factorenergia.com\/ca\/blog\/eficiencia-energetica\/un-pas-mes-cap-a-leficiencia-factorenergia-participa-en-la-iniciativa-del-ceec-sobre-els-cae\/#breadcrumb","itemListElement":[{"@type":"ListItem","position":1,"name":"Portada","item":"https:\/\/www.factorenergia.com\/ca\/"},{"@type":"ListItem","position":2,"name":"Un pas m\u00e9s cap a l\u2019efici\u00e8ncia: Factorenergia participa en la iniciativa del CEEC sobre els CAE"}]},{"@type":"WebSite","@id":"https:\/\/www.factorenergia.com\/es\/#website","url":"https:\/\/www.factorenergia.com\/es\/","name":"factorenergia","description":"factorenergia","potentialAction":[{"@type":"SearchAction","target":{"@type":"EntryPoint","urlTemplate":"https:\/\/www.factorenergia.com\/es\/?s={search_term_string}"},"query-input":"required name=search_term_string"}],"inLanguage":"ca"},{"@type":"Person","@id":"https:\/\/www.factorenergia.com\/es\/#\/schema\/person\/0393cfddedf83f56c6fa67cd7f64b4f5","name":"Equipo Transici\u00f3n Energ\u00e9tica Factorenergia","image":{"@type":"ImageObject","inLanguage":"ca","@id":"https:\/\/www.factorenergia.com\/es\/#\/schema\/person\/image\/","url":"https:\/\/secure.gravatar.com\/avatar\/80959538036dc57cad8f416d2d764870?s=96&d=mm&r=g","contentUrl":"https:\/\/secure.gravatar.com\/avatar\/80959538036dc57cad8f416d2d764870?s=96&d=mm&r=g","caption":"Equipo Transici\u00f3n Energ\u00e9tica Factorenergia"},"url":"https:\/\/www.factorenergia.com\/ca\/blog\/author\/pilar\/"}]}},"_links":{"self":[{"href":"https:\/\/www.factorenergia.com\/ca\/wp-json\/wp\/v2\/posts\/30529"}],"collection":[{"href":"https:\/\/www.factorenergia.com\/ca\/wp-json\/wp\/v2\/posts"}],"about":[{"href":"https:\/\/www.factorenergia.com\/ca\/wp-json\/wp\/v2\/types\/post"}],"author":[{"embeddable":true,"href":"https:\/\/www.factorenergia.com\/ca\/wp-json\/wp\/v2\/users\/23"}],"replies":[{"embeddable":true,"href":"https:\/\/www.factorenergia.com\/ca\/wp-json\/wp\/v2\/comments?post=30529"}],"version-history":[{"count":7,"href":"https:\/\/www.factorenergia.com\/ca\/wp-json\/wp\/v2\/posts\/30529\/revisions"}],"predecessor-version":[{"id":30963,"href":"https:\/\/www.factorenergia.com\/ca\/wp-json\/wp\/v2\/posts\/30529\/revisions\/30963"}],"wp:attachment":[{"href":"https:\/\/www.factorenergia.com\/ca\/wp-json\/wp\/v2\/media?parent=30529"}],"wp:term":[{"taxonomy":"category","embeddable":true,"href":"https:\/\/www.factorenergia.com\/ca\/wp-json\/wp\/v2\/categories?post=30529"},{"taxonomy":"post_tag","embeddable":true,"href":"https:\/\/www.factorenergia.com\/ca\/wp-json\/wp\/v2\/tags?post=30529"}],"curies":[{"name":"wp","href":"https:\/\/api.w.org\/{rel}","templated":true}]}}