{"id":3038,"date":"2017-03-01T11:11:58","date_gmt":"2017-03-01T09:11:58","guid":{"rendered":"https:\/\/www.factorenergia.com\/ca\/?post_type=blog&#038;p=3038"},"modified":"2023-01-23T12:41:23","modified_gmt":"2023-01-23T10:41:23","slug":"transicio-energetica-estalviar-llum","status":"publish","type":"post","link":"https:\/\/www.factorenergia.com\/ca\/blog\/noticies\/transicio-energetica-estalviar-llum\/","title":{"rendered":"Transici\u00f3 energ\u00e8tica per a Europa"},"content":{"rendered":"<p><span style=\"color: #000000;\">En una societat que avan\u00e7a a ritmes desorbitats, en qu\u00e8 la contaminaci\u00f3 ens ha obligat ja a prendre mesures com a regular el tr\u00e0nsit \u00a0segons n\u00famero de matr\u00edcula, com es va fer a Madrid, o a etiquetar els vehicles, e incl\u00fas a retirar-los de la circulaci\u00f3 segons l\u2019antiguitat, ens veiem empentats a millorar la situaci\u00f3 d\u2019alguna manera per tal de no fer malb\u00e9 el m\u00f3n alhora que estalviar llum.<\/span><\/p>\n<p><span style=\"color: #000000;\">Europa porta d\u00e8cades reunint-se buscant una soluci\u00f3 efectiva social i econ\u00f2micament i marcant objectius a mig-llarg termini per tal d\u2019<strong>acabar amb la contaminaci\u00f3<\/strong> que nosaltres mateixos produ\u00efm. Davant la imperiosa necessitat que la descontaminaci\u00f3 implica, veiem en les <strong>energies netes<\/strong> una sortida, i d\u2019aqu\u00ed que Europa camini cap a la progressiva transici\u00f3 energ\u00e8tica.<\/span><\/p>\n<h2><span style=\"color: #000000;\">Qu\u00e8 \u00e9s la transici\u00f3 energ\u00e8tica<\/span><\/h2>\n<p><span style=\"color: #000000;\">Denominem transici\u00f3 energ\u00e8tica la transformaci\u00f3 progressiva de l\u2019actual model energ\u00e8tic cap a energies m\u00e9s netes. Dins les energies convencionals, usades habitualment, hi trobem les grans infraestructures de generaci\u00f3 t\u00e8rmica i nuclear. Aquest model contaminant es mou cap a un de renovable a on el primer sigui la efici\u00e8ncia energ\u00e8tica i la producci\u00f3 neta i a on el consumidor i les instal\u00b7lacions puguin coexistir.<\/span><\/p>\n<p><span style=\"color: #000000;\">La transici\u00f3 energ\u00e8tica implica la <strong>progressiva substituci\u00f3 de les tecnologies tradicionals<\/strong> que fem servir per a generar electricitat, moure\u2019ns i, per exemple, escalfar les nostres llars.<\/span><\/p>\n<h2><span style=\"color: #000000;\">Quan neix el concepte de transici\u00f3 energ\u00e8tica<\/span><\/h2>\n<p><span style=\"color: #000000;\">El concepte de transici\u00f3 energ\u00e8tica s\u2019emmarca en la necessitat de<strong> lluitar contra el canvi clim\u00e0tic<\/strong>, protegir la salut de les persones i afavorir l\u2019efici\u00e8ncia al consum, encaminar-nos cap a la predicci\u00f3 de preus i fer-los m\u00e9s assequibles per a estalviar llum aix\u00ed com disminuir les tensions geopol\u00edtiques pr\u00f2pies d\u2019un model sustentat en la depend\u00e8ncia energ\u00e8tica.<\/span><\/p>\n<p><span style=\"color: #000000;\">M\u00e9s enrere del pla de Kioto o el cim de Par\u00eds de 2015, Alemanya (juntament amb \u00c0ustria) va ser pionera en la denominada Energiewende, una transici\u00f3 energ\u00e8tica vigent des de l\u2019any 2010 la llei m\u00e9s impactant de la qual \u00e9s la supressi\u00f3 de l\u2019energia nuclear de cara el 2022.<\/span><\/p>\n<h3><strong><span style=\"color: #000000;\">Energiewende<\/span><\/strong><\/h3>\n<p><span style=\"color: #000000;\">Els objectius de l\u2019Energiewende s\u00f3n, a grans trets, la reducci\u00f3 de les emissions de CO2 del 40% a 2020, amb respecte als nivells de 1990, i del 80-95% al 2050.<\/span><\/p>\n<p><span style=\"color: #000000;\">Han aconseguit centrar en uns objectius molt concrets la seva transformaci\u00f3 energ\u00e8tica a nivell econ\u00f2mic i social, que el 90% de la poblaci\u00f3 la conegui i que ho considerin important.<\/span><\/p>\n<p><span style=\"color: #000000;\">La cobertura de la demanda energ\u00e8tica haur\u00e0 de caracteritzar-se per una <strong>alt\u00edssima flexibilitat per a casar l\u2019oferta i la demanda<\/strong>, transformant l\u2019actual depend\u00e8ncia de combustibles i tecnologies en un altre que doni predomini a la instal\u00b7laci\u00f3 de renovables i l\u2019emmagatzemat.<\/span><\/p>\n<p><span style=\"color: #000000;\">Aquesta extrema flexibilitat, que haur\u00e0 de regular-se, far\u00e0 possible una cobertura de la demanda amb actors disposats a oferir generaci\u00f3 quan la tinguin, sumada a la part de la poblaci\u00f3 alemana que ja compta amb les seves pr\u00f2pies plaques solars fotovoltaiques o petites estacions e\u00f2liques. Faltar\u00e0 veure com s\u2019adapten les el\u00e8ctriques convencionals a aquest nou model.<\/span><\/p>\n<h2><span style=\"color: #000000;\">Transici\u00f3 energ\u00e8tica i societat<\/span><\/h2>\n<p><span style=\"color: #000000;\">La transici\u00f3 energ\u00e8tica tamb\u00e9 comporta canvis al comportament del consumidor cap a l\u2019increment de l\u2019<strong>estalvi energ\u00e8tic i l\u2019efici\u00e8ncia energ\u00e8tica<\/strong>. Per tal de poder materialitzar aquesta transici\u00f3, \u00e9s necess\u00e0ria una regulaci\u00f3 que permeti la progressiva <em>descarbonitzaci\u00f3<\/em> de la nostra economia paral\u00b7lela als objectius en quant a la lluita contra el canvi clim\u00e0tic.\u00a0Amb la transici\u00f3 energ\u00e8tica l&#8217;\u00e9sser hum\u00e0 es proposa <a href=\"https:\/\/www.factorenergia.com\/ca\/blog\/apren-a-estalviar\/consells-per-estalviar-energia-casa\/\" target=\"_blank\" rel=\"noopener\">estalviar llum<\/a> a nivell dom\u00e8stic i global. Per a fer-ho, s&#8217;haur\u00e0 d&#8217;invertir en infraestructures solars, <a href=\"https:\/\/www.factorenergia.com\/ca\/blog\/noticies\/preu-llum-energia-eolica\/\" target=\"_blank\" rel=\"noopener\">e\u00f2liques <\/a>i d&#8217;emmagatzematge.<\/span><\/p>\n<p><span style=\"color: #000000;\">A nivell Europeu, s\u00f3n diversos els pa\u00efsos \u00a0que opten per l\u2019auto-abastiment energ\u00e8tic amb, en la majoria dels casos, plaques solars; com passa a gran part del Regne Unit i Alemanya. En un futur, aquesta tend\u00e8ncia aspira a una Europa realment integrada en qu\u00e8 s\u2019avanci com un espai com\u00fa, incl\u00f2s en mat\u00e8ria energ\u00e8tica, per a unificar els preus i interconnectar-se en un tot, com era el seu prop\u00f2sit inicial.<\/span><\/p>\n<p>&nbsp;<\/p>\n<p>&nbsp;<\/p>\n","protected":false},"excerpt":{"rendered":"<p>Transici\u00f3 energ\u00e8tica \u00e9s la progressiva transformaci\u00f3 de l&#8217;actual model energ\u00e8tic cap a un de m\u00e9s verd. Vegem-ne els objectius i la proced\u00e8ncia d&#8217;aquest projecte.<\/p>\n","protected":false},"author":17,"featured_media":0,"comment_status":"open","ping_status":"closed","sticky":false,"template":"","format":"standard","meta":{"inline_featured_image":false,"footnotes":""},"categories":[61],"tags":[],"acf":{"fecha_de_la_entrada":"20170228","imagen_portada":3039,"categoria_blog":61,"tipo_de_distribuidora":null,"tiempo_lectura":"","banner_bool":false,"titulo_banner":"","texto_banner":"","texto_boton_banner":"","url_boton_banner":"","post_relacionados":null},"yoast_head":"<!-- This site is optimized with the Yoast SEO plugin v22.2 - https:\/\/yoast.com\/wordpress\/plugins\/seo\/ -->\n<title>Transici\u00f3 energ\u00e8tica per a Europa | factorenergia<\/title>\n<meta name=\"description\" content=\"Transici\u00f3 energ\u00e8tica \u00e9s la progressiva transformaci\u00f3 de l&#039;actual model energ\u00e8tic cap a un de m\u00e9s verd. Vegem-ne els objectius .\" \/>\n<meta name=\"robots\" content=\"noindex, follow\" \/>\n<meta name=\"twitter:card\" content=\"summary_large_image\" \/>\n<meta name=\"twitter:title\" content=\"Transici\u00f3 energ\u00e8tica per a Europa | factorenergia\" \/>\n<meta name=\"twitter:description\" content=\"Transici\u00f3 energ\u00e8tica \u00e9s la progressiva transformaci\u00f3 de l&#039;actual model energ\u00e8tic cap a un de m\u00e9s verd. Vegem-ne els objectius .\" \/>\n<meta name=\"twitter:site\" content=\"@factorenergia\" \/>\n<meta name=\"twitter:label1\" content=\"Est. reading time\" \/>\n\t<meta name=\"twitter:data1\" content=\"3 minutes\" \/>\n<script type=\"application\/ld+json\" class=\"yoast-schema-graph\">{\"@context\":\"https:\/\/schema.org\",\"@graph\":[{\"@type\":\"WebPage\",\"@id\":\"https:\/\/www.factorenergia.com\/ca\/blog\/blog\/%tiposdeblog%\/transicio-energetica-estalviar-llum\/\",\"url\":\"https:\/\/www.factorenergia.com\/ca\/blog\/blog\/%tiposdeblog%\/transicio-energetica-estalviar-llum\/\",\"name\":\"Transici\u00f3 energ\u00e8tica per a Europa | factorenergia\",\"isPartOf\":{\"@id\":\"https:\/\/www.factorenergia.com\/es\/#website\"},\"datePublished\":\"2017-03-01T09:11:58+00:00\",\"dateModified\":\"2023-01-23T10:41:23+00:00\",\"description\":\"Transici\u00f3 energ\u00e8tica \u00e9s la progressiva transformaci\u00f3 de l'actual model energ\u00e8tic cap a un de m\u00e9s verd. Vegem-ne els objectius .\",\"breadcrumb\":{\"@id\":\"https:\/\/www.factorenergia.com\/ca\/blog\/blog\/%tiposdeblog%\/transicio-energetica-estalviar-llum\/#breadcrumb\"},\"inLanguage\":\"ca\",\"potentialAction\":[{\"@type\":\"ReadAction\",\"target\":[\"https:\/\/www.factorenergia.com\/ca\/blog\/blog\/%tiposdeblog%\/transicio-energetica-estalviar-llum\/\"]}]},{\"@type\":\"BreadcrumbList\",\"@id\":\"https:\/\/www.factorenergia.com\/ca\/blog\/blog\/%tiposdeblog%\/transicio-energetica-estalviar-llum\/#breadcrumb\",\"itemListElement\":[{\"@type\":\"ListItem\",\"position\":1,\"name\":\"Portada\",\"item\":\"https:\/\/www.factorenergia.com\/ca\/\"},{\"@type\":\"ListItem\",\"position\":2,\"name\":\"Transici\u00f3 energ\u00e8tica per a Europa\"}]},{\"@type\":\"WebSite\",\"@id\":\"https:\/\/www.factorenergia.com\/es\/#website\",\"url\":\"https:\/\/www.factorenergia.com\/es\/\",\"name\":\"factorenergia\",\"description\":\"factorenergia\",\"potentialAction\":[{\"@type\":\"SearchAction\",\"target\":{\"@type\":\"EntryPoint\",\"urlTemplate\":\"https:\/\/www.factorenergia.com\/es\/?s={search_term_string}\"},\"query-input\":\"required name=search_term_string\"}],\"inLanguage\":\"ca\"}]}<\/script>\n<!-- \/ Yoast SEO plugin. -->","yoast_head_json":{"title":"Transici\u00f3 energ\u00e8tica per a Europa | factorenergia","description":"Transici\u00f3 energ\u00e8tica \u00e9s la progressiva transformaci\u00f3 de l'actual model energ\u00e8tic cap a un de m\u00e9s verd. Vegem-ne els objectius .","robots":{"index":"noindex","follow":"follow"},"twitter_card":"summary_large_image","twitter_title":"Transici\u00f3 energ\u00e8tica per a Europa | factorenergia","twitter_description":"Transici\u00f3 energ\u00e8tica \u00e9s la progressiva transformaci\u00f3 de l'actual model energ\u00e8tic cap a un de m\u00e9s verd. Vegem-ne els objectius .","twitter_site":"@factorenergia","twitter_misc":{"Est. reading time":"3 minutes"},"schema":{"@context":"https:\/\/schema.org","@graph":[{"@type":"WebPage","@id":"https:\/\/www.factorenergia.com\/ca\/blog\/blog\/%tiposdeblog%\/transicio-energetica-estalviar-llum\/","url":"https:\/\/www.factorenergia.com\/ca\/blog\/blog\/%tiposdeblog%\/transicio-energetica-estalviar-llum\/","name":"Transici\u00f3 energ\u00e8tica per a Europa | factorenergia","isPartOf":{"@id":"https:\/\/www.factorenergia.com\/es\/#website"},"datePublished":"2017-03-01T09:11:58+00:00","dateModified":"2023-01-23T10:41:23+00:00","description":"Transici\u00f3 energ\u00e8tica \u00e9s la progressiva transformaci\u00f3 de l'actual model energ\u00e8tic cap a un de m\u00e9s verd. Vegem-ne els objectius .","breadcrumb":{"@id":"https:\/\/www.factorenergia.com\/ca\/blog\/blog\/%tiposdeblog%\/transicio-energetica-estalviar-llum\/#breadcrumb"},"inLanguage":"ca","potentialAction":[{"@type":"ReadAction","target":["https:\/\/www.factorenergia.com\/ca\/blog\/blog\/%tiposdeblog%\/transicio-energetica-estalviar-llum\/"]}]},{"@type":"BreadcrumbList","@id":"https:\/\/www.factorenergia.com\/ca\/blog\/blog\/%tiposdeblog%\/transicio-energetica-estalviar-llum\/#breadcrumb","itemListElement":[{"@type":"ListItem","position":1,"name":"Portada","item":"https:\/\/www.factorenergia.com\/ca\/"},{"@type":"ListItem","position":2,"name":"Transici\u00f3 energ\u00e8tica per a Europa"}]},{"@type":"WebSite","@id":"https:\/\/www.factorenergia.com\/es\/#website","url":"https:\/\/www.factorenergia.com\/es\/","name":"factorenergia","description":"factorenergia","potentialAction":[{"@type":"SearchAction","target":{"@type":"EntryPoint","urlTemplate":"https:\/\/www.factorenergia.com\/es\/?s={search_term_string}"},"query-input":"required name=search_term_string"}],"inLanguage":"ca"}]}},"_links":{"self":[{"href":"https:\/\/www.factorenergia.com\/ca\/wp-json\/wp\/v2\/posts\/3038"}],"collection":[{"href":"https:\/\/www.factorenergia.com\/ca\/wp-json\/wp\/v2\/posts"}],"about":[{"href":"https:\/\/www.factorenergia.com\/ca\/wp-json\/wp\/v2\/types\/post"}],"author":[{"embeddable":true,"href":"https:\/\/www.factorenergia.com\/ca\/wp-json\/wp\/v2\/users\/17"}],"replies":[{"embeddable":true,"href":"https:\/\/www.factorenergia.com\/ca\/wp-json\/wp\/v2\/comments?post=3038"}],"version-history":[{"count":1,"href":"https:\/\/www.factorenergia.com\/ca\/wp-json\/wp\/v2\/posts\/3038\/revisions"}],"predecessor-version":[{"id":3043,"href":"https:\/\/www.factorenergia.com\/ca\/wp-json\/wp\/v2\/posts\/3038\/revisions\/3043"}],"acf:term":[{"embeddable":true,"taxonomy":"category","href":"https:\/\/www.factorenergia.com\/ca\/wp-json\/wp\/v2\/categories\/61"}],"wp:attachment":[{"href":"https:\/\/www.factorenergia.com\/ca\/wp-json\/wp\/v2\/media?parent=3038"}],"wp:term":[{"taxonomy":"category","embeddable":true,"href":"https:\/\/www.factorenergia.com\/ca\/wp-json\/wp\/v2\/categories?post=3038"},{"taxonomy":"post_tag","embeddable":true,"href":"https:\/\/www.factorenergia.com\/ca\/wp-json\/wp\/v2\/tags?post=3038"}],"curies":[{"name":"wp","href":"https:\/\/api.w.org\/{rel}","templated":true}]}}