{"id":30286,"date":"2025-10-16T15:48:21","date_gmt":"2025-10-16T13:48:21","guid":{"rendered":"https:\/\/www.factorenergia.com\/ca\/?p=30286"},"modified":"2025-10-16T15:51:34","modified_gmt":"2025-10-16T13:51:34","slug":"factorenergia-col%c2%b7labora-amb-lassociacio-espanyola-contra-el-cancer-per-impulsar-la-investigacio-i-la-prevencio","status":"publish","type":"post","link":"https:\/\/www.factorenergia.com\/ca\/blog\/histories-positives\/factorenergia-col%c2%b7labora-amb-lassociacio-espanyola-contra-el-cancer-per-impulsar-la-investigacio-i-la-prevencio\/","title":{"rendered":"Factorenergia col\u00b7labora amb l\u2019Associaci\u00f3 Espanyola contra el C\u00e0ncer per impulsar la investigaci\u00f3 i la prevenci\u00f3"},"content":{"rendered":"<p>A Factorenergia creiem que l\u2019energia pot transformar vides, no nom\u00e9s encenent llars o empreses, sin\u00f3 tamb\u00e9 donant suport a causes que il\u00b7luminen el futur de les persones.<\/p>\n<p><br data-start=\"494\" data-end=\"497\" \/>Per aix\u00f2, hem signat un <strong data-start=\"521\" data-end=\"561\">Conveni de Col\u00b7laboraci\u00f3 Empresarial<\/strong> amb l\u2019<a href=\"https:\/\/www.contraelcancer.es\/ca\"><strong data-start=\"568\" data-end=\"616\">Associaci\u00f3 Espanyola Contra el C\u00e0ncer (AECC)<\/strong><\/a>, una entitat sense \u00e0nim de lucre que t\u00e9 com a missi\u00f3 lluitar contra el c\u00e0ncer en totes les seves formes conegudes \u2014i les que es puguin descobrir en el futur mitjan\u00e7ant la <strong data-start=\"789\" data-end=\"882\">divulgaci\u00f3, la prevenci\u00f3, la investigaci\u00f3, la formaci\u00f3 i l\u2019assist\u00e8ncia sanit\u00e0ria i social<\/strong>.<\/p>\n<h2>Un comprom\u00eds amb la investigaci\u00f3 i la salut<\/h2>\n<p data-start=\"938\" data-end=\"1250\">Gr\u00e0cies a aquesta col\u00b7laboraci\u00f3, Factorenergia contribuir\u00e0 econ\u00f2micament, i sense cap contraprestaci\u00f3, al <strong data-start=\"1044\" data-end=\"1107\">Projecte d\u2019Investigaci\u00f3 de la Fundaci\u00f3 Cient\u00edfica de l\u2019AECC<\/strong> titulat:<br data-start=\"1116\" data-end=\"1119\" \/><strong data-start=\"1119\" data-end=\"1249\">\u201cAtacar la interacci\u00f3 epigen\u00e8tica-metab\u00f2lica per detenir la progressi\u00f3 del c\u00e0ncer de mama positiu per al receptor d\u2019estr\u00f2gens\u201d<\/strong>.<\/p>\n<p data-start=\"1252\" data-end=\"1457\">Aquest suport refor\u00e7a el nostre comprom\u00eds amb la <strong data-start=\"1301\" data-end=\"1347\">innovaci\u00f3, la ci\u00e8ncia i el benestar social<\/strong>, pilars fonamentals tamb\u00e9 en el nostre dia a dia com a companyia energ\u00e8tica compromesa amb la sostenibilitat.<\/p>\n<h2>El c\u00e0ncer: un repte sociosanitari que ens concerneix a tots<\/h2>\n<p data-start=\"1528\" data-end=\"1758\">El c\u00e0ncer continua sent el <strong data-start=\"1555\" data-end=\"1605\">problema sociosanitari m\u00e9s important a Espanya<\/strong>.<br data-start=\"1606\" data-end=\"1609\" \/>Nom\u00e9s el 2023 es van diagnosticar m\u00e9s de <strong data-start=\"1650\" data-end=\"1672\">295.000 nous casos<\/strong>, i actualment hi ha m\u00e9s d\u2019<strong data-start=\"1699\" data-end=\"1736\">1,5 milions de persones afectades<\/strong> per aquesta malaltia.<\/p>\n<p data-start=\"1760\" data-end=\"1850\">L\u2019AECC afronta aquest repte amb una <strong data-start=\"1796\" data-end=\"1814\">visi\u00f3 integral<\/strong>, actuant en tres fronts principals:<\/p>\n<h3 data-start=\"1760\" data-end=\"1850\">Prevenir<\/h3>\n<p>M\u00e9s de <strong data-start=\"1873\" data-end=\"1892\">26.000 persones<\/strong> han participat en programes per millorar els seus h\u00e0bits de vida, ja sigui per deixar de fumar o augmentar el seu nivell d\u2019activitat f\u00edsica.<\/p>\n<p><br data-start=\"2033\" data-end=\"2036\" \/>A m\u00e9s, m\u00e9s de <strong data-start=\"2050\" data-end=\"2077\">2,4 milions de persones<\/strong> es mouen avui per entorns m\u00e9s saludables gr\u00e0cies a les accions de l\u2019AECC en escoles, espais p\u00fablics i comunitats.<\/p>\n<h3>Donar suport i acompanyar<\/h3>\n<p>Els equips de psicologia, treball social i sanitaris de l\u2019AECC van atendre <strong data-start=\"2299\" data-end=\"2319\">129.466 persones<\/strong> amb c\u00e0ncer i familiars, tant de manera presencial com telef\u00f2nica o digital.<\/p>\n<p>El seu servei gratu\u00eft d\u2019atenci\u00f3 900 100 036continua sent un recurs essencial per a milers de fam\u00edlies.<\/p>\n<h3>Investigar<\/h3>\n<p>Des del 2011, l\u2019AECC ha destinat <strong data-start=\"2554\" data-end=\"2577\">114 milions d\u2019euros<\/strong> a <strong data-start=\"2580\" data-end=\"2612\">603 projectes d\u2019investigaci\u00f3<\/strong>.<br data-start=\"2613\" data-end=\"2616\" \/>El seu objectiu \u00e9s apropar els resultats cient\u00edfics als pacients i avan\u00e7ar cap a un futur en qu\u00e8 el c\u00e0ncer sigui prevenible, curable i menys invasiu.<\/p>\n<h2>Energia amb prop\u00f2sit: \u201cPer la vostra salut\u201d<\/h2>\n<p data-start=\"2820\" data-end=\"3147\">En l\u00ednia amb el programa <strong data-start=\"2845\" data-end=\"2870\">\u201cPer la vostra salut\u201d<\/strong> de l\u2019AECC, Factorenergia promour\u00e0 entre els seus empleats i col\u00b7laboradors la difusi\u00f3 de missatges sobre <strong data-start=\"2976\" data-end=\"3018\">prevenci\u00f3 i detecci\u00f3 preco\u00e7 del c\u00e0ncer<\/strong>, fomentant <strong data-start=\"3030\" data-end=\"3059\">estils de vida saludables<\/strong> i donant a con\u00e8ixer les <strong data-start=\"3084\" data-end=\"3128\">campanyes de conscienciaci\u00f3 i informaci\u00f3<\/strong> de l\u2019Associaci\u00f3.<\/p>\n<p data-start=\"3149\" data-end=\"3283\">El nostre prop\u00f2sit \u00e9s clar: que cada acci\u00f3 i cada quilowatt d\u2019energia generada contribueixi tamb\u00e9 a <strong data-start=\"3249\" data-end=\"3282\">una vida m\u00e9s sana i conscient<\/strong>.<\/p>\n<h2 data-start=\"3149\" data-end=\"3283\">Un pas m\u00e9s cap a un futur amb m\u00e9s energia i esperan\u00e7a<\/h2>\n<p data-start=\"3348\" data-end=\"3665\">Aquesta col\u00b7laboraci\u00f3 reafirma la nostra convicci\u00f3 que <strong data-start=\"3403\" data-end=\"3473\">l\u2019energia m\u00e9s poderosa \u00e9s la que es posa al servei de les persones<\/strong>.<br data-start=\"3474\" data-end=\"3477\" \/>Des de Factorenergia continuarem apostant per iniciatives que combinin <strong data-start=\"3548\" data-end=\"3587\">sostenibilitat, salut i solidaritat<\/strong>, perqu\u00e8 cuidar del planeta i de les persones forma part de la mateixa missi\u00f3.<\/p>\n<p data-start=\"3667\" data-end=\"3790\">\ud83d\udc49 M\u00e9s informaci\u00f3 sobre l\u2019Associaci\u00f3 Espanyola Contra el C\u00e0ncer a https:\/\/www.contraelcancer.es\/ca<\/p>\n","protected":false},"excerpt":{"rendered":"<p>A Factorenergia creiem que l\u2019energia pot transformar vides, no nom\u00e9s encenent llars o empreses, sin\u00f3 tamb\u00e9 donant suport a causes que il\u00b7luminen el futur de les persones. Per aix\u00f2, hem signat un Conveni de Col\u00b7laboraci\u00f3 Empresarial amb l\u2019Associaci\u00f3 Espanyola Contra el C\u00e0ncer (AECC), una entitat sense \u00e0nim de lucre que t\u00e9 com a missi\u00f3 lluitar [&hellip;]<\/p>\n","protected":false},"author":23,"featured_media":0,"comment_status":"open","ping_status":"open","sticky":false,"template":"","format":"standard","meta":{"inline_featured_image":false,"footnotes":""},"categories":[58],"tags":[],"acf":{"fecha_de_la_entrada":"20251016","imagen_portada":30284,"categoria_blog":null,"tipo_de_distribuidora":null,"tiempo_lectura":"2'","banner_bool":false,"titulo_banner":"","texto_banner":"","texto_boton_banner":"","url_boton_banner":"","post_relacionados":""},"yoast_head":"<!-- This site is optimized with the Yoast SEO plugin v22.2 - https:\/\/yoast.com\/wordpress\/plugins\/seo\/ -->\n<title>Factorenergia col\u00b7labora amb l\u2019Associaci\u00f3 Espanyola contra el C\u00e0ncer per impulsar la investigaci\u00f3 i la prevenci\u00f3 | factorenergia<\/title>\n<meta name=\"description\" content=\"Factorenergia col\u00b7labora amb l\u2019Associaci\u00f3 Espanyola Contra el C\u00e0ncer per donar suport a la investigaci\u00f3, la prevenci\u00f3 i la promoci\u00f3 d\u2019h\u00e0bits de vida saludables.\" \/>\n<meta name=\"robots\" content=\"index, follow, max-snippet:-1, max-image-preview:large, max-video-preview:-1\" \/>\n<link rel=\"canonical\" href=\"https:\/\/www.factorenergia.com\/ca\/blog\/histories-positives\/factorenergia-col\u00b7labora-amb-lassociacio-espanyola-contra-el-cancer-per-impulsar-la-investigacio-i-la-prevencio\/\" \/>\n<meta name=\"twitter:card\" content=\"summary_large_image\" \/>\n<meta name=\"twitter:title\" content=\"Factorenergia col\u00b7labora amb l\u2019Associaci\u00f3 Espanyola contra el C\u00e0ncer per impulsar la investigaci\u00f3 i la prevenci\u00f3 | factorenergia\" \/>\n<meta name=\"twitter:description\" content=\"Factorenergia col\u00b7labora amb l\u2019Associaci\u00f3 Espanyola Contra el C\u00e0ncer per donar suport a la investigaci\u00f3, la prevenci\u00f3 i la promoci\u00f3 d\u2019h\u00e0bits de vida saludables.\" \/>\n<meta name=\"twitter:creator\" content=\"@factorenergia\" \/>\n<meta name=\"twitter:site\" content=\"@factorenergia\" \/>\n<meta name=\"twitter:label1\" content=\"Written by\" \/>\n\t<meta name=\"twitter:data1\" content=\"Equipo Transici\u00f3n Energ\u00e9tica Factorenergia\" \/>\n\t<meta name=\"twitter:label2\" content=\"Est. reading time\" \/>\n\t<meta name=\"twitter:data2\" content=\"3 minutes\" \/>\n<script type=\"application\/ld+json\" class=\"yoast-schema-graph\">{\"@context\":\"https:\/\/schema.org\",\"@graph\":[{\"@type\":\"WebPage\",\"@id\":\"https:\/\/www.factorenergia.com\/ca\/blog\/histories-positives\/factorenergia-col%c2%b7labora-amb-lassociacio-espanyola-contra-el-cancer-per-impulsar-la-investigacio-i-la-prevencio\/\",\"url\":\"https:\/\/www.factorenergia.com\/ca\/blog\/histories-positives\/factorenergia-col%c2%b7labora-amb-lassociacio-espanyola-contra-el-cancer-per-impulsar-la-investigacio-i-la-prevencio\/\",\"name\":\"Factorenergia col\u00b7labora amb l\u2019Associaci\u00f3 Espanyola contra el C\u00e0ncer per impulsar la investigaci\u00f3 i la prevenci\u00f3 | factorenergia\",\"isPartOf\":{\"@id\":\"https:\/\/www.factorenergia.com\/es\/#website\"},\"datePublished\":\"2025-10-16T13:48:21+00:00\",\"dateModified\":\"2025-10-16T13:51:34+00:00\",\"author\":{\"@id\":\"https:\/\/www.factorenergia.com\/es\/#\/schema\/person\/0393cfddedf83f56c6fa67cd7f64b4f5\"},\"description\":\"Factorenergia col\u00b7labora amb l\u2019Associaci\u00f3 Espanyola Contra el C\u00e0ncer per donar suport a la investigaci\u00f3, la prevenci\u00f3 i la promoci\u00f3 d\u2019h\u00e0bits de vida saludables.\",\"breadcrumb\":{\"@id\":\"https:\/\/www.factorenergia.com\/ca\/blog\/histories-positives\/factorenergia-col%c2%b7labora-amb-lassociacio-espanyola-contra-el-cancer-per-impulsar-la-investigacio-i-la-prevencio\/#breadcrumb\"},\"inLanguage\":\"ca\",\"potentialAction\":[{\"@type\":\"ReadAction\",\"target\":[\"https:\/\/www.factorenergia.com\/ca\/blog\/histories-positives\/factorenergia-col%c2%b7labora-amb-lassociacio-espanyola-contra-el-cancer-per-impulsar-la-investigacio-i-la-prevencio\/\"]}]},{\"@type\":\"BreadcrumbList\",\"@id\":\"https:\/\/www.factorenergia.com\/ca\/blog\/histories-positives\/factorenergia-col%c2%b7labora-amb-lassociacio-espanyola-contra-el-cancer-per-impulsar-la-investigacio-i-la-prevencio\/#breadcrumb\",\"itemListElement\":[{\"@type\":\"ListItem\",\"position\":1,\"name\":\"Portada\",\"item\":\"https:\/\/www.factorenergia.com\/ca\/\"},{\"@type\":\"ListItem\",\"position\":2,\"name\":\"Factorenergia col\u00b7labora amb l\u2019Associaci\u00f3 Espanyola contra el C\u00e0ncer per impulsar la investigaci\u00f3 i la prevenci\u00f3\"}]},{\"@type\":\"WebSite\",\"@id\":\"https:\/\/www.factorenergia.com\/es\/#website\",\"url\":\"https:\/\/www.factorenergia.com\/es\/\",\"name\":\"factorenergia\",\"description\":\"factorenergia\",\"potentialAction\":[{\"@type\":\"SearchAction\",\"target\":{\"@type\":\"EntryPoint\",\"urlTemplate\":\"https:\/\/www.factorenergia.com\/es\/?s={search_term_string}\"},\"query-input\":\"required name=search_term_string\"}],\"inLanguage\":\"ca\"},{\"@type\":\"Person\",\"@id\":\"https:\/\/www.factorenergia.com\/es\/#\/schema\/person\/0393cfddedf83f56c6fa67cd7f64b4f5\",\"name\":\"Equipo Transici\u00f3n Energ\u00e9tica Factorenergia\",\"image\":{\"@type\":\"ImageObject\",\"inLanguage\":\"ca\",\"@id\":\"https:\/\/www.factorenergia.com\/es\/#\/schema\/person\/image\/\",\"url\":\"https:\/\/secure.gravatar.com\/avatar\/80959538036dc57cad8f416d2d764870?s=96&d=mm&r=g\",\"contentUrl\":\"https:\/\/secure.gravatar.com\/avatar\/80959538036dc57cad8f416d2d764870?s=96&d=mm&r=g\",\"caption\":\"Equipo Transici\u00f3n Energ\u00e9tica Factorenergia\"},\"url\":\"https:\/\/www.factorenergia.com\/ca\/blog\/author\/pilar\/\"}]}<\/script>\n<!-- \/ Yoast SEO plugin. -->","yoast_head_json":{"title":"Factorenergia col\u00b7labora amb l\u2019Associaci\u00f3 Espanyola contra el C\u00e0ncer per impulsar la investigaci\u00f3 i la prevenci\u00f3 | factorenergia","description":"Factorenergia col\u00b7labora amb l\u2019Associaci\u00f3 Espanyola Contra el C\u00e0ncer per donar suport a la investigaci\u00f3, la prevenci\u00f3 i la promoci\u00f3 d\u2019h\u00e0bits de vida saludables.","robots":{"index":"index","follow":"follow","max-snippet":"max-snippet:-1","max-image-preview":"max-image-preview:large","max-video-preview":"max-video-preview:-1"},"canonical":"https:\/\/www.factorenergia.com\/ca\/blog\/histories-positives\/factorenergia-col\u00b7labora-amb-lassociacio-espanyola-contra-el-cancer-per-impulsar-la-investigacio-i-la-prevencio\/","twitter_card":"summary_large_image","twitter_title":"Factorenergia col\u00b7labora amb l\u2019Associaci\u00f3 Espanyola contra el C\u00e0ncer per impulsar la investigaci\u00f3 i la prevenci\u00f3 | factorenergia","twitter_description":"Factorenergia col\u00b7labora amb l\u2019Associaci\u00f3 Espanyola Contra el C\u00e0ncer per donar suport a la investigaci\u00f3, la prevenci\u00f3 i la promoci\u00f3 d\u2019h\u00e0bits de vida saludables.","twitter_creator":"@factorenergia","twitter_site":"@factorenergia","twitter_misc":{"Written by":"Equipo Transici\u00f3n Energ\u00e9tica Factorenergia","Est. reading time":"3 minutes"},"schema":{"@context":"https:\/\/schema.org","@graph":[{"@type":"WebPage","@id":"https:\/\/www.factorenergia.com\/ca\/blog\/histories-positives\/factorenergia-col%c2%b7labora-amb-lassociacio-espanyola-contra-el-cancer-per-impulsar-la-investigacio-i-la-prevencio\/","url":"https:\/\/www.factorenergia.com\/ca\/blog\/histories-positives\/factorenergia-col%c2%b7labora-amb-lassociacio-espanyola-contra-el-cancer-per-impulsar-la-investigacio-i-la-prevencio\/","name":"Factorenergia col\u00b7labora amb l\u2019Associaci\u00f3 Espanyola contra el C\u00e0ncer per impulsar la investigaci\u00f3 i la prevenci\u00f3 | factorenergia","isPartOf":{"@id":"https:\/\/www.factorenergia.com\/es\/#website"},"datePublished":"2025-10-16T13:48:21+00:00","dateModified":"2025-10-16T13:51:34+00:00","author":{"@id":"https:\/\/www.factorenergia.com\/es\/#\/schema\/person\/0393cfddedf83f56c6fa67cd7f64b4f5"},"description":"Factorenergia col\u00b7labora amb l\u2019Associaci\u00f3 Espanyola Contra el C\u00e0ncer per donar suport a la investigaci\u00f3, la prevenci\u00f3 i la promoci\u00f3 d\u2019h\u00e0bits de vida saludables.","breadcrumb":{"@id":"https:\/\/www.factorenergia.com\/ca\/blog\/histories-positives\/factorenergia-col%c2%b7labora-amb-lassociacio-espanyola-contra-el-cancer-per-impulsar-la-investigacio-i-la-prevencio\/#breadcrumb"},"inLanguage":"ca","potentialAction":[{"@type":"ReadAction","target":["https:\/\/www.factorenergia.com\/ca\/blog\/histories-positives\/factorenergia-col%c2%b7labora-amb-lassociacio-espanyola-contra-el-cancer-per-impulsar-la-investigacio-i-la-prevencio\/"]}]},{"@type":"BreadcrumbList","@id":"https:\/\/www.factorenergia.com\/ca\/blog\/histories-positives\/factorenergia-col%c2%b7labora-amb-lassociacio-espanyola-contra-el-cancer-per-impulsar-la-investigacio-i-la-prevencio\/#breadcrumb","itemListElement":[{"@type":"ListItem","position":1,"name":"Portada","item":"https:\/\/www.factorenergia.com\/ca\/"},{"@type":"ListItem","position":2,"name":"Factorenergia col\u00b7labora amb l\u2019Associaci\u00f3 Espanyola contra el C\u00e0ncer per impulsar la investigaci\u00f3 i la prevenci\u00f3"}]},{"@type":"WebSite","@id":"https:\/\/www.factorenergia.com\/es\/#website","url":"https:\/\/www.factorenergia.com\/es\/","name":"factorenergia","description":"factorenergia","potentialAction":[{"@type":"SearchAction","target":{"@type":"EntryPoint","urlTemplate":"https:\/\/www.factorenergia.com\/es\/?s={search_term_string}"},"query-input":"required name=search_term_string"}],"inLanguage":"ca"},{"@type":"Person","@id":"https:\/\/www.factorenergia.com\/es\/#\/schema\/person\/0393cfddedf83f56c6fa67cd7f64b4f5","name":"Equipo Transici\u00f3n Energ\u00e9tica Factorenergia","image":{"@type":"ImageObject","inLanguage":"ca","@id":"https:\/\/www.factorenergia.com\/es\/#\/schema\/person\/image\/","url":"https:\/\/secure.gravatar.com\/avatar\/80959538036dc57cad8f416d2d764870?s=96&d=mm&r=g","contentUrl":"https:\/\/secure.gravatar.com\/avatar\/80959538036dc57cad8f416d2d764870?s=96&d=mm&r=g","caption":"Equipo Transici\u00f3n Energ\u00e9tica Factorenergia"},"url":"https:\/\/www.factorenergia.com\/ca\/blog\/author\/pilar\/"}]}},"_links":{"self":[{"href":"https:\/\/www.factorenergia.com\/ca\/wp-json\/wp\/v2\/posts\/30286"}],"collection":[{"href":"https:\/\/www.factorenergia.com\/ca\/wp-json\/wp\/v2\/posts"}],"about":[{"href":"https:\/\/www.factorenergia.com\/ca\/wp-json\/wp\/v2\/types\/post"}],"author":[{"embeddable":true,"href":"https:\/\/www.factorenergia.com\/ca\/wp-json\/wp\/v2\/users\/23"}],"replies":[{"embeddable":true,"href":"https:\/\/www.factorenergia.com\/ca\/wp-json\/wp\/v2\/comments?post=30286"}],"version-history":[{"count":4,"href":"https:\/\/www.factorenergia.com\/ca\/wp-json\/wp\/v2\/posts\/30286\/revisions"}],"predecessor-version":[{"id":30290,"href":"https:\/\/www.factorenergia.com\/ca\/wp-json\/wp\/v2\/posts\/30286\/revisions\/30290"}],"wp:attachment":[{"href":"https:\/\/www.factorenergia.com\/ca\/wp-json\/wp\/v2\/media?parent=30286"}],"wp:term":[{"taxonomy":"category","embeddable":true,"href":"https:\/\/www.factorenergia.com\/ca\/wp-json\/wp\/v2\/categories?post=30286"},{"taxonomy":"post_tag","embeddable":true,"href":"https:\/\/www.factorenergia.com\/ca\/wp-json\/wp\/v2\/tags?post=30286"}],"curies":[{"name":"wp","href":"https:\/\/api.w.org\/{rel}","templated":true}]}}