{"id":30251,"date":"2025-10-10T10:49:21","date_gmt":"2025-10-10T08:49:21","guid":{"rendered":"https:\/\/www.factorenergia.com\/ca\/?p=30251"},"modified":"2025-10-10T11:10:10","modified_gmt":"2025-10-10T09:10:10","slug":"factorenergia-ha-estat-present-un-any-mes-en-el-polopark","status":"publish","type":"post","link":"https:\/\/www.factorenergia.com\/ca\/blog\/esdeveniments\/factorenergia-ha-estat-present-un-any-mes-en-el-polopark\/","title":{"rendered":"Factorenergia ha estat present un any m\u00e9s en el PoloPark"},"content":{"rendered":"<p>El <strong>PoloPark<\/strong> torna a transformar el <strong>Reial Club de Polo de Barcelona<\/strong> en un gran jard\u00ed de sensacions i tend\u00e8ncies per a tota la fam\u00edlia. Un espai \u00fanic on l\u2019<strong>energia positiva<\/strong> es respira a cada rac\u00f3 i on <strong>Factorenergia<\/strong> participa un any m\u00e9s com a <strong><em data-start=\"330\" data-end=\"348\">Official Sponsor<\/em>.<\/strong><br \/>\n&nbsp;<br \/>\nDurant els dies <strong data-start=\"367\" data-end=\"391\">del 2 al 5 d\u2019octubre<\/strong>, el recinte del Club s\u2019ha omplert de m\u00fasica en directe, gastronomia, moda i activitats pensades per a tots els p\u00fablics, consolidant-se com una de les trobades m\u00e9s esperades de la tardor barcelonina.<\/p>\n<h2>Un festival que combina oci, esport i sostenibilitat<\/h2>\n<p data-start=\"650\" data-end=\"878\">El <strong data-start=\"653\" data-end=\"665\">PoloPark<\/strong> ha reunit milers de visitants que han gaudit d\u2019actuacions musicals, un <em data-start=\"737\" data-end=\"745\">market<\/em> amb les \u00faltimes tend\u00e8ncies en moda, una \u00e0mplia oferta gastron\u00f2mica en <em data-start=\"816\" data-end=\"829\">food trucks<\/em> i espais dedicats a la innovaci\u00f3 i a la fam\u00edlia.<\/p>\n<p>&nbsp;<\/p>\n<p data-start=\"880\" data-end=\"1078\">Entre aquests, el <strong data-start=\"898\" data-end=\"911\">Pony Park<\/strong>, gestionat per l\u2019Escola H\u00edpica del Club, ha suposat el primer contacte amb el m\u00f3n eq\u00fcestre per a molts nens i nenes, refor\u00e7ant el car\u00e0cter familiar de l\u2019esdeveniment.<\/p>\n<h2>Factorenergia, aportant energia positiva a l\u2019esdeveniment<\/h2>\n<p data-start=\"1143\" data-end=\"1311\">En aquesta edici\u00f3, <strong data-start=\"1162\" data-end=\"1179\">Factorenergia<\/strong> ha tornat a participar com a <em data-start=\"1209\" data-end=\"1227\">Official Sponsor<\/em>, oferint un espai dedicat a l\u2019efici\u00e8ncia energ\u00e8tica, la sostenibilitat i l\u2019estalvi.<\/p>\n<p>&nbsp;<\/p>\n<p data-start=\"1313\" data-end=\"1590\">Al nostre <strong data-start=\"1323\" data-end=\"1336\">estand B6<\/strong>, els visitants han pogut con\u00e8ixer de primera m\u00e0 els nostres serveis de llum, gas i solucions d\u2019efici\u00e8ncia, atesos pels nostres assessors energ\u00e8tics, que han apropat propostes innovadores per millorar la qualitat de vida i optimitzar el consum energ\u00e8tic.<\/p>\n<p>&nbsp;<\/p>\n<p data-start=\"1592\" data-end=\"1907\">La nostra pres\u00e8ncia al <strong data-start=\"1615\" data-end=\"1627\">PoloPark<\/strong> reafirma el nostre comprom\u00eds amb l\u2019energia responsable, la innovaci\u00f3 i la proximitat amb les persones.<br data-start=\"1730\" data-end=\"1733\" \/>Des de <strong data-start=\"1740\" data-end=\"1757\">Factorenergia<\/strong> continuem promovent la transici\u00f3 cap a un model energ\u00e8tic m\u00e9s sostenible, participant en espais que combinen oci, esport i consci\u00e8ncia mediambiental.<\/p>\n","protected":false},"excerpt":{"rendered":"<p>El PoloPark torna a transformar el Reial Club de Polo de Barcelona en un gran jard\u00ed de sensacions i tend\u00e8ncies per a tota la fam\u00edlia. Un espai \u00fanic on l\u2019energia positiva es respira a cada rac\u00f3 i on Factorenergia participa un any m\u00e9s com a Official Sponsor. &nbsp; Durant els dies del 2 al 5 [&hellip;]<\/p>\n","protected":false},"author":23,"featured_media":0,"comment_status":"open","ping_status":"open","sticky":false,"template":"","format":"standard","meta":{"inline_featured_image":false,"footnotes":""},"categories":[181],"tags":[],"acf":{"fecha_de_la_entrada":"20251002","imagen_portada":30247,"categoria_blog":null,"tipo_de_distribuidora":null,"tiempo_lectura":"2'","banner_bool":false,"titulo_banner":"","texto_banner":"","texto_boton_banner":"","url_boton_banner":"","post_relacionados":""},"yoast_head":"<!-- This site is optimized with the Yoast SEO plugin v22.2 - https:\/\/yoast.com\/wordpress\/plugins\/seo\/ -->\n<title>Factorenergia ha estat present un any m\u00e9s en el PoloPark | factorenergia<\/title>\n<meta name=\"description\" content=\"Factorenergia ha estat present un any m\u00e9s en el PoloPark by Calvet, el festival que ha omplert el Real Club de Polo de Barcelona de m\u00fasica, gastronomia, moda i sostenibilitat. Descobreix com hem portat la nostra energia positiva a l&#039;esdeveniment m\u00e9s inspirador de l&#039;any.\" \/>\n<meta name=\"robots\" content=\"index, follow, max-snippet:-1, max-image-preview:large, max-video-preview:-1\" \/>\n<link rel=\"canonical\" href=\"https:\/\/www.factorenergia.com\/ca\/blog\/esdeveniments\/factorenergia-ha-estat-present-un-any-mes-en-el-polopark\/\" \/>\n<meta name=\"twitter:card\" content=\"summary_large_image\" \/>\n<meta name=\"twitter:title\" content=\"Factorenergia ha estat present un any m\u00e9s en el PoloPark | factorenergia\" \/>\n<meta name=\"twitter:description\" content=\"Factorenergia ha estat present un any m\u00e9s en el PoloPark by Calvet, el festival que ha omplert el Real Club de Polo de Barcelona de m\u00fasica, gastronomia, moda i sostenibilitat. Descobreix com hem portat la nostra energia positiva a l&#039;esdeveniment m\u00e9s inspirador de l&#039;any.\" \/>\n<meta name=\"twitter:creator\" content=\"@factorenergia\" \/>\n<meta name=\"twitter:site\" content=\"@factorenergia\" \/>\n<meta name=\"twitter:label1\" content=\"Written by\" \/>\n\t<meta name=\"twitter:data1\" content=\"Equipo Transici\u00f3n Energ\u00e9tica Factorenergia\" \/>\n\t<meta name=\"twitter:label2\" content=\"Est. reading time\" \/>\n\t<meta name=\"twitter:data2\" content=\"2 minutes\" \/>\n<script type=\"application\/ld+json\" class=\"yoast-schema-graph\">{\"@context\":\"https:\/\/schema.org\",\"@graph\":[{\"@type\":\"WebPage\",\"@id\":\"https:\/\/www.factorenergia.com\/ca\/blog\/esdeveniments\/factorenergia-ha-estat-present-un-any-mes-en-el-polopark\/\",\"url\":\"https:\/\/www.factorenergia.com\/ca\/blog\/esdeveniments\/factorenergia-ha-estat-present-un-any-mes-en-el-polopark\/\",\"name\":\"Factorenergia ha estat present un any m\u00e9s en el PoloPark | factorenergia\",\"isPartOf\":{\"@id\":\"https:\/\/www.factorenergia.com\/es\/#website\"},\"datePublished\":\"2025-10-10T08:49:21+00:00\",\"dateModified\":\"2025-10-10T09:10:10+00:00\",\"author\":{\"@id\":\"https:\/\/www.factorenergia.com\/es\/#\/schema\/person\/0393cfddedf83f56c6fa67cd7f64b4f5\"},\"description\":\"Factorenergia ha estat present un any m\u00e9s en el PoloPark by Calvet, el festival que ha omplert el Real Club de Polo de Barcelona de m\u00fasica, gastronomia, moda i sostenibilitat. Descobreix com hem portat la nostra energia positiva a l'esdeveniment m\u00e9s inspirador de l'any.\",\"breadcrumb\":{\"@id\":\"https:\/\/www.factorenergia.com\/ca\/blog\/esdeveniments\/factorenergia-ha-estat-present-un-any-mes-en-el-polopark\/#breadcrumb\"},\"inLanguage\":\"ca\",\"potentialAction\":[{\"@type\":\"ReadAction\",\"target\":[\"https:\/\/www.factorenergia.com\/ca\/blog\/esdeveniments\/factorenergia-ha-estat-present-un-any-mes-en-el-polopark\/\"]}]},{\"@type\":\"BreadcrumbList\",\"@id\":\"https:\/\/www.factorenergia.com\/ca\/blog\/esdeveniments\/factorenergia-ha-estat-present-un-any-mes-en-el-polopark\/#breadcrumb\",\"itemListElement\":[{\"@type\":\"ListItem\",\"position\":1,\"name\":\"Portada\",\"item\":\"https:\/\/www.factorenergia.com\/ca\/\"},{\"@type\":\"ListItem\",\"position\":2,\"name\":\"Factorenergia ha estat present un any m\u00e9s en el PoloPark\"}]},{\"@type\":\"WebSite\",\"@id\":\"https:\/\/www.factorenergia.com\/es\/#website\",\"url\":\"https:\/\/www.factorenergia.com\/es\/\",\"name\":\"factorenergia\",\"description\":\"factorenergia\",\"potentialAction\":[{\"@type\":\"SearchAction\",\"target\":{\"@type\":\"EntryPoint\",\"urlTemplate\":\"https:\/\/www.factorenergia.com\/es\/?s={search_term_string}\"},\"query-input\":\"required name=search_term_string\"}],\"inLanguage\":\"ca\"},{\"@type\":\"Person\",\"@id\":\"https:\/\/www.factorenergia.com\/es\/#\/schema\/person\/0393cfddedf83f56c6fa67cd7f64b4f5\",\"name\":\"Equipo Transici\u00f3n Energ\u00e9tica Factorenergia\",\"image\":{\"@type\":\"ImageObject\",\"inLanguage\":\"ca\",\"@id\":\"https:\/\/www.factorenergia.com\/es\/#\/schema\/person\/image\/\",\"url\":\"https:\/\/secure.gravatar.com\/avatar\/80959538036dc57cad8f416d2d764870?s=96&d=mm&r=g\",\"contentUrl\":\"https:\/\/secure.gravatar.com\/avatar\/80959538036dc57cad8f416d2d764870?s=96&d=mm&r=g\",\"caption\":\"Equipo Transici\u00f3n Energ\u00e9tica Factorenergia\"},\"url\":\"https:\/\/www.factorenergia.com\/ca\/blog\/author\/pilar\/\"}]}<\/script>\n<!-- \/ Yoast SEO plugin. -->","yoast_head_json":{"title":"Factorenergia ha estat present un any m\u00e9s en el PoloPark | factorenergia","description":"Factorenergia ha estat present un any m\u00e9s en el PoloPark by Calvet, el festival que ha omplert el Real Club de Polo de Barcelona de m\u00fasica, gastronomia, moda i sostenibilitat. Descobreix com hem portat la nostra energia positiva a l'esdeveniment m\u00e9s inspirador de l'any.","robots":{"index":"index","follow":"follow","max-snippet":"max-snippet:-1","max-image-preview":"max-image-preview:large","max-video-preview":"max-video-preview:-1"},"canonical":"https:\/\/www.factorenergia.com\/ca\/blog\/esdeveniments\/factorenergia-ha-estat-present-un-any-mes-en-el-polopark\/","twitter_card":"summary_large_image","twitter_title":"Factorenergia ha estat present un any m\u00e9s en el PoloPark | factorenergia","twitter_description":"Factorenergia ha estat present un any m\u00e9s en el PoloPark by Calvet, el festival que ha omplert el Real Club de Polo de Barcelona de m\u00fasica, gastronomia, moda i sostenibilitat. Descobreix com hem portat la nostra energia positiva a l'esdeveniment m\u00e9s inspirador de l'any.","twitter_creator":"@factorenergia","twitter_site":"@factorenergia","twitter_misc":{"Written by":"Equipo Transici\u00f3n Energ\u00e9tica Factorenergia","Est. reading time":"2 minutes"},"schema":{"@context":"https:\/\/schema.org","@graph":[{"@type":"WebPage","@id":"https:\/\/www.factorenergia.com\/ca\/blog\/esdeveniments\/factorenergia-ha-estat-present-un-any-mes-en-el-polopark\/","url":"https:\/\/www.factorenergia.com\/ca\/blog\/esdeveniments\/factorenergia-ha-estat-present-un-any-mes-en-el-polopark\/","name":"Factorenergia ha estat present un any m\u00e9s en el PoloPark | factorenergia","isPartOf":{"@id":"https:\/\/www.factorenergia.com\/es\/#website"},"datePublished":"2025-10-10T08:49:21+00:00","dateModified":"2025-10-10T09:10:10+00:00","author":{"@id":"https:\/\/www.factorenergia.com\/es\/#\/schema\/person\/0393cfddedf83f56c6fa67cd7f64b4f5"},"description":"Factorenergia ha estat present un any m\u00e9s en el PoloPark by Calvet, el festival que ha omplert el Real Club de Polo de Barcelona de m\u00fasica, gastronomia, moda i sostenibilitat. Descobreix com hem portat la nostra energia positiva a l'esdeveniment m\u00e9s inspirador de l'any.","breadcrumb":{"@id":"https:\/\/www.factorenergia.com\/ca\/blog\/esdeveniments\/factorenergia-ha-estat-present-un-any-mes-en-el-polopark\/#breadcrumb"},"inLanguage":"ca","potentialAction":[{"@type":"ReadAction","target":["https:\/\/www.factorenergia.com\/ca\/blog\/esdeveniments\/factorenergia-ha-estat-present-un-any-mes-en-el-polopark\/"]}]},{"@type":"BreadcrumbList","@id":"https:\/\/www.factorenergia.com\/ca\/blog\/esdeveniments\/factorenergia-ha-estat-present-un-any-mes-en-el-polopark\/#breadcrumb","itemListElement":[{"@type":"ListItem","position":1,"name":"Portada","item":"https:\/\/www.factorenergia.com\/ca\/"},{"@type":"ListItem","position":2,"name":"Factorenergia ha estat present un any m\u00e9s en el PoloPark"}]},{"@type":"WebSite","@id":"https:\/\/www.factorenergia.com\/es\/#website","url":"https:\/\/www.factorenergia.com\/es\/","name":"factorenergia","description":"factorenergia","potentialAction":[{"@type":"SearchAction","target":{"@type":"EntryPoint","urlTemplate":"https:\/\/www.factorenergia.com\/es\/?s={search_term_string}"},"query-input":"required name=search_term_string"}],"inLanguage":"ca"},{"@type":"Person","@id":"https:\/\/www.factorenergia.com\/es\/#\/schema\/person\/0393cfddedf83f56c6fa67cd7f64b4f5","name":"Equipo Transici\u00f3n Energ\u00e9tica Factorenergia","image":{"@type":"ImageObject","inLanguage":"ca","@id":"https:\/\/www.factorenergia.com\/es\/#\/schema\/person\/image\/","url":"https:\/\/secure.gravatar.com\/avatar\/80959538036dc57cad8f416d2d764870?s=96&d=mm&r=g","contentUrl":"https:\/\/secure.gravatar.com\/avatar\/80959538036dc57cad8f416d2d764870?s=96&d=mm&r=g","caption":"Equipo Transici\u00f3n Energ\u00e9tica Factorenergia"},"url":"https:\/\/www.factorenergia.com\/ca\/blog\/author\/pilar\/"}]}},"_links":{"self":[{"href":"https:\/\/www.factorenergia.com\/ca\/wp-json\/wp\/v2\/posts\/30251"}],"collection":[{"href":"https:\/\/www.factorenergia.com\/ca\/wp-json\/wp\/v2\/posts"}],"about":[{"href":"https:\/\/www.factorenergia.com\/ca\/wp-json\/wp\/v2\/types\/post"}],"author":[{"embeddable":true,"href":"https:\/\/www.factorenergia.com\/ca\/wp-json\/wp\/v2\/users\/23"}],"replies":[{"embeddable":true,"href":"https:\/\/www.factorenergia.com\/ca\/wp-json\/wp\/v2\/comments?post=30251"}],"version-history":[{"count":7,"href":"https:\/\/www.factorenergia.com\/ca\/wp-json\/wp\/v2\/posts\/30251\/revisions"}],"predecessor-version":[{"id":30258,"href":"https:\/\/www.factorenergia.com\/ca\/wp-json\/wp\/v2\/posts\/30251\/revisions\/30258"}],"wp:attachment":[{"href":"https:\/\/www.factorenergia.com\/ca\/wp-json\/wp\/v2\/media?parent=30251"}],"wp:term":[{"taxonomy":"category","embeddable":true,"href":"https:\/\/www.factorenergia.com\/ca\/wp-json\/wp\/v2\/categories?post=30251"},{"taxonomy":"post_tag","embeddable":true,"href":"https:\/\/www.factorenergia.com\/ca\/wp-json\/wp\/v2\/tags?post=30251"}],"curies":[{"name":"wp","href":"https:\/\/api.w.org\/{rel}","templated":true}]}}