{"id":30187,"date":"2025-10-06T18:01:35","date_gmt":"2025-10-06T16:01:35","guid":{"rendered":"https:\/\/www.factorenergia.com\/ca\/?p=30187"},"modified":"2025-10-23T16:03:47","modified_gmt":"2025-10-23T14:03:47","slug":"la-teva-bateria-fisica-estalvi-i-mesura-davant-apagades","status":"publish","type":"post","link":"https:\/\/www.factorenergia.com\/ca\/blog\/eficiencia-energetica\/la-teva-bateria-fisica-estalvi-i-mesura-davant-apagades\/","title":{"rendered":"La teva bateria f\u00edsica: estalvi i mesura davant apagades"},"content":{"rendered":"<p>Cada vegada m\u00e9s empreses busquen solucions que els permetin <strong data-start=\"427\" data-end=\"489\">gestionar el consum el\u00e8ctric de manera eficient i aut\u00f2noma<\/strong>. En un context de preus variables i una transici\u00f3 energ\u00e8tica accelerada, disposar d\u2019una <strong data-start=\"578\" data-end=\"609\">bateria f\u00edsica intel\u00b7ligent<\/strong> s\u2019ha convertit en un avantatge competitiu per a qualsevol negoci.<\/p>\n<p>&nbsp;<\/p>\n<p>Les <strong data-start=\"681\" data-end=\"727\">bateries d\u2019emmagatzematge de Factorenergia<\/strong> et permeten aprofitar al m\u00e0xim l\u2019energia disponible, reduir costos i garantir un subministrament continu, fins i tot en els moments de m\u00e9s demanda.<\/p>\n<p>&nbsp;<\/p>\n<p>\ud83c\udfa5 En aquest v\u00eddeo, <strong data-start=\"897\" data-end=\"917\">Antoni Franquesa<\/strong>, director de Transici\u00f3 Energ\u00e8tica de Factorenergia, explica com funcionen les bateries i per qu\u00e8 s\u00f3n una inversi\u00f3 intel\u00b7ligent encara que no tinguis plaques solars.<\/p>\n<p>&nbsp;<\/p>\n<p><iframe loading=\"lazy\" width=\"560\" height=\"315\" src=\"https:\/\/www.youtube.com\/embed\/W0WGaqzFzsE?si=FF1EwiM4fSbT0ZdG\" title=\"YouTube video player\" frameborder=\"0\" allow=\"accelerometer; autoplay; clipboard-write; encrypted-media; gyroscope; picture-in-picture; web-share\" referrerpolicy=\"strict-origin-when-cross-origin\" allowfullscreen=\"allowfullscreen\"><\/iframe><\/p>\n<p>&nbsp;<\/p>\n<h2>\ud83d\udee1\ufe0f <strong data-start=\"782\" data-end=\"840\">Avantatge 1. Independ\u00e8ncia i protecci\u00f3 davant talls de llum<\/strong><\/h2>\n<p data-start=\"844\" data-end=\"962\">Quedar-te sense llum? Mai m\u00e9s.<br data-start=\"1187\" data-end=\"1190\" \/>La bateria f\u00edsica actua com un <strong data-start=\"1221\" data-end=\"1255\">sistema de suport intel\u00b7ligent<\/strong> que garanteix el subministrament el\u00e8ctric encara que falli la xarxa.<\/p>\n<p>&nbsp;<\/p>\n<p data-start=\"844\" data-end=\"962\">El teu negoci continuar\u00e0 funcionant fins i tot durant una interrupci\u00f3 del subministrament, ja que la bateria s\u2019activa autom\u00e0ticament per mantenir en marxa els equips essencials o tota la instal\u00b7laci\u00f3. Si, a m\u00e9s, tens plaques solars, la bateria emmagatzema l\u2019energia que generes durant el dia per utilitzar-la a la nit o en moments de m\u00e9s consum, arribant fins a un <strong data-start=\"1691\" data-end=\"1712\">90 % d\u2019autoconsum<\/strong>.<\/p>\n<p>&nbsp;<\/p>\n<p data-start=\"844\" data-end=\"962\">A m\u00e9s, disposar de la teva pr\u00f2pia reserva energ\u00e8tica contribueix a estabilitzar la xarxa, reduint-ne la c\u00e0rrega i fent el sistema m\u00e9s sostenible per a tothom.<\/p>\n<h2>\ud83d\udcb0 <strong data-start=\"1705\" data-end=\"1756\">Avantatge 2. Estalvi amb l\u2019arbitratge energ\u00e8tic<\/strong><\/h2>\n<p data-start=\"1760\" data-end=\"1932\">Les bateries intel\u00b7ligents no s\u00f3n nom\u00e9s un sistema de seguretat energ\u00e8tica; tamb\u00e9 s\u00f3n una <strong data-start=\"2028\" data-end=\"2055\">eina d\u2019estalvi avan\u00e7ada<\/strong>. Mitjan\u00e7ant l\u2019<strong data-start=\"2070\" data-end=\"2094\">arbitratge energ\u00e8tic<\/strong>, la bateria compra energia quan \u00e9s m\u00e9s barata i la utilitza quan el preu puja.<\/p>\n<p>&nbsp;<\/p>\n<p data-start=\"1760\" data-end=\"1932\">Imagina el cicle diari de consum el\u00e8ctric: durant les hores de sol, l\u2019energia \u00e9s m\u00e9s econ\u00f2mica; en canvi, al vespre o durant els pics de demanda, el cost augmenta. La bateria intel\u00b7ligent de Factorenergia aprofita aquestes difer\u00e8ncies per <strong data-start=\"2416\" data-end=\"2463\">carregar-se quan l\u2019electricitat costa menys<\/strong> i <strong data-start=\"2466\" data-end=\"2507\">subministrar energia quan \u00e9s m\u00e9s cara<\/strong>, reduint considerablement la factura el\u00e8ctrica.<\/p>\n<h3 data-start=\"2557\" data-end=\"2890\"><strong data-start=\"2562\" data-end=\"2612\">Gr\u00e0fic: funcionament de l\u2019arbitratge energ\u00e8tic<\/strong><\/h3>\n<p data-start=\"2557\" data-end=\"2890\">La imatge seg\u00fcent mostra com la bateria es carrega autom\u00e0ticament en les hores barates (groc) i es descarrega en les hores cares (blau), coincidint amb els pics de consum del negoci.<br data-start=\"2797\" data-end=\"2800\" \/><em data-start=\"2800\" data-end=\"2890\">Estalvi mitj\u00e0 del 20 % a la factura el\u00e8ctrica gr\u00e0cies a l\u2019\u00fas intel\u00b7ligent de la bateria.<\/em><\/p>\n<p data-start=\"2557\" data-end=\"2890\">\n<p>&nbsp;<\/p>\n<p><a href=\"https:\/\/www.factorenergia.com\/wp-content\/uploads\/2025\/10\/Imagenes-de-entradas-del-blog-17.jpg\"><picture><source srcset=\"https:\/\/www.factorenergia.com\/wp-content\/webp-express\/webp-images\/uploads\/2025\/10\/Imagenes-de-entradas-del-blog-17-1024x576.jpg.webp 1024w, https:\/\/www.factorenergia.com\/wp-content\/webp-express\/webp-images\/uploads\/2025\/10\/Imagenes-de-entradas-del-blog-17-300x169.jpg.webp 300w, https:\/\/www.factorenergia.com\/wp-content\/webp-express\/webp-images\/uploads\/2025\/10\/Imagenes-de-entradas-del-blog-17-768x432.jpg.webp 768w, https:\/\/www.factorenergia.com\/wp-content\/webp-express\/webp-images\/uploads\/2025\/10\/Imagenes-de-entradas-del-blog-17-1536x864.jpg.webp 1536w, https:\/\/www.factorenergia.com\/wp-content\/webp-express\/webp-images\/uploads\/2025\/10\/Imagenes-de-entradas-del-blog-17-2048x1152.jpg.webp 2048w, https:\/\/www.factorenergia.com\/wp-content\/webp-express\/webp-images\/uploads\/2025\/10\/Imagenes-de-entradas-del-blog-17-306x172.jpg.webp 306w, https:\/\/www.factorenergia.com\/wp-content\/webp-express\/webp-images\/uploads\/2025\/10\/Imagenes-de-entradas-del-blog-17-90x51.jpg.webp 90w, https:\/\/www.factorenergia.com\/wp-content\/webp-express\/webp-images\/uploads\/2025\/10\/Imagenes-de-entradas-del-blog-17-170x96.jpg.webp 170w, https:\/\/www.factorenergia.com\/wp-content\/webp-express\/webp-images\/uploads\/2025\/10\/Imagenes-de-entradas-del-blog-17-640x360.jpg.webp 640w, https:\/\/www.factorenergia.com\/wp-content\/webp-express\/webp-images\/uploads\/2025\/10\/Imagenes-de-entradas-del-blog-17-500x281.jpg.webp 500w\" sizes=\"(max-width: 1024px) 100vw, 1024px\" type=\"image\/webp\"><img loading=\"lazy\" decoding=\"async\" src=\"https:\/\/www.factorenergia.com\/wp-content\/uploads\/2025\/10\/Imagenes-de-entradas-del-blog-17-1024x576.jpg\" alt=\"C\u00e0rrega bateria f\u00edsica\" width=\"1024\" height=\"576\" class=\"alignnone wp-image-30348 size-large webpexpress-processed\" srcset=\"https:\/\/www.factorenergia.com\/wp-content\/uploads\/2025\/10\/Imagenes-de-entradas-del-blog-17-1024x576.jpg 1024w, https:\/\/www.factorenergia.com\/wp-content\/uploads\/2025\/10\/Imagenes-de-entradas-del-blog-17-300x169.jpg 300w, https:\/\/www.factorenergia.com\/wp-content\/uploads\/2025\/10\/Imagenes-de-entradas-del-blog-17-768x432.jpg 768w, https:\/\/www.factorenergia.com\/wp-content\/uploads\/2025\/10\/Imagenes-de-entradas-del-blog-17-1536x864.jpg 1536w, https:\/\/www.factorenergia.com\/wp-content\/uploads\/2025\/10\/Imagenes-de-entradas-del-blog-17-2048x1152.jpg 2048w, https:\/\/www.factorenergia.com\/wp-content\/uploads\/2025\/10\/Imagenes-de-entradas-del-blog-17-306x172.jpg 306w, https:\/\/www.factorenergia.com\/wp-content\/uploads\/2025\/10\/Imagenes-de-entradas-del-blog-17-90x51.jpg 90w, https:\/\/www.factorenergia.com\/wp-content\/uploads\/2025\/10\/Imagenes-de-entradas-del-blog-17-170x96.jpg 170w, https:\/\/www.factorenergia.com\/wp-content\/uploads\/2025\/10\/Imagenes-de-entradas-del-blog-17-640x360.jpg 640w, https:\/\/www.factorenergia.com\/wp-content\/uploads\/2025\/10\/Imagenes-de-entradas-del-blog-17-500x281.jpg 500w\" sizes=\"(max-width: 1024px) 100vw, 1024px\"><\/picture><\/a><\/p>\n<p>&nbsp;<\/p>\n<p data-start=\"3013\" data-end=\"3458\">Si no disposes d\u2019una instal\u00b7laci\u00f3 solar, pots programar la bateria perqu\u00e8 es carregui autom\u00e0ticament durant les hores de menor cost. Despr\u00e9s, utilitzar\u00e0s aquesta energia emmagatzemada durant les hores punta, quan l\u2019electricitat \u00e9s m\u00e9s cara o el teu consum \u00e9s m\u00e9s alt. Aquesta gesti\u00f3 automatitzada permet aconseguir fins a un <strong data-start=\"3338\" data-end=\"3380\">20 % d\u2019estalvi en la factura el\u00e8ctrica<\/strong>, accelerant el retorn de la inversi\u00f3 i millorant l\u2019efici\u00e8ncia del teu negoci.<\/p>\n<h2 data-start=\"2681\" data-end=\"2745\">\ud83d\udcc8 <strong data-start=\"2684\" data-end=\"2743\">Avantatge 3. M\u00e9s valor i m\u00e9s efici\u00e8ncia per a casa teva<\/strong><\/h2>\n<p data-start=\"3527\" data-end=\"3785\">Aprofitar al m\u00e0xim l\u2019energia disponible redueix p\u00e8rdues i converteix la teva empresa en un referent d\u2019efici\u00e8ncia energ\u00e8tica. La instal\u00b7laci\u00f3 \u00e9s senzilla i no requereix obres complexes ni plaques solars. En nom\u00e9s un dia, la teva bateria pot estar operativa.<\/p>\n<p>&nbsp;<\/p>\n<p data-start=\"3787\" data-end=\"4151\">Factorenergia s\u2019encarrega de tot: l\u2019estudi energ\u00e8tic, la instal\u00b7laci\u00f3 i el manteniment, deixant el sistema totalment configurat perqu\u00e8 nom\u00e9s hagis de gaudir del resultat. A m\u00e9s, oferim <strong data-start=\"3972\" data-end=\"4003\">plans de finan\u00e7ament a mida<\/strong>, adaptats a les necessitats de cada empresa, i t\u2019ajudem a accedir a <strong data-start=\"4072\" data-end=\"4108\">subvencions i programes d\u2019ajudes<\/strong> que fan la inversi\u00f3 encara m\u00e9s accessible.<\/p>\n<h2 data-start=\"3091\" data-end=\"3125\"><strong data-start=\"3094\" data-end=\"3123\">En resum: pren el control<\/strong><\/h2>\n<p data-start=\"4222\" data-end=\"4511\">n un entorn energ\u00e8tic cada vegada m\u00e9s canviant, <strong data-start=\"4271\" data-end=\"4324\">la independ\u00e8ncia energ\u00e8tica \u00e9s la millor inversi\u00f3<\/strong>. Les bateries f\u00edsiques de Factorenergia t\u2019ofereixen seguretat, estalvi i efici\u00e8ncia, convertint-se en l\u2019eina m\u00e9s potent per optimitzar la factura i protegir l\u2019activitat del teu negoci.<\/p>\n<p>&nbsp;<\/p>\n<p data-start=\"4513\" data-end=\"4710\">Demana ara la teva <strong data-start=\"4532\" data-end=\"4571\">proposta gratu\u00efta i sense comprom\u00eds<\/strong>. En menys de 48 hores t\u2019explicarem com una bateria intel\u00b7ligent pot millorar el teu consum i garantir la continu\u00eftat de la teva empresa.<\/p>\n<p data-start=\"4712\" data-end=\"4774\"><strong data-start=\"4712\" data-end=\"4774\">M\u00e9s estalvi. M\u00e9s seguretat. M\u00e9s energia per al teu negoci.<\/strong><\/p>\n<p>&nbsp;<\/p>\n<p data-start=\"3374\" data-end=\"3418\">Si vols saber-ne m\u00e9s,<a href=\"https:\/\/www.factorenergia.com\/ca\/plaques-solars\/bateria-solar\/\"> aqu\u00ed<\/a> t\u2019ho expliquem.<\/p>\n","protected":false},"excerpt":{"rendered":"<p>Cada vegada m\u00e9s empreses busquen solucions que els permetin gestionar el consum el\u00e8ctric de manera eficient i aut\u00f2noma. En un context de preus variables i una transici\u00f3 energ\u00e8tica accelerada, disposar d\u2019una bateria f\u00edsica intel\u00b7ligent s\u2019ha convertit en un avantatge competitiu per a qualsevol negoci. &nbsp; Les bateries d\u2019emmagatzematge de Factorenergia et permeten aprofitar al m\u00e0xim [&hellip;]<\/p>\n","protected":false},"author":23,"featured_media":0,"comment_status":"open","ping_status":"open","sticky":false,"template":"","format":"standard","meta":{"inline_featured_image":false,"footnotes":""},"categories":[56],"tags":[],"acf":{"fecha_de_la_entrada":"20251006","imagen_portada":30188,"categoria_blog":null,"tipo_de_distribuidora":null,"tiempo_lectura":"2'","banner_bool":false,"titulo_banner":"","texto_banner":"","texto_boton_banner":"","url_boton_banner":"","post_relacionados":""},"yoast_head":"<!-- This site is optimized with the Yoast SEO plugin v22.2 - https:\/\/yoast.com\/wordpress\/plugins\/seo\/ -->\n<title>La teva bateria f\u00edsica: estalvi i mesura davant apagades | factorenergia<\/title>\n<meta name=\"description\" content=\"Bateria f\u00edsica \u00e9s l&#039;escut contra possibles apagades i una eina d&#039;estalvi intel\u00b7ligent. Descobreix com maximitza el teu autoconsum amb FactorEnergia.\" \/>\n<meta name=\"robots\" content=\"index, follow, max-snippet:-1, max-image-preview:large, max-video-preview:-1\" \/>\n<link rel=\"canonical\" href=\"https:\/\/www.factorenergia.com\/ca\/blog\/eficiencia-energetica\/la-teva-bateria-fisica-estalvi-i-mesura-davant-apagades\/\" \/>\n<meta name=\"twitter:card\" content=\"summary_large_image\" \/>\n<meta name=\"twitter:title\" content=\"La teva bateria f\u00edsica: estalvi i mesura davant apagades | factorenergia\" \/>\n<meta name=\"twitter:description\" content=\"Bateria f\u00edsica \u00e9s l&#039;escut contra possibles apagades i una eina d&#039;estalvi intel\u00b7ligent. Descobreix com maximitza el teu autoconsum amb FactorEnergia.\" \/>\n<meta name=\"twitter:image\" content=\"https:\/\/www.factorenergia.com\/wp-content\/uploads\/2025\/10\/Imagenes-de-entradas-del-blog-17-1024x576.jpg\" \/>\n<meta name=\"twitter:creator\" content=\"@factorenergia\" \/>\n<meta name=\"twitter:site\" content=\"@factorenergia\" \/>\n<meta name=\"twitter:label1\" content=\"Written by\" \/>\n\t<meta name=\"twitter:data1\" content=\"Equipo Transici\u00f3n Energ\u00e9tica Factorenergia\" \/>\n\t<meta name=\"twitter:label2\" content=\"Est. reading time\" \/>\n\t<meta name=\"twitter:data2\" content=\"4 minutes\" \/>\n<script type=\"application\/ld+json\" class=\"yoast-schema-graph\">{\"@context\":\"https:\/\/schema.org\",\"@graph\":[{\"@type\":\"WebPage\",\"@id\":\"https:\/\/www.factorenergia.com\/ca\/blog\/eficiencia-energetica\/la-teva-bateria-fisica-estalvi-i-mesura-davant-apagades\/\",\"url\":\"https:\/\/www.factorenergia.com\/ca\/blog\/eficiencia-energetica\/la-teva-bateria-fisica-estalvi-i-mesura-davant-apagades\/\",\"name\":\"La teva bateria f\u00edsica: estalvi i mesura davant apagades | factorenergia\",\"isPartOf\":{\"@id\":\"https:\/\/www.factorenergia.com\/es\/#website\"},\"primaryImageOfPage\":{\"@id\":\"https:\/\/www.factorenergia.com\/ca\/blog\/eficiencia-energetica\/la-teva-bateria-fisica-estalvi-i-mesura-davant-apagades\/#primaryimage\"},\"image\":{\"@id\":\"https:\/\/www.factorenergia.com\/ca\/blog\/eficiencia-energetica\/la-teva-bateria-fisica-estalvi-i-mesura-davant-apagades\/#primaryimage\"},\"thumbnailUrl\":\"https:\/\/www.factorenergia.com\/wp-content\/uploads\/2025\/10\/Imagenes-de-entradas-del-blog-17-1024x576.jpg\",\"datePublished\":\"2025-10-06T16:01:35+00:00\",\"dateModified\":\"2025-10-23T14:03:47+00:00\",\"author\":{\"@id\":\"https:\/\/www.factorenergia.com\/es\/#\/schema\/person\/0393cfddedf83f56c6fa67cd7f64b4f5\"},\"description\":\"Bateria f\u00edsica \u00e9s l'escut contra possibles apagades i una eina d'estalvi intel\u00b7ligent. Descobreix com maximitza el teu autoconsum amb FactorEnergia.\",\"breadcrumb\":{\"@id\":\"https:\/\/www.factorenergia.com\/ca\/blog\/eficiencia-energetica\/la-teva-bateria-fisica-estalvi-i-mesura-davant-apagades\/#breadcrumb\"},\"inLanguage\":\"ca\",\"potentialAction\":[{\"@type\":\"ReadAction\",\"target\":[\"https:\/\/www.factorenergia.com\/ca\/blog\/eficiencia-energetica\/la-teva-bateria-fisica-estalvi-i-mesura-davant-apagades\/\"]}]},{\"@type\":\"ImageObject\",\"inLanguage\":\"ca\",\"@id\":\"https:\/\/www.factorenergia.com\/ca\/blog\/eficiencia-energetica\/la-teva-bateria-fisica-estalvi-i-mesura-davant-apagades\/#primaryimage\",\"url\":\"https:\/\/www.factorenergia.com\/wp-content\/uploads\/2025\/10\/Imagenes-de-entradas-del-blog-17-1024x576.jpg\",\"contentUrl\":\"https:\/\/www.factorenergia.com\/wp-content\/uploads\/2025\/10\/Imagenes-de-entradas-del-blog-17-1024x576.jpg\"},{\"@type\":\"BreadcrumbList\",\"@id\":\"https:\/\/www.factorenergia.com\/ca\/blog\/eficiencia-energetica\/la-teva-bateria-fisica-estalvi-i-mesura-davant-apagades\/#breadcrumb\",\"itemListElement\":[{\"@type\":\"ListItem\",\"position\":1,\"name\":\"Portada\",\"item\":\"https:\/\/www.factorenergia.com\/ca\/\"},{\"@type\":\"ListItem\",\"position\":2,\"name\":\"La teva bateria f\u00edsica: estalvi i mesura davant apagades\"}]},{\"@type\":\"WebSite\",\"@id\":\"https:\/\/www.factorenergia.com\/es\/#website\",\"url\":\"https:\/\/www.factorenergia.com\/es\/\",\"name\":\"factorenergia\",\"description\":\"factorenergia\",\"potentialAction\":[{\"@type\":\"SearchAction\",\"target\":{\"@type\":\"EntryPoint\",\"urlTemplate\":\"https:\/\/www.factorenergia.com\/es\/?s={search_term_string}\"},\"query-input\":\"required name=search_term_string\"}],\"inLanguage\":\"ca\"},{\"@type\":\"Person\",\"@id\":\"https:\/\/www.factorenergia.com\/es\/#\/schema\/person\/0393cfddedf83f56c6fa67cd7f64b4f5\",\"name\":\"Equipo Transici\u00f3n Energ\u00e9tica Factorenergia\",\"image\":{\"@type\":\"ImageObject\",\"inLanguage\":\"ca\",\"@id\":\"https:\/\/www.factorenergia.com\/es\/#\/schema\/person\/image\/\",\"url\":\"https:\/\/secure.gravatar.com\/avatar\/80959538036dc57cad8f416d2d764870?s=96&d=mm&r=g\",\"contentUrl\":\"https:\/\/secure.gravatar.com\/avatar\/80959538036dc57cad8f416d2d764870?s=96&d=mm&r=g\",\"caption\":\"Equipo Transici\u00f3n Energ\u00e9tica Factorenergia\"},\"url\":\"https:\/\/www.factorenergia.com\/ca\/blog\/author\/pilar\/\"}]}<\/script>\n<!-- \/ Yoast SEO plugin. -->","yoast_head_json":{"title":"La teva bateria f\u00edsica: estalvi i mesura davant apagades | factorenergia","description":"Bateria f\u00edsica \u00e9s l'escut contra possibles apagades i una eina d'estalvi intel\u00b7ligent. Descobreix com maximitza el teu autoconsum amb FactorEnergia.","robots":{"index":"index","follow":"follow","max-snippet":"max-snippet:-1","max-image-preview":"max-image-preview:large","max-video-preview":"max-video-preview:-1"},"canonical":"https:\/\/www.factorenergia.com\/ca\/blog\/eficiencia-energetica\/la-teva-bateria-fisica-estalvi-i-mesura-davant-apagades\/","twitter_card":"summary_large_image","twitter_title":"La teva bateria f\u00edsica: estalvi i mesura davant apagades | factorenergia","twitter_description":"Bateria f\u00edsica \u00e9s l'escut contra possibles apagades i una eina d'estalvi intel\u00b7ligent. Descobreix com maximitza el teu autoconsum amb FactorEnergia.","twitter_image":"https:\/\/www.factorenergia.com\/wp-content\/uploads\/2025\/10\/Imagenes-de-entradas-del-blog-17-1024x576.jpg","twitter_creator":"@factorenergia","twitter_site":"@factorenergia","twitter_misc":{"Written by":"Equipo Transici\u00f3n Energ\u00e9tica Factorenergia","Est. reading time":"4 minutes"},"schema":{"@context":"https:\/\/schema.org","@graph":[{"@type":"WebPage","@id":"https:\/\/www.factorenergia.com\/ca\/blog\/eficiencia-energetica\/la-teva-bateria-fisica-estalvi-i-mesura-davant-apagades\/","url":"https:\/\/www.factorenergia.com\/ca\/blog\/eficiencia-energetica\/la-teva-bateria-fisica-estalvi-i-mesura-davant-apagades\/","name":"La teva bateria f\u00edsica: estalvi i mesura davant apagades | factorenergia","isPartOf":{"@id":"https:\/\/www.factorenergia.com\/es\/#website"},"primaryImageOfPage":{"@id":"https:\/\/www.factorenergia.com\/ca\/blog\/eficiencia-energetica\/la-teva-bateria-fisica-estalvi-i-mesura-davant-apagades\/#primaryimage"},"image":{"@id":"https:\/\/www.factorenergia.com\/ca\/blog\/eficiencia-energetica\/la-teva-bateria-fisica-estalvi-i-mesura-davant-apagades\/#primaryimage"},"thumbnailUrl":"https:\/\/www.factorenergia.com\/wp-content\/uploads\/2025\/10\/Imagenes-de-entradas-del-blog-17-1024x576.jpg","datePublished":"2025-10-06T16:01:35+00:00","dateModified":"2025-10-23T14:03:47+00:00","author":{"@id":"https:\/\/www.factorenergia.com\/es\/#\/schema\/person\/0393cfddedf83f56c6fa67cd7f64b4f5"},"description":"Bateria f\u00edsica \u00e9s l'escut contra possibles apagades i una eina d'estalvi intel\u00b7ligent. Descobreix com maximitza el teu autoconsum amb FactorEnergia.","breadcrumb":{"@id":"https:\/\/www.factorenergia.com\/ca\/blog\/eficiencia-energetica\/la-teva-bateria-fisica-estalvi-i-mesura-davant-apagades\/#breadcrumb"},"inLanguage":"ca","potentialAction":[{"@type":"ReadAction","target":["https:\/\/www.factorenergia.com\/ca\/blog\/eficiencia-energetica\/la-teva-bateria-fisica-estalvi-i-mesura-davant-apagades\/"]}]},{"@type":"ImageObject","inLanguage":"ca","@id":"https:\/\/www.factorenergia.com\/ca\/blog\/eficiencia-energetica\/la-teva-bateria-fisica-estalvi-i-mesura-davant-apagades\/#primaryimage","url":"https:\/\/www.factorenergia.com\/wp-content\/uploads\/2025\/10\/Imagenes-de-entradas-del-blog-17-1024x576.jpg","contentUrl":"https:\/\/www.factorenergia.com\/wp-content\/uploads\/2025\/10\/Imagenes-de-entradas-del-blog-17-1024x576.jpg"},{"@type":"BreadcrumbList","@id":"https:\/\/www.factorenergia.com\/ca\/blog\/eficiencia-energetica\/la-teva-bateria-fisica-estalvi-i-mesura-davant-apagades\/#breadcrumb","itemListElement":[{"@type":"ListItem","position":1,"name":"Portada","item":"https:\/\/www.factorenergia.com\/ca\/"},{"@type":"ListItem","position":2,"name":"La teva bateria f\u00edsica: estalvi i mesura davant apagades"}]},{"@type":"WebSite","@id":"https:\/\/www.factorenergia.com\/es\/#website","url":"https:\/\/www.factorenergia.com\/es\/","name":"factorenergia","description":"factorenergia","potentialAction":[{"@type":"SearchAction","target":{"@type":"EntryPoint","urlTemplate":"https:\/\/www.factorenergia.com\/es\/?s={search_term_string}"},"query-input":"required name=search_term_string"}],"inLanguage":"ca"},{"@type":"Person","@id":"https:\/\/www.factorenergia.com\/es\/#\/schema\/person\/0393cfddedf83f56c6fa67cd7f64b4f5","name":"Equipo Transici\u00f3n Energ\u00e9tica Factorenergia","image":{"@type":"ImageObject","inLanguage":"ca","@id":"https:\/\/www.factorenergia.com\/es\/#\/schema\/person\/image\/","url":"https:\/\/secure.gravatar.com\/avatar\/80959538036dc57cad8f416d2d764870?s=96&d=mm&r=g","contentUrl":"https:\/\/secure.gravatar.com\/avatar\/80959538036dc57cad8f416d2d764870?s=96&d=mm&r=g","caption":"Equipo Transici\u00f3n Energ\u00e9tica Factorenergia"},"url":"https:\/\/www.factorenergia.com\/ca\/blog\/author\/pilar\/"}]}},"_links":{"self":[{"href":"https:\/\/www.factorenergia.com\/ca\/wp-json\/wp\/v2\/posts\/30187"}],"collection":[{"href":"https:\/\/www.factorenergia.com\/ca\/wp-json\/wp\/v2\/posts"}],"about":[{"href":"https:\/\/www.factorenergia.com\/ca\/wp-json\/wp\/v2\/types\/post"}],"author":[{"embeddable":true,"href":"https:\/\/www.factorenergia.com\/ca\/wp-json\/wp\/v2\/users\/23"}],"replies":[{"embeddable":true,"href":"https:\/\/www.factorenergia.com\/ca\/wp-json\/wp\/v2\/comments?post=30187"}],"version-history":[{"count":13,"href":"https:\/\/www.factorenergia.com\/ca\/wp-json\/wp\/v2\/posts\/30187\/revisions"}],"predecessor-version":[{"id":30357,"href":"https:\/\/www.factorenergia.com\/ca\/wp-json\/wp\/v2\/posts\/30187\/revisions\/30357"}],"wp:attachment":[{"href":"https:\/\/www.factorenergia.com\/ca\/wp-json\/wp\/v2\/media?parent=30187"}],"wp:term":[{"taxonomy":"category","embeddable":true,"href":"https:\/\/www.factorenergia.com\/ca\/wp-json\/wp\/v2\/categories?post=30187"},{"taxonomy":"post_tag","embeddable":true,"href":"https:\/\/www.factorenergia.com\/ca\/wp-json\/wp\/v2\/tags?post=30187"}],"curies":[{"name":"wp","href":"https:\/\/api.w.org\/{rel}","templated":true}]}}