{"id":2981,"date":"2017-02-21T14:09:25","date_gmt":"2017-02-21T12:09:25","guid":{"rendered":"https:\/\/www.factorenergia.com\/ca\/?post_type=blog&#038;p=2981"},"modified":"2023-01-23T12:31:34","modified_gmt":"2023-01-23T10:31:34","slug":"turbina-mes-gran-mon-estalvi-energetic","status":"publish","type":"post","link":"https:\/\/www.factorenergia.com\/ca\/blog\/histories-positives\/turbina-mes-gran-mon-estalvi-energetic\/","title":{"rendered":"La turbina m\u00e9s gran del m\u00f3n i l\u2019 estalvi energ\u00e8tic"},"content":{"rendered":"<p><span style=\"color: #000000;\">La turbina m\u00e9s gran del m\u00f3n, d\u2019origen dan\u00e8s, ha batut el r\u00e8cord de generaci\u00f3 d\u2019energia en 24 hores deixant una gran oportunitat al sector de l\u2019 estalvi energ\u00e8tic. El \u201cmacromol\u00ed\u201d <strong>ha estat capa\u00e7 de produir 216.000 kWh <\/strong>per a \u00fas comercial en la seva primera prova.<\/span><\/p>\n<h2><span style=\"color: #000000;\">Estalvi energ\u00e8tic \u2013 e\u00f2lica danesa<\/span><\/h2>\n<p><span style=\"color: #000000;\">La prova es va fer aquest passat 1 de desembre al Mar del Nord i el resultat va ser una xifra mai abans vista. <strong>L\u2019aerogenerador \u00e9s capa\u00e7 d\u2019arribar als 9 MW de pot\u00e8ncia<\/strong> segons les condicions; el que vol dir que seria capa\u00e7 de subministrar l\u2019electricitat d\u2019una vivenda mitja durant m\u00e9s de 60 anys.<\/span><\/p>\n<p><span style=\"color: #000000;\">Tal s\u00f3n el seu volum i envergadura que la pr\u00f2pia empresa fabricant va publicar el 2013 un v\u00eddeo comparant el model de mol\u00ed anterior al que ha batut el r\u00e8cord, amb el London Eye, o amb els gratacels de la City de Londres. Al 2014, una versi\u00f3 anterior a la turbina va batre r\u00e8cords de generaci\u00f3, i en aquell moment s\u2019estimava que era capa\u00e7 d\u2019alimentar unes 16.000 llars brit\u00e0niques.<\/span><\/p>\n<h2><span style=\"color: #000000;\">Oportunitats per a una turbina de r\u00e8cord<\/span><\/h2>\n<p><span style=\"color: #000000;\">Es probable, diuen els responsables del generador e\u00f2lic, que<strong> es pugui reduir el cost de la producci\u00f3 energ\u00e8tica<\/strong> amb invents com aquest, i la veritat \u00e9s que es tracta d\u2019una certa esperan\u00e7a per a l\u2019<a href=\"https:\/\/www.factorenergia.com\/ca\/blog\/apren-a-estalviar\/consells-per-estalviar-energia-casa\/\" target=\"_blank\" rel=\"noopener\">estalvi energ\u00e8tic<\/a> tant des del punt de vista dom\u00e8stic com de, per exemple, el subministrament de l\u2019enllumenat p\u00fablic.<\/span><\/p>\n<p><span style=\"color: #000000;\">Es tracta d\u2019una producci\u00f3 enorme de generaci\u00f3 neta, el que deixa clar que les energies renovables poden tenir m\u00e9s potencial del que se\u2019ls hi pressuposava.<\/span><\/p>\n<p>&nbsp;<\/p>\n","protected":false},"excerpt":{"rendered":"<p>La turbina e\u00f2lica m\u00e9s gran del m\u00f3n ha batut r\u00e8cords de generaci\u00f3 i pot suposar un gran canvi per l&#8217; estalvi energ\u00e8tic.<\/p>\n","protected":false},"author":17,"featured_media":0,"comment_status":"closed","ping_status":"closed","sticky":false,"template":"","format":"standard","meta":{"inline_featured_image":false,"footnotes":""},"categories":[58],"tags":[],"acf":{"fecha_de_la_entrada":"20170217","imagen_portada":2982,"categoria_blog":58,"tipo_de_distribuidora":null,"tiempo_lectura":"","banner_bool":false,"titulo_banner":"","texto_banner":"","texto_boton_banner":"","url_boton_banner":"","post_relacionados":null},"yoast_head":"<!-- This site is optimized with the Yoast SEO plugin v22.2 - https:\/\/yoast.com\/wordpress\/plugins\/seo\/ -->\n<title>La turbina m\u00e9s gran del m\u00f3n i l\u2019 estalvi energ\u00e8tic | factorenergia<\/title>\n<meta name=\"description\" content=\"La turbina e\u00f2lica m\u00e9s gran del m\u00f3n ha batut r\u00e8cords de generaci\u00f3 i pot suposar un gran canvi per l&#039; estalvi energ\u00e8tic. Estalvi energ\u00e8tic per energia neta.\" \/>\n<meta name=\"robots\" content=\"index, follow, max-snippet:-1, max-image-preview:large, max-video-preview:-1\" \/>\n<link rel=\"canonical\" href=\"https:\/\/www.factorenergia.com\/ca\/blog\/histories-positives\/turbina-mes-gran-mon-estalvi-energetic\/\" \/>\n<meta name=\"twitter:card\" content=\"summary_large_image\" \/>\n<meta name=\"twitter:title\" content=\"La turbina m\u00e9s gran del m\u00f3n i l\u2019 estalvi energ\u00e8tic | factorenergia\" \/>\n<meta name=\"twitter:description\" content=\"La turbina e\u00f2lica m\u00e9s gran del m\u00f3n ha batut r\u00e8cords de generaci\u00f3 i pot suposar un gran canvi per l&#039; estalvi energ\u00e8tic. Estalvi energ\u00e8tic per energia neta.\" \/>\n<meta name=\"twitter:creator\" content=\"@factorenergia\" \/>\n<meta name=\"twitter:site\" content=\"@factorenergia\" \/>\n<meta name=\"twitter:label1\" content=\"Written by\" \/>\n\t<meta name=\"twitter:data1\" content=\"Equipo Transici\u00f3n Energ\u00e9tica Factorenergia\" \/>\n\t<meta name=\"twitter:label2\" content=\"Est. reading time\" \/>\n\t<meta name=\"twitter:data2\" content=\"2 minutes\" \/>\n<script type=\"application\/ld+json\" class=\"yoast-schema-graph\">{\"@context\":\"https:\/\/schema.org\",\"@graph\":[{\"@type\":\"WebPage\",\"@id\":\"https:\/\/www.factorenergia.com\/ca\/blog\/histories-positives\/turbina-mes-gran-mon-estalvi-energetic\/\",\"url\":\"https:\/\/www.factorenergia.com\/ca\/blog\/histories-positives\/turbina-mes-gran-mon-estalvi-energetic\/\",\"name\":\"La turbina m\u00e9s gran del m\u00f3n i l\u2019 estalvi energ\u00e8tic | factorenergia\",\"isPartOf\":{\"@id\":\"https:\/\/www.factorenergia.com\/es\/#website\"},\"datePublished\":\"2017-02-21T12:09:25+00:00\",\"dateModified\":\"2023-01-23T10:31:34+00:00\",\"author\":{\"@id\":\"https:\/\/www.factorenergia.com\/es\/#\/schema\/person\/dff9e4b6dc520720e3a37bdaaedc5841\"},\"description\":\"La turbina e\u00f2lica m\u00e9s gran del m\u00f3n ha batut r\u00e8cords de generaci\u00f3 i pot suposar un gran canvi per l' estalvi energ\u00e8tic. Estalvi energ\u00e8tic per energia neta.\",\"breadcrumb\":{\"@id\":\"https:\/\/www.factorenergia.com\/ca\/blog\/histories-positives\/turbina-mes-gran-mon-estalvi-energetic\/#breadcrumb\"},\"inLanguage\":\"ca\",\"potentialAction\":[{\"@type\":\"ReadAction\",\"target\":[\"https:\/\/www.factorenergia.com\/ca\/blog\/histories-positives\/turbina-mes-gran-mon-estalvi-energetic\/\"]}]},{\"@type\":\"BreadcrumbList\",\"@id\":\"https:\/\/www.factorenergia.com\/ca\/blog\/histories-positives\/turbina-mes-gran-mon-estalvi-energetic\/#breadcrumb\",\"itemListElement\":[{\"@type\":\"ListItem\",\"position\":1,\"name\":\"Portada\",\"item\":\"https:\/\/www.factorenergia.com\/ca\/\"},{\"@type\":\"ListItem\",\"position\":2,\"name\":\"La turbina m\u00e9s gran del m\u00f3n i l\u2019 estalvi energ\u00e8tic\"}]},{\"@type\":\"WebSite\",\"@id\":\"https:\/\/www.factorenergia.com\/es\/#website\",\"url\":\"https:\/\/www.factorenergia.com\/es\/\",\"name\":\"factorenergia\",\"description\":\"factorenergia\",\"potentialAction\":[{\"@type\":\"SearchAction\",\"target\":{\"@type\":\"EntryPoint\",\"urlTemplate\":\"https:\/\/www.factorenergia.com\/es\/?s={search_term_string}\"},\"query-input\":\"required name=search_term_string\"}],\"inLanguage\":\"ca\"},{\"@type\":\"Person\",\"@id\":\"https:\/\/www.factorenergia.com\/es\/#\/schema\/person\/dff9e4b6dc520720e3a37bdaaedc5841\",\"name\":\"Equipo Transici\u00f3n Energ\u00e9tica Factorenergia\",\"image\":{\"@type\":\"ImageObject\",\"inLanguage\":\"ca\",\"@id\":\"https:\/\/www.factorenergia.com\/es\/#\/schema\/person\/image\/\",\"url\":\"https:\/\/secure.gravatar.com\/avatar\/1b7c76bab80ee1c4261b06108874e24b?s=96&d=mm&r=g\",\"contentUrl\":\"https:\/\/secure.gravatar.com\/avatar\/1b7c76bab80ee1c4261b06108874e24b?s=96&d=mm&r=g\",\"caption\":\"Equipo Transici\u00f3n Energ\u00e9tica Factorenergia\"},\"description\":\"El equipo est\u00e1 formado por expertos en materia de Luz, Gas y Eficiencia Energ\u00e9tica, que conocen de primera mano las tendencias del mercado. Su experiencia en el sector les permite ofrecer las mejores soluciones energ\u00e9ticas y resolver las dudas planteadas por los clientes.\",\"sameAs\":[\"https:\/\/www.factorenergia.com\/es\/\",\"https:\/\/www.facebook.com\/factorenergiacom\",\"https:\/\/www.instagram.com\/factorenergia_com\/\",\"https:\/\/es.linkedin.com\/company\/factor-energia\",\"https:\/\/twitter.com\/factorenergia\",\"https:\/\/www.youtube.com\/c\/factorenergiacom\"],\"url\":\"https:\/\/www.factorenergia.com\/ca\/blog\/author\/marketing\/\"}]}<\/script>\n<!-- \/ Yoast SEO plugin. -->","yoast_head_json":{"title":"La turbina m\u00e9s gran del m\u00f3n i l\u2019 estalvi energ\u00e8tic | factorenergia","description":"La turbina e\u00f2lica m\u00e9s gran del m\u00f3n ha batut r\u00e8cords de generaci\u00f3 i pot suposar un gran canvi per l' estalvi energ\u00e8tic. Estalvi energ\u00e8tic per energia neta.","robots":{"index":"index","follow":"follow","max-snippet":"max-snippet:-1","max-image-preview":"max-image-preview:large","max-video-preview":"max-video-preview:-1"},"canonical":"https:\/\/www.factorenergia.com\/ca\/blog\/histories-positives\/turbina-mes-gran-mon-estalvi-energetic\/","twitter_card":"summary_large_image","twitter_title":"La turbina m\u00e9s gran del m\u00f3n i l\u2019 estalvi energ\u00e8tic | factorenergia","twitter_description":"La turbina e\u00f2lica m\u00e9s gran del m\u00f3n ha batut r\u00e8cords de generaci\u00f3 i pot suposar un gran canvi per l' estalvi energ\u00e8tic. Estalvi energ\u00e8tic per energia neta.","twitter_creator":"@factorenergia","twitter_site":"@factorenergia","twitter_misc":{"Written by":"Equipo Transici\u00f3n Energ\u00e9tica Factorenergia","Est. reading time":"2 minutes"},"schema":{"@context":"https:\/\/schema.org","@graph":[{"@type":"WebPage","@id":"https:\/\/www.factorenergia.com\/ca\/blog\/histories-positives\/turbina-mes-gran-mon-estalvi-energetic\/","url":"https:\/\/www.factorenergia.com\/ca\/blog\/histories-positives\/turbina-mes-gran-mon-estalvi-energetic\/","name":"La turbina m\u00e9s gran del m\u00f3n i l\u2019 estalvi energ\u00e8tic | factorenergia","isPartOf":{"@id":"https:\/\/www.factorenergia.com\/es\/#website"},"datePublished":"2017-02-21T12:09:25+00:00","dateModified":"2023-01-23T10:31:34+00:00","author":{"@id":"https:\/\/www.factorenergia.com\/es\/#\/schema\/person\/dff9e4b6dc520720e3a37bdaaedc5841"},"description":"La turbina e\u00f2lica m\u00e9s gran del m\u00f3n ha batut r\u00e8cords de generaci\u00f3 i pot suposar un gran canvi per l' estalvi energ\u00e8tic. Estalvi energ\u00e8tic per energia neta.","breadcrumb":{"@id":"https:\/\/www.factorenergia.com\/ca\/blog\/histories-positives\/turbina-mes-gran-mon-estalvi-energetic\/#breadcrumb"},"inLanguage":"ca","potentialAction":[{"@type":"ReadAction","target":["https:\/\/www.factorenergia.com\/ca\/blog\/histories-positives\/turbina-mes-gran-mon-estalvi-energetic\/"]}]},{"@type":"BreadcrumbList","@id":"https:\/\/www.factorenergia.com\/ca\/blog\/histories-positives\/turbina-mes-gran-mon-estalvi-energetic\/#breadcrumb","itemListElement":[{"@type":"ListItem","position":1,"name":"Portada","item":"https:\/\/www.factorenergia.com\/ca\/"},{"@type":"ListItem","position":2,"name":"La turbina m\u00e9s gran del m\u00f3n i l\u2019 estalvi energ\u00e8tic"}]},{"@type":"WebSite","@id":"https:\/\/www.factorenergia.com\/es\/#website","url":"https:\/\/www.factorenergia.com\/es\/","name":"factorenergia","description":"factorenergia","potentialAction":[{"@type":"SearchAction","target":{"@type":"EntryPoint","urlTemplate":"https:\/\/www.factorenergia.com\/es\/?s={search_term_string}"},"query-input":"required name=search_term_string"}],"inLanguage":"ca"},{"@type":"Person","@id":"https:\/\/www.factorenergia.com\/es\/#\/schema\/person\/dff9e4b6dc520720e3a37bdaaedc5841","name":"Equipo Transici\u00f3n Energ\u00e9tica Factorenergia","image":{"@type":"ImageObject","inLanguage":"ca","@id":"https:\/\/www.factorenergia.com\/es\/#\/schema\/person\/image\/","url":"https:\/\/secure.gravatar.com\/avatar\/1b7c76bab80ee1c4261b06108874e24b?s=96&d=mm&r=g","contentUrl":"https:\/\/secure.gravatar.com\/avatar\/1b7c76bab80ee1c4261b06108874e24b?s=96&d=mm&r=g","caption":"Equipo Transici\u00f3n Energ\u00e9tica Factorenergia"},"description":"El equipo est\u00e1 formado por expertos en materia de Luz, Gas y Eficiencia Energ\u00e9tica, que conocen de primera mano las tendencias del mercado. Su experiencia en el sector les permite ofrecer las mejores soluciones energ\u00e9ticas y resolver las dudas planteadas por los clientes.","sameAs":["https:\/\/www.factorenergia.com\/es\/","https:\/\/www.facebook.com\/factorenergiacom","https:\/\/www.instagram.com\/factorenergia_com\/","https:\/\/es.linkedin.com\/company\/factor-energia","https:\/\/twitter.com\/factorenergia","https:\/\/www.youtube.com\/c\/factorenergiacom"],"url":"https:\/\/www.factorenergia.com\/ca\/blog\/author\/marketing\/"}]}},"_links":{"self":[{"href":"https:\/\/www.factorenergia.com\/ca\/wp-json\/wp\/v2\/posts\/2981"}],"collection":[{"href":"https:\/\/www.factorenergia.com\/ca\/wp-json\/wp\/v2\/posts"}],"about":[{"href":"https:\/\/www.factorenergia.com\/ca\/wp-json\/wp\/v2\/types\/post"}],"author":[{"embeddable":true,"href":"https:\/\/www.factorenergia.com\/ca\/wp-json\/wp\/v2\/users\/17"}],"replies":[{"embeddable":true,"href":"https:\/\/www.factorenergia.com\/ca\/wp-json\/wp\/v2\/comments?post=2981"}],"version-history":[{"count":1,"href":"https:\/\/www.factorenergia.com\/ca\/wp-json\/wp\/v2\/posts\/2981\/revisions"}],"predecessor-version":[{"id":3075,"href":"https:\/\/www.factorenergia.com\/ca\/wp-json\/wp\/v2\/posts\/2981\/revisions\/3075"}],"acf:term":[{"embeddable":true,"taxonomy":"category","href":"https:\/\/www.factorenergia.com\/ca\/wp-json\/wp\/v2\/categories\/58"}],"wp:attachment":[{"href":"https:\/\/www.factorenergia.com\/ca\/wp-json\/wp\/v2\/media?parent=2981"}],"wp:term":[{"taxonomy":"category","embeddable":true,"href":"https:\/\/www.factorenergia.com\/ca\/wp-json\/wp\/v2\/categories?post=2981"},{"taxonomy":"post_tag","embeddable":true,"href":"https:\/\/www.factorenergia.com\/ca\/wp-json\/wp\/v2\/tags?post=2981"}],"curies":[{"name":"wp","href":"https:\/\/api.w.org\/{rel}","templated":true}]}}