{"id":2976,"date":"2017-02-16T18:57:54","date_gmt":"2017-02-16T16:57:54","guid":{"rendered":"https:\/\/www.factorenergia.com\/ca\/?post_type=blog&#038;p=2976"},"modified":"2021-06-22T16:17:04","modified_gmt":"2021-06-22T14:17:04","slug":"tipus-de-vehicle-electric","status":"publish","type":"post","link":"https:\/\/www.factorenergia.com\/ca\/blog\/mobilitat-electrica\/tipus-de-vehicle-electric\/","title":{"rendered":"Tipus de vehicle el\u00e8ctric"},"content":{"rendered":"<p style=\"text-align: justify;\"><span>\n<script type=\"text\/javascript\" id=\"auto-index\" async defer>\n\n      function indexContent(context){\n\n      var container = document.querySelector(context);\n\n      element = document.getElementById(\"accordion-index\");\n      var titles = Array.from(container.querySelectorAll(\"h2,h3,h4\"));\n\n      for (var i = 0, l = titles.length; i < l; i++) {\n\n\t\tjQuery('#accordionIndex').show();\n\n        var tit = titles[i];\n\t\tvar newTitle = tit.textContent.toLowerCase().replace(\/[^a-zA-Z ]\/g, \"\").replace(\/\\s\/g, '-');\n\t\tvar numTag = Number(tit.tagName.replace(\/[^1-9]\/g, \"\"));\n\t\tvar tagWidth = (numTag*20);\n\n\t\tvar preText = '<span style=\"margin-left:' + tagWidth + 'px\"><\/span>';\n\n        tit.setAttribute(\"id\", newTitle);\n\t\tjQuery(tit).addClass('h-inline');\n\t\t\n\t\tvar toIndex = '<p class=\"h-inline\"><a class=\"blog-toindex\" href=\"#accordionIndex\"><span class=\"glyphicon glyphicon-chevron-up\" aria-hidden=\"true\"><\/span><\/a><\/p>';\n\n\t\tjQuery(toIndex).insertAfter(tit);\n\n        var node = document.createElement(\"LI\");                 \n        var link = document.createElement(\"A\");\n        var textnode = document.createTextNode(tit.textContent);\n\n        link.appendChild(textnode);\n        link.setAttribute(\"href\", '#' + newTitle);\n\t\t\/\/link.setAttribute(\"style\", \"margin-left:\" + tagWidth + \"px\");\n\t\tlink.setAttribute(\"class\", \"acc-h\" + numTag);\n        node.appendChild(link);\n\n        element.appendChild(node);\n\n      }\n    }\n\n    jQuery(document).ready(function(){\t\t\n\t\tindexContent(\".single-post-content\");\n\n\t\tjQuery(\".accordion-toggle\").click(function() {\n\t\t\tjQuery(this).toggleClass(\"open\");\n\t\t\tjQuery(\"#collapseIndex\").slideToggle(\"in\");\n\t\t});\n\t});\n\n\n<\/script>\n\n<style>\n\t.accordion-toggle{\n\t\tcursor:pointer;\n\t}\n\n\t#accordionIndex .panel-heading{\n\t\tmargin-bottom:0px;\n\t}\n\n\t.articulo ul, .articulo ol{\n\t\tmargin-bottom:auto;\n\t}\n\n\t.h-inline{\n\t\tdisplay: inline-flex;\n\t\tflex-wrap: wrap\n\t}\n\t#accordion-index{\n\t\tpadding-left:0px;\n\t}\n\t#accordion-index li a{\n\t\tdisplay:block;\n\t\tpadding-top:5px;\n\t}\n\n\t.acc-h2{\n\t\tmargin-left:0px;\n\t\tposition: relative;\n\t}\n\n\t.acc-h3{\n\t\tmargin-left:25px;\n\t}\n\n\t.acc-h3::before{\n\t\tcontent: \"\";\n\t\tbackground-color:var(--blue-light);\n\t\tmargin-left:-10px;\n\t\twidth: 7px;\n\t\theight: 7px;\n\t\tdisplay: inline-block;\n\t\ttext-align: center;\n\t\tborder-radius: 1000px;\n\t\tmargin-right: 10px;\n    \tmargin-bottom: 2px;\n\t}\n\n\t.acc-h4{\n\t\tmargin-left:40px;\n\t}\n\n\t.acc-h4::before{\n\t\tcontent: \"\";\n\t\tborder: 1px solid var(--blue-light);\n\t\tmargin-left:-5px;\n\t\twidth: 7px;\n\t\theight: 7px;\n\t\tdisplay: inline-block;\n\t\ttext-align: center;\n\t\tborder-radius: 100%;\n\t\tmargin-right: 10px;\n    \tmargin-bottom: 2px;\n\t}\n\n\t.acc-h3:hover::before{\n\t\tbackground-color: var(--blue-darkest);\n\t}\n\n\t.acc-h4:hover::before{\n\t\tborder-color: var(--blue-darkest);\n\t}\n\n\t@media (max-width: 992px){\n\t\t.acc-h2{\n\t\t\tmargin-left:0px;\n\t\t}\n\t\t.acc-h3{\n\t\t\tmargin-left:20px;\n\t\t}\n\t\t.acc-h4{\n\t\t\tmargin-left:40px;\n\t\t}\n\t}\n\n\t\/*\n\th2.h-inline:after,\n\th3.h-inline:after{\n\t\theight: 24px;\n\t\tcontent: \"\";\n\t\tdisplay: table-row;\n\t}*\/\n<\/style>\n\n<div id=\"table-accordion-index\">\n\t<div class=\"panel-group\" id=\"accordionIndex\">\n\t\t<div class=\"panel panel-default\">\n\t\t\t<div class=\"panel-heading\">\n\t\t\t\t<div class=\"panel-title open\"><div class=\"accordion-toggle\" data-toggle=\"collapse\" data-parent=\"#accordion\" aria-expanded=\"true\">\u00edndex<\/div><\/div>\n\t\t\t<\/div>\n\t\t\t<div id=\"collapseIndex\" class=\"panel-collapse collapse in\" aria-expanded=\"true\">\n\t\t\t\t<div class=\"panel-body\">\n\t\t\t\t\t<ul id=\"accordion-index\">\n\t\t\t\t\t<\/ul>\n\t\t\t\t<\/div>\n\t\t\t<\/div>\n\t\t<\/div>\n\t<\/div>\n<\/div><\/span><\/p>\n<p>El vehicle el\u00e8ctric es postula com el transport d\u2019un futur molt proper; ja ha quedat clar que no volem renunciar a la c\u00f2moda mobilitat que ens ofereix el cotxe, encara que s\u00ed \u00e9s evident que no \u00e9s sostenible la contaminaci\u00f3 que el creixent \u00fas de l\u2019autom\u00f2bil comporta. Essent aix\u00ed, el vehicle el\u00e8ctric es converteix en la opci\u00f3 que ens permet despla\u00e7ar-nos, no contaminar i, alhora, estalviar energia i diners; perqu\u00e8 s\u00ed, si podem produir una part de l\u2019energia que consumim o, simplement, evitem certs desgasts produ\u00efts per la benzina, ens emportarem una grata sorpresa. I no nom\u00e9s aix\u00f2, a dia d\u2019avui s\u2019est\u00e0 promocionant aquest transport fins al punt que alguns ajuntaments ofereixen ajudes a aquells que volen adquirir-los. Valores ja el vehicle el\u00e8ctric com a opci\u00f3 viable? Anem a veure quins tipus n\u2019existeixen:<\/p>\n<h2>Quins tipus de vehicles el\u00e8ctrics existeixen?<\/h2>\n<h3><\/h3>\n<h3><strong>Vehicle 100% el\u00e8ctric<\/strong><\/h3>\n<p>Tamb\u00e9 anomenats\u00a0 BEV (<em>Battery Electric Vehicle<\/em>), disposen d\u2019un motor el\u00e8ctric que transforma l\u2019energia emmagatzemada a les bateries en energia cin\u00e8tica que es transmet directament a les rodes. S\u00f3n vehicles que no requereixen massa manteniment; el m\u00e9s habitual s\u00f3n despeses relacionades amb el sistema de frenada i renovaci\u00f3 de pneum\u00e0tics.<\/p>\n<p>Aquests vehicles aprofiten l\u2019energia de les frenades i dels desnivells per generar l\u2019electricitat que s\u2019acumula a les bateries. Tenen una autonomia de fins a 300 km.<\/p>\n<h3><strong>Vehicle el\u00e8ctric amb autonomia estesa<\/strong><\/h3>\n<p>En angl\u00e8s,\u00a0 REEV (<em>Range Extender Electric Vehicle<\/em>), s\u00f3n vehicles el\u00e8ctrics amb un petit motor extra, un de combusti\u00f3, que serveix per a generar electricitat que alimenti la bater\u00eda quan s\u2019ha descarregat i per a disposar d\u2019un extra d\u2019autonomia. Un cop la bateria baixa, el conductor pot parar a un <a href=\"https:\/\/www.factorenergia.com\/ca\/blog\/mobilitat-electrica\/punts-recarrega-cotxes-electrics\/\" title=\"coses a con\u00e8ixer sobre els punts de rec\u00e0rrega\" target=\"_blank\" rel=\"noopener noreferrer\">punt de rec\u00e0rrega<\/a> o deixar que s\u2019accioni el motor de combusti\u00f3, que alhora recarregar\u00e0 la bateria. Tenen una autonomia de fins a 240 km m\u00e9s 200 km addicionals del motor de recolzament.<\/p>\n\r\n<script type=\"text\/javascript\" async defer>\r\n\r\n    jQuery(document).ready(function(){\t\t\r\n\t\t\r\n\t});\r\n<\/script>\r\n\r\n<style>\r\n\t.block-interested_posts{\r\n        margin-top: 10px;\r\n        padding: 20px;\r\n        border: 2px solid #92C200;\r\n    }\r\n    .block-interested_posts ul{\r\n        margin-bottom:0px;\r\n    }\r\n    .block-interested_posts ul li{\r\n        margin-bottom:5px;\r\n    }\r\n    .block-interested_posts ul li a{\r\n        \/*color: #DF981E;*\/\r\n    }\r\n\r\n<\/style>\r\n\r\n<div class=\"block-interested_posts\">\r\n    <p><strong>Post que et poden interessar<\/strong><\/p>\r\n    <ul>\r\n                    <li><a href=\"https:\/\/www.factorenergia.com\/ca\/blog\/mobilitat-electrica\/que-es-la-mobilitat-electrica\/\" title=\"Qu\u00e8 \u00e9s la mobilitat el\u00e8ctrica?\">Qu\u00e8 \u00e9s la mobilitat el\u00e8ctrica?<\/a><\/li>\r\n                    <li><a href=\"https:\/\/www.factorenergia.com\/ca\/blog\/mobilitat-electrica\/futur-lenergia-mobilitat-sostenible-i-vehicles-electrics\/\" title=\"El futur de l&#8217;energia: Mobilitat sostenible i vehicles el\u00e8ctrics\">El futur de l&#8217;energia: Mobilitat sostenible i vehicles el\u00e8ctrics<\/a><\/li>\r\n            <\/ul>\t\r\n<\/div>\n<h3><strong>Vehicles h\u00edbrids endollables<\/strong><\/h3>\n<p>De l\u2019angl\u00e8s, PHEV (<em>Plug-in Hybrid Electric Vehicle<\/em>), disposen de dos motors, un d\u2019el\u00e8ctric alimentat per bateries i un de convencional benzina o di\u00e8sel. Poden funcionar en mode el\u00e8ctric en recorreguts urbans disposant d\u2019una autonomia considerable i usar el motor de combusti\u00f3 en despla\u00e7aments per carretera; en aquest cas, l\u2019autonomia i la pot\u00e8ncia m\u00e0xima depenen del motor convencional. Tenen una autonomia de 40 km i 1.100 km addicionals amb motor t\u00e8rmic.<\/p>\n<div class=\"text-center center blog-cta\"><p>Instal&middot;la un punt de rec&agrave;rrega pel teu cotxe el&egrave;ctric amb factorenergia!<\/p><a class=\"blog-cta primary-btn text-center solicitar-estudio\" target=\"_blank\" title=\"SOL&sdot;LICITA UN ESTUDI GRATU&Iuml;T\" href=\"https:\/\/www.factorenergia.com\/ca\/llars\/punts-recarrega-electrics\/\">SOL&sdot;LICITA UN ESTUDI GRATU&Iuml;T<\/a><p><\/p><div style=\"display:none;\"><p>Instal&middot;la un punt de rec&agrave;rrega pel teu cotxe el&egrave;ctric amb factorenergia!<\/p><\/div>\n\t\t\t<script type='text\/javascript'>\n\t\t\t\tjQuery('.solicitar-estudio').click(function(){\t\t\t\t\t\t\t\t\t\n\t\t\t\t\tdataLayer.push({'language': 'ca'});\n\t\t\t\t\tdataLayer.push({'post_id': '2976'});\n\t\t\t\t\tdataLayer.push({'cat_type': 'ce'});\n\t\t\t\t});\n\t\t\t<\/script>\n\t\t<\/div><br\/>\n<h3><strong>Vehicles el\u00e8ctrics h\u00edbrids<\/strong><\/h3>\n<p>Els vehicles el\u00e8ctrics h\u00edbrids o HEV (<em>Hybrid Electric Vehicles<\/em>) disposen dels mateixos elements que els endollables, per\u00f2 la bateria \u00fanicament es recarrega aprofitant l\u2019energia de les frenades i la in\u00e8rcia en els desnivells; no te l\u2019opci\u00f3 d\u2019endollar-se. Tenen una autonomia de 20 km i 1.100 km addicionals amb motor convencional de benzina o di\u00e8sel.<\/p>\n<h2><strong>Altres tipus de vehicle el\u00e8ctric<\/strong><\/h2>\n<p>Habitualment parlem de vehicle el\u00e8ctric en el sentit d\u2019un cotxe per\u00f2, en aquest cas, volem esmentar tamb\u00e9 la resta de transports que podem trobar moguts per electricitat totalment o de forma parcial.<\/p>\n<h3><strong>Motocicletes i ciclomotors el\u00e8ctrics<\/strong><\/h3>\n<p>Presenten molts avantatges mediambientals envers els tradicionals, almenys en la majoria dels casos, i amb la particularitat de no disposar de peces de contacte. Tenen una autonomia de 75-150 km.<\/p>\n<h3><strong>Bicicletes el\u00e8ctriques de pedaleig assistit<\/strong><\/h3>\n<p>El seu tret m\u00e9s distintiu \u00e9s el sensor de pedaleig. Pot ser de velocitat o moviment, que \u00e9s el sistema de detecci\u00f3 m\u00e9s senzill i el m\u00e9s com\u00fa en les bicicletes el\u00e8ctriques, o pot detectar la for\u00e7a que el ciclista exerceix sobre els pedals i oferir una assist\u00e8ncia immediata i proporcionada a la for\u00e7a aplicada. Tenen una autonomia de 50-80 km (pedaleig assistit, sempre s\u2019ha de pedalejar).<\/p>\n<h3><strong>Altres tipus de vehicles el\u00e8ctrics<\/strong><\/h3>\n<p>S\u2019alimenten d\u2019una bateria recarregable i tenen una autonomia molt limitada, aproximadament de 12-20 km, que suposa al voltant d\u2019una hora de funcionament. S\u00f3n, per exemple, els patinets el\u00e8ctrics o els segways.<\/p>\n<p>&nbsp;<\/p>\n<p>L&#8217;\u00fas de vehicles el\u00e8ctrics, no nom\u00e9s contribueixen a cuidar el planeta sin\u00f3 que tamb\u00e9 ajuden a estalviar. En especial, parlant del vehicle totalment el\u00e8ctric, cal tenir en compte que requereixen un manteniment menor ja que no hi ha canvis d\u2019oli ni cap pe\u00e7a que toqui al combustible, de manera que les possibilitats de reparacions es redueixen. En tant als h\u00edbrids, redu\u00efm les emissions de CO2 i, en tot cas, obrim pas a un futur que tard o d\u2019hora, s\u2019instaurar\u00e0 a les nostres vides degut tamb\u00e9 al preu i l\u2019escassetat del petroli.<\/p>\n<p><strong>Si tu tamb\u00e9 vols<a href=\"https:\/\/www.factorenergia.com\/ca\/instalar-punts-recarrega\/\" title=\"assessorament per instal\u00b7lar punt de rec\u00e0rrega\" target=\"_blank\" rel=\"noopener noreferrer\"> estalviar amb el vehicle el\u00e8ctric<\/a>, contacta&#8217;ns. T&#8217;ajudarem a instal\u00b7lar un punt de rec\u00e0rrega i a carregar-lo amb la tarifa el\u00e8ctrica m\u00e9s barata.<\/strong><\/p>\n","protected":false},"excerpt":{"rendered":"<p>Se sent a parlar molt del vehicle el\u00e8ctric i s&#8217;espera que revolucionin el mercat. Et sembla una opci\u00f3 viable?<\/p>\n","protected":false},"author":17,"featured_media":0,"comment_status":"open","ping_status":"closed","sticky":false,"template":"","format":"standard","meta":{"inline_featured_image":false,"footnotes":""},"categories":[64],"tags":[],"acf":{"fecha_de_la_entrada":"20170216","imagen_portada":2979,"categoria_blog":64,"tipo_de_distribuidora":null,"tiempo_lectura":"","banner_bool":false,"titulo_banner":"","texto_banner":"","texto_boton_banner":"","url_boton_banner":"","post_relacionados":null},"yoast_head":"<!-- This site is optimized with the Yoast SEO plugin v22.2 - https:\/\/yoast.com\/wordpress\/plugins\/seo\/ -->\n<title>Tipus de vehicle el\u00e8ctric | factorenergia<\/title>\n<meta name=\"description\" content=\"Parlem de tipus de vehicle el\u00e8ctric i de les difer\u00e8ncies entre un vehicle el\u00e8ctric i un altre. En tens un? Et semblan una bona idea?\" \/>\n<meta name=\"robots\" content=\"noindex, follow\" \/>\n<meta name=\"twitter:card\" content=\"summary_large_image\" \/>\n<meta name=\"twitter:title\" content=\"Tipus de vehicle el\u00e8ctric | factorenergia\" \/>\n<meta name=\"twitter:description\" content=\"Parlem de tipus de vehicle el\u00e8ctric i de les difer\u00e8ncies entre un vehicle el\u00e8ctric i un altre. En tens un? Et semblan una bona idea?\" \/>\n<meta name=\"twitter:site\" content=\"@factorenergia\" \/>\n<meta name=\"twitter:label1\" content=\"Est. reading time\" \/>\n\t<meta name=\"twitter:data1\" content=\"4 minutes\" \/>\n<script type=\"application\/ld+json\" class=\"yoast-schema-graph\">{\"@context\":\"https:\/\/schema.org\",\"@graph\":[{\"@type\":\"WebPage\",\"@id\":\"https:\/\/www.factorenergia.com\/ca\/blog\/blog\/%tiposdeblog%\/tipus-de-vehicle-electric\/\",\"url\":\"https:\/\/www.factorenergia.com\/ca\/blog\/blog\/%tiposdeblog%\/tipus-de-vehicle-electric\/\",\"name\":\"Tipus de vehicle el\u00e8ctric | factorenergia\",\"isPartOf\":{\"@id\":\"https:\/\/www.factorenergia.com\/es\/#website\"},\"datePublished\":\"2017-02-16T16:57:54+00:00\",\"dateModified\":\"2021-06-22T14:17:04+00:00\",\"description\":\"Parlem de tipus de vehicle el\u00e8ctric i de les difer\u00e8ncies entre un vehicle el\u00e8ctric i un altre. En tens un? Et semblan una bona idea?\",\"breadcrumb\":{\"@id\":\"https:\/\/www.factorenergia.com\/ca\/blog\/blog\/%tiposdeblog%\/tipus-de-vehicle-electric\/#breadcrumb\"},\"inLanguage\":\"ca\",\"potentialAction\":[{\"@type\":\"ReadAction\",\"target\":[\"https:\/\/www.factorenergia.com\/ca\/blog\/blog\/%tiposdeblog%\/tipus-de-vehicle-electric\/\"]}]},{\"@type\":\"BreadcrumbList\",\"@id\":\"https:\/\/www.factorenergia.com\/ca\/blog\/blog\/%tiposdeblog%\/tipus-de-vehicle-electric\/#breadcrumb\",\"itemListElement\":[{\"@type\":\"ListItem\",\"position\":1,\"name\":\"Portada\",\"item\":\"https:\/\/www.factorenergia.com\/ca\/\"},{\"@type\":\"ListItem\",\"position\":2,\"name\":\"Tipus de vehicle el\u00e8ctric\"}]},{\"@type\":\"WebSite\",\"@id\":\"https:\/\/www.factorenergia.com\/es\/#website\",\"url\":\"https:\/\/www.factorenergia.com\/es\/\",\"name\":\"factorenergia\",\"description\":\"factorenergia\",\"potentialAction\":[{\"@type\":\"SearchAction\",\"target\":{\"@type\":\"EntryPoint\",\"urlTemplate\":\"https:\/\/www.factorenergia.com\/es\/?s={search_term_string}\"},\"query-input\":\"required name=search_term_string\"}],\"inLanguage\":\"ca\"}]}<\/script>\n<!-- \/ Yoast SEO plugin. -->","yoast_head_json":{"title":"Tipus de vehicle el\u00e8ctric | factorenergia","description":"Parlem de tipus de vehicle el\u00e8ctric i de les difer\u00e8ncies entre un vehicle el\u00e8ctric i un altre. En tens un? Et semblan una bona idea?","robots":{"index":"noindex","follow":"follow"},"twitter_card":"summary_large_image","twitter_title":"Tipus de vehicle el\u00e8ctric | factorenergia","twitter_description":"Parlem de tipus de vehicle el\u00e8ctric i de les difer\u00e8ncies entre un vehicle el\u00e8ctric i un altre. En tens un? Et semblan una bona idea?","twitter_site":"@factorenergia","twitter_misc":{"Est. reading time":"4 minutes"},"schema":{"@context":"https:\/\/schema.org","@graph":[{"@type":"WebPage","@id":"https:\/\/www.factorenergia.com\/ca\/blog\/blog\/%tiposdeblog%\/tipus-de-vehicle-electric\/","url":"https:\/\/www.factorenergia.com\/ca\/blog\/blog\/%tiposdeblog%\/tipus-de-vehicle-electric\/","name":"Tipus de vehicle el\u00e8ctric | factorenergia","isPartOf":{"@id":"https:\/\/www.factorenergia.com\/es\/#website"},"datePublished":"2017-02-16T16:57:54+00:00","dateModified":"2021-06-22T14:17:04+00:00","description":"Parlem de tipus de vehicle el\u00e8ctric i de les difer\u00e8ncies entre un vehicle el\u00e8ctric i un altre. En tens un? Et semblan una bona idea?","breadcrumb":{"@id":"https:\/\/www.factorenergia.com\/ca\/blog\/blog\/%tiposdeblog%\/tipus-de-vehicle-electric\/#breadcrumb"},"inLanguage":"ca","potentialAction":[{"@type":"ReadAction","target":["https:\/\/www.factorenergia.com\/ca\/blog\/blog\/%tiposdeblog%\/tipus-de-vehicle-electric\/"]}]},{"@type":"BreadcrumbList","@id":"https:\/\/www.factorenergia.com\/ca\/blog\/blog\/%tiposdeblog%\/tipus-de-vehicle-electric\/#breadcrumb","itemListElement":[{"@type":"ListItem","position":1,"name":"Portada","item":"https:\/\/www.factorenergia.com\/ca\/"},{"@type":"ListItem","position":2,"name":"Tipus de vehicle el\u00e8ctric"}]},{"@type":"WebSite","@id":"https:\/\/www.factorenergia.com\/es\/#website","url":"https:\/\/www.factorenergia.com\/es\/","name":"factorenergia","description":"factorenergia","potentialAction":[{"@type":"SearchAction","target":{"@type":"EntryPoint","urlTemplate":"https:\/\/www.factorenergia.com\/es\/?s={search_term_string}"},"query-input":"required name=search_term_string"}],"inLanguage":"ca"}]}},"_links":{"self":[{"href":"https:\/\/www.factorenergia.com\/ca\/wp-json\/wp\/v2\/posts\/2976"}],"collection":[{"href":"https:\/\/www.factorenergia.com\/ca\/wp-json\/wp\/v2\/posts"}],"about":[{"href":"https:\/\/www.factorenergia.com\/ca\/wp-json\/wp\/v2\/types\/post"}],"author":[{"embeddable":true,"href":"https:\/\/www.factorenergia.com\/ca\/wp-json\/wp\/v2\/users\/17"}],"replies":[{"embeddable":true,"href":"https:\/\/www.factorenergia.com\/ca\/wp-json\/wp\/v2\/comments?post=2976"}],"version-history":[{"count":2,"href":"https:\/\/www.factorenergia.com\/ca\/wp-json\/wp\/v2\/posts\/2976\/revisions"}],"predecessor-version":[{"id":10978,"href":"https:\/\/www.factorenergia.com\/ca\/wp-json\/wp\/v2\/posts\/2976\/revisions\/10978"}],"acf:term":[{"embeddable":true,"taxonomy":"category","href":"https:\/\/www.factorenergia.com\/ca\/wp-json\/wp\/v2\/categories\/64"}],"wp:attachment":[{"href":"https:\/\/www.factorenergia.com\/ca\/wp-json\/wp\/v2\/media?parent=2976"}],"wp:term":[{"taxonomy":"category","embeddable":true,"href":"https:\/\/www.factorenergia.com\/ca\/wp-json\/wp\/v2\/categories?post=2976"},{"taxonomy":"post_tag","embeddable":true,"href":"https:\/\/www.factorenergia.com\/ca\/wp-json\/wp\/v2\/tags?post=2976"}],"curies":[{"name":"wp","href":"https:\/\/api.w.org\/{rel}","templated":true}]}}