{"id":2964,"date":"2017-02-13T13:13:43","date_gmt":"2017-02-13T11:13:43","guid":{"rendered":"https:\/\/www.factorenergia.com\/ca\/?post_type=blog&#038;p=2964"},"modified":"2025-08-01T09:36:48","modified_gmt":"2025-08-01T07:36:48","slug":"canviar-de-tarifes-electricas-eficient","status":"publish","type":"post","link":"https:\/\/www.factorenergia.com\/ca\/blog\/eficiencia-energetica\/canviar-de-tarifes-electricas-eficient\/","title":{"rendered":"Canviar la tarifa el\u00e8ctrica com a mesura d\u2019efici\u00e8ncia"},"content":{"rendered":"<p><span style=\"color: #000000;\">Als temps que corren, es parla molt d\u2019estalviar electricitat i de ser eficients. Est\u00e0 clar que si el <a href=\"https:\/\/www.factorenergia.com\/ca\/llars\/tarifas\/preu-variable\/\"><\/a><a href=\"https:\/\/www.factorenergia.com\/ca\/llars\/tarifas\/preu-variable\/\" target=\"_blank\" rel=\"noopener\">preu de la llum<\/a> \u00e9s elevat, s\u2019ha de trobar mesures d\u2019estalvi per tot arreu, i una d\u2019aquestes mesures \u00e9s, decididament, l\u2019efici\u00e8ncia energ\u00e8tica, per\u00f2 saps que canviar de companyia el\u00e8ctrica pot ser una mesura d\u2019efici\u00e8ncia?<\/span><\/p>\n<h2><span style=\"color: #000000;\">Efici\u00e8ncia energ\u00e8tica i estalvi<\/span><\/h2>\n<p><span style=\"color: #000000;\">Comencem pel principi, i encara que ja sapiguem qu\u00e8 \u00e9s l\u2019efici\u00e8ncia energ\u00e8tica, podr\u00edem resumir-ho en que \u00e9s fer un \u00fas redu\u00eft de l\u2019energia, per exemple, utilitzant electrodom\u00e8stics amb un consum inferior a la mitjana; podrem saber-ho a trav\u00e9s de la seva etiqueta energ\u00e8tica, o <strong>adoptant uns altres h\u00e0bits de consum<\/strong>.<\/span><\/p>\n<p><span style=\"color: #000000;\">Hem d\u2019aprendre a gestionar l\u2019energia per tal de disminuir el nostre consum ja que, a m\u00e9s de contribuir a cuidar del medi ambient, contribuir\u00e0 a que estalvi\u00efs en la teva factura de la llum; si consumeixes menys, pagues menys.<\/span><\/p>\n<h2><span style=\"color: #000000;\">Com pot ajudar-te canviar de companyia a ser m\u00e9s eficient<\/span><\/h2>\n<p><span style=\"color: #000000;\">Si tens clar que, per a estalviar, s\u2019ha de consumir menys i de forma m\u00e9s eficient, hauries de valorar canviar de <a href=\"https:\/\/www.factorenergia.com\/ca\/\" target=\"_blank\" rel=\"noopener noreferrer\">companyia el\u00e8ctrica<\/a>.<\/span><\/p>\n<p><span><div class=\"text-center center blog-cta\"><p>Canvia't a factorenergia i estalvia un 12'5% a la Factura de la Llum ... Per Sempre!<\/p><a class=\"blog-cta primary-btn text-center solicitar-estudio\" target=\"_blank\" title=\"Truca Gratis o Contracta Online en 2 min\" href=\"https:\/\/www.factorenergia.com\/ca\/canvia-de-companyia\/\">Truca Gratis o Contracta Online en 2 min<\/a><p><\/p><div style=\"display:none;\"><p>Canvia't a factorenergia i estalvia un 12'5% a la Factura de la Llum ... Per Sempre!<\/p><\/div>\n\t\t\t<script type='text\/javascript'>\n\t\t\t\tjQuery('.solicitar-estudio').click(function(){\t\t\t\t\t\t\t\t\t\n\t\t\t\t\tdataLayer.push({'language': 'ca'});\n\t\t\t\t\tdataLayer.push({'post_id': '2964'});\n\t\t\t\t\tdataLayer.push({'cat_type': 'luz'});\n\t\t\t\t});\n\t\t\t<\/script>\n\t\t<\/div><br\/><\/span><\/p>\n<p><span style=\"color: #000000;\">Donar-te d\u2019alta en <strong>una companyia el\u00e8ctrica que comparteixi aquests valors i a m\u00e9s els apliqui als seus serveis<\/strong>, com a les tarifes el\u00e8ctriques, influir\u00e0 en la teva factura de la llum de forma directa. \u00c9s a dir, una el\u00e8ctrica que promogui l\u2019energia verda i et proposi <span>una tarifaci\u00f3 el\u00e8ctrica<\/span> adequada als teus h\u00e0bits de consum, far\u00e0 que t\u2019arribin factures m\u00e9s econ\u00f2miques.<\/span><\/p>\n<p><span style=\"color: #000000;\">A Factor Energia, per exemple, t\u2019oferim una tarifa fixa i una variable: amb la tarifa fixa, pagar\u00e0s el quilovat sempre al mateix preu, i amb la tarifa variable pagar\u00e0s segons s\u2019estipuli al pool; si esculls aquesta tarifa, et recomanem que descarreguis l\u2019app gratu\u00efta Factor Smarthome, amb la que podr\u00e0s veure el preu de l\u2019electricitat amb anticipaci\u00f3 i escollir consumir a aquelles hores m\u00e9s econ\u00f2miques.<\/span><\/p>\n<p><span style=\"color: #000000;\">Si est\u00e0s pensant en canviar de companyia de la llum per a contractar una d\u2019aquestes dues <a href=\"\/ca\/llars\/tarifas\/\" target=\"_blank\" rel=\"noopener noreferrer\">tarifes el\u00e8ctriques<\/a>, tingues en compte que a Factor Energia tamb\u00e9 t\u2019oferim, si vols, un <strong>subministrament el\u00e8ctric 100% renovable<\/strong>, consells sobre com estalviar llum de forma f\u00e0cil i un servei propi d\u2019Atenci\u00f3 al Client que t\u2019informar\u00e0 de tot el qu\u00e8 necessitis de forma gratu\u00efta al tel\u00e8fon <strong>900 850 000<\/strong> a m\u00e9s d\u2019un equip de professionals que estudiar\u00e0 el teu cas per a que s\u00e0pigues si pots optimitzar la teva pot\u00e8ncia contractada.<\/span><\/p>\n<p>&nbsp;<\/p>\n<p><span style=\"color: #000000;\"><a href=\"https:\/\/alta.factorenergia.com\/ca\/checkout-l\/1\" target=\"_blank\" rel=\"noopener noreferrer\">Donar d\u2019alta la llum<\/a> amb nosaltres \u00e9s molt f\u00e0cil; pots fer-ho <strong>online o per tel\u00e8fon<\/strong>, i un cop siguis client, et cuidarem; t\u2019atendrem i respondrem a tots els teus dubtes, et portarem energia d\u2019origen verd si \u00e9s el que vols, procurarem que estalviis i et facturarem mes a mes i sense perman\u00e8ncia; te\u2019n vas quan vols. Aix\u00ed, nom\u00e9s haur\u00e0s de posar una mica de la teva part per a ser del tot eficient.<\/span><\/p>\n","protected":false},"excerpt":{"rendered":"<p>Es parla molt de ser eficients i d&#8217;estalviar per\u00f2, saps que canviar de companyia el\u00e8ctrica pot ser una mesura d\u2019efici\u00e8ncia? Parlem tamb\u00e9 de tarifes el\u00e8ctriques<\/p>\n","protected":false},"author":17,"featured_media":0,"comment_status":"open","ping_status":"closed","sticky":false,"template":"","format":"standard","meta":{"inline_featured_image":false,"footnotes":""},"categories":[56],"tags":[],"acf":{"fecha_de_la_entrada":"20170213","imagen_portada":2968,"categoria_blog":null,"tipo_de_distribuidora":null,"tiempo_lectura":"","banner_bool":false,"titulo_banner":"","texto_banner":"","texto_boton_banner":"","url_boton_banner":"","post_relacionados":""},"yoast_head":"<!-- This site is optimized with the Yoast SEO plugin v22.2 - https:\/\/yoast.com\/wordpress\/plugins\/seo\/ -->\n<title>Canviar la tarifa el\u00e8ctrica com a mesura d\u2019efici\u00e8ncia | factorenergia<\/title>\n<meta name=\"description\" content=\"Es parla de ser eficients i d&#039;estalviar per\u00f2, saps que canviar de companyia el\u00e8ctrica pot ser una mesura d\u2019efici\u00e8ncia? Parlem tamb\u00e9 de tarifes el\u00e8ctriques\" \/>\n<meta name=\"robots\" content=\"index, follow, max-snippet:-1, max-image-preview:large, max-video-preview:-1\" \/>\n<link rel=\"canonical\" href=\"https:\/\/www.factorenergia.com\/ca\/blog\/eficiencia-energetica\/canviar-de-tarifes-electricas-eficient\/\" \/>\n<meta name=\"twitter:card\" content=\"summary_large_image\" \/>\n<meta name=\"twitter:title\" content=\"Canviar la tarifa el\u00e8ctrica com a mesura d\u2019efici\u00e8ncia | factorenergia\" \/>\n<meta name=\"twitter:description\" content=\"Es parla de ser eficients i d&#039;estalviar per\u00f2, saps que canviar de companyia el\u00e8ctrica pot ser una mesura d\u2019efici\u00e8ncia? Parlem tamb\u00e9 de tarifes el\u00e8ctriques\" \/>\n<meta name=\"twitter:creator\" content=\"@factorenergia\" \/>\n<meta name=\"twitter:site\" content=\"@factorenergia\" \/>\n<meta name=\"twitter:label1\" content=\"Written by\" \/>\n\t<meta name=\"twitter:data1\" content=\"Equipo Transici\u00f3n Energ\u00e9tica Factorenergia\" \/>\n\t<meta name=\"twitter:label2\" content=\"Est. reading time\" \/>\n\t<meta name=\"twitter:data2\" content=\"3 minutes\" \/>\n<script type=\"application\/ld+json\" class=\"yoast-schema-graph\">{\"@context\":\"https:\/\/schema.org\",\"@graph\":[{\"@type\":\"WebPage\",\"@id\":\"https:\/\/www.factorenergia.com\/ca\/blog\/eficiencia-energetica\/canviar-de-tarifes-electricas-eficient\/\",\"url\":\"https:\/\/www.factorenergia.com\/ca\/blog\/eficiencia-energetica\/canviar-de-tarifes-electricas-eficient\/\",\"name\":\"Canviar la tarifa el\u00e8ctrica com a mesura d\u2019efici\u00e8ncia | factorenergia\",\"isPartOf\":{\"@id\":\"https:\/\/www.factorenergia.com\/es\/#website\"},\"datePublished\":\"2017-02-13T11:13:43+00:00\",\"dateModified\":\"2025-08-01T07:36:48+00:00\",\"author\":{\"@id\":\"https:\/\/www.factorenergia.com\/es\/#\/schema\/person\/dff9e4b6dc520720e3a37bdaaedc5841\"},\"description\":\"Es parla de ser eficients i d'estalviar per\u00f2, saps que canviar de companyia el\u00e8ctrica pot ser una mesura d\u2019efici\u00e8ncia? Parlem tamb\u00e9 de tarifes el\u00e8ctriques\",\"breadcrumb\":{\"@id\":\"https:\/\/www.factorenergia.com\/ca\/blog\/eficiencia-energetica\/canviar-de-tarifes-electricas-eficient\/#breadcrumb\"},\"inLanguage\":\"ca\",\"potentialAction\":[{\"@type\":\"ReadAction\",\"target\":[\"https:\/\/www.factorenergia.com\/ca\/blog\/eficiencia-energetica\/canviar-de-tarifes-electricas-eficient\/\"]}]},{\"@type\":\"BreadcrumbList\",\"@id\":\"https:\/\/www.factorenergia.com\/ca\/blog\/eficiencia-energetica\/canviar-de-tarifes-electricas-eficient\/#breadcrumb\",\"itemListElement\":[{\"@type\":\"ListItem\",\"position\":1,\"name\":\"Portada\",\"item\":\"https:\/\/www.factorenergia.com\/ca\/\"},{\"@type\":\"ListItem\",\"position\":2,\"name\":\"Canviar la tarifa el\u00e8ctrica com a mesura d\u2019efici\u00e8ncia\"}]},{\"@type\":\"WebSite\",\"@id\":\"https:\/\/www.factorenergia.com\/es\/#website\",\"url\":\"https:\/\/www.factorenergia.com\/es\/\",\"name\":\"factorenergia\",\"description\":\"factorenergia\",\"potentialAction\":[{\"@type\":\"SearchAction\",\"target\":{\"@type\":\"EntryPoint\",\"urlTemplate\":\"https:\/\/www.factorenergia.com\/es\/?s={search_term_string}\"},\"query-input\":\"required name=search_term_string\"}],\"inLanguage\":\"ca\"},{\"@type\":\"Person\",\"@id\":\"https:\/\/www.factorenergia.com\/es\/#\/schema\/person\/dff9e4b6dc520720e3a37bdaaedc5841\",\"name\":\"Equipo Transici\u00f3n Energ\u00e9tica Factorenergia\",\"image\":{\"@type\":\"ImageObject\",\"inLanguage\":\"ca\",\"@id\":\"https:\/\/www.factorenergia.com\/es\/#\/schema\/person\/image\/\",\"url\":\"https:\/\/secure.gravatar.com\/avatar\/1b7c76bab80ee1c4261b06108874e24b?s=96&d=mm&r=g\",\"contentUrl\":\"https:\/\/secure.gravatar.com\/avatar\/1b7c76bab80ee1c4261b06108874e24b?s=96&d=mm&r=g\",\"caption\":\"Equipo Transici\u00f3n Energ\u00e9tica Factorenergia\"},\"description\":\"El equipo est\u00e1 formado por expertos en materia de Luz, Gas y Eficiencia Energ\u00e9tica, que conocen de primera mano las tendencias del mercado. Su experiencia en el sector les permite ofrecer las mejores soluciones energ\u00e9ticas y resolver las dudas planteadas por los clientes.\",\"sameAs\":[\"https:\/\/www.factorenergia.com\/es\/\",\"https:\/\/www.facebook.com\/factorenergiacom\",\"https:\/\/www.instagram.com\/factorenergia_com\/\",\"https:\/\/es.linkedin.com\/company\/factor-energia\",\"https:\/\/twitter.com\/factorenergia\",\"https:\/\/www.youtube.com\/c\/factorenergiacom\"],\"url\":\"https:\/\/www.factorenergia.com\/ca\/blog\/author\/marketing\/\"}]}<\/script>\n<!-- \/ Yoast SEO plugin. -->","yoast_head_json":{"title":"Canviar la tarifa el\u00e8ctrica com a mesura d\u2019efici\u00e8ncia | factorenergia","description":"Es parla de ser eficients i d'estalviar per\u00f2, saps que canviar de companyia el\u00e8ctrica pot ser una mesura d\u2019efici\u00e8ncia? Parlem tamb\u00e9 de tarifes el\u00e8ctriques","robots":{"index":"index","follow":"follow","max-snippet":"max-snippet:-1","max-image-preview":"max-image-preview:large","max-video-preview":"max-video-preview:-1"},"canonical":"https:\/\/www.factorenergia.com\/ca\/blog\/eficiencia-energetica\/canviar-de-tarifes-electricas-eficient\/","twitter_card":"summary_large_image","twitter_title":"Canviar la tarifa el\u00e8ctrica com a mesura d\u2019efici\u00e8ncia | factorenergia","twitter_description":"Es parla de ser eficients i d'estalviar per\u00f2, saps que canviar de companyia el\u00e8ctrica pot ser una mesura d\u2019efici\u00e8ncia? Parlem tamb\u00e9 de tarifes el\u00e8ctriques","twitter_creator":"@factorenergia","twitter_site":"@factorenergia","twitter_misc":{"Written by":"Equipo Transici\u00f3n Energ\u00e9tica Factorenergia","Est. reading time":"3 minutes"},"schema":{"@context":"https:\/\/schema.org","@graph":[{"@type":"WebPage","@id":"https:\/\/www.factorenergia.com\/ca\/blog\/eficiencia-energetica\/canviar-de-tarifes-electricas-eficient\/","url":"https:\/\/www.factorenergia.com\/ca\/blog\/eficiencia-energetica\/canviar-de-tarifes-electricas-eficient\/","name":"Canviar la tarifa el\u00e8ctrica com a mesura d\u2019efici\u00e8ncia | factorenergia","isPartOf":{"@id":"https:\/\/www.factorenergia.com\/es\/#website"},"datePublished":"2017-02-13T11:13:43+00:00","dateModified":"2025-08-01T07:36:48+00:00","author":{"@id":"https:\/\/www.factorenergia.com\/es\/#\/schema\/person\/dff9e4b6dc520720e3a37bdaaedc5841"},"description":"Es parla de ser eficients i d'estalviar per\u00f2, saps que canviar de companyia el\u00e8ctrica pot ser una mesura d\u2019efici\u00e8ncia? Parlem tamb\u00e9 de tarifes el\u00e8ctriques","breadcrumb":{"@id":"https:\/\/www.factorenergia.com\/ca\/blog\/eficiencia-energetica\/canviar-de-tarifes-electricas-eficient\/#breadcrumb"},"inLanguage":"ca","potentialAction":[{"@type":"ReadAction","target":["https:\/\/www.factorenergia.com\/ca\/blog\/eficiencia-energetica\/canviar-de-tarifes-electricas-eficient\/"]}]},{"@type":"BreadcrumbList","@id":"https:\/\/www.factorenergia.com\/ca\/blog\/eficiencia-energetica\/canviar-de-tarifes-electricas-eficient\/#breadcrumb","itemListElement":[{"@type":"ListItem","position":1,"name":"Portada","item":"https:\/\/www.factorenergia.com\/ca\/"},{"@type":"ListItem","position":2,"name":"Canviar la tarifa el\u00e8ctrica com a mesura d\u2019efici\u00e8ncia"}]},{"@type":"WebSite","@id":"https:\/\/www.factorenergia.com\/es\/#website","url":"https:\/\/www.factorenergia.com\/es\/","name":"factorenergia","description":"factorenergia","potentialAction":[{"@type":"SearchAction","target":{"@type":"EntryPoint","urlTemplate":"https:\/\/www.factorenergia.com\/es\/?s={search_term_string}"},"query-input":"required name=search_term_string"}],"inLanguage":"ca"},{"@type":"Person","@id":"https:\/\/www.factorenergia.com\/es\/#\/schema\/person\/dff9e4b6dc520720e3a37bdaaedc5841","name":"Equipo Transici\u00f3n Energ\u00e9tica Factorenergia","image":{"@type":"ImageObject","inLanguage":"ca","@id":"https:\/\/www.factorenergia.com\/es\/#\/schema\/person\/image\/","url":"https:\/\/secure.gravatar.com\/avatar\/1b7c76bab80ee1c4261b06108874e24b?s=96&d=mm&r=g","contentUrl":"https:\/\/secure.gravatar.com\/avatar\/1b7c76bab80ee1c4261b06108874e24b?s=96&d=mm&r=g","caption":"Equipo Transici\u00f3n Energ\u00e9tica Factorenergia"},"description":"El equipo est\u00e1 formado por expertos en materia de Luz, Gas y Eficiencia Energ\u00e9tica, que conocen de primera mano las tendencias del mercado. Su experiencia en el sector les permite ofrecer las mejores soluciones energ\u00e9ticas y resolver las dudas planteadas por los clientes.","sameAs":["https:\/\/www.factorenergia.com\/es\/","https:\/\/www.facebook.com\/factorenergiacom","https:\/\/www.instagram.com\/factorenergia_com\/","https:\/\/es.linkedin.com\/company\/factor-energia","https:\/\/twitter.com\/factorenergia","https:\/\/www.youtube.com\/c\/factorenergiacom"],"url":"https:\/\/www.factorenergia.com\/ca\/blog\/author\/marketing\/"}]}},"_links":{"self":[{"href":"https:\/\/www.factorenergia.com\/ca\/wp-json\/wp\/v2\/posts\/2964"}],"collection":[{"href":"https:\/\/www.factorenergia.com\/ca\/wp-json\/wp\/v2\/posts"}],"about":[{"href":"https:\/\/www.factorenergia.com\/ca\/wp-json\/wp\/v2\/types\/post"}],"author":[{"embeddable":true,"href":"https:\/\/www.factorenergia.com\/ca\/wp-json\/wp\/v2\/users\/17"}],"replies":[{"embeddable":true,"href":"https:\/\/www.factorenergia.com\/ca\/wp-json\/wp\/v2\/comments?post=2964"}],"version-history":[{"count":6,"href":"https:\/\/www.factorenergia.com\/ca\/wp-json\/wp\/v2\/posts\/2964\/revisions"}],"predecessor-version":[{"id":29155,"href":"https:\/\/www.factorenergia.com\/ca\/wp-json\/wp\/v2\/posts\/2964\/revisions\/29155"}],"wp:attachment":[{"href":"https:\/\/www.factorenergia.com\/ca\/wp-json\/wp\/v2\/media?parent=2964"}],"wp:term":[{"taxonomy":"category","embeddable":true,"href":"https:\/\/www.factorenergia.com\/ca\/wp-json\/wp\/v2\/categories?post=2964"},{"taxonomy":"post_tag","embeddable":true,"href":"https:\/\/www.factorenergia.com\/ca\/wp-json\/wp\/v2\/tags?post=2964"}],"curies":[{"name":"wp","href":"https:\/\/api.w.org\/{rel}","templated":true}]}}