{"id":2955,"date":"2017-02-10T16:13:53","date_gmt":"2017-02-10T14:13:53","guid":{"rendered":"https:\/\/www.factorenergia.com\/ca\/?post_type=blog&#038;p=2955"},"modified":"2023-07-18T12:16:39","modified_gmt":"2023-07-18T10:16:39","slug":"preu-llum-energia-eolica","status":"publish","type":"post","link":"https:\/\/www.factorenergia.com\/ca\/blog\/noticies\/preu-llum-energia-eolica\/","title":{"rendered":"Espanya bat r\u00e8cords en energia e\u00f2lica"},"content":{"rendered":"<p><span style=\"color: #000000;\">Aquest passat dilluns 6 de febrer, es va generar a Espanya m\u00e9s energia e\u00f2lica que enlloc d\u2019Europa. Tant, que amb l\u2019energia generada es va cobrir el 50% de la demanda, cosa que no passava des de l\u2019any passat pels voltants d\u2019aquestes dates i que, a m\u00e9s a m\u00e9s, ha afavorit enormement a millorar la situaci\u00f3 del preu de la llum.<\/span><\/p>\n<h2><span style=\"color: #000000;\">Baixa el preu de la llum gr\u00e0cies al vent<\/span><\/h2>\n<p><span style=\"color: #000000;\">Febrer ha comen\u00e7at marcat per unes grans r\u00e0fegues de vent que han canviat la tend\u00e8ncia alcista del preu de la llum del passat gener. Des de l\u2019AEE (Associaci\u00f3 Empresarial E\u00f2lica) asseguren que, si a finals del 2016 s\u2019haguessin instal\u00b7lat els 2.500MW d\u2019energia e\u00f2lica que estaven previstos a la Planificaci\u00f3 Estrat\u00e8gica 2015-2020, Espanya podria estar-se beneficiant d\u2019una major generaci\u00f3 a menor cost i, per tant, el <a href=\"https:\/\/www.factorenergia.com\/ca\/llars\/tarifas\/preu-variable\/\" target=\"_blank\" rel=\"noopener\">preu de la llum<\/a> seria molt m\u00e9s baix.<\/span><\/p>\n<p><span style=\"color: #000000;\">Mentrestant, \u00e9s necessari considerar que no fos pels 23.000 MW d\u2019e\u00f2lics instal\u00b7lats al pa\u00eds, que proporcionen energia neta i aut\u00f2ctona als consumidors, l\u2019any passat el preu de la llum del mercat el\u00e8ctric hagu\u00e9s estat molt major; per tant, podem afirmar que l\u2019energia neta produ\u00efda pel vent estalvia al consumidor una suma important a la factura de la llum, i a m\u00e9s, a trav\u00e9s d\u2019energia generada de forma verda.<\/span><\/p>\n<h3><span style=\"color: #000000;\"><strong>El preu de la llum i l\u2019energia verda<\/strong><\/span><\/h3>\n<p><span style=\"color: #000000;\">\u00c9s important considerar les <a href=\"https:\/\/www.factorenergia.com\/ca\/blog\/eficiencia-energetica\/que-son-energies-alternatives\/\" target=\"_blank\" rel=\"noopener\">energies alternatives<\/a> com una opci\u00f3 fiable per a fer que baixi el preu de la llum. Amb m\u00e9s inversi\u00f3 en energies renovables, com la e\u00f2lica, i si ens acostum\u00e9ssim a consumir menys de dia i m\u00e9s de nit, que \u00e9s quan m\u00e9s vent es recull al pa\u00eds, tots posar\u00edem un gra de sorra per tal de rebaixar la nostra factura el\u00e8ctrica.<\/span><\/p>\n<p>&nbsp;<\/p>\n","protected":false},"excerpt":{"rendered":"<p>El dilluns 6 de febrer, es va generar a Espanya m\u00e9s energia e\u00f2lica que enlloc d\u2019Europa. Tant, que ha afavorit a millorar la situaci\u00f3 del preu de la llum.<\/p>\n","protected":false},"author":17,"featured_media":0,"comment_status":"open","ping_status":"closed","sticky":false,"template":"","format":"standard","meta":{"inline_featured_image":false,"footnotes":""},"categories":[61],"tags":[],"acf":{"fecha_de_la_entrada":"20170210","imagen_portada":2956,"categoria_blog":null,"tipo_de_distribuidora":null,"tiempo_lectura":"","banner_bool":false,"titulo_banner":"","texto_banner":"","texto_boton_banner":"","url_boton_banner":"","post_relacionados":""},"yoast_head":"<!-- This site is optimized with the Yoast SEO plugin v22.2 - https:\/\/yoast.com\/wordpress\/plugins\/seo\/ -->\n<title>Baixa el preu de la llum gr\u00e0cies al vent | Factor Energia<\/title>\n<meta name=\"description\" content=\"El dilluns 6 de febrer, es va generar a Espanya m\u00e9s energia e\u00f2lica que enlloc d\u2019Europa. Tant, que ha afavorit a millorar la situaci\u00f3 del preu de la llum.\" \/>\n<meta name=\"robots\" content=\"index, follow, max-snippet:-1, max-image-preview:large, max-video-preview:-1\" \/>\n<link rel=\"canonical\" href=\"https:\/\/www.factorenergia.com\/ca\/blog\/noticies\/preu-llum-energia-eolica\/\" \/>\n<meta name=\"twitter:card\" content=\"summary_large_image\" \/>\n<meta name=\"twitter:title\" content=\"Baixa el preu de la llum gr\u00e0cies al vent | Factor Energia\" \/>\n<meta name=\"twitter:description\" content=\"El dilluns 6 de febrer, es va generar a Espanya m\u00e9s energia e\u00f2lica que enlloc d\u2019Europa. Tant, que ha afavorit a millorar la situaci\u00f3 del preu de la llum.\" \/>\n<meta name=\"twitter:creator\" content=\"@factorenergia\" \/>\n<meta name=\"twitter:site\" content=\"@factorenergia\" \/>\n<meta name=\"twitter:label1\" content=\"Written by\" \/>\n\t<meta name=\"twitter:data1\" content=\"Equipo Transici\u00f3n Energ\u00e9tica Factorenergia\" \/>\n\t<meta name=\"twitter:label2\" content=\"Est. reading time\" \/>\n\t<meta name=\"twitter:data2\" content=\"2 minutes\" \/>\n<script type=\"application\/ld+json\" class=\"yoast-schema-graph\">{\"@context\":\"https:\/\/schema.org\",\"@graph\":[{\"@type\":\"WebPage\",\"@id\":\"https:\/\/www.factorenergia.com\/ca\/blog\/noticies\/preu-llum-energia-eolica\/\",\"url\":\"https:\/\/www.factorenergia.com\/ca\/blog\/noticies\/preu-llum-energia-eolica\/\",\"name\":\"Baixa el preu de la llum gr\u00e0cies al vent | Factor Energia\",\"isPartOf\":{\"@id\":\"https:\/\/www.factorenergia.com\/es\/#website\"},\"datePublished\":\"2017-02-10T14:13:53+00:00\",\"dateModified\":\"2023-07-18T10:16:39+00:00\",\"author\":{\"@id\":\"https:\/\/www.factorenergia.com\/es\/#\/schema\/person\/dff9e4b6dc520720e3a37bdaaedc5841\"},\"description\":\"El dilluns 6 de febrer, es va generar a Espanya m\u00e9s energia e\u00f2lica que enlloc d\u2019Europa. Tant, que ha afavorit a millorar la situaci\u00f3 del preu de la llum.\",\"breadcrumb\":{\"@id\":\"https:\/\/www.factorenergia.com\/ca\/blog\/noticies\/preu-llum-energia-eolica\/#breadcrumb\"},\"inLanguage\":\"ca\",\"potentialAction\":[{\"@type\":\"ReadAction\",\"target\":[\"https:\/\/www.factorenergia.com\/ca\/blog\/noticies\/preu-llum-energia-eolica\/\"]}]},{\"@type\":\"BreadcrumbList\",\"@id\":\"https:\/\/www.factorenergia.com\/ca\/blog\/noticies\/preu-llum-energia-eolica\/#breadcrumb\",\"itemListElement\":[{\"@type\":\"ListItem\",\"position\":1,\"name\":\"Portada\",\"item\":\"https:\/\/www.factorenergia.com\/ca\/\"},{\"@type\":\"ListItem\",\"position\":2,\"name\":\"Espanya bat r\u00e8cords en energia e\u00f2lica\"}]},{\"@type\":\"WebSite\",\"@id\":\"https:\/\/www.factorenergia.com\/es\/#website\",\"url\":\"https:\/\/www.factorenergia.com\/es\/\",\"name\":\"factorenergia\",\"description\":\"factorenergia\",\"potentialAction\":[{\"@type\":\"SearchAction\",\"target\":{\"@type\":\"EntryPoint\",\"urlTemplate\":\"https:\/\/www.factorenergia.com\/es\/?s={search_term_string}\"},\"query-input\":\"required name=search_term_string\"}],\"inLanguage\":\"ca\"},{\"@type\":\"Person\",\"@id\":\"https:\/\/www.factorenergia.com\/es\/#\/schema\/person\/dff9e4b6dc520720e3a37bdaaedc5841\",\"name\":\"Equipo Transici\u00f3n Energ\u00e9tica Factorenergia\",\"image\":{\"@type\":\"ImageObject\",\"inLanguage\":\"ca\",\"@id\":\"https:\/\/www.factorenergia.com\/es\/#\/schema\/person\/image\/\",\"url\":\"https:\/\/secure.gravatar.com\/avatar\/1b7c76bab80ee1c4261b06108874e24b?s=96&d=mm&r=g\",\"contentUrl\":\"https:\/\/secure.gravatar.com\/avatar\/1b7c76bab80ee1c4261b06108874e24b?s=96&d=mm&r=g\",\"caption\":\"Equipo Transici\u00f3n Energ\u00e9tica Factorenergia\"},\"description\":\"El equipo est\u00e1 formado por expertos en materia de Luz, Gas y Eficiencia Energ\u00e9tica, que conocen de primera mano las tendencias del mercado. Su experiencia en el sector les permite ofrecer las mejores soluciones energ\u00e9ticas y resolver las dudas planteadas por los clientes.\",\"sameAs\":[\"https:\/\/www.factorenergia.com\/es\/\",\"https:\/\/www.facebook.com\/factorenergiacom\",\"https:\/\/www.instagram.com\/factorenergia_com\/\",\"https:\/\/es.linkedin.com\/company\/factor-energia\",\"https:\/\/twitter.com\/factorenergia\",\"https:\/\/www.youtube.com\/c\/factorenergiacom\"],\"url\":\"https:\/\/www.factorenergia.com\/ca\/blog\/author\/marketing\/\"}]}<\/script>\n<!-- \/ Yoast SEO plugin. -->","yoast_head_json":{"title":"Baixa el preu de la llum gr\u00e0cies al vent | Factor Energia","description":"El dilluns 6 de febrer, es va generar a Espanya m\u00e9s energia e\u00f2lica que enlloc d\u2019Europa. Tant, que ha afavorit a millorar la situaci\u00f3 del preu de la llum.","robots":{"index":"index","follow":"follow","max-snippet":"max-snippet:-1","max-image-preview":"max-image-preview:large","max-video-preview":"max-video-preview:-1"},"canonical":"https:\/\/www.factorenergia.com\/ca\/blog\/noticies\/preu-llum-energia-eolica\/","twitter_card":"summary_large_image","twitter_title":"Baixa el preu de la llum gr\u00e0cies al vent | Factor Energia","twitter_description":"El dilluns 6 de febrer, es va generar a Espanya m\u00e9s energia e\u00f2lica que enlloc d\u2019Europa. Tant, que ha afavorit a millorar la situaci\u00f3 del preu de la llum.","twitter_creator":"@factorenergia","twitter_site":"@factorenergia","twitter_misc":{"Written by":"Equipo Transici\u00f3n Energ\u00e9tica Factorenergia","Est. reading time":"2 minutes"},"schema":{"@context":"https:\/\/schema.org","@graph":[{"@type":"WebPage","@id":"https:\/\/www.factorenergia.com\/ca\/blog\/noticies\/preu-llum-energia-eolica\/","url":"https:\/\/www.factorenergia.com\/ca\/blog\/noticies\/preu-llum-energia-eolica\/","name":"Baixa el preu de la llum gr\u00e0cies al vent | Factor Energia","isPartOf":{"@id":"https:\/\/www.factorenergia.com\/es\/#website"},"datePublished":"2017-02-10T14:13:53+00:00","dateModified":"2023-07-18T10:16:39+00:00","author":{"@id":"https:\/\/www.factorenergia.com\/es\/#\/schema\/person\/dff9e4b6dc520720e3a37bdaaedc5841"},"description":"El dilluns 6 de febrer, es va generar a Espanya m\u00e9s energia e\u00f2lica que enlloc d\u2019Europa. Tant, que ha afavorit a millorar la situaci\u00f3 del preu de la llum.","breadcrumb":{"@id":"https:\/\/www.factorenergia.com\/ca\/blog\/noticies\/preu-llum-energia-eolica\/#breadcrumb"},"inLanguage":"ca","potentialAction":[{"@type":"ReadAction","target":["https:\/\/www.factorenergia.com\/ca\/blog\/noticies\/preu-llum-energia-eolica\/"]}]},{"@type":"BreadcrumbList","@id":"https:\/\/www.factorenergia.com\/ca\/blog\/noticies\/preu-llum-energia-eolica\/#breadcrumb","itemListElement":[{"@type":"ListItem","position":1,"name":"Portada","item":"https:\/\/www.factorenergia.com\/ca\/"},{"@type":"ListItem","position":2,"name":"Espanya bat r\u00e8cords en energia e\u00f2lica"}]},{"@type":"WebSite","@id":"https:\/\/www.factorenergia.com\/es\/#website","url":"https:\/\/www.factorenergia.com\/es\/","name":"factorenergia","description":"factorenergia","potentialAction":[{"@type":"SearchAction","target":{"@type":"EntryPoint","urlTemplate":"https:\/\/www.factorenergia.com\/es\/?s={search_term_string}"},"query-input":"required name=search_term_string"}],"inLanguage":"ca"},{"@type":"Person","@id":"https:\/\/www.factorenergia.com\/es\/#\/schema\/person\/dff9e4b6dc520720e3a37bdaaedc5841","name":"Equipo Transici\u00f3n Energ\u00e9tica Factorenergia","image":{"@type":"ImageObject","inLanguage":"ca","@id":"https:\/\/www.factorenergia.com\/es\/#\/schema\/person\/image\/","url":"https:\/\/secure.gravatar.com\/avatar\/1b7c76bab80ee1c4261b06108874e24b?s=96&d=mm&r=g","contentUrl":"https:\/\/secure.gravatar.com\/avatar\/1b7c76bab80ee1c4261b06108874e24b?s=96&d=mm&r=g","caption":"Equipo Transici\u00f3n Energ\u00e9tica Factorenergia"},"description":"El equipo est\u00e1 formado por expertos en materia de Luz, Gas y Eficiencia Energ\u00e9tica, que conocen de primera mano las tendencias del mercado. Su experiencia en el sector les permite ofrecer las mejores soluciones energ\u00e9ticas y resolver las dudas planteadas por los clientes.","sameAs":["https:\/\/www.factorenergia.com\/es\/","https:\/\/www.facebook.com\/factorenergiacom","https:\/\/www.instagram.com\/factorenergia_com\/","https:\/\/es.linkedin.com\/company\/factor-energia","https:\/\/twitter.com\/factorenergia","https:\/\/www.youtube.com\/c\/factorenergiacom"],"url":"https:\/\/www.factorenergia.com\/ca\/blog\/author\/marketing\/"}]}},"_links":{"self":[{"href":"https:\/\/www.factorenergia.com\/ca\/wp-json\/wp\/v2\/posts\/2955"}],"collection":[{"href":"https:\/\/www.factorenergia.com\/ca\/wp-json\/wp\/v2\/posts"}],"about":[{"href":"https:\/\/www.factorenergia.com\/ca\/wp-json\/wp\/v2\/types\/post"}],"author":[{"embeddable":true,"href":"https:\/\/www.factorenergia.com\/ca\/wp-json\/wp\/v2\/users\/17"}],"replies":[{"embeddable":true,"href":"https:\/\/www.factorenergia.com\/ca\/wp-json\/wp\/v2\/comments?post=2955"}],"version-history":[{"count":1,"href":"https:\/\/www.factorenergia.com\/ca\/wp-json\/wp\/v2\/posts\/2955\/revisions"}],"predecessor-version":[{"id":22998,"href":"https:\/\/www.factorenergia.com\/ca\/wp-json\/wp\/v2\/posts\/2955\/revisions\/22998"}],"wp:attachment":[{"href":"https:\/\/www.factorenergia.com\/ca\/wp-json\/wp\/v2\/media?parent=2955"}],"wp:term":[{"taxonomy":"category","embeddable":true,"href":"https:\/\/www.factorenergia.com\/ca\/wp-json\/wp\/v2\/categories?post=2955"},{"taxonomy":"post_tag","embeddable":true,"href":"https:\/\/www.factorenergia.com\/ca\/wp-json\/wp\/v2\/tags?post=2955"}],"curies":[{"name":"wp","href":"https:\/\/api.w.org\/{rel}","templated":true}]}}