{"id":2911,"date":"2017-02-01T08:00:11","date_gmt":"2017-02-01T06:00:11","guid":{"rendered":"https:\/\/www.factorenergia.com\/ca\/?post_type=blog&#038;p=2911"},"modified":"2025-08-01T09:38:21","modified_gmt":"2025-08-01T07:38:21","slug":"que-es-potencia","status":"publish","type":"post","link":"https:\/\/www.factorenergia.com\/ca\/blog\/enten-la-factura-de-la-llum\/que-es-potencia\/","title":{"rendered":"Qu\u00e8 \u00e9s la pot\u00e8ncia?"},"content":{"rendered":"<p><span>\n<script type=\"text\/javascript\" id=\"auto-index\" async defer>\n\n      function indexContent(context){\n\n      var container = document.querySelector(context);\n\n      element = document.getElementById(\"accordion-index\");\n      var titles = Array.from(container.querySelectorAll(\"h2,h3\"));\n\n      for (var i = 0, l = titles.length; i < l; i++) {\n\n\t\tjQuery('#accordionIndex').show();\n\n        var tit = titles[i];\n\t\tvar newTitle = tit.textContent.toLowerCase().replace(\/[^a-zA-Z ]\/g, \"\").replace(\/\\s\/g, '-');\n\t\tvar numTag = Number(tit.tagName.replace(\/[^1-9]\/g, \"\"));\n\t\tvar tagWidth = (numTag*20);\n\n\t\tvar preText = '<span style=\"margin-left:' + tagWidth + 'px\"><\/span>';\n\n        tit.setAttribute(\"id\", newTitle);\n\t\tjQuery(tit).addClass('h-inline');\n\t\t\n\t\tvar toIndex = '<p class=\"h-inline\"><a class=\"blog-toindex\" href=\"#accordionIndex\"><span class=\"glyphicon glyphicon-chevron-up\" aria-hidden=\"true\"><\/span><\/a><\/p>';\n\n\t\tjQuery(toIndex).insertAfter(tit);\n\n        var node = document.createElement(\"LI\");                 \n        var link = document.createElement(\"A\");\n        var textnode = document.createTextNode(tit.textContent);\n\n        link.appendChild(textnode);\n        link.setAttribute(\"href\", '#' + newTitle);\n\t\t\/\/link.setAttribute(\"style\", \"margin-left:\" + tagWidth + \"px\");\n\t\tlink.setAttribute(\"class\", \"acc-h\" + numTag);\n        node.appendChild(link);\n\n        element.appendChild(node);\n\n      }\n    }\n\n    jQuery(document).ready(function(){\t\t\n\t\tindexContent(\".single-post-content\");\n\n\t\tjQuery(\".accordion-toggle\").click(function() {\n\t\t\tjQuery(this).toggleClass(\"open\");\n\t\t\tjQuery(\"#collapseIndex\").slideToggle(\"in\");\n\t\t});\n\t});\n\n\n<\/script>\n\n<style>\n\t.accordion-toggle{\n\t\tcursor:pointer;\n\t}\n\n\t#accordionIndex .panel-heading{\n\t\tmargin-bottom:0px;\n\t}\n\n\t.articulo ul, .articulo ol{\n\t\tmargin-bottom:auto;\n\t}\n\n\t.h-inline{\n\t\tdisplay: inline-flex;\n\t\tflex-wrap: wrap\n\t}\n\t#accordion-index{\n\t\tpadding-left:0px;\n\t}\n\t#accordion-index li a{\n\t\tdisplay:block;\n\t\tpadding-top:5px;\n\t}\n\n\t.acc-h2{\n\t\tmargin-left:0px;\n\t\tposition: relative;\n\t}\n\n\t.acc-h3{\n\t\tmargin-left:25px;\n\t}\n\n\t.acc-h3::before{\n\t\tcontent: \"\";\n\t\tbackground-color:var(--blue-light);\n\t\tmargin-left:-10px;\n\t\twidth: 7px;\n\t\theight: 7px;\n\t\tdisplay: inline-block;\n\t\ttext-align: center;\n\t\tborder-radius: 1000px;\n\t\tmargin-right: 10px;\n    \tmargin-bottom: 2px;\n\t}\n\n\t.acc-h4{\n\t\tmargin-left:40px;\n\t}\n\n\t.acc-h4::before{\n\t\tcontent: \"\";\n\t\tborder: 1px solid var(--blue-light);\n\t\tmargin-left:-5px;\n\t\twidth: 7px;\n\t\theight: 7px;\n\t\tdisplay: inline-block;\n\t\ttext-align: center;\n\t\tborder-radius: 100%;\n\t\tmargin-right: 10px;\n    \tmargin-bottom: 2px;\n\t}\n\n\t.acc-h3:hover::before{\n\t\tbackground-color: var(--blue-darkest);\n\t}\n\n\t.acc-h4:hover::before{\n\t\tborder-color: var(--blue-darkest);\n\t}\n\n\t@media (max-width: 992px){\n\t\t.acc-h2{\n\t\t\tmargin-left:0px;\n\t\t}\n\t\t.acc-h3{\n\t\t\tmargin-left:20px;\n\t\t}\n\t\t.acc-h4{\n\t\t\tmargin-left:40px;\n\t\t}\n\t}\n\n\t\/*\n\th2.h-inline:after,\n\th3.h-inline:after{\n\t\theight: 24px;\n\t\tcontent: \"\";\n\t\tdisplay: table-row;\n\t}*\/\n<\/style>\n\n<div id=\"table-accordion-index\">\n\t<div class=\"panel-group\" id=\"accordionIndex\">\n\t\t<div class=\"panel panel-default\">\n\t\t\t<div class=\"panel-heading\">\n\t\t\t\t<div class=\"panel-title open\"><div class=\"accordion-toggle\" data-toggle=\"collapse\" data-parent=\"#accordion\" aria-expanded=\"true\">\u00edndex<\/div><\/div>\n\t\t\t<\/div>\n\t\t\t<div id=\"collapseIndex\" class=\"panel-collapse collapse in\" aria-expanded=\"true\">\n\t\t\t\t<div class=\"panel-body\">\n\t\t\t\t\t<ul id=\"accordion-index\">\n\t\t\t\t\t<\/ul>\n\t\t\t\t<\/div>\n\t\t\t<\/div>\n\t\t<\/div>\n\t<\/div>\n<\/div><\/span><\/p>\n<h2>Qu\u00e8 es la pot\u00e8ncia el\u00e8ctrica?<\/h2>\n<p>Per tal de parlar de qu\u00e8 \u00e9s la pot\u00e8ncia, primer hem de posar-nos una mica t\u00e8cnics, que en el nostre idioma vol dir <em>frikis<\/em>, per\u00f2 prometem que ser\u00e0 r\u00e0pid i no far\u00e0 mal:<\/p>\n<p style=\"text-align: center;\">Pot\u00e8ncia. <em>f. F\u00eds<\/em>. Quantitat d\u2019energia produ\u00efda o consumida per unitat de temps.<\/p>\n<p>L\u2019anterior, \u00e9s la definici\u00f3 que d\u00f3na la RAE (Real Acad\u00e8mia Espanyola) en quant a \u201cpot\u00e8ncia\u201d, i amb ella ja ens en fem una idea, per\u00f2 abans d\u2019aprofundir-hi, \u00e9s adequat aclarir els seg\u00fcents conceptes:<\/p>\n<p style=\"text-align: center;\">Energia. <em>f. F\u00eds<\/em>. Capacitat per a realitzar un esfor\u00e7. (<em>Simb. E<\/em>).<\/p>\n<p>Al nostre camp, \u00e9s la capacitat que t\u00e9 un aparell o mecanisme el\u00e8ctric i es mesura en Joules (<em>Simb. J<\/em>).<\/p>\n<p>La relaci\u00f3 entre energia i pot\u00e8ncia \u00e9s que <strong>la pot\u00e8ncia \u00e9s la velocitat a la que es consumeix l\u2019energia<\/strong>. Aleshores: 1 Joule \/segon = 1 <strong>Watt: la unitat de mesura de la pot\u00e8ncia<\/strong>.<\/p>\n<p>La pot\u00e8ncia de la llum es mesura en quilovats (kW), i <strong>aix\u00ed ho trobar\u00e0s a la teva factura de la llum<\/strong> juntament amb el preu en euros de cada kW. I per aix\u00f2 t\u2019hem explicat aquest embolic.<\/p>\n<p>No ha estat tant dur, oi? Vinga, ara s\u00ed:<\/p>\n<h2>Qu\u00e8 \u00e9s la pot\u00e8ncia contractada?<\/h2>\n<p>La pot\u00e8ncia contractada \u00e9s la quantitat d\u2019energia que es pot utilitzar per a connectar aparells el\u00e8ctrics. \u00c9s a dir, \u00e9s el <strong>n\u00famero d\u2019electrodom\u00e8stics que el teu subministrament \u00e9s capa\u00e7 d\u2019aguantar<\/strong> (alhora) sense que \u201csaltin els ploms\u201d.<\/p>\n<p><strong>La pot\u00e8ncia el\u00e8ctrica contractada amb l\u2019empresa de la llum varia en funci\u00f3 de les necessitats de la llar<\/strong> i del n\u00famero de persones que hi visquin; normalment, quantes m\u00e9s persones i\/o aparells connectats simult\u00e0niament, m\u00e9s pot\u00e8ncia es necessita contractar i, conseq\u00fcentment, m\u00e9s puja la factura de la llum.<\/p>\n<h3>Quina pot\u00e8ncia contractar?<\/h3>\n<p>Per a saber quina pot\u00e8ncia contractar, l\u2019usuari haur\u00e0 d\u2019ajustar-se a les pot\u00e8ncies normalitzades iguals per a qualsevol comercialitzadora. <strong>La pot\u00e8ncia que tens contractada actualment figura a la teva factura de la llum<\/strong>, i si est\u00e0s pensant en pujar o baixar la pot\u00e8ncia, consulta el nostre article del blog: <a href=\"https:\/\/www.factorenergia.com\/ca\/blog\/apren-a-estalviar\/quina-potencia-contractar\/\" target=\"_blank\" rel=\"noopener noreferrer\">Quina pot\u00e8ncia contractar<\/a>?<\/p>\n<p>No obstant, i encara que baixar la pot\u00e8ncia \u00e9s un molt bon m\u00e8tode d\u2019estalvi, no sempre \u00e9s possible. Pensa que <strong>la pot\u00e8ncia contractada dep\u00e8n de les teves necessitats<\/strong>, de manera que et recomanem que l\u2019ajustis al m\u00e0xim sense passar-te ja que, si no, et saltaran els ploms cada vegada que la sobrepassis.<\/p>\n<p>De totes maneres, \u00e9s important recalcar que, en ocasions, que puguis abaixar-te la pot\u00e8ncia <strong>no dep\u00e8n tant de la quantitat d\u2019energia que consumeixes sin\u00f3 de com i quan<\/strong> la consumeixes.<\/p>\n<h3><strong>Exemple pr\u00e0ctic per a saber quina pot\u00e8ncia el\u00e8ctrica contractar:<\/strong><\/h3>\n<p><strong>Situaci\u00f3 1<\/strong>: Decideixes fer servir el forn per cuinar i, de pas, amb el temps que t\u2019estalvies, aprofites per posar una rentadora mentre planxes. A tot aix\u00f2, est\u00e0 la tele de fons i els electrodom\u00e8stics de sempre funcionant: els llums, la nevera i potser algun calefactor. Tot alhora.<\/p>\n<p><strong>Situaci\u00f3 2<\/strong>: Decideixes fer servir el forn per cuinar i, mentrestant, et relaxes veient la tele. Un cop acabes de cuinar, programes la rentadora perqu\u00e8 es posi en marxa just quan acabis de planxar.<\/p>\n<p>Evidentment, a la segona situaci\u00f3 tamb\u00e9 hi ha llums, nevera i potser calefactor, per\u00f2 a difer\u00e8ncia de la situaci\u00f3 1, el consum no s\u2019efectua alhora, de manera que no hi ha una demanda elevada de pot\u00e8ncia i probablement quedi marge sobrant, el que podries reduir.<\/p>\n<p>\u00c9s a dir, si passes de la situaci\u00f3 1 a la situaci\u00f3 2, potser puguis abaixar la teva pot\u00e8ncia, per\u00f2 aix\u00f2 s\u00ed, tingues en compte que de fer-ho, al fer com a l\u2019exemple 1 et saltarien els ploms.<\/p>\n<p>&nbsp;<\/p>\n<p>Des de Factorenergia et recomanem que paris atenci\u00f3 als teus h\u00e0bits de consum i estudi\u00efs si \u00e9s viable canviar alguns costums. Un cop ho tinguis clar, i si vols canviar d&#8217;<a href=\"https:\/\/www.factorenergia.com\/ca\/\" target=\"_blank\" rel=\"noopener\">empresa d&#8217;energia<\/a> per fer el canvi de pot\u00e8ncia m\u00e9s f\u00e0cil, truca al nostre tel\u00e8fon gratu\u00eft d\u2019Atenci\u00f3 al Client al <strong>900 850 000<\/strong> o <strong><a href=\"https:\/\/alta.factorenergia.com\/ca\/checkout-l\/1\" target=\"_blank\" rel=\"noopener noreferrer\">contracta la llum online<\/a><\/strong> amb Factorenergia; seran nom\u00e9s 3 minuts, garantit.<\/p>\n<p>&nbsp;<\/p>\n","protected":false},"excerpt":{"rendered":"<p>Saps quina pot\u00e8ncia tens contractada? O, m\u00e9s aviat, saps qu\u00e8 \u00e9s la pot\u00e8ncia ? Expliquem qu\u00e8 \u00e9s cada cosa per ajudar-te a entendre la factura de la llum.<\/p>\n","protected":false},"author":17,"featured_media":0,"comment_status":"open","ping_status":"closed","sticky":false,"template":"","format":"standard","meta":{"inline_featured_image":false,"footnotes":""},"categories":[57],"tags":[],"acf":{"fecha_de_la_entrada":"20170201","imagen_portada":2912,"categoria_blog":null,"tipo_de_distribuidora":null,"tiempo_lectura":"","banner_bool":false,"titulo_banner":"","texto_banner":"","texto_boton_banner":"","url_boton_banner":"","post_relacionados":""},"yoast_head":"<!-- This site is optimized with the Yoast SEO plugin v22.2 - https:\/\/yoast.com\/wordpress\/plugins\/seo\/ -->\n<title>Qu\u00e8 \u00e9s la pot\u00e8ncia el\u00e8ctrica contractada? | factorenergia<\/title>\n<meta name=\"description\" content=\"Saps quina pot\u00e8ncia tens contractada? Saps qu\u00e8 \u00e9s la pot\u00e8ncia? Expliquem qu\u00e8 \u00e9s cada cosa per ajudar-te a entendre la factura de la llum.\" \/>\n<meta name=\"robots\" content=\"index, follow, max-snippet:-1, max-image-preview:large, max-video-preview:-1\" \/>\n<link rel=\"canonical\" href=\"https:\/\/www.factorenergia.com\/ca\/blog\/enten-la-factura-de-la-llum\/que-es-potencia\/\" \/>\n<meta name=\"twitter:card\" content=\"summary_large_image\" \/>\n<meta name=\"twitter:title\" content=\"Qu\u00e8 \u00e9s la pot\u00e8ncia el\u00e8ctrica contractada? | factorenergia\" \/>\n<meta name=\"twitter:description\" content=\"Saps quina pot\u00e8ncia tens contractada? Saps qu\u00e8 \u00e9s la pot\u00e8ncia? Expliquem qu\u00e8 \u00e9s cada cosa per ajudar-te a entendre la factura de la llum.\" \/>\n<meta name=\"twitter:creator\" content=\"@factorenergia\" \/>\n<meta name=\"twitter:site\" content=\"@factorenergia\" \/>\n<meta name=\"twitter:label1\" content=\"Written by\" \/>\n\t<meta name=\"twitter:data1\" content=\"Equipo Transici\u00f3n Energ\u00e9tica Factorenergia\" \/>\n\t<meta name=\"twitter:label2\" content=\"Est. reading time\" \/>\n\t<meta name=\"twitter:data2\" content=\"4 minutes\" \/>\n<script type=\"application\/ld+json\" class=\"yoast-schema-graph\">{\"@context\":\"https:\/\/schema.org\",\"@graph\":[{\"@type\":\"WebPage\",\"@id\":\"https:\/\/www.factorenergia.com\/ca\/blog\/enten-la-factura-de-la-llum\/que-es-potencia\/\",\"url\":\"https:\/\/www.factorenergia.com\/ca\/blog\/enten-la-factura-de-la-llum\/que-es-potencia\/\",\"name\":\"Qu\u00e8 \u00e9s la pot\u00e8ncia el\u00e8ctrica contractada? | factorenergia\",\"isPartOf\":{\"@id\":\"https:\/\/www.factorenergia.com\/es\/#website\"},\"datePublished\":\"2017-02-01T06:00:11+00:00\",\"dateModified\":\"2025-08-01T07:38:21+00:00\",\"author\":{\"@id\":\"https:\/\/www.factorenergia.com\/es\/#\/schema\/person\/dff9e4b6dc520720e3a37bdaaedc5841\"},\"description\":\"Saps quina pot\u00e8ncia tens contractada? Saps qu\u00e8 \u00e9s la pot\u00e8ncia? Expliquem qu\u00e8 \u00e9s cada cosa per ajudar-te a entendre la factura de la llum.\",\"breadcrumb\":{\"@id\":\"https:\/\/www.factorenergia.com\/ca\/blog\/enten-la-factura-de-la-llum\/que-es-potencia\/#breadcrumb\"},\"inLanguage\":\"ca\",\"potentialAction\":[{\"@type\":\"ReadAction\",\"target\":[\"https:\/\/www.factorenergia.com\/ca\/blog\/enten-la-factura-de-la-llum\/que-es-potencia\/\"]}]},{\"@type\":\"BreadcrumbList\",\"@id\":\"https:\/\/www.factorenergia.com\/ca\/blog\/enten-la-factura-de-la-llum\/que-es-potencia\/#breadcrumb\",\"itemListElement\":[{\"@type\":\"ListItem\",\"position\":1,\"name\":\"Portada\",\"item\":\"https:\/\/www.factorenergia.com\/ca\/\"},{\"@type\":\"ListItem\",\"position\":2,\"name\":\"Qu\u00e8 \u00e9s la pot\u00e8ncia?\"}]},{\"@type\":\"WebSite\",\"@id\":\"https:\/\/www.factorenergia.com\/es\/#website\",\"url\":\"https:\/\/www.factorenergia.com\/es\/\",\"name\":\"factorenergia\",\"description\":\"factorenergia\",\"potentialAction\":[{\"@type\":\"SearchAction\",\"target\":{\"@type\":\"EntryPoint\",\"urlTemplate\":\"https:\/\/www.factorenergia.com\/es\/?s={search_term_string}\"},\"query-input\":\"required name=search_term_string\"}],\"inLanguage\":\"ca\"},{\"@type\":\"Person\",\"@id\":\"https:\/\/www.factorenergia.com\/es\/#\/schema\/person\/dff9e4b6dc520720e3a37bdaaedc5841\",\"name\":\"Equipo Transici\u00f3n Energ\u00e9tica Factorenergia\",\"image\":{\"@type\":\"ImageObject\",\"inLanguage\":\"ca\",\"@id\":\"https:\/\/www.factorenergia.com\/es\/#\/schema\/person\/image\/\",\"url\":\"https:\/\/secure.gravatar.com\/avatar\/1b7c76bab80ee1c4261b06108874e24b?s=96&d=mm&r=g\",\"contentUrl\":\"https:\/\/secure.gravatar.com\/avatar\/1b7c76bab80ee1c4261b06108874e24b?s=96&d=mm&r=g\",\"caption\":\"Equipo Transici\u00f3n Energ\u00e9tica Factorenergia\"},\"description\":\"El equipo est\u00e1 formado por expertos en materia de Luz, Gas y Eficiencia Energ\u00e9tica, que conocen de primera mano las tendencias del mercado. Su experiencia en el sector les permite ofrecer las mejores soluciones energ\u00e9ticas y resolver las dudas planteadas por los clientes.\",\"sameAs\":[\"https:\/\/www.factorenergia.com\/es\/\",\"https:\/\/www.facebook.com\/factorenergiacom\",\"https:\/\/www.instagram.com\/factorenergia_com\/\",\"https:\/\/es.linkedin.com\/company\/factor-energia\",\"https:\/\/twitter.com\/factorenergia\",\"https:\/\/www.youtube.com\/c\/factorenergiacom\"],\"url\":\"https:\/\/www.factorenergia.com\/ca\/blog\/author\/marketing\/\"}]}<\/script>\n<!-- \/ Yoast SEO plugin. -->","yoast_head_json":{"title":"Qu\u00e8 \u00e9s la pot\u00e8ncia el\u00e8ctrica contractada? | factorenergia","description":"Saps quina pot\u00e8ncia tens contractada? Saps qu\u00e8 \u00e9s la pot\u00e8ncia? Expliquem qu\u00e8 \u00e9s cada cosa per ajudar-te a entendre la factura de la llum.","robots":{"index":"index","follow":"follow","max-snippet":"max-snippet:-1","max-image-preview":"max-image-preview:large","max-video-preview":"max-video-preview:-1"},"canonical":"https:\/\/www.factorenergia.com\/ca\/blog\/enten-la-factura-de-la-llum\/que-es-potencia\/","twitter_card":"summary_large_image","twitter_title":"Qu\u00e8 \u00e9s la pot\u00e8ncia el\u00e8ctrica contractada? | factorenergia","twitter_description":"Saps quina pot\u00e8ncia tens contractada? Saps qu\u00e8 \u00e9s la pot\u00e8ncia? Expliquem qu\u00e8 \u00e9s cada cosa per ajudar-te a entendre la factura de la llum.","twitter_creator":"@factorenergia","twitter_site":"@factorenergia","twitter_misc":{"Written by":"Equipo Transici\u00f3n Energ\u00e9tica Factorenergia","Est. reading time":"4 minutes"},"schema":{"@context":"https:\/\/schema.org","@graph":[{"@type":"WebPage","@id":"https:\/\/www.factorenergia.com\/ca\/blog\/enten-la-factura-de-la-llum\/que-es-potencia\/","url":"https:\/\/www.factorenergia.com\/ca\/blog\/enten-la-factura-de-la-llum\/que-es-potencia\/","name":"Qu\u00e8 \u00e9s la pot\u00e8ncia el\u00e8ctrica contractada? | factorenergia","isPartOf":{"@id":"https:\/\/www.factorenergia.com\/es\/#website"},"datePublished":"2017-02-01T06:00:11+00:00","dateModified":"2025-08-01T07:38:21+00:00","author":{"@id":"https:\/\/www.factorenergia.com\/es\/#\/schema\/person\/dff9e4b6dc520720e3a37bdaaedc5841"},"description":"Saps quina pot\u00e8ncia tens contractada? Saps qu\u00e8 \u00e9s la pot\u00e8ncia? Expliquem qu\u00e8 \u00e9s cada cosa per ajudar-te a entendre la factura de la llum.","breadcrumb":{"@id":"https:\/\/www.factorenergia.com\/ca\/blog\/enten-la-factura-de-la-llum\/que-es-potencia\/#breadcrumb"},"inLanguage":"ca","potentialAction":[{"@type":"ReadAction","target":["https:\/\/www.factorenergia.com\/ca\/blog\/enten-la-factura-de-la-llum\/que-es-potencia\/"]}]},{"@type":"BreadcrumbList","@id":"https:\/\/www.factorenergia.com\/ca\/blog\/enten-la-factura-de-la-llum\/que-es-potencia\/#breadcrumb","itemListElement":[{"@type":"ListItem","position":1,"name":"Portada","item":"https:\/\/www.factorenergia.com\/ca\/"},{"@type":"ListItem","position":2,"name":"Qu\u00e8 \u00e9s la pot\u00e8ncia?"}]},{"@type":"WebSite","@id":"https:\/\/www.factorenergia.com\/es\/#website","url":"https:\/\/www.factorenergia.com\/es\/","name":"factorenergia","description":"factorenergia","potentialAction":[{"@type":"SearchAction","target":{"@type":"EntryPoint","urlTemplate":"https:\/\/www.factorenergia.com\/es\/?s={search_term_string}"},"query-input":"required name=search_term_string"}],"inLanguage":"ca"},{"@type":"Person","@id":"https:\/\/www.factorenergia.com\/es\/#\/schema\/person\/dff9e4b6dc520720e3a37bdaaedc5841","name":"Equipo Transici\u00f3n Energ\u00e9tica Factorenergia","image":{"@type":"ImageObject","inLanguage":"ca","@id":"https:\/\/www.factorenergia.com\/es\/#\/schema\/person\/image\/","url":"https:\/\/secure.gravatar.com\/avatar\/1b7c76bab80ee1c4261b06108874e24b?s=96&d=mm&r=g","contentUrl":"https:\/\/secure.gravatar.com\/avatar\/1b7c76bab80ee1c4261b06108874e24b?s=96&d=mm&r=g","caption":"Equipo Transici\u00f3n Energ\u00e9tica Factorenergia"},"description":"El equipo est\u00e1 formado por expertos en materia de Luz, Gas y Eficiencia Energ\u00e9tica, que conocen de primera mano las tendencias del mercado. Su experiencia en el sector les permite ofrecer las mejores soluciones energ\u00e9ticas y resolver las dudas planteadas por los clientes.","sameAs":["https:\/\/www.factorenergia.com\/es\/","https:\/\/www.facebook.com\/factorenergiacom","https:\/\/www.instagram.com\/factorenergia_com\/","https:\/\/es.linkedin.com\/company\/factor-energia","https:\/\/twitter.com\/factorenergia","https:\/\/www.youtube.com\/c\/factorenergiacom"],"url":"https:\/\/www.factorenergia.com\/ca\/blog\/author\/marketing\/"}]}},"_links":{"self":[{"href":"https:\/\/www.factorenergia.com\/ca\/wp-json\/wp\/v2\/posts\/2911"}],"collection":[{"href":"https:\/\/www.factorenergia.com\/ca\/wp-json\/wp\/v2\/posts"}],"about":[{"href":"https:\/\/www.factorenergia.com\/ca\/wp-json\/wp\/v2\/types\/post"}],"author":[{"embeddable":true,"href":"https:\/\/www.factorenergia.com\/ca\/wp-json\/wp\/v2\/users\/17"}],"replies":[{"embeddable":true,"href":"https:\/\/www.factorenergia.com\/ca\/wp-json\/wp\/v2\/comments?post=2911"}],"version-history":[{"count":3,"href":"https:\/\/www.factorenergia.com\/ca\/wp-json\/wp\/v2\/posts\/2911\/revisions"}],"predecessor-version":[{"id":29157,"href":"https:\/\/www.factorenergia.com\/ca\/wp-json\/wp\/v2\/posts\/2911\/revisions\/29157"}],"wp:attachment":[{"href":"https:\/\/www.factorenergia.com\/ca\/wp-json\/wp\/v2\/media?parent=2911"}],"wp:term":[{"taxonomy":"category","embeddable":true,"href":"https:\/\/www.factorenergia.com\/ca\/wp-json\/wp\/v2\/categories?post=2911"},{"taxonomy":"post_tag","embeddable":true,"href":"https:\/\/www.factorenergia.com\/ca\/wp-json\/wp\/v2\/tags?post=2911"}],"curies":[{"name":"wp","href":"https:\/\/api.w.org\/{rel}","templated":true}]}}