{"id":27886,"date":"2025-04-14T15:38:15","date_gmt":"2025-04-14T13:38:15","guid":{"rendered":"https:\/\/www.factorenergia.com\/ca\/?p=27886"},"modified":"2025-04-14T15:38:15","modified_gmt":"2025-04-14T13:38:15","slug":"factorenergia-impulsa-la-carrega-ultra-rapida-a-mexic-amb-el-llancament-de-fazt","status":"publish","type":"post","link":"https:\/\/www.factorenergia.com\/ca\/blog\/noticies\/factorenergia-impulsa-la-carrega-ultra-rapida-a-mexic-amb-el-llancament-de-fazt\/","title":{"rendered":"Factorenergia impulsa la c\u00e0rrega ultra r\u00e0pida a M\u00e8xic amb el llan\u00e7ament de FAZT"},"content":{"rendered":"<p>Aquest 2025, en el marc del seu 25 aniversari, <strong>Factorenergia<\/strong> refor\u00e7a la seva aposta per la transici\u00f3 energ\u00e8tica global amb el llan\u00e7ament de <a href=\"https:\/\/www.faztcharging.com\/es\">FAZT<\/a>, una nova companyia tecnol\u00f2gica i infraestructural (tech-infra) especialitzada en c\u00e0rrega <strong>ultra r\u00e0pida per a vehicles el\u00e8ctrics a M\u00e8xic.<\/strong><\/p>\n<p>&nbsp;<\/p>\n<p><span>L&#8217;objectiu:\u00a0 instal\u00b7lar <strong>1.000 punts de c\u00e0rrega el\u00e8ctrica abans de 2030.<\/strong><\/span><\/p>\n<p>&nbsp;<\/p>\n<p><strong>Factorenergia<\/strong> participa en el projecte amb un <strong>28% del capital<\/strong>, consolidant el seu paper com a actor estrat\u00e8gic en el nou model energ\u00e8tic internacional.<\/p>\n<p>&nbsp;<\/p>\n<p><em>\u201cLa participaci\u00f3 en FAZT \u00e9s una aposta estrat\u00e8gica que conjumina innovaci\u00f3, sostenibilitat i expansi\u00f3 internacional. Volem traslladar el nostre model energ\u00e8tic responsable a mercats que necessiten solucions netes, fiables i accessibles\u201d<\/em> , afirma <strong>Emili Rousaud, CEO de Factorenergia.<\/strong><\/p>\n<h2><\/h2>\n<h2>Una xarxa l\u00edder en c\u00e0rrega ultra r\u00e0pida<\/h2>\n<p><strong>FAZT<\/strong> neix de l&#8217;alian\u00e7a de Factorenergia amb socis locals, incloent-hi l&#8217;empresa <strong>Gemex<\/strong>, ja soci en <strong>Luxem Energia<\/strong>, subministradora d&#8217;electricitat i gas a M\u00e8xic.<\/p>\n<p>&nbsp;<\/p>\n<p>Les estacions es desenvolupen sota dos models: <strong>Fazt i UltraFazt<\/strong>, compatibles amb els principals est\u00e0ndards internacionals (NACS i GB\/T). A m\u00e9s, la seva app ofereix una experi\u00e8ncia digital completa: localitzaci\u00f3 d&#8217;estacions, gesti\u00f3 de pagaments i monitoratge en temps real.<\/p>\n<p>&nbsp;<\/p>\n<p>Gr\u00e0cies a un acord estrat\u00e8gic amb la cadena de supermercats <strong>Soriana<\/strong>, FAZT ja ha inaugurat <strong>quatre estacions<\/strong> en Monterrey (Sant Jer\u00f2nim, Cimeres, Sant Nicol\u00e1s i Freixes), i en els pr\u00f2xims dies obrir\u00e0 noves ubicacions en <strong>Cuernavaca, Vall de Bravo i Ramos Arizpe.<\/strong><\/p>\n<h3><\/h3>\n<h3>Objectiu 2030: 1.000 punts de c\u00e0rrega<\/h3>\n<p>Aquesta primera fase forma part d&#8217;un pla d&#8217;expansi\u00f3 que preveu instal\u00b7lar <strong>50 estacions en 2025<\/strong>, amb una meta clara: aconseguir <strong>1.000 punts operatius en tot el pa\u00eds<\/strong> per a l&#8217;any 2030 i contribuir a una reducci\u00f3 del <strong>70% d&#8217;emissions de CO\u2082<\/strong> en la mobilitat.<\/p>\n<p>&nbsp;<\/p>\n<p><em>&#8220;Volem oferir una xarxa de c\u00e0rrega al nivell que mereixen els mexicans: de confian\u00e7a, moderna i accessible\u201d<\/em>, destaca <strong>Javier Cuartas, director general de FAZT.<\/strong><\/p>\n<h3><\/h3>\n<h3>Mirant al futur: lideratge amb impacte<\/h3>\n<p>La internacionalitzaci\u00f3 ha estat sempre un pilar clau per a Factorenergia. Iniciatives com FAZT reforcen el seu comprom\u00eds amb un model energ\u00e8tic <strong>sostenible, digital i col\u00b7laboratiu<\/strong>, preparat per a respondre als grans reptes del present.<\/p>\n<p>&nbsp;<\/p>\n<p><em>\u201cNo es tracta nom\u00e9s de cr\u00e9ixer, sin\u00f3 de cr\u00e9ixer amb sentit. Volem que la transici\u00f3 energ\u00e8tica arribi a totes les persones, estiguin on estiguin\u201d<\/em>, conclou <strong>Rousaud.<\/strong><\/p>\n<p>&nbsp;<\/p>\n<p><span>Amb visi\u00f3, innovaci\u00f3 i aliances estrat\u00e8giques,\u00a0<\/span><strong>Factorenergia<\/strong><span>\u00a0continua liderant el cam\u00ed cap a un futur m\u00e9s net, eficient i just per a tots.<\/span><\/p>\n","protected":false},"excerpt":{"rendered":"<p> Factorenergia llan\u00e7a FAZT a M\u00e8xic per a instal\u00b7lar 1.000 punts de c\u00e0rrega r\u00e0pida de vehicles el\u00e8ctrics abans de 2030. Mobilitat neta i accessible.<\/p>\n","protected":false},"author":23,"featured_media":0,"comment_status":"open","ping_status":"open","sticky":false,"template":"","format":"standard","meta":{"inline_featured_image":false,"footnotes":""},"categories":[61],"tags":[],"acf":{"fecha_de_la_entrada":"20250414","imagen_portada":27890,"categoria_blog":null,"tipo_de_distribuidora":null,"tiempo_lectura":"2'","banner_bool":false,"titulo_banner":"","texto_banner":"","texto_boton_banner":"","url_boton_banner":"","post_relacionados":""},"yoast_head":"<!-- This site is optimized with the Yoast SEO plugin v22.2 - https:\/\/yoast.com\/wordpress\/plugins\/seo\/ -->\n<title>Factorenergia impulsa la c\u00e0rrega ultra r\u00e0pida a M\u00e8xic amb el llan\u00e7ament de FAZT | factorenergia<\/title>\n<meta name=\"description\" content=\"Factorenergia llan\u00e7a FAZT a M\u00e8xic per a instal\u00b7lar 1.000 punts de c\u00e0rrega r\u00e0pida de vehicles el\u00e8ctrics abans de 2030. Mobilitat neta i accessible. Factorenergia llan\u00e7a FAZT a M\u00e8xic per a instal\u00b7lar 1.000 punts de c\u00e0rrega r\u00e0pida de vehicles el\u00e8ctrics abans de 2030. Mobilitat neta i accessible.\" \/>\n<meta name=\"robots\" content=\"index, follow, max-snippet:-1, max-image-preview:large, max-video-preview:-1\" \/>\n<link rel=\"canonical\" href=\"https:\/\/www.factorenergia.com\/ca\/blog\/noticies\/factorenergia-impulsa-la-carrega-ultra-rapida-a-mexic-amb-el-llancament-de-fazt\/\" \/>\n<meta name=\"twitter:card\" content=\"summary_large_image\" \/>\n<meta name=\"twitter:title\" content=\"Factorenergia impulsa la c\u00e0rrega ultra r\u00e0pida a M\u00e8xic amb el llan\u00e7ament de FAZT | factorenergia\" \/>\n<meta name=\"twitter:description\" content=\"Factorenergia llan\u00e7a FAZT a M\u00e8xic per a instal\u00b7lar 1.000 punts de c\u00e0rrega r\u00e0pida de vehicles el\u00e8ctrics abans de 2030. Mobilitat neta i accessible. Factorenergia llan\u00e7a FAZT a M\u00e8xic per a instal\u00b7lar 1.000 punts de c\u00e0rrega r\u00e0pida de vehicles el\u00e8ctrics abans de 2030. Mobilitat neta i accessible.\" \/>\n<meta name=\"twitter:creator\" content=\"@factorenergia\" \/>\n<meta name=\"twitter:site\" content=\"@factorenergia\" \/>\n<meta name=\"twitter:label1\" content=\"Written by\" \/>\n\t<meta name=\"twitter:data1\" content=\"Equipo Transici\u00f3n Energ\u00e9tica Factorenergia\" \/>\n\t<meta name=\"twitter:label2\" content=\"Est. reading time\" \/>\n\t<meta name=\"twitter:data2\" content=\"2 minutes\" \/>\n<script type=\"application\/ld+json\" class=\"yoast-schema-graph\">{\"@context\":\"https:\/\/schema.org\",\"@graph\":[{\"@type\":\"WebPage\",\"@id\":\"https:\/\/www.factorenergia.com\/ca\/blog\/noticies\/factorenergia-impulsa-la-carrega-ultra-rapida-a-mexic-amb-el-llancament-de-fazt\/\",\"url\":\"https:\/\/www.factorenergia.com\/ca\/blog\/noticies\/factorenergia-impulsa-la-carrega-ultra-rapida-a-mexic-amb-el-llancament-de-fazt\/\",\"name\":\"Factorenergia impulsa la c\u00e0rrega ultra r\u00e0pida a M\u00e8xic amb el llan\u00e7ament de FAZT | factorenergia\",\"isPartOf\":{\"@id\":\"https:\/\/www.factorenergia.com\/es\/#website\"},\"datePublished\":\"2025-04-14T13:38:15+00:00\",\"dateModified\":\"2025-04-14T13:38:15+00:00\",\"author\":{\"@id\":\"https:\/\/www.factorenergia.com\/es\/#\/schema\/person\/0393cfddedf83f56c6fa67cd7f64b4f5\"},\"description\":\"Factorenergia llan\u00e7a FAZT a M\u00e8xic per a instal\u00b7lar 1.000 punts de c\u00e0rrega r\u00e0pida de vehicles el\u00e8ctrics abans de 2030. Mobilitat neta i accessible. Factorenergia llan\u00e7a FAZT a M\u00e8xic per a instal\u00b7lar 1.000 punts de c\u00e0rrega r\u00e0pida de vehicles el\u00e8ctrics abans de 2030. Mobilitat neta i accessible.\",\"breadcrumb\":{\"@id\":\"https:\/\/www.factorenergia.com\/ca\/blog\/noticies\/factorenergia-impulsa-la-carrega-ultra-rapida-a-mexic-amb-el-llancament-de-fazt\/#breadcrumb\"},\"inLanguage\":\"ca\",\"potentialAction\":[{\"@type\":\"ReadAction\",\"target\":[\"https:\/\/www.factorenergia.com\/ca\/blog\/noticies\/factorenergia-impulsa-la-carrega-ultra-rapida-a-mexic-amb-el-llancament-de-fazt\/\"]}]},{\"@type\":\"BreadcrumbList\",\"@id\":\"https:\/\/www.factorenergia.com\/ca\/blog\/noticies\/factorenergia-impulsa-la-carrega-ultra-rapida-a-mexic-amb-el-llancament-de-fazt\/#breadcrumb\",\"itemListElement\":[{\"@type\":\"ListItem\",\"position\":1,\"name\":\"Portada\",\"item\":\"https:\/\/www.factorenergia.com\/ca\/\"},{\"@type\":\"ListItem\",\"position\":2,\"name\":\"Factorenergia impulsa la c\u00e0rrega ultra r\u00e0pida a M\u00e8xic amb el llan\u00e7ament de FAZT\"}]},{\"@type\":\"WebSite\",\"@id\":\"https:\/\/www.factorenergia.com\/es\/#website\",\"url\":\"https:\/\/www.factorenergia.com\/es\/\",\"name\":\"factorenergia\",\"description\":\"factorenergia\",\"potentialAction\":[{\"@type\":\"SearchAction\",\"target\":{\"@type\":\"EntryPoint\",\"urlTemplate\":\"https:\/\/www.factorenergia.com\/es\/?s={search_term_string}\"},\"query-input\":\"required name=search_term_string\"}],\"inLanguage\":\"ca\"},{\"@type\":\"Person\",\"@id\":\"https:\/\/www.factorenergia.com\/es\/#\/schema\/person\/0393cfddedf83f56c6fa67cd7f64b4f5\",\"name\":\"Equipo Transici\u00f3n Energ\u00e9tica Factorenergia\",\"image\":{\"@type\":\"ImageObject\",\"inLanguage\":\"ca\",\"@id\":\"https:\/\/www.factorenergia.com\/es\/#\/schema\/person\/image\/\",\"url\":\"https:\/\/secure.gravatar.com\/avatar\/80959538036dc57cad8f416d2d764870?s=96&d=mm&r=g\",\"contentUrl\":\"https:\/\/secure.gravatar.com\/avatar\/80959538036dc57cad8f416d2d764870?s=96&d=mm&r=g\",\"caption\":\"Equipo Transici\u00f3n Energ\u00e9tica Factorenergia\"},\"url\":\"https:\/\/www.factorenergia.com\/ca\/blog\/author\/pilar\/\"}]}<\/script>\n<!-- \/ Yoast SEO plugin. -->","yoast_head_json":{"title":"Factorenergia impulsa la c\u00e0rrega ultra r\u00e0pida a M\u00e8xic amb el llan\u00e7ament de FAZT | factorenergia","description":"Factorenergia llan\u00e7a FAZT a M\u00e8xic per a instal\u00b7lar 1.000 punts de c\u00e0rrega r\u00e0pida de vehicles el\u00e8ctrics abans de 2030. Mobilitat neta i accessible. Factorenergia llan\u00e7a FAZT a M\u00e8xic per a instal\u00b7lar 1.000 punts de c\u00e0rrega r\u00e0pida de vehicles el\u00e8ctrics abans de 2030. Mobilitat neta i accessible.","robots":{"index":"index","follow":"follow","max-snippet":"max-snippet:-1","max-image-preview":"max-image-preview:large","max-video-preview":"max-video-preview:-1"},"canonical":"https:\/\/www.factorenergia.com\/ca\/blog\/noticies\/factorenergia-impulsa-la-carrega-ultra-rapida-a-mexic-amb-el-llancament-de-fazt\/","twitter_card":"summary_large_image","twitter_title":"Factorenergia impulsa la c\u00e0rrega ultra r\u00e0pida a M\u00e8xic amb el llan\u00e7ament de FAZT | factorenergia","twitter_description":"Factorenergia llan\u00e7a FAZT a M\u00e8xic per a instal\u00b7lar 1.000 punts de c\u00e0rrega r\u00e0pida de vehicles el\u00e8ctrics abans de 2030. Mobilitat neta i accessible. Factorenergia llan\u00e7a FAZT a M\u00e8xic per a instal\u00b7lar 1.000 punts de c\u00e0rrega r\u00e0pida de vehicles el\u00e8ctrics abans de 2030. Mobilitat neta i accessible.","twitter_creator":"@factorenergia","twitter_site":"@factorenergia","twitter_misc":{"Written by":"Equipo Transici\u00f3n Energ\u00e9tica Factorenergia","Est. reading time":"2 minutes"},"schema":{"@context":"https:\/\/schema.org","@graph":[{"@type":"WebPage","@id":"https:\/\/www.factorenergia.com\/ca\/blog\/noticies\/factorenergia-impulsa-la-carrega-ultra-rapida-a-mexic-amb-el-llancament-de-fazt\/","url":"https:\/\/www.factorenergia.com\/ca\/blog\/noticies\/factorenergia-impulsa-la-carrega-ultra-rapida-a-mexic-amb-el-llancament-de-fazt\/","name":"Factorenergia impulsa la c\u00e0rrega ultra r\u00e0pida a M\u00e8xic amb el llan\u00e7ament de FAZT | factorenergia","isPartOf":{"@id":"https:\/\/www.factorenergia.com\/es\/#website"},"datePublished":"2025-04-14T13:38:15+00:00","dateModified":"2025-04-14T13:38:15+00:00","author":{"@id":"https:\/\/www.factorenergia.com\/es\/#\/schema\/person\/0393cfddedf83f56c6fa67cd7f64b4f5"},"description":"Factorenergia llan\u00e7a FAZT a M\u00e8xic per a instal\u00b7lar 1.000 punts de c\u00e0rrega r\u00e0pida de vehicles el\u00e8ctrics abans de 2030. Mobilitat neta i accessible. Factorenergia llan\u00e7a FAZT a M\u00e8xic per a instal\u00b7lar 1.000 punts de c\u00e0rrega r\u00e0pida de vehicles el\u00e8ctrics abans de 2030. Mobilitat neta i accessible.","breadcrumb":{"@id":"https:\/\/www.factorenergia.com\/ca\/blog\/noticies\/factorenergia-impulsa-la-carrega-ultra-rapida-a-mexic-amb-el-llancament-de-fazt\/#breadcrumb"},"inLanguage":"ca","potentialAction":[{"@type":"ReadAction","target":["https:\/\/www.factorenergia.com\/ca\/blog\/noticies\/factorenergia-impulsa-la-carrega-ultra-rapida-a-mexic-amb-el-llancament-de-fazt\/"]}]},{"@type":"BreadcrumbList","@id":"https:\/\/www.factorenergia.com\/ca\/blog\/noticies\/factorenergia-impulsa-la-carrega-ultra-rapida-a-mexic-amb-el-llancament-de-fazt\/#breadcrumb","itemListElement":[{"@type":"ListItem","position":1,"name":"Portada","item":"https:\/\/www.factorenergia.com\/ca\/"},{"@type":"ListItem","position":2,"name":"Factorenergia impulsa la c\u00e0rrega ultra r\u00e0pida a M\u00e8xic amb el llan\u00e7ament de FAZT"}]},{"@type":"WebSite","@id":"https:\/\/www.factorenergia.com\/es\/#website","url":"https:\/\/www.factorenergia.com\/es\/","name":"factorenergia","description":"factorenergia","potentialAction":[{"@type":"SearchAction","target":{"@type":"EntryPoint","urlTemplate":"https:\/\/www.factorenergia.com\/es\/?s={search_term_string}"},"query-input":"required name=search_term_string"}],"inLanguage":"ca"},{"@type":"Person","@id":"https:\/\/www.factorenergia.com\/es\/#\/schema\/person\/0393cfddedf83f56c6fa67cd7f64b4f5","name":"Equipo Transici\u00f3n Energ\u00e9tica Factorenergia","image":{"@type":"ImageObject","inLanguage":"ca","@id":"https:\/\/www.factorenergia.com\/es\/#\/schema\/person\/image\/","url":"https:\/\/secure.gravatar.com\/avatar\/80959538036dc57cad8f416d2d764870?s=96&d=mm&r=g","contentUrl":"https:\/\/secure.gravatar.com\/avatar\/80959538036dc57cad8f416d2d764870?s=96&d=mm&r=g","caption":"Equipo Transici\u00f3n Energ\u00e9tica Factorenergia"},"url":"https:\/\/www.factorenergia.com\/ca\/blog\/author\/pilar\/"}]}},"_links":{"self":[{"href":"https:\/\/www.factorenergia.com\/ca\/wp-json\/wp\/v2\/posts\/27886"}],"collection":[{"href":"https:\/\/www.factorenergia.com\/ca\/wp-json\/wp\/v2\/posts"}],"about":[{"href":"https:\/\/www.factorenergia.com\/ca\/wp-json\/wp\/v2\/types\/post"}],"author":[{"embeddable":true,"href":"https:\/\/www.factorenergia.com\/ca\/wp-json\/wp\/v2\/users\/23"}],"replies":[{"embeddable":true,"href":"https:\/\/www.factorenergia.com\/ca\/wp-json\/wp\/v2\/comments?post=27886"}],"version-history":[{"count":5,"href":"https:\/\/www.factorenergia.com\/ca\/wp-json\/wp\/v2\/posts\/27886\/revisions"}],"predecessor-version":[{"id":27894,"href":"https:\/\/www.factorenergia.com\/ca\/wp-json\/wp\/v2\/posts\/27886\/revisions\/27894"}],"wp:attachment":[{"href":"https:\/\/www.factorenergia.com\/ca\/wp-json\/wp\/v2\/media?parent=27886"}],"wp:term":[{"taxonomy":"category","embeddable":true,"href":"https:\/\/www.factorenergia.com\/ca\/wp-json\/wp\/v2\/categories?post=27886"},{"taxonomy":"post_tag","embeddable":true,"href":"https:\/\/www.factorenergia.com\/ca\/wp-json\/wp\/v2\/tags?post=27886"}],"curies":[{"name":"wp","href":"https:\/\/api.w.org\/{rel}","templated":true}]}}