{"id":2720,"date":"2016-11-25T16:59:21","date_gmt":"2016-11-25T14:59:21","guid":{"rendered":"https:\/\/www.factorenergia.com\/ca\/?post_type=blog&#038;p=2720"},"modified":"2025-07-28T18:25:25","modified_gmt":"2025-07-28T16:25:25","slug":"preu-de-la-llum","status":"publish","type":"post","link":"https:\/\/www.factorenergia.com\/ca\/blog\/emili-rousaud\/preu-de-la-llum\/","title":{"rendered":"La tend\u00e8ncia del preu de la llum i el consum a casa"},"content":{"rendered":"<p><span style=\"color: #000000;\">El passat dilluns 21 de novembre, la Mariola Dinar\u00e8s ens va convidar a una entrevista al programa <strong>Popap<\/strong>, a Catalunya Radio. All\u00e0, vam parlar d\u2019energia, de la tend\u00e8ncia alcista del preu de la llum, de despesa energ\u00e8tica i d\u2019altres coses que es resumeixen a continuaci\u00f3:<\/span><\/p>\n<h2><span style=\"color: #000000;\">Per qu\u00e8 \u00e9s tan cara la llum a Espanya?<\/span><\/h2>\n<p><span style=\"color: #000000;\">El fet que l\u2019electricitat a Espanya sigui de les m\u00e9s cares d\u2019Europa ve\u00a0 donat principalment pel que s\u2019anomena <strong>d\u00e8ficit tarifari<\/strong>. Mitjan\u00e7ant un mecanisme hist\u00f2ric per entrar a la Uni\u00f3 Europea, es va dir a les grans el\u00e8ctriques que quan haguessin d\u2019apujar el preu no ho fessin i que, sobre el preu real comparat amb la tarifa, s\u2019apuntaria un deute que se\u2019ls hauria de pagar en endavant. Aquest deute va arribar un moment que va pujar a vint-i-set mil milions d\u2019euros, i el que es va fer \u00e9s que aquest deute en q\u00fcesti\u00f3 fos assumit pels consumidors els seg\u00fcents anys.<\/span><\/p>\n<h3><span style=\"color: #000000;\"><strong>Seguir\u00e0 pujant el preu de la llum?<\/strong><\/span><\/h3>\n<p><span style=\"color: #000000;\">S\u00ed. Es podria dir que<strong> la tarifa el\u00e8ctrica seguir\u00e0 pujant<\/strong> fins que les grans el\u00e8ctriques acabin cobrant l\u2019import del deute esmentat. Puja el preu de la llum b\u00e0sicament per la part fixa de la factura, que per desgr\u00e0cia \u00e9s molt gran proporcionalment, a la que anomenem peatges, i que incorpora aquest deute acumulat i hist\u00f2ric amb el sector el\u00e8ctric.<\/span><\/p>\n<p><span style=\"color: #000000;\">A Factorenergia vam lluitar molt contra aquest fet; vam avisar que m\u00e9s endavant costaria assumir aquest deute, per\u00f2 en aquell moment la gent ho veia en un futur lluny\u00e0 i no es plantejava que la llum pug\u00e9s tant de preu als seg\u00fcents anys.<\/span><\/p>\n<h2><span style=\"color: #000000;\">La influ\u00e8ncia de les tecnologies al preu de la llum<\/span><\/h2>\n<p><span style=\"color: #000000;\">Les noves tecnologies han tingut repercussi\u00f3 sobre el <a href=\"https:\/\/www.factorenergia.com\/ca\/llars\/tarifas\/preu-variable\/\"><\/a><a href=\"https:\/\/www.factorenergia.com\/ca\/llars\/tarifas\/preu-variable\/\" target=\"_blank\" rel=\"noopener\">preu de la llum<\/a>, per\u00f2 no s\u00f3n les causants del seu increment. Temps enrere el cost el\u00e8ctric tenia un pes molt major a la renda familiar, per\u00f2 a dia d\u2019avui no \u00e9s aix\u00ed; el que s\u00ed influeix al preu de la llum \u00e9s el nostre nivell d\u2019efici\u00e8ncia, i en aquest cas, les tecnologies s\u00f3n de gran ajuda.<\/span><\/p>\n<p><span style=\"color: #000000;\">L\u2019entrada de tecnologies LED, la obligatorietat d\u2019afegir etiquetes d\u2019efici\u00e8ncia energ\u00e8tica i els <a href=\"https:\/\/www.factorenergia.com\/ca\/blog\/noticies\/nous-comptadors\/\" target=\"_blank\" rel=\"noopener noreferrer\">nous comptadors<\/a>, serien tres exemples de \u201cnovetats\u201d que ens ajuden a ser m\u00e9s eficients. Incl\u00fas les apps amb la nostra FactorSmarthome, que ens indica, amb un codi de colors, el preu de l\u2019energia segons les hores del dia.<\/span><\/p>\n<p><span style=\"color: #000000;\">A m\u00e9s, hi ha molts <a href=\"https:\/\/www.factorenergia.com\/ca\/blog\/apren-a-estalviar\/regals-de-nadal-originals\/\" target=\"_blank\" rel=\"noopener noreferrer\">gadgets per a estalviar llum<\/a>, ben f\u00e0cils d\u2019utilitzar, que ens poden ajudar a adquirir conductes eficients, o com a regal de nadal. Tots, a m\u00e9s a m\u00e9s, contribuiran a lluitar contra l\u2019standby, que s\u00ed es un dels causants de que pugi la llum.<\/span><\/p>\n<h3><span style=\"color: #000000;\"><strong>Qu\u00e8 passa amb la despesa per standby?<\/strong><\/span><\/h3>\n<p><span style=\"color: #000000;\">Al consum per standby no li donem import\u00e0ncia, per\u00f2 la t\u00e9. Quan deixem un m\u00f2bil carregant-se i arriba al 100%, despr\u00e9s toquem el carregador i est\u00e0 calent, \u00e9s perqu\u00e8 part de l\u2019energia s\u2019est\u00e0 dissipant com a calor; l\u2019hem de desendollar. Si f\u00e9ssim l\u2019esfor\u00e7 d\u2019<strong>eliminar aquesta despesa el\u00e8ctrica <\/strong>sup\u00e8rflua, no nom\u00e9s contribuir\u00edem al medi ambient (perqu\u00e8 en el sistema de mercat espanyol, les primeres energies que es consumeixen sempre s\u00f3n les renovables, per tant, quanta menys demanda hi ha, millor; l\u2019energia \u00e9s de m\u00e9s qualitat) sin\u00f3 que <strong>quan menys consumim, m\u00e9s tendim a fer abaixar el preu de la llum<\/strong>.<\/span><\/p>\n<p><span style=\"color: #000000;\">El preu de l\u2019energia es forma per interacci\u00f3 de l\u2019oferta i la demanda al mercat majorista. Quan m\u00e9s moderada \u00e9s la demanda, les centrals que la cobreixen es fan m\u00e9s econ\u00f2miques; aix\u00ed que quan menys consumim, m\u00e9s contribu\u00efm a que el preu de l\u2019energia sigui m\u00e9s econ\u00f2mic.<\/span><\/p>\n<h3><span style=\"color: #000000;\"><strong>Quins electrodom\u00e8stics consumeixen m\u00e9s?<\/strong><\/span><\/h3>\n<p><span style=\"color: #000000;\">M\u00e9s enll\u00e0 de la famosa rentadora, i a part de l\u2019standby,<strong> un dels que m\u00e9s gasta \u00e9s l\u2019assecadora<\/strong>. Volem eixugar la roba amb un aparell, quan \u00e9s una ll\u00e0stima no assecar-la fent servir una font natural, com els penjadors de tota la vida; t\u00e9 una despesa molt gran, igual que en menor proporci\u00f3 pel temps que l\u2019usem, l\u2019assecador de cabells, que tamb\u00e9 t\u00e9 una despesa molt important.<\/span><\/p>\n<h2><span style=\"color: #000000;\">Com podem ser m\u00e9s eficients i pagar menys llum?<\/span><\/h2>\n<p><span style=\"color: #000000;\">A Factor Energia <strong>estem lluitant contra el canvi clim\u00e0tic<\/strong> com a\u00a0 valor central a l\u2019empresa, i per la lluita contra aquest canvi clim\u00e0tic, el m\u00e9s important no \u00e9s nom\u00e9s consumir energia d\u2019origen renovable sin\u00f3, sobre tot, ser eficients en el nostre consum; <strong>consumir el menys possible<\/strong>.<\/span><\/p>\n<p><span style=\"color: #000000;\">Com d\u00e8iem, pel funcionament del nostre sistema el\u00e8ctric, quant menys consumim m\u00e9s podr\u00e0 baixar el preu de la llum, i per a aconseguir consumir menys, hem d\u2019<strong>adquirir una consci\u00e8ncia eficient<\/strong>; utilitzar productes per a lluitar contra l\u2019standby, consumir a hores de preu baix encara que sigui amb l\u2019ajuda de temporitzadors i acostumar-se a desendollar el carregador del m\u00f2bil, per exemple; tot suma. I si a m\u00e9s a m\u00e9s vols que la llum que arribi a casa teva hagi estat produ\u00efda amb fonts d\u2019energia renovables, podr\u00e0s escollir-ho. A l\u2019hora de <a href=\"https:\/\/www.factorenergia.com\/ca\/tarifas-de-llum\/\" target=\"_blank\" rel=\"noopener noreferrer\">donar d\u2019alta la llum amb Factorenergia<\/a>, nom\u00e9s haur\u00e0s de pr\u00e9mer la casella \u201cvull energia verda\u201d, i t\u2019assegurar\u00e0s que el subministrament que encengui les llums a casa teva vingui d\u2019<strong>energies 100% renovables<\/strong>; escollint energia verda ajudar\u00e0s al medi ambient i<strong> rebr\u00e0s un certificat<\/strong> que ho avala.<\/span><\/p>\n<p><span style=\"color: #000000;\"><strong>\u00a0<\/strong><\/span><\/p>\n<p><span style=\"color: #000000;\">Podeu sentir el <a href=\"http:\/\/www.ccma.cat\/catradio\/alacarta\/popap\/popap-de-13-a-14-h-21112016\/audio\/941328\/#\" target=\"_blank\" style=\"color: #000000;\" rel=\"noopener noreferrer\"><u>programa complet aqu\u00ed<\/u><\/a>, i l\u2019entrevista, del minut 20:05 al 31:53.<\/span><\/p>\n<p>&nbsp;<\/p>\n","protected":false},"excerpt":{"rendered":"<p>Comentem l&#8217;entrevista del passat dilluns 21 de novembre, amb Mariola Dinar\u00e8s, a Catalunya Radio. Parlem de despesa energ\u00e8tica i de la tend\u00e8ncia alcista de la llum:<\/p>\n","protected":false},"author":17,"featured_media":0,"comment_status":"open","ping_status":"closed","sticky":false,"template":"","format":"standard","meta":{"inline_featured_image":false,"footnotes":""},"categories":[59],"tags":[],"acf":{"fecha_de_la_entrada":"20161125","imagen_portada":2719,"categoria_blog":null,"tipo_de_distribuidora":null,"tiempo_lectura":"","banner_bool":false,"titulo_banner":"","texto_banner":"","texto_boton_banner":"","url_boton_banner":"","post_relacionados":""},"yoast_head":"<!-- This site is optimized with the Yoast SEO plugin v22.2 - https:\/\/yoast.com\/wordpress\/plugins\/seo\/ -->\n<title>Entrevista a Emili Rousaud a Catalunya R\u00e0dio | Factorenergia<\/title>\n<meta name=\"description\" content=\"Comentem l&#039;entrevista sobre la tend\u00e8ncia del preu de la llum a Catalunya Radio. Parlem de despesa energ\u00e8tica i de l&#039;apujada la llum:\" \/>\n<meta name=\"robots\" content=\"index, follow, max-snippet:-1, max-image-preview:large, max-video-preview:-1\" \/>\n<link rel=\"canonical\" href=\"https:\/\/www.factorenergia.com\/ca\/blog\/emili-rousaud\/preu-de-la-llum\/\" \/>\n<meta name=\"twitter:card\" content=\"summary_large_image\" \/>\n<meta name=\"twitter:title\" content=\"Entrevista a Emili Rousaud a Catalunya R\u00e0dio | Factorenergia\" \/>\n<meta name=\"twitter:description\" content=\"Comentem l&#039;entrevista sobre la tend\u00e8ncia del preu de la llum a Catalunya Radio. Parlem de despesa energ\u00e8tica i de l&#039;apujada la llum:\" \/>\n<meta name=\"twitter:creator\" content=\"@factorenergia\" \/>\n<meta name=\"twitter:site\" content=\"@factorenergia\" \/>\n<meta name=\"twitter:label1\" content=\"Written by\" \/>\n\t<meta name=\"twitter:data1\" content=\"Equipo Transici\u00f3n Energ\u00e9tica Factorenergia\" \/>\n\t<meta name=\"twitter:label2\" content=\"Est. reading time\" \/>\n\t<meta name=\"twitter:data2\" content=\"4 minutes\" \/>\n<script type=\"application\/ld+json\" class=\"yoast-schema-graph\">{\"@context\":\"https:\/\/schema.org\",\"@graph\":[{\"@type\":\"WebPage\",\"@id\":\"https:\/\/www.factorenergia.com\/ca\/blog\/emili-rousaud\/preu-de-la-llum\/\",\"url\":\"https:\/\/www.factorenergia.com\/ca\/blog\/emili-rousaud\/preu-de-la-llum\/\",\"name\":\"Entrevista a Emili Rousaud a Catalunya R\u00e0dio | Factorenergia\",\"isPartOf\":{\"@id\":\"https:\/\/www.factorenergia.com\/es\/#website\"},\"datePublished\":\"2016-11-25T14:59:21+00:00\",\"dateModified\":\"2025-07-28T16:25:25+00:00\",\"author\":{\"@id\":\"https:\/\/www.factorenergia.com\/es\/#\/schema\/person\/dff9e4b6dc520720e3a37bdaaedc5841\"},\"description\":\"Comentem l'entrevista sobre la tend\u00e8ncia del preu de la llum a Catalunya Radio. Parlem de despesa energ\u00e8tica i de l'apujada la llum:\",\"breadcrumb\":{\"@id\":\"https:\/\/www.factorenergia.com\/ca\/blog\/emili-rousaud\/preu-de-la-llum\/#breadcrumb\"},\"inLanguage\":\"ca\",\"potentialAction\":[{\"@type\":\"ReadAction\",\"target\":[\"https:\/\/www.factorenergia.com\/ca\/blog\/emili-rousaud\/preu-de-la-llum\/\"]}]},{\"@type\":\"BreadcrumbList\",\"@id\":\"https:\/\/www.factorenergia.com\/ca\/blog\/emili-rousaud\/preu-de-la-llum\/#breadcrumb\",\"itemListElement\":[{\"@type\":\"ListItem\",\"position\":1,\"name\":\"Portada\",\"item\":\"https:\/\/www.factorenergia.com\/ca\/\"},{\"@type\":\"ListItem\",\"position\":2,\"name\":\"La tend\u00e8ncia del preu de la llum i el consum a casa\"}]},{\"@type\":\"WebSite\",\"@id\":\"https:\/\/www.factorenergia.com\/es\/#website\",\"url\":\"https:\/\/www.factorenergia.com\/es\/\",\"name\":\"factorenergia\",\"description\":\"factorenergia\",\"potentialAction\":[{\"@type\":\"SearchAction\",\"target\":{\"@type\":\"EntryPoint\",\"urlTemplate\":\"https:\/\/www.factorenergia.com\/es\/?s={search_term_string}\"},\"query-input\":\"required name=search_term_string\"}],\"inLanguage\":\"ca\"},{\"@type\":\"Person\",\"@id\":\"https:\/\/www.factorenergia.com\/es\/#\/schema\/person\/dff9e4b6dc520720e3a37bdaaedc5841\",\"name\":\"Equipo Transici\u00f3n Energ\u00e9tica Factorenergia\",\"image\":{\"@type\":\"ImageObject\",\"inLanguage\":\"ca\",\"@id\":\"https:\/\/www.factorenergia.com\/es\/#\/schema\/person\/image\/\",\"url\":\"https:\/\/secure.gravatar.com\/avatar\/1b7c76bab80ee1c4261b06108874e24b?s=96&d=mm&r=g\",\"contentUrl\":\"https:\/\/secure.gravatar.com\/avatar\/1b7c76bab80ee1c4261b06108874e24b?s=96&d=mm&r=g\",\"caption\":\"Equipo Transici\u00f3n Energ\u00e9tica Factorenergia\"},\"description\":\"El equipo est\u00e1 formado por expertos en materia de Luz, Gas y Eficiencia Energ\u00e9tica, que conocen de primera mano las tendencias del mercado. Su experiencia en el sector les permite ofrecer las mejores soluciones energ\u00e9ticas y resolver las dudas planteadas por los clientes.\",\"sameAs\":[\"https:\/\/www.factorenergia.com\/es\/\",\"https:\/\/www.facebook.com\/factorenergiacom\",\"https:\/\/www.instagram.com\/factorenergia_com\/\",\"https:\/\/es.linkedin.com\/company\/factor-energia\",\"https:\/\/twitter.com\/factorenergia\",\"https:\/\/www.youtube.com\/c\/factorenergiacom\"],\"url\":\"https:\/\/www.factorenergia.com\/ca\/blog\/author\/marketing\/\"}]}<\/script>\n<!-- \/ Yoast SEO plugin. -->","yoast_head_json":{"title":"Entrevista a Emili Rousaud a Catalunya R\u00e0dio | Factorenergia","description":"Comentem l'entrevista sobre la tend\u00e8ncia del preu de la llum a Catalunya Radio. Parlem de despesa energ\u00e8tica i de l'apujada la llum:","robots":{"index":"index","follow":"follow","max-snippet":"max-snippet:-1","max-image-preview":"max-image-preview:large","max-video-preview":"max-video-preview:-1"},"canonical":"https:\/\/www.factorenergia.com\/ca\/blog\/emili-rousaud\/preu-de-la-llum\/","twitter_card":"summary_large_image","twitter_title":"Entrevista a Emili Rousaud a Catalunya R\u00e0dio | Factorenergia","twitter_description":"Comentem l'entrevista sobre la tend\u00e8ncia del preu de la llum a Catalunya Radio. Parlem de despesa energ\u00e8tica i de l'apujada la llum:","twitter_creator":"@factorenergia","twitter_site":"@factorenergia","twitter_misc":{"Written by":"Equipo Transici\u00f3n Energ\u00e9tica Factorenergia","Est. reading time":"4 minutes"},"schema":{"@context":"https:\/\/schema.org","@graph":[{"@type":"WebPage","@id":"https:\/\/www.factorenergia.com\/ca\/blog\/emili-rousaud\/preu-de-la-llum\/","url":"https:\/\/www.factorenergia.com\/ca\/blog\/emili-rousaud\/preu-de-la-llum\/","name":"Entrevista a Emili Rousaud a Catalunya R\u00e0dio | Factorenergia","isPartOf":{"@id":"https:\/\/www.factorenergia.com\/es\/#website"},"datePublished":"2016-11-25T14:59:21+00:00","dateModified":"2025-07-28T16:25:25+00:00","author":{"@id":"https:\/\/www.factorenergia.com\/es\/#\/schema\/person\/dff9e4b6dc520720e3a37bdaaedc5841"},"description":"Comentem l'entrevista sobre la tend\u00e8ncia del preu de la llum a Catalunya Radio. Parlem de despesa energ\u00e8tica i de l'apujada la llum:","breadcrumb":{"@id":"https:\/\/www.factorenergia.com\/ca\/blog\/emili-rousaud\/preu-de-la-llum\/#breadcrumb"},"inLanguage":"ca","potentialAction":[{"@type":"ReadAction","target":["https:\/\/www.factorenergia.com\/ca\/blog\/emili-rousaud\/preu-de-la-llum\/"]}]},{"@type":"BreadcrumbList","@id":"https:\/\/www.factorenergia.com\/ca\/blog\/emili-rousaud\/preu-de-la-llum\/#breadcrumb","itemListElement":[{"@type":"ListItem","position":1,"name":"Portada","item":"https:\/\/www.factorenergia.com\/ca\/"},{"@type":"ListItem","position":2,"name":"La tend\u00e8ncia del preu de la llum i el consum a casa"}]},{"@type":"WebSite","@id":"https:\/\/www.factorenergia.com\/es\/#website","url":"https:\/\/www.factorenergia.com\/es\/","name":"factorenergia","description":"factorenergia","potentialAction":[{"@type":"SearchAction","target":{"@type":"EntryPoint","urlTemplate":"https:\/\/www.factorenergia.com\/es\/?s={search_term_string}"},"query-input":"required name=search_term_string"}],"inLanguage":"ca"},{"@type":"Person","@id":"https:\/\/www.factorenergia.com\/es\/#\/schema\/person\/dff9e4b6dc520720e3a37bdaaedc5841","name":"Equipo Transici\u00f3n Energ\u00e9tica Factorenergia","image":{"@type":"ImageObject","inLanguage":"ca","@id":"https:\/\/www.factorenergia.com\/es\/#\/schema\/person\/image\/","url":"https:\/\/secure.gravatar.com\/avatar\/1b7c76bab80ee1c4261b06108874e24b?s=96&d=mm&r=g","contentUrl":"https:\/\/secure.gravatar.com\/avatar\/1b7c76bab80ee1c4261b06108874e24b?s=96&d=mm&r=g","caption":"Equipo Transici\u00f3n Energ\u00e9tica Factorenergia"},"description":"El equipo est\u00e1 formado por expertos en materia de Luz, Gas y Eficiencia Energ\u00e9tica, que conocen de primera mano las tendencias del mercado. Su experiencia en el sector les permite ofrecer las mejores soluciones energ\u00e9ticas y resolver las dudas planteadas por los clientes.","sameAs":["https:\/\/www.factorenergia.com\/es\/","https:\/\/www.facebook.com\/factorenergiacom","https:\/\/www.instagram.com\/factorenergia_com\/","https:\/\/es.linkedin.com\/company\/factor-energia","https:\/\/twitter.com\/factorenergia","https:\/\/www.youtube.com\/c\/factorenergiacom"],"url":"https:\/\/www.factorenergia.com\/ca\/blog\/author\/marketing\/"}]}},"_links":{"self":[{"href":"https:\/\/www.factorenergia.com\/ca\/wp-json\/wp\/v2\/posts\/2720"}],"collection":[{"href":"https:\/\/www.factorenergia.com\/ca\/wp-json\/wp\/v2\/posts"}],"about":[{"href":"https:\/\/www.factorenergia.com\/ca\/wp-json\/wp\/v2\/types\/post"}],"author":[{"embeddable":true,"href":"https:\/\/www.factorenergia.com\/ca\/wp-json\/wp\/v2\/users\/17"}],"replies":[{"embeddable":true,"href":"https:\/\/www.factorenergia.com\/ca\/wp-json\/wp\/v2\/comments?post=2720"}],"version-history":[{"count":2,"href":"https:\/\/www.factorenergia.com\/ca\/wp-json\/wp\/v2\/posts\/2720\/revisions"}],"predecessor-version":[{"id":28795,"href":"https:\/\/www.factorenergia.com\/ca\/wp-json\/wp\/v2\/posts\/2720\/revisions\/28795"}],"wp:attachment":[{"href":"https:\/\/www.factorenergia.com\/ca\/wp-json\/wp\/v2\/media?parent=2720"}],"wp:term":[{"taxonomy":"category","embeddable":true,"href":"https:\/\/www.factorenergia.com\/ca\/wp-json\/wp\/v2\/categories?post=2720"},{"taxonomy":"post_tag","embeddable":true,"href":"https:\/\/www.factorenergia.com\/ca\/wp-json\/wp\/v2\/tags?post=2720"}],"curies":[{"name":"wp","href":"https:\/\/api.w.org\/{rel}","templated":true}]}}