{"id":26032,"date":"2024-07-03T10:59:25","date_gmt":"2024-07-03T08:59:25","guid":{"rendered":"https:\/\/www.factorenergia.com\/ca\/?p=26032"},"modified":"2025-07-29T17:34:27","modified_gmt":"2025-07-29T15:34:27","slug":"baixada-de-liva-en-el-subministrament-electric","status":"publish","type":"post","link":"https:\/\/www.factorenergia.com\/ca\/blog\/noticies\/baixada-de-liva-en-el-subministrament-electric\/","title":{"rendered":"Baixada de l&#8217;IVA al 10% en el subministrament el\u00e8ctric"},"content":{"rendered":"<p><span>La<strong> pujada del preu<\/strong> de la llum\u00a0de fins a un 85% el mes de juny passat activa una de les <strong>mesures anticrisi<\/strong>\u00a0que afecta <strong>la factura de la llum<\/strong>\u00a0d&#8217;alguns consumidors. Aquests pr\u00f2xims mesos, que s&#8217;esperen amb temperatures altes, l&#8217;IVA de la factura el\u00e8ctrica torna a baixar al 10% i t&#8217;expliquem el perqu\u00e8.<\/span><\/p>\n<h2><strong>Per qu\u00e8 baixa l&#8217;IVA al 10%?<\/strong><\/h2>\n<p><span><strong>L&#8217;IVA<\/strong> de la llum baixa aquest mes de juliol del 21% al 10%, pel fet que el preu de l&#8217;electricitat ha superat els 45 \u20ac\/<\/span><span>MWh<\/span><span>\u00a0de mitjana al juny. Per tant, s&#8217;aplicar\u00e0 un IVA del 10% en aquelles factures de subministraments amb fins a 10 kW de pot\u00e8ncia contractada m\u00e0xima, sempre que incloguin dies de consum de juliol. Les factures que nom\u00e9s incloguin dies de juny s&#8217;emetran al 21%, fins que el mes vinent incloguin consum m\u00e9s enll\u00e0 de juny, quan s&#8217;aplicar\u00e0 el 10%. L&#8217;IVA podr\u00e0 anar canviant al llarg de l&#8217;any en funci\u00f3 del preu de cassaci\u00f3 del mercat majorista d&#8217;electricitat al qual vagin tancant els diferents mesos.<\/span><\/p>\n<p>&nbsp;<\/p>\n<h3><strong>El IEE (Impost El\u00e8ctric)<\/strong><\/h3>\n<p><span>Passa del 3,8% que estava vigent durant el segon trimestre de 2024 al <strong>5,11%<\/strong> (el seu valor original abans de les diferents reduccions dels \u00faltims anys) per a totes les factures amb data d&#8217;emissi\u00f3 a partir de l&#8217;1 de juliol i per a tots els consumidors.<\/span><\/p>\n<p>&nbsp;<\/p>\n<h3><strong>Canvis de pot\u00e8ncia<\/strong><\/h3>\n<p><span>Es prorroga fins al 31 de desembre de 2024 la possibilitat per a empreses i aut\u00f2noms de sol\u00b7licitar m\u00e9s d&#8217;un canvi de pot\u00e8ncia en menys de 12 mesos (sempre que no se sol\u00b7licitin diversos canvis en un mateix mes natural i es compleixin les restriccions de modificaci\u00f3 dels diferents per\u00edodes en les tarifes de 6 per\u00edodes). Es recomana no reduir mai la pot\u00e8ncia m\u00e0xima (P6) per a no perdre els drets.<\/span><\/p>\n<p>&nbsp;<\/p>\n","protected":false},"excerpt":{"rendered":"<p>La pujada del preu de la llum\u00a0de fins a un 85% el mes de juny passat activa una de les mesures anticrisi\u00a0que afecta la factura de la llum\u00a0d&#8217;alguns consumidors. Aquests pr\u00f2xims mesos, que s&#8217;esperen amb temperatures altes, l&#8217;IVA de la factura el\u00e8ctrica torna a baixar al 10% i t&#8217;expliquem el perqu\u00e8. Per qu\u00e8 baixa l&#8217;IVA [&hellip;]<\/p>\n","protected":false},"author":23,"featured_media":0,"comment_status":"open","ping_status":"open","sticky":false,"template":"","format":"standard","meta":{"inline_featured_image":false,"footnotes":""},"categories":[61],"tags":[],"acf":{"fecha_de_la_entrada":"20240703","imagen_portada":26030,"categoria_blog":null,"tipo_de_distribuidora":null,"tiempo_lectura":"2'","banner_bool":false,"titulo_banner":"","texto_banner":"","texto_boton_banner":"","url_boton_banner":"","post_relacionados":""},"yoast_head":"<!-- This site is optimized with the Yoast SEO plugin v22.2 - https:\/\/yoast.com\/wordpress\/plugins\/seo\/ -->\n<title>Baixada de l&#039;IVA al 10% en el subministrament el\u00e8ctric | factorenergia<\/title>\n<meta name=\"robots\" content=\"index, follow, max-snippet:-1, max-image-preview:large, max-video-preview:-1\" \/>\n<link rel=\"canonical\" href=\"https:\/\/www.factorenergia.com\/ca\/blog\/noticies\/baixada-de-liva-en-el-subministrament-electric\/\" \/>\n<meta name=\"twitter:card\" content=\"summary_large_image\" \/>\n<meta name=\"twitter:title\" content=\"Baixada de l&#039;IVA al 10% en el subministrament el\u00e8ctric | factorenergia\" \/>\n<meta name=\"twitter:creator\" content=\"@factorenergia\" \/>\n<meta name=\"twitter:site\" content=\"@factorenergia\" \/>\n<meta name=\"twitter:label1\" content=\"Written by\" \/>\n\t<meta name=\"twitter:data1\" content=\"Equipo Transici\u00f3n Energ\u00e9tica Factorenergia\" \/>\n\t<meta name=\"twitter:label2\" content=\"Est. reading time\" \/>\n\t<meta name=\"twitter:data2\" content=\"2 minutes\" \/>\n<script type=\"application\/ld+json\" class=\"yoast-schema-graph\">{\"@context\":\"https:\/\/schema.org\",\"@graph\":[{\"@type\":\"WebPage\",\"@id\":\"https:\/\/www.factorenergia.com\/ca\/blog\/noticies\/baixada-de-liva-en-el-subministrament-electric\/\",\"url\":\"https:\/\/www.factorenergia.com\/ca\/blog\/noticies\/baixada-de-liva-en-el-subministrament-electric\/\",\"name\":\"Baixada de l'IVA al 10% en el subministrament el\u00e8ctric | factorenergia\",\"isPartOf\":{\"@id\":\"https:\/\/www.factorenergia.com\/es\/#website\"},\"datePublished\":\"2024-07-03T08:59:25+00:00\",\"dateModified\":\"2025-07-29T15:34:27+00:00\",\"author\":{\"@id\":\"https:\/\/www.factorenergia.com\/es\/#\/schema\/person\/0393cfddedf83f56c6fa67cd7f64b4f5\"},\"breadcrumb\":{\"@id\":\"https:\/\/www.factorenergia.com\/ca\/blog\/noticies\/baixada-de-liva-en-el-subministrament-electric\/#breadcrumb\"},\"inLanguage\":\"ca\",\"potentialAction\":[{\"@type\":\"ReadAction\",\"target\":[\"https:\/\/www.factorenergia.com\/ca\/blog\/noticies\/baixada-de-liva-en-el-subministrament-electric\/\"]}]},{\"@type\":\"BreadcrumbList\",\"@id\":\"https:\/\/www.factorenergia.com\/ca\/blog\/noticies\/baixada-de-liva-en-el-subministrament-electric\/#breadcrumb\",\"itemListElement\":[{\"@type\":\"ListItem\",\"position\":1,\"name\":\"Portada\",\"item\":\"https:\/\/www.factorenergia.com\/ca\/\"},{\"@type\":\"ListItem\",\"position\":2,\"name\":\"Baixada de l&#8217;IVA al 10% en el subministrament el\u00e8ctric\"}]},{\"@type\":\"WebSite\",\"@id\":\"https:\/\/www.factorenergia.com\/es\/#website\",\"url\":\"https:\/\/www.factorenergia.com\/es\/\",\"name\":\"factorenergia\",\"description\":\"factorenergia\",\"potentialAction\":[{\"@type\":\"SearchAction\",\"target\":{\"@type\":\"EntryPoint\",\"urlTemplate\":\"https:\/\/www.factorenergia.com\/es\/?s={search_term_string}\"},\"query-input\":\"required name=search_term_string\"}],\"inLanguage\":\"ca\"},{\"@type\":\"Person\",\"@id\":\"https:\/\/www.factorenergia.com\/es\/#\/schema\/person\/0393cfddedf83f56c6fa67cd7f64b4f5\",\"name\":\"Equipo Transici\u00f3n Energ\u00e9tica Factorenergia\",\"image\":{\"@type\":\"ImageObject\",\"inLanguage\":\"ca\",\"@id\":\"https:\/\/www.factorenergia.com\/es\/#\/schema\/person\/image\/\",\"url\":\"https:\/\/secure.gravatar.com\/avatar\/80959538036dc57cad8f416d2d764870?s=96&d=mm&r=g\",\"contentUrl\":\"https:\/\/secure.gravatar.com\/avatar\/80959538036dc57cad8f416d2d764870?s=96&d=mm&r=g\",\"caption\":\"Equipo Transici\u00f3n Energ\u00e9tica Factorenergia\"},\"url\":\"https:\/\/www.factorenergia.com\/ca\/blog\/author\/pilar\/\"}]}<\/script>\n<!-- \/ Yoast SEO plugin. -->","yoast_head_json":{"title":"Baixada de l'IVA al 10% en el subministrament el\u00e8ctric | factorenergia","robots":{"index":"index","follow":"follow","max-snippet":"max-snippet:-1","max-image-preview":"max-image-preview:large","max-video-preview":"max-video-preview:-1"},"canonical":"https:\/\/www.factorenergia.com\/ca\/blog\/noticies\/baixada-de-liva-en-el-subministrament-electric\/","twitter_card":"summary_large_image","twitter_title":"Baixada de l'IVA al 10% en el subministrament el\u00e8ctric | factorenergia","twitter_creator":"@factorenergia","twitter_site":"@factorenergia","twitter_misc":{"Written by":"Equipo Transici\u00f3n Energ\u00e9tica Factorenergia","Est. reading time":"2 minutes"},"schema":{"@context":"https:\/\/schema.org","@graph":[{"@type":"WebPage","@id":"https:\/\/www.factorenergia.com\/ca\/blog\/noticies\/baixada-de-liva-en-el-subministrament-electric\/","url":"https:\/\/www.factorenergia.com\/ca\/blog\/noticies\/baixada-de-liva-en-el-subministrament-electric\/","name":"Baixada de l'IVA al 10% en el subministrament el\u00e8ctric | factorenergia","isPartOf":{"@id":"https:\/\/www.factorenergia.com\/es\/#website"},"datePublished":"2024-07-03T08:59:25+00:00","dateModified":"2025-07-29T15:34:27+00:00","author":{"@id":"https:\/\/www.factorenergia.com\/es\/#\/schema\/person\/0393cfddedf83f56c6fa67cd7f64b4f5"},"breadcrumb":{"@id":"https:\/\/www.factorenergia.com\/ca\/blog\/noticies\/baixada-de-liva-en-el-subministrament-electric\/#breadcrumb"},"inLanguage":"ca","potentialAction":[{"@type":"ReadAction","target":["https:\/\/www.factorenergia.com\/ca\/blog\/noticies\/baixada-de-liva-en-el-subministrament-electric\/"]}]},{"@type":"BreadcrumbList","@id":"https:\/\/www.factorenergia.com\/ca\/blog\/noticies\/baixada-de-liva-en-el-subministrament-electric\/#breadcrumb","itemListElement":[{"@type":"ListItem","position":1,"name":"Portada","item":"https:\/\/www.factorenergia.com\/ca\/"},{"@type":"ListItem","position":2,"name":"Baixada de l&#8217;IVA al 10% en el subministrament el\u00e8ctric"}]},{"@type":"WebSite","@id":"https:\/\/www.factorenergia.com\/es\/#website","url":"https:\/\/www.factorenergia.com\/es\/","name":"factorenergia","description":"factorenergia","potentialAction":[{"@type":"SearchAction","target":{"@type":"EntryPoint","urlTemplate":"https:\/\/www.factorenergia.com\/es\/?s={search_term_string}"},"query-input":"required name=search_term_string"}],"inLanguage":"ca"},{"@type":"Person","@id":"https:\/\/www.factorenergia.com\/es\/#\/schema\/person\/0393cfddedf83f56c6fa67cd7f64b4f5","name":"Equipo Transici\u00f3n Energ\u00e9tica Factorenergia","image":{"@type":"ImageObject","inLanguage":"ca","@id":"https:\/\/www.factorenergia.com\/es\/#\/schema\/person\/image\/","url":"https:\/\/secure.gravatar.com\/avatar\/80959538036dc57cad8f416d2d764870?s=96&d=mm&r=g","contentUrl":"https:\/\/secure.gravatar.com\/avatar\/80959538036dc57cad8f416d2d764870?s=96&d=mm&r=g","caption":"Equipo Transici\u00f3n Energ\u00e9tica Factorenergia"},"url":"https:\/\/www.factorenergia.com\/ca\/blog\/author\/pilar\/"}]}},"_links":{"self":[{"href":"https:\/\/www.factorenergia.com\/ca\/wp-json\/wp\/v2\/posts\/26032"}],"collection":[{"href":"https:\/\/www.factorenergia.com\/ca\/wp-json\/wp\/v2\/posts"}],"about":[{"href":"https:\/\/www.factorenergia.com\/ca\/wp-json\/wp\/v2\/types\/post"}],"author":[{"embeddable":true,"href":"https:\/\/www.factorenergia.com\/ca\/wp-json\/wp\/v2\/users\/23"}],"replies":[{"embeddable":true,"href":"https:\/\/www.factorenergia.com\/ca\/wp-json\/wp\/v2\/comments?post=26032"}],"version-history":[{"count":4,"href":"https:\/\/www.factorenergia.com\/ca\/wp-json\/wp\/v2\/posts\/26032\/revisions"}],"predecessor-version":[{"id":28862,"href":"https:\/\/www.factorenergia.com\/ca\/wp-json\/wp\/v2\/posts\/26032\/revisions\/28862"}],"wp:attachment":[{"href":"https:\/\/www.factorenergia.com\/ca\/wp-json\/wp\/v2\/media?parent=26032"}],"wp:term":[{"taxonomy":"category","embeddable":true,"href":"https:\/\/www.factorenergia.com\/ca\/wp-json\/wp\/v2\/categories?post=26032"},{"taxonomy":"post_tag","embeddable":true,"href":"https:\/\/www.factorenergia.com\/ca\/wp-json\/wp\/v2\/tags?post=26032"}],"curies":[{"name":"wp","href":"https:\/\/api.w.org\/{rel}","templated":true}]}}