{"id":25017,"date":"2024-03-05T18:59:51","date_gmt":"2024-03-05T16:59:51","guid":{"rendered":"https:\/\/www.factorenergia.com\/ca\/?p=25017"},"modified":"2024-03-12T16:14:09","modified_gmt":"2024-03-12T14:14:09","slug":"plaques-solars-per-a-comunitats-de-veins","status":"publish","type":"post","link":"https:\/\/www.factorenergia.com\/ca\/blog\/autoconsum-electric\/plaques-solars-per-a-comunitats-de-veins\/","title":{"rendered":"Plaques solars per a comunitats de ve\u00efns"},"content":{"rendered":"<p><span>En aquests \u00faltims anys, els panells solars s&#8217;han convertit en una alternativa per a l&#8217;estalvi d&#8217;energia i\u00a0<\/span><span>recudir<\/span><span>\u00a0les factures les factures el\u00e8ctriques. No obstant aix\u00f2, molts propietaris de pisos dubten de l&#8217;aprofitament d&#8217;energia solar \u00e9s una opci\u00f3 viable per a ells.<\/span><br \/>\n<span>Et resolem tots els teus dubtes!<\/span><\/p>\n<h2><span>L&#8217;autoconsum col\u00b7lectiu<\/span><\/h2>\n<p><span>\u00c9s una instal\u00b7laci\u00f3 fotovoltaica per a autoconsum que distribueix l&#8217;electricitat entre un grup de consumidors, com per exemple, una comunitat de ve\u00efns, on es poden instal\u00b7lar plaques solars i repartir l&#8217;electricitat generada entre els ve\u00efns que han acceptat el finan\u00e7ament del sistema fotovoltaic. Aix\u00f2 implica que l&#8217;energia generada per les plaques solars es distribueix entre tots els ve\u00efns que estan connectats a la xarxa el\u00e8ctrica.<\/span><\/p>\n<p>&nbsp;<\/p>\n<p><span>En aquest sistema, els participants comparteixen les despeses associades amb la instal\u00b7laci\u00f3. Al seu torn, casa usuari rep el consum en la seva factura de la llum per l&#8217;energia solar que utilitzen.<\/span><\/p>\n<p>&nbsp;<\/p>\n<p><span>A Espanya gaireb\u00e9 dos ter\u00e7os de la poblaci\u00f3,<strong> un total del 68% viu en pisos.<\/strong> Aquesta modalitat d&#8217;autoconsum permet als ciutadans aprofitar els beneficis econ\u00f2mics i mediambientals de l&#8217;energia solar de manera col\u00b7lectiva.<\/span><\/p>\n<h3><span>Tipus d&#8217;instal\u00b7laci\u00f3 fotovoltaica en edificis comunitaris<\/span><\/h3>\n<p><span>En una comunitat de ve\u00efns es poden plantejar diversos objectius per a la instal\u00b7laci\u00f3 de plaques solars:<\/span><\/p>\n<ul>\n<li><span><strong>Instal\u00b7laci\u00f3 fotovoltaica per a la comunitat de propietaris<\/strong>, amb el prop\u00f2sit de cobrir el consum el\u00e8ctric de l&#8217;edifici, com per exemple, ascensor, garatge, escales comunes&#8230;<\/span><\/li>\n<li><span><strong>Instal\u00b7laci\u00f3 fotovoltaica per a habitatges:<\/strong> l&#8217;energia solar generada per les plaques solars en la comunitat de ve\u00efns cobreix part o tot el consum el\u00e8ctric dels residents en les seves llars. En aquest cas, el sistema fotovoltaic \u00e9s propietat dels ve\u00efns que participen d&#8217;ella.<\/span><\/li>\n<li><span><strong>Instal\u00b7laci\u00f3 fotovoltaica habitatges i zones comunes inclusivament:<\/strong> Aquesta opci\u00f3 implica una instal\u00b7laci\u00f3 d&#8217;autoconsum fotovoltaic comunitari amb capacitat suficient per a cobrir les necessitats energ\u00e8tiques de l&#8217;edifici i de cada llar per separat.<\/span><\/li>\n<\/ul>\n<h3><span>Qu\u00e8 necessita una comunitat de ve\u00efns per a instal\u00b7lar plaques solars?<\/span><\/h3>\n<p><span>Sobre la base de la normativa de plaques solars per a les comunitats de ve\u00efns exigeix una majoria simple de vots de tots els ve\u00efns perqu\u00e8 es pugui implantar els panells solars en la comunitat.<\/span><\/p>\n<p>&nbsp;<\/p>\n<p><span>Concretament, <strong>la llei 49\/1960, de 21 de juliol,<\/strong> sobre propietat horitzontal estableix, en el seu article 17, que la instal\u00b7laci\u00f3 de plaques solars en edificis comunitaris &#8220;requereix el vot favorable de la majoria simple de propietaris, que, al seu torn, representin la majoria simple de les quotes de participaci\u00f3. Aquest document \u00e9s imprescindible, que representi el perm\u00eds d&#8217;un ter\u00e7 dels propietaris, si no, no es pot dur a terme la instal\u00b7laci\u00f3 fotovoltaica. Tamb\u00e9 cal tenir en compte que la vessa de la instal\u00b7laci\u00f3 de plaques solars no pot superar la quantia de 12 mensualitats de despeses comunes.<\/span><\/p>\n<p>&nbsp;<\/p>\n<p><span>Tingues en compte els 5 passos per a la instal\u00b7laci\u00f3 de panells solars en una comunitat de ve\u00efns:<\/span><\/p>\n<ul>\n<li><span><strong>Validar que l&#8217;edifici disposa de superf\u00edcie suficient i apta per a la col\u00b7locaci\u00f3 de panells solars:<\/strong> \u00e9s important que pr\u00e8viament s&#8217;analitzi la superf\u00edcie \u00fatil per a posar una instal\u00b7laci\u00f3 de plaques solars, tenint en compte l&#8217;orientaci\u00f3, preferiblement al sud i lliure d&#8217;ombres.<\/span><\/li>\n<li><span><strong>Contactar amb el president o administrador de la comunitat:<\/strong>\u00a0s&#8217;ha de disposar pr\u00e8viament una proposta de projecte per a presentar-la a la junta, informaci\u00f3, com: Nombre total de propietaris, factura de llum, superf\u00edcie disponible. En\u00a0<\/span><span>Factorenergia<\/span><span>\u00a0t&#8217;informem de tot aix\u00f2, tingues en compte que quanta major informaci\u00f3 proporcionis, major precisi\u00f3 aquesta proposta.<\/span><\/li>\n<li><span><strong>Reunir tota la comunitat de ve\u00efns en la junta:<\/strong> exposar el projecte i sotmetre&#8217;l a votaci\u00f3 per a con\u00e8ixer els propietaris interessats.<\/span><\/li>\n<li><span><strong>Signatura del contracte i execuci\u00f3 de la instal\u00b7laci\u00f3:<\/strong> en cas que resultat de la votaci\u00f3 sigui favorable, tot quedar\u00e0 en mans de l&#8217;empresa energ\u00e8tica que s&#8217;encarrega de tots els tr\u00e0mits.<\/span><\/li>\n<\/ul>\n<p><strong>Factorenergia<\/strong><span>\u00a0assessora en la instal\u00b7laci\u00f3 de plaques solars en edificis comunitaris des de la presentaci\u00f3 del pressupost, la visita dels nostres t\u00e8cnics especialitzats, la documentaci\u00f3 i el proc\u00e9s d&#8217;instal\u00b7laci\u00f3 d&#8217;inici a fi.<\/span><\/p>\n<div class=\"widget-form\">\r\n    \n<div class=\"wpcf7 no-js\" id=\"wpcf7-f21837-o1\" lang=\"es-ES\" dir=\"ltr\">\n<div class=\"screen-reader-response\"><p role=\"status\" aria-live=\"polite\" aria-atomic=\"true\"><\/p> <ul><\/ul><\/div>\n<form action=\"\/ca\/wp-json\/wp\/v2\/posts\/25017#wpcf7-f21837-o1\" method=\"post\" class=\"wpcf7-form init\" aria-label=\"Contact form\" novalidate=\"novalidate\" data-status=\"init\">\n<div style=\"display: none;\">\n<input type=\"hidden\" name=\"_wpcf7\" value=\"21837\" \/>\n<input type=\"hidden\" name=\"_wpcf7_version\" value=\"5.9\" \/>\n<input type=\"hidden\" name=\"_wpcf7_locale\" value=\"es_ES\" \/>\n<input type=\"hidden\" name=\"_wpcf7_unit_tag\" value=\"wpcf7-f21837-o1\" \/>\n<input type=\"hidden\" name=\"_wpcf7_container_post\" value=\"0\" \/>\n<input type=\"hidden\" name=\"_wpcf7_posted_data_hash\" value=\"\" \/>\n<input type=\"hidden\" name=\"_wpcf7_recaptcha_response\" value=\"\" \/>\n<\/div>\n<div class=\"widget-simple-form-ac\">\n\t<div class=\"header-ac\">\n\t\t<p>Aconsegueix el teu estudi gratu\u00eft\n\t\t<\/p>\n\t\t<div class=\"close-form\">\n\t\t\t<p>X\n\t\t\t<\/p>\n\t\t<\/div>\n\t<\/div>\n\t<div class=\"widget-form-ac-container\">\n\t\t<p class=\"subtitle-ac-form\">Amb les nostres Plaques Solars + Bateria Virtual, <span class=\"blue\">redueix a 0\u20ac el consum de la teva factura de la llum.<\/span> No et quedis sense el teu estudi gratis!\n\t\t<\/p>\n\t\t<div class=\"inputs-container\">\n\t\t\t<div class=\"input\">\n\t\t\t\t<p><span class=\"wpcf7-form-control-wrap\" data-name=\"name1\"><input size=\"40\" class=\"wpcf7-form-control wpcf7-text wpcf7-validates-as-required\" id=\"name\" aria-required=\"true\" aria-invalid=\"false\" placeholder=\"Nom\" value=\"\" type=\"text\" name=\"name1\" \/><\/span>\n\t\t\t\t<\/p>\n\t\t\t\t<div class=\"error\">\n\t\t\t\t\t<p><span role='alert' class='wpcf7-not-valid-tip'><\/span>\n\t\t\t\t\t<\/p>\n\t\t\t\t<\/div>\n\t\t\t<\/div>\n\t\t\t<div class=\"input\">\n\t\t\t\t<p><span class=\"wpcf7-form-control-wrap\" data-name=\"lastname\"><input size=\"40\" class=\"wpcf7-form-control wpcf7-text wpcf7-validates-as-required\" id=\"lastname\" aria-required=\"true\" aria-invalid=\"false\" placeholder=\"Cognom\" value=\"\" type=\"text\" name=\"lastname\" \/><\/span>\n\t\t\t\t<\/p>\n\t\t\t\t<div class=\"error\">\n\t\t\t\t\t<p><span role='alert' class='wpcf7-not-valid-tip'><\/span>\n\t\t\t\t\t<\/p>\n\t\t\t\t<\/div>\n\t\t\t<\/div>\n\t\t<\/div>\n\t\t<div class=\"inputs-container\">\n\t\t\t<div class=\"input\">\n\t\t\t\t<p><span class=\"wpcf7-form-control-wrap\" data-name=\"email\"><input size=\"40\" class=\"wpcf7-form-control wpcf7-email wpcf7-validates-as-required wpcf7-text wpcf7-validates-as-email\" aria-required=\"true\" aria-invalid=\"false\" placeholder=\"Email\" value=\"\" type=\"email\" name=\"email\" \/><\/span>\n\t\t\t\t<\/p>\n\t\t\t\t<div class=\"error\">\n\t\t\t\t\t<p><span role='alert' class='wpcf7-not-valid-tip'><\/span>\n\t\t\t\t\t<\/p>\n\t\t\t\t<\/div>\n\t\t\t<\/div>\n\t\t\t<div class=\"input\">\n\t\t\t\t<p><span class=\"wpcf7-form-control-wrap\" data-name=\"tel\"><input size=\"40\" class=\"wpcf7-form-control wpcf7-tel wpcf7-validates-as-required wpcf7-text wpcf7-validates-as-tel\" aria-required=\"true\" aria-invalid=\"false\" placeholder=\"Tel\u00e8fon\" value=\"\" type=\"tel\" name=\"tel\" \/><\/span>\n\t\t\t\t<\/p>\n\t\t\t\t<div class=\"error\">\n\t\t\t\t\t<p><span role='alert' class='wpcf7-not-valid-tip'><\/span>\n\t\t\t\t\t<\/p>\n\t\t\t\t<\/div>\n\t\t\t<\/div>\n\t\t<\/div>\n\t\t<p class=\"legal-text\">En enviar aquest formulari consent que les seves dades siguin tractades per FACTORENERGIA S.A., com a corresponsables, per a remetre-li ofertes i informaci\u00f3 comercial. Pot exercitar els seus drets conforme a l'indicat en la nostra <a href=\"\/ca\/privacidad\/\">Pol\u00edtica de privacitat.<\/a>\n\t\t<\/p>\n\t\t<div class=\"inputs-container\">\n\t\t\t<div class=\"button-submit\">\n\t\t\t\t<p><input class=\"wpcf7-form-control wpcf7-submit has-spinner primary-btn green-btn btn-submit\" type=\"submit\" value=\"Demana el teu estudi gratis\" \/>\n\t\t\t\t<\/p>\n\t\t\t<\/div>\n\t\t<\/div>\n\t<\/div>\n<\/div><div class=\"wpcf7-response-output\" aria-hidden=\"true\"><\/div>\n<\/form>\n<\/div>\n<\/div>\r\n\r\n<div class=\"widget-form-sended\" style=\"display: none\">\r\n    <h4><b>Ben fet!<\/b> Aquest \u00e9s el teu primer pas cap a la independ\u00e8ncia energ\u00e8tica.<\/h4>\r\n    <p>En un m\u00e0xim de 48 hores, un especialista es posar\u00e0 en contacte amb tu per a estudiar el teu cas, assessorar-te i oferir-te la millor soluci\u00f3 energ\u00e8tica.<\/p>\r\n    <div class=\"inputs-container\">\r\n        <div class=\"button-submit\">\r\n            <a class=\"primary-btn center otro-estudio green-btn\">\r\n                Demanar un altre estudi gratis            <\/a>\r\n        <\/div>\r\n        <div class=\"trustpilot-widget trust-widget-form-ac\" data-locale=\"es-ES\" data-template-id=\"5419b732fbfb950b10de65e5\" data-businessunit-id=\"5fd8ae6f2ead35000193bbae\" data-style-height=\"24px\" data-style-width=\"100%\" data-theme=\"light\" style=\"position: relative;\"><iframe title=\"Customer reviews powered by Trustpilot\" loading=\"auto\" src=\"https:\/\/widget.trustpilot.com\/trustboxes\/5419b732fbfb950b10de65e5\/index.html?templateId=5419b732fbfb950b10de65e5&amp;businessunitId=5fd8ae6f2ead35000193bbae#locale=es-ES&amp;styleHeight=24px&amp;styleWidth=100%25&amp;theme=light\" style=\"position: relative; height: 24px; width: 100%; border-style: none; display: block; overflow: hidden;\"><\/iframe><\/div>\r\n    <\/div>\r\n<\/div>\r\n\n<h3><span>Beneficis en instal\u00b7lar plaques solars en una comunitat de ve\u00efns<\/span><\/h3>\n<p><span>En la situaci\u00f3 actual, en la qual els preus de l&#8217;energia convencional estan pujant cada vegada m\u00e9s, a m\u00e9s dels impostos energ\u00e8tics. Per aix\u00f2 mateix, instal\u00b7lar plaques solars en una comunitat de ve\u00efns pot ser una gran idea, et comptem els avantatges:<\/span><\/p>\n<ul>\n<li><span><strong>La reducci\u00f3 de la despesa energ\u00e8tica:<\/strong> pot aconseguir que en pocs anys s&#8217;amortitzi la instal\u00b7laci\u00f3 . A m\u00e9s, quan aquesta instal\u00b7laci\u00f3 es realitza en una comunitat de propietaris, el preu de la mateixa \u00e9s compartit i resulta molt m\u00e9s rendible.<\/span><\/li>\n<li><strong>Redueix la depend\u00e8ncia de la xarxa el\u00e8ctrica<\/strong><\/li>\n<li><span><strong>Respectuosa amb el medi ambient:<\/strong>\u00a0Redueix les emissions de CO\u2082 i no esgota els recursos del planeta Terra.<\/span><\/li>\n<li><span><strong>L&#8217;energia sobrant pot ser abocada a la xarxa el\u00e8ctrica:<\/strong> d&#8217;aquesta manera es compensa a la comunitat de ve\u00efns. No sols s&#8217;estalvia energia, si no que pots &#8220;vendre&#8221; els excedents que ha generat l&#8217;energia solar i no s&#8217;han usat.<\/span><\/li>\n<\/ul>\n<h3><span>De quina manera es reparteixen les despeses i l&#8217;energia en edificis comunitaris?<\/span><\/h3>\n<p><span>Cal concretar com es pagar\u00e0 la instal\u00b7laci\u00f3 i com es distribuir\u00e0 l&#8217;energia que es produeixi. En l&#8217;acta de la junta de la comunitat de propietaris ha de quedar registrat l&#8217;acord de participaci\u00f3 econ\u00f2mica, com el repartiment d&#8217;energia entre els participants.<\/span><\/p>\n<ul>\n<li><span><strong>Repartiment dels costos d&#8217;instal\u00b7laci\u00f3:<\/strong>\u00a0La inversi\u00f3 per a la instal\u00b7laci\u00f3 i les despeses de manteniment poden associar-se al repartiment de l&#8217;energia generat o seguir altres criteris, com les quotes de participaci\u00f3 en la comunitat de ve\u00efns o qualsevol altre acord un\u00e0nime dels participants. L&#8217;opci\u00f3 m\u00e9s simple consisteix en el fet que cada consumidor contribueixi amb una part del cost proporcional a la seva quota de repartiment energ\u00e8tic.<\/span><\/li>\n<li><span><strong>Repartiment de l&#8217;energia produ\u00efda:<\/strong> El criteri del repartiment pot triar-se segons la pot\u00e8ncia contractada per cada ve\u00ed en el seu domicili. Sigui com la hi elecci\u00f3 tots els participants han de signar l&#8217;acord. La quota pot ser igual per a totes les hores o diferent per a cada hora de l&#8217;any.<\/span><\/li>\n<\/ul>\n<h3><span>Control del consum amb el sistema revolucionari\u00a0<\/span><span>Blockchain<\/span><\/h3>\n<p><span>Una tecnologia innovadora que et proporciona el <a href=\"https:\/\/www.factorenergia.com\/ca\/blog\/autoconsum-electric\/tecnologia-blockhain-autoconsum-col%c2%b7lectiu\/\">registre de lectures detallat sobre el rendiment del teu sistema fotovoltaic<\/a>. Cada lectura energ\u00e8tica de la instal\u00b7laci\u00f3 es registra de manera cont\u00ednua i verificable, assegurant-te que les dades sobre el rendiment de la instal\u00b7laci\u00f3 estiguin disponibles i en temps real. A m\u00e9s en proporcionar aquestes lectures de la producci\u00f3 d&#8217;energia, el\u00a0<\/span><a href=\"https:\/\/www.factorenergia.com\/ca\/plaques-solars\/blockchain\/\"><span>Blockchain<\/span><\/a><span>\u00a0et permet maximitzar els teus estalvis. Aquest dispositiu et garanteix l&#8217;efici\u00e8ncia energ\u00e8tica en els teus h\u00e0bits de consum.<\/span><\/p>\n<p>&nbsp;<\/p>\n<p><span>Amb el nostre Dispositiu de Monitoratge\u00a0<\/span><span>Blockchain<\/span><span>, portem la innovaci\u00f3 m\u00e9s enll\u00e0. Aquesta proposta revolucion\u00e0ria et permet tenir el control a temps real del rendiment de les teves plaques solars en una comunitat de ve\u00efns, aquesta tecnologia et garanteix un nou nivell de transpar\u00e8ncia i efici\u00e8ncia energ\u00e8tica en els teus panells solars.<\/span><\/p>\n<p>&nbsp;<\/p>\n","protected":false},"excerpt":{"rendered":"<p>En aquests \u00faltims anys, els panells solars s&#8217;han convertit en una alternativa per a l&#8217;estalvi d&#8217;energia i recudir les factures les factures el\u00e8ctriques. No obstant aix\u00f2, molts propietaris de pisos dubten de l&#8217;aprofitament d&#8217;energia solar \u00e9s una opci\u00f3 viable per a ells.<\/p>\n","protected":false},"author":23,"featured_media":0,"comment_status":"open","ping_status":"open","sticky":false,"template":"","format":"standard","meta":{"inline_featured_image":false,"footnotes":""},"categories":[66],"tags":[],"acf":{"fecha_de_la_entrada":"20240306","imagen_portada":24944,"categoria_blog":null,"tipo_de_distribuidora":null,"tiempo_lectura":"3'","banner_bool":false,"titulo_banner":"","texto_banner":"","texto_boton_banner":"","url_boton_banner":"","post_relacionados":""},"yoast_head":"<!-- This site is optimized with the Yoast SEO plugin v22.2 - https:\/\/yoast.com\/wordpress\/plugins\/seo\/ -->\n<title>Plaques solars per a comunitats de ve\u00efns | factorenergia<\/title>\n<meta name=\"description\" content=\"En aquests \u00faltims anys, els panells solars s&#039;han convertit en una alternativa per a l&#039;estalvi d&#039;energia i recudir les factures les factures el\u00e8ctriques. No obstant aix\u00f2, molts propietaris de pisos dubten de l&#039;aprofitament d&#039;energia solar \u00e9s una opci\u00f3 viable per a ells. En aquests \u00faltims anys, els panells solars s&#039;han convertit en una alternativa per a l&#039;estalvi d&#039;energia i recudir les factures les factures el\u00e8ctriques. No obstant aix\u00f2, molts propietaris de pisos dubten de l&#039;aprofitament d&#039;energia solar \u00e9s una opci\u00f3 viable per a ells.\" \/>\n<meta name=\"robots\" content=\"index, follow, max-snippet:-1, max-image-preview:large, max-video-preview:-1\" \/>\n<link rel=\"canonical\" href=\"https:\/\/www.factorenergia.com\/ca\/blog\/autoconsum-electric\/plaques-solars-per-a-comunitats-de-veins\/\" \/>\n<meta name=\"twitter:card\" content=\"summary_large_image\" \/>\n<meta name=\"twitter:title\" content=\"Plaques solars per a comunitats de ve\u00efns | factorenergia\" \/>\n<meta name=\"twitter:description\" content=\"En aquests \u00faltims anys, els panells solars s&#039;han convertit en una alternativa per a l&#039;estalvi d&#039;energia i recudir les factures les factures el\u00e8ctriques. No obstant aix\u00f2, molts propietaris de pisos dubten de l&#039;aprofitament d&#039;energia solar \u00e9s una opci\u00f3 viable per a ells. En aquests \u00faltims anys, els panells solars s&#039;han convertit en una alternativa per a l&#039;estalvi d&#039;energia i recudir les factures les factures el\u00e8ctriques. No obstant aix\u00f2, molts propietaris de pisos dubten de l&#039;aprofitament d&#039;energia solar \u00e9s una opci\u00f3 viable per a ells.\" \/>\n<meta name=\"twitter:creator\" content=\"@factorenergia\" \/>\n<meta name=\"twitter:site\" content=\"@factorenergia\" \/>\n<meta name=\"twitter:label1\" content=\"Written by\" \/>\n\t<meta name=\"twitter:data1\" content=\"Equipo Transici\u00f3n Energ\u00e9tica Factorenergia\" \/>\n\t<meta name=\"twitter:label2\" content=\"Est. reading time\" \/>\n\t<meta name=\"twitter:data2\" content=\"6 minutes\" \/>\n<script type=\"application\/ld+json\" class=\"yoast-schema-graph\">{\"@context\":\"https:\/\/schema.org\",\"@graph\":[{\"@type\":\"WebPage\",\"@id\":\"https:\/\/www.factorenergia.com\/ca\/blog\/autoconsum-electric\/plaques-solars-per-a-comunitats-de-veins\/\",\"url\":\"https:\/\/www.factorenergia.com\/ca\/blog\/autoconsum-electric\/plaques-solars-per-a-comunitats-de-veins\/\",\"name\":\"Plaques solars per a comunitats de ve\u00efns | factorenergia\",\"isPartOf\":{\"@id\":\"https:\/\/www.factorenergia.com\/es\/#website\"},\"datePublished\":\"2024-03-05T16:59:51+00:00\",\"dateModified\":\"2024-03-12T14:14:09+00:00\",\"author\":{\"@id\":\"https:\/\/www.factorenergia.com\/es\/#\/schema\/person\/0393cfddedf83f56c6fa67cd7f64b4f5\"},\"description\":\"En aquests \u00faltims anys, els panells solars s'han convertit en una alternativa per a l'estalvi d'energia i recudir les factures les factures el\u00e8ctriques. No obstant aix\u00f2, molts propietaris de pisos dubten de l'aprofitament d'energia solar \u00e9s una opci\u00f3 viable per a ells. En aquests \u00faltims anys, els panells solars s'han convertit en una alternativa per a l'estalvi d'energia i recudir les factures les factures el\u00e8ctriques. No obstant aix\u00f2, molts propietaris de pisos dubten de l'aprofitament d'energia solar \u00e9s una opci\u00f3 viable per a ells.\",\"breadcrumb\":{\"@id\":\"https:\/\/www.factorenergia.com\/ca\/blog\/autoconsum-electric\/plaques-solars-per-a-comunitats-de-veins\/#breadcrumb\"},\"inLanguage\":\"ca\",\"potentialAction\":[{\"@type\":\"ReadAction\",\"target\":[\"https:\/\/www.factorenergia.com\/ca\/blog\/autoconsum-electric\/plaques-solars-per-a-comunitats-de-veins\/\"]}]},{\"@type\":\"BreadcrumbList\",\"@id\":\"https:\/\/www.factorenergia.com\/ca\/blog\/autoconsum-electric\/plaques-solars-per-a-comunitats-de-veins\/#breadcrumb\",\"itemListElement\":[{\"@type\":\"ListItem\",\"position\":1,\"name\":\"Portada\",\"item\":\"https:\/\/www.factorenergia.com\/ca\/\"},{\"@type\":\"ListItem\",\"position\":2,\"name\":\"Plaques solars per a comunitats de ve\u00efns\"}]},{\"@type\":\"WebSite\",\"@id\":\"https:\/\/www.factorenergia.com\/es\/#website\",\"url\":\"https:\/\/www.factorenergia.com\/es\/\",\"name\":\"factorenergia\",\"description\":\"factorenergia\",\"potentialAction\":[{\"@type\":\"SearchAction\",\"target\":{\"@type\":\"EntryPoint\",\"urlTemplate\":\"https:\/\/www.factorenergia.com\/es\/?s={search_term_string}\"},\"query-input\":\"required name=search_term_string\"}],\"inLanguage\":\"ca\"},{\"@type\":\"Person\",\"@id\":\"https:\/\/www.factorenergia.com\/es\/#\/schema\/person\/0393cfddedf83f56c6fa67cd7f64b4f5\",\"name\":\"Equipo Transici\u00f3n Energ\u00e9tica Factorenergia\",\"image\":{\"@type\":\"ImageObject\",\"inLanguage\":\"ca\",\"@id\":\"https:\/\/www.factorenergia.com\/es\/#\/schema\/person\/image\/\",\"url\":\"https:\/\/secure.gravatar.com\/avatar\/80959538036dc57cad8f416d2d764870?s=96&d=mm&r=g\",\"contentUrl\":\"https:\/\/secure.gravatar.com\/avatar\/80959538036dc57cad8f416d2d764870?s=96&d=mm&r=g\",\"caption\":\"Equipo Transici\u00f3n Energ\u00e9tica Factorenergia\"},\"url\":\"https:\/\/www.factorenergia.com\/ca\/blog\/author\/pilar\/\"}]}<\/script>\n<!-- \/ Yoast SEO plugin. -->","yoast_head_json":{"title":"Plaques solars per a comunitats de ve\u00efns | factorenergia","description":"En aquests \u00faltims anys, els panells solars s'han convertit en una alternativa per a l'estalvi d'energia i recudir les factures les factures el\u00e8ctriques. No obstant aix\u00f2, molts propietaris de pisos dubten de l'aprofitament d'energia solar \u00e9s una opci\u00f3 viable per a ells. En aquests \u00faltims anys, els panells solars s'han convertit en una alternativa per a l'estalvi d'energia i recudir les factures les factures el\u00e8ctriques. No obstant aix\u00f2, molts propietaris de pisos dubten de l'aprofitament d'energia solar \u00e9s una opci\u00f3 viable per a ells.","robots":{"index":"index","follow":"follow","max-snippet":"max-snippet:-1","max-image-preview":"max-image-preview:large","max-video-preview":"max-video-preview:-1"},"canonical":"https:\/\/www.factorenergia.com\/ca\/blog\/autoconsum-electric\/plaques-solars-per-a-comunitats-de-veins\/","twitter_card":"summary_large_image","twitter_title":"Plaques solars per a comunitats de ve\u00efns | factorenergia","twitter_description":"En aquests \u00faltims anys, els panells solars s'han convertit en una alternativa per a l'estalvi d'energia i recudir les factures les factures el\u00e8ctriques. No obstant aix\u00f2, molts propietaris de pisos dubten de l'aprofitament d'energia solar \u00e9s una opci\u00f3 viable per a ells. En aquests \u00faltims anys, els panells solars s'han convertit en una alternativa per a l'estalvi d'energia i recudir les factures les factures el\u00e8ctriques. No obstant aix\u00f2, molts propietaris de pisos dubten de l'aprofitament d'energia solar \u00e9s una opci\u00f3 viable per a ells.","twitter_creator":"@factorenergia","twitter_site":"@factorenergia","twitter_misc":{"Written by":"Equipo Transici\u00f3n Energ\u00e9tica Factorenergia","Est. reading time":"6 minutes"},"schema":{"@context":"https:\/\/schema.org","@graph":[{"@type":"WebPage","@id":"https:\/\/www.factorenergia.com\/ca\/blog\/autoconsum-electric\/plaques-solars-per-a-comunitats-de-veins\/","url":"https:\/\/www.factorenergia.com\/ca\/blog\/autoconsum-electric\/plaques-solars-per-a-comunitats-de-veins\/","name":"Plaques solars per a comunitats de ve\u00efns | factorenergia","isPartOf":{"@id":"https:\/\/www.factorenergia.com\/es\/#website"},"datePublished":"2024-03-05T16:59:51+00:00","dateModified":"2024-03-12T14:14:09+00:00","author":{"@id":"https:\/\/www.factorenergia.com\/es\/#\/schema\/person\/0393cfddedf83f56c6fa67cd7f64b4f5"},"description":"En aquests \u00faltims anys, els panells solars s'han convertit en una alternativa per a l'estalvi d'energia i recudir les factures les factures el\u00e8ctriques. No obstant aix\u00f2, molts propietaris de pisos dubten de l'aprofitament d'energia solar \u00e9s una opci\u00f3 viable per a ells. En aquests \u00faltims anys, els panells solars s'han convertit en una alternativa per a l'estalvi d'energia i recudir les factures les factures el\u00e8ctriques. No obstant aix\u00f2, molts propietaris de pisos dubten de l'aprofitament d'energia solar \u00e9s una opci\u00f3 viable per a ells.","breadcrumb":{"@id":"https:\/\/www.factorenergia.com\/ca\/blog\/autoconsum-electric\/plaques-solars-per-a-comunitats-de-veins\/#breadcrumb"},"inLanguage":"ca","potentialAction":[{"@type":"ReadAction","target":["https:\/\/www.factorenergia.com\/ca\/blog\/autoconsum-electric\/plaques-solars-per-a-comunitats-de-veins\/"]}]},{"@type":"BreadcrumbList","@id":"https:\/\/www.factorenergia.com\/ca\/blog\/autoconsum-electric\/plaques-solars-per-a-comunitats-de-veins\/#breadcrumb","itemListElement":[{"@type":"ListItem","position":1,"name":"Portada","item":"https:\/\/www.factorenergia.com\/ca\/"},{"@type":"ListItem","position":2,"name":"Plaques solars per a comunitats de ve\u00efns"}]},{"@type":"WebSite","@id":"https:\/\/www.factorenergia.com\/es\/#website","url":"https:\/\/www.factorenergia.com\/es\/","name":"factorenergia","description":"factorenergia","potentialAction":[{"@type":"SearchAction","target":{"@type":"EntryPoint","urlTemplate":"https:\/\/www.factorenergia.com\/es\/?s={search_term_string}"},"query-input":"required name=search_term_string"}],"inLanguage":"ca"},{"@type":"Person","@id":"https:\/\/www.factorenergia.com\/es\/#\/schema\/person\/0393cfddedf83f56c6fa67cd7f64b4f5","name":"Equipo Transici\u00f3n Energ\u00e9tica Factorenergia","image":{"@type":"ImageObject","inLanguage":"ca","@id":"https:\/\/www.factorenergia.com\/es\/#\/schema\/person\/image\/","url":"https:\/\/secure.gravatar.com\/avatar\/80959538036dc57cad8f416d2d764870?s=96&d=mm&r=g","contentUrl":"https:\/\/secure.gravatar.com\/avatar\/80959538036dc57cad8f416d2d764870?s=96&d=mm&r=g","caption":"Equipo Transici\u00f3n Energ\u00e9tica Factorenergia"},"url":"https:\/\/www.factorenergia.com\/ca\/blog\/author\/pilar\/"}]}},"_links":{"self":[{"href":"https:\/\/www.factorenergia.com\/ca\/wp-json\/wp\/v2\/posts\/25017"}],"collection":[{"href":"https:\/\/www.factorenergia.com\/ca\/wp-json\/wp\/v2\/posts"}],"about":[{"href":"https:\/\/www.factorenergia.com\/ca\/wp-json\/wp\/v2\/types\/post"}],"author":[{"embeddable":true,"href":"https:\/\/www.factorenergia.com\/ca\/wp-json\/wp\/v2\/users\/23"}],"replies":[{"embeddable":true,"href":"https:\/\/www.factorenergia.com\/ca\/wp-json\/wp\/v2\/comments?post=25017"}],"version-history":[{"count":7,"href":"https:\/\/www.factorenergia.com\/ca\/wp-json\/wp\/v2\/posts\/25017\/revisions"}],"predecessor-version":[{"id":25114,"href":"https:\/\/www.factorenergia.com\/ca\/wp-json\/wp\/v2\/posts\/25017\/revisions\/25114"}],"wp:attachment":[{"href":"https:\/\/www.factorenergia.com\/ca\/wp-json\/wp\/v2\/media?parent=25017"}],"wp:term":[{"taxonomy":"category","embeddable":true,"href":"https:\/\/www.factorenergia.com\/ca\/wp-json\/wp\/v2\/categories?post=25017"},{"taxonomy":"post_tag","embeddable":true,"href":"https:\/\/www.factorenergia.com\/ca\/wp-json\/wp\/v2\/tags?post=25017"}],"curies":[{"name":"wp","href":"https:\/\/api.w.org\/{rel}","templated":true}]}}