{"id":25009,"date":"2024-03-05T18:34:16","date_gmt":"2024-03-05T16:34:16","guid":{"rendered":"https:\/\/www.factorenergia.com\/ca\/?p=25009"},"modified":"2024-03-06T16:29:20","modified_gmt":"2024-03-06T14:29:20","slug":"tecnologia-blockhain-autoconsum-col%c2%b7lectiu","status":"publish","type":"post","link":"https:\/\/www.factorenergia.com\/ca\/blog\/autoconsum-electric\/tecnologia-blockhain-autoconsum-col%c2%b7lectiu\/","title":{"rendered":"La tecnologia Blockchain revoluciona l&#8217;autoconsum col\u00b7lectiu"},"content":{"rendered":"\n<script type=\"text\/javascript\" id=\"auto-index\" async defer>\n\n      function indexContent(context){\n\n      var container = document.querySelector(context);\n\n      element = document.getElementById(\"accordion-index\");\n      var titles = Array.from(container.querySelectorAll(\"h2,h3\"));\n\n      for (var i = 0, l = titles.length; i < l; i++) {\n\n\t\tjQuery('#accordionIndex').show();\n\n        var tit = titles[i];\n\t\tvar newTitle = tit.textContent.toLowerCase().replace(\/[^a-zA-Z ]\/g, \"\").replace(\/\\s\/g, '-');\n\t\tvar numTag = Number(tit.tagName.replace(\/[^1-9]\/g, \"\"));\n\t\tvar tagWidth = (numTag*20);\n\n\t\tvar preText = '<span style=\"margin-left:' + tagWidth + 'px\"><\/span>';\n\n        tit.setAttribute(\"id\", newTitle);\n\t\tjQuery(tit).addClass('h-inline');\n\t\t\n\t\tvar toIndex = '<p class=\"h-inline\"><a class=\"blog-toindex\" href=\"#accordionIndex\"><span class=\"glyphicon glyphicon-chevron-up\" aria-hidden=\"true\"><\/span><\/a><\/p>';\n\n\t\tjQuery(toIndex).insertAfter(tit);\n\n        var node = document.createElement(\"LI\");                 \n        var link = document.createElement(\"A\");\n        var textnode = document.createTextNode(tit.textContent);\n\n        link.appendChild(textnode);\n        link.setAttribute(\"href\", '#' + newTitle);\n\t\t\/\/link.setAttribute(\"style\", \"margin-left:\" + tagWidth + \"px\");\n\t\tlink.setAttribute(\"class\", \"acc-h\" + numTag);\n        node.appendChild(link);\n\n        element.appendChild(node);\n\n      }\n    }\n\n    jQuery(document).ready(function(){\t\t\n\t\tindexContent(\".single-post-content\");\n\n\t\tjQuery(\".accordion-toggle\").click(function() {\n\t\t\tjQuery(this).toggleClass(\"open\");\n\t\t\tjQuery(\"#collapseIndex\").slideToggle(\"in\");\n\t\t});\n\t});\n\n\n<\/script>\n\n<style>\n\t.accordion-toggle{\n\t\tcursor:pointer;\n\t}\n\n\t#accordionIndex .panel-heading{\n\t\tmargin-bottom:0px;\n\t}\n\n\t.articulo ul, .articulo ol{\n\t\tmargin-bottom:auto;\n\t}\n\n\t.h-inline{\n\t\tdisplay: inline-flex;\n\t\tflex-wrap: wrap\n\t}\n\t#accordion-index{\n\t\tpadding-left:0px;\n\t}\n\t#accordion-index li a{\n\t\tdisplay:block;\n\t\tpadding-top:5px;\n\t}\n\n\t.acc-h2{\n\t\tmargin-left:0px;\n\t\tposition: relative;\n\t}\n\n\t.acc-h3{\n\t\tmargin-left:25px;\n\t}\n\n\t.acc-h3::before{\n\t\tcontent: \"\";\n\t\tbackground-color:var(--blue-light);\n\t\tmargin-left:-10px;\n\t\twidth: 7px;\n\t\theight: 7px;\n\t\tdisplay: inline-block;\n\t\ttext-align: center;\n\t\tborder-radius: 1000px;\n\t\tmargin-right: 10px;\n    \tmargin-bottom: 2px;\n\t}\n\n\t.acc-h4{\n\t\tmargin-left:40px;\n\t}\n\n\t.acc-h4::before{\n\t\tcontent: \"\";\n\t\tborder: 1px solid var(--blue-light);\n\t\tmargin-left:-5px;\n\t\twidth: 7px;\n\t\theight: 7px;\n\t\tdisplay: inline-block;\n\t\ttext-align: center;\n\t\tborder-radius: 100%;\n\t\tmargin-right: 10px;\n    \tmargin-bottom: 2px;\n\t}\n\n\t.acc-h3:hover::before{\n\t\tbackground-color: var(--blue-darkest);\n\t}\n\n\t.acc-h4:hover::before{\n\t\tborder-color: var(--blue-darkest);\n\t}\n\n\t@media (max-width: 992px){\n\t\t.acc-h2{\n\t\t\tmargin-left:0px;\n\t\t}\n\t\t.acc-h3{\n\t\t\tmargin-left:20px;\n\t\t}\n\t\t.acc-h4{\n\t\t\tmargin-left:40px;\n\t\t}\n\t}\n\n\t\/*\n\th2.h-inline:after,\n\th3.h-inline:after{\n\t\theight: 24px;\n\t\tcontent: \"\";\n\t\tdisplay: table-row;\n\t}*\/\n<\/style>\n\n<div id=\"table-accordion-index\">\n\t<div class=\"panel-group\" id=\"accordionIndex\">\n\t\t<div class=\"panel panel-default\">\n\t\t\t<div class=\"panel-heading\">\n\t\t\t\t<div class=\"panel-title open\"><div class=\"accordion-toggle\" data-toggle=\"collapse\" data-parent=\"#accordion\" aria-expanded=\"true\">\u00edndex<\/div><\/div>\n\t\t\t<\/div>\n\t\t\t<div id=\"collapseIndex\" class=\"panel-collapse collapse in\" aria-expanded=\"true\">\n\t\t\t\t<div class=\"panel-body\">\n\t\t\t\t\t<ul id=\"accordion-index\">\n\t\t\t\t\t<\/ul>\n\t\t\t\t<\/div>\n\t\t\t<\/div>\n\t\t<\/div>\n\t<\/div>\n<\/div>\n<p><span>Factorenergia<\/span><span>\u00a0llan\u00e7a, al costat de\u00a0<\/span><span>Blockchain<\/span><span>\u00a0Digital\u00a0<\/span><span>Energy<\/span><span>, un innovador <a href=\"https:\/\/www.factorenergia.com\/ca\/plaques-solars\/blockchain\/\"><strong>Dispositiu de Monitoratge\u00a0<\/strong><\/a><\/span><a href=\"https:\/\/www.factorenergia.com\/ca\/plaques-solars\/blockchain\/\"><strong>Blockchain<\/strong><\/a><span><strong>\u00a0<\/strong>que permet tenir en temps real les lectures energ\u00e8tiques de la teva participaci\u00f3 en la teva instal\u00b7laci\u00f3 fotovoltaica i poder ser eficient en el teu consum.<\/span><\/p>\n<h2><span>Com sorgeix la idea d&#8217;aquesta soluci\u00f3\u00a0<\/span><span>Blockchain?<\/span><\/h2>\n<p><span>Factorenergia<\/span><span>\u00a0i\u00a0<\/span><span>Blockchain<\/span><span>\u00a0Digital\u00a0<\/span><span>Energy<\/span><span>\u00a0s&#8217;han unit per a desenvolupar aquesta tecnologia pionera a nivell mundial, amb l&#8217;objectiu d&#8217;aplicar-la al sector energ\u00e8tic i promoure l&#8217;autoconsum col\u00b7lectiu\u00a0i l&#8217;efici\u00e8ncia energ\u00e8tica en les comunitats solars.<\/span><\/p>\n<p>&nbsp;<\/p>\n<p><span><strong>El nostre equip de I+D<\/strong> ha treballat en la creaci\u00f3 d&#8217;un sistema revolucionari de monitoratge que utilitza la tecnologia\u00a0<\/span><span>Blockchain<\/span><span>. Aquest sistema \u00e9s capa\u00e7 de registrar les lectures energ\u00e8tiques de qualsevol instal\u00b7laci\u00f3 d&#8217;autoconsum i mostrar-les directament a l&#8217;usuari en l&#8217;APP o \u00c0rea Clients de\u00a0<\/span><span>Factorenergia<\/span><span>.<\/span><\/p>\n<p>&nbsp;<\/p>\n<p><span>La transici\u00f3 energ\u00e8tica \u00e9s una realitat imparable i, a causa del Pla Nacional Integrat d&#8217;Energia i Clima (<\/span><span>PNIEC)<\/span><span>\u00a0del govern estima que, l&#8217;any 2030, el 81% de l&#8217;energia consumida haur\u00e0 de provenir d&#8217;energies renovables. Per aquest motiu, la soluci\u00f3 desenvolupada per\u00a0<\/span><span>Factorenergia<\/span><span>\u00a0en col\u00b7laboraci\u00f3 amb\u00a0<\/span><span>Blockchain<\/span><span>\u00a0Digital\u00a0<\/span><span>Energy<\/span><span>\u00a0cerca fomentar a Espanya un consum m\u00e9s sostenible i participatiu, en el qual el consumidor, ja sigui individual o col\u00b7lectiu, es converteixi en un agent actiu en l&#8217;adopci\u00f3 d&#8217;energies netes.<\/span><\/p>\n<h2><span>L&#8217;efici\u00e8ncia energ\u00e8tica amb\u00a0<\/span><span>Blockchain<\/span><\/h2>\n<p><span>Per a beneficiar-te d&#8217;aquesta innovaci\u00f3, s\u00f3n necessaris tres elements: plaques solars, el dispositiu de monitoratge basat en\u00a0<\/span><span>Blockchain<\/span><span>\u00a0i l&#8217;APP o \u00c0rea Clients de\u00a0<\/span><span>Factorenergia<\/span><span>. La soluci\u00f3 de\u00a0<\/span><span>Blockchain<\/span><span>\u00a0t\u00e9 com a objectiu millorar la gesti\u00f3 i l&#8217;aprofitament de l&#8217;energia neta de la manera m\u00e9s eficient i transparent. Pot ser utilitzada tant en habitatges particulars com en <a href=\"https:\/\/www.factorenergia.com\/ca\/blog\/autoconsum-electric\/plaques-solars-per-a-comunitats-de-veins\/\">comunitats de ve\u00efns<\/a>, <strong>marcant transpar\u00e8ncia i el control del consum energ\u00e8tic<\/strong>. Ara, cada ve\u00ed pot con\u00e8ixer el seu consum energ\u00e8tic individual i prendre decisions informades sobre el seu consum i estalvi energ\u00e8tic.<\/span><\/p>\n<p>&nbsp;<\/p>\n<p><span>Gr\u00e0cies a aquesta innovaci\u00f3, els usuaris poden estar informats sobre el rendiment de les seves plaques solars en temps real, la qual cosa els permet aprofitar al m\u00e0xim l&#8217;energia produ\u00efda per les seves plaques solars <strong>i, per tant, maximitzar els seus estalvis en la factura de llum.<\/strong> Des de la seva creaci\u00f3, aquest sistema ha tingut com a objectiu principal millorar l&#8217;efici\u00e8ncia energ\u00e8tica dels nostres clients i optimitzar l&#8217;\u00fas dels seus panells solars.<\/span><\/p>\n<h5><strong>Avantatges per a l&#8217;usuari<\/strong><\/h5>\n<ul>\n<li><span>Proporciona als clients un certificat energ\u00e8tic amb el consum generat per trams horaris.<\/span><\/li>\n<li><span>Compatible per a qualsevol modalitat d&#8217;autoconsum, ja sigui individual o col\u00b7lectiu.<\/span><\/li>\n<li><span>Adaptable per a qualsevol model d&#8217;inversor fotovoltaic.<\/span><\/li>\n<li><span>Facilitat d&#8217;acc\u00e9s a les dades des de l&#8217;APP i \u00c0rea Clients.<\/span><\/li>\n<\/ul>\n<h3><span>Factorenergia<\/span><span>\u00a0aposta per la innovaci\u00f3<\/span><\/h3>\n<p><span>Encara que l&#8217;aplicaci\u00f3 del <strong>&#8220;<\/strong><\/span><strong>Blockchain&#8221;<\/strong><span>\u00a0en l&#8217;\u00e0mbit de l&#8217;energia no \u00e9s nova, l&#8217;enfocament d&#8217;\u00fas que li dona\u00a0<\/span><span>Factorenergia<\/span><span>\u00a0s\u00ed que ho \u00e9s. La tecnologia\u00a0<\/span><span>Blockchain<\/span><span>\u00a0genera certificats personalitzats cada hora, actuant com un notari digital en proporcionar els valors energ\u00e8tics en temps real. Aquest avan\u00e7 marca una fita en el mercat energ\u00e8tic, tant en termes d&#8217;innovaci\u00f3 com de fiabilitat.<\/span><\/p>\n<h3>Casos d&#8217;\u00e8xit amb la tecnologia\u00a0Blockchain<\/h3>\n<p><span>Aquesta innovaci\u00f3 tecnol\u00f2gica \u00e9s escalable i es pot aplicar a qualsevol tipus d&#8217;instal\u00b7laci\u00f3 fotovoltaica, ja siguin habitatges residencials, centres educatius o naus industrials.<\/span><\/p>\n<p>&nbsp;<\/p>\n<p><span>Els primers projectes en el que s&#8217;ha aplicat el dispositiu\u00a0<\/span><span>Blockchain<\/span><span>\u00a0estan funcionant des de fa mesos i s\u00f3n casos d&#8217;\u00e8xit. Aquestes instal\u00b7lacions pioneres estan explorant noves maneres de garantir la transpar\u00e8ncia, l&#8217;efici\u00e8ncia i la seguretat en la producci\u00f3, distribuci\u00f3 i consum d&#8217;energia. Els projectes que es beneficien d&#8217;aquesta innovaci\u00f3 s\u00f3n quatre comunitats d&#8217;autoconsum, situades a la prov\u00edncia de Barcelona, de diferent tipologia.<\/span><\/p>\n<h5><strong>La urbanitzaci\u00f3 de ve\u00efns de la\u00a0Mallola\u00a0a Esplugues de Llobregat<\/strong><\/h5>\n<p><a href=\"https:\/\/www.factorenergia.com\/wp-content\/uploads\/2024\/02\/maiola.png\"><picture><source srcset=\"https:\/\/www.factorenergia.com\/wp-content\/webp-express\/webp-images\/uploads\/2024\/02\/maiola.png.webp 1200w, https:\/\/www.factorenergia.com\/wp-content\/webp-express\/webp-images\/uploads\/2024\/02\/maiola-300x157.png.webp 300w, https:\/\/www.factorenergia.com\/wp-content\/webp-express\/webp-images\/uploads\/2024\/02\/maiola-1024x535.png.webp 1024w, https:\/\/www.factorenergia.com\/wp-content\/webp-express\/webp-images\/uploads\/2024\/02\/maiola-768x401.png.webp 768w, https:\/\/www.factorenergia.com\/wp-content\/webp-express\/webp-images\/uploads\/2024\/02\/maiola-306x160.png.webp 306w, https:\/\/www.factorenergia.com\/wp-content\/webp-express\/webp-images\/uploads\/2024\/02\/maiola-90x47.png.webp 90w, https:\/\/www.factorenergia.com\/wp-content\/webp-express\/webp-images\/uploads\/2024\/02\/maiola-170x89.png.webp 170w, https:\/\/www.factorenergia.com\/wp-content\/webp-express\/webp-images\/uploads\/2024\/02\/maiola-689x360.png.webp 689w, https:\/\/www.factorenergia.com\/wp-content\/webp-express\/webp-images\/uploads\/2024\/02\/maiola-500x261.png.webp 500w\" sizes=\"(max-width: 471px) 100vw, 471px\" type=\"image\/webp\"><img loading=\"lazy\" decoding=\"async\" src=\"https:\/\/www.factorenergia.com\/wp-content\/uploads\/2024\/02\/maiola.png\" alt=\"\" width=\"471\" height=\"246\" class=\"alignnone wp-image-24865 webpexpress-processed\" srcset=\"https:\/\/www.factorenergia.com\/wp-content\/uploads\/2024\/02\/maiola.png 1200w, https:\/\/www.factorenergia.com\/wp-content\/uploads\/2024\/02\/maiola-300x157.png 300w, https:\/\/www.factorenergia.com\/wp-content\/uploads\/2024\/02\/maiola-1024x535.png 1024w, https:\/\/www.factorenergia.com\/wp-content\/uploads\/2024\/02\/maiola-768x401.png 768w, https:\/\/www.factorenergia.com\/wp-content\/uploads\/2024\/02\/maiola-306x160.png 306w, https:\/\/www.factorenergia.com\/wp-content\/uploads\/2024\/02\/maiola-90x47.png 90w, https:\/\/www.factorenergia.com\/wp-content\/uploads\/2024\/02\/maiola-170x89.png 170w, https:\/\/www.factorenergia.com\/wp-content\/uploads\/2024\/02\/maiola-689x360.png 689w, https:\/\/www.factorenergia.com\/wp-content\/uploads\/2024\/02\/maiola-500x261.png 500w\" sizes=\"(max-width: 471px) 100vw, 471px\"><\/picture><\/a><\/p>\n<p>&nbsp;<\/p>\n<p><span>La zona residencial la componen 159 ve\u00efns i 14 instal\u00b7lacions d&#8217;autoconsum col\u00b7lectiu.<\/span><\/p>\n<h5><strong>Institut Torrent\u00a0dels\u00a0Alous\u00a0i Jutjats de Rub\u00ed<\/strong><\/h5>\n<p><a href=\"https:\/\/www.factorenergia.com\/wp-content\/uploads\/2024\/02\/Sin-titulo-1-2.png\"><picture><source srcset=\"https:\/\/www.factorenergia.com\/wp-content\/webp-express\/webp-images\/uploads\/2024\/02\/Sin-titulo-1-2.png.webp 1200w, https:\/\/www.factorenergia.com\/wp-content\/webp-express\/webp-images\/uploads\/2024\/02\/Sin-titulo-1-2-300x157.png.webp 300w, https:\/\/www.factorenergia.com\/wp-content\/webp-express\/webp-images\/uploads\/2024\/02\/Sin-titulo-1-2-1024x535.png.webp 1024w, https:\/\/www.factorenergia.com\/wp-content\/webp-express\/webp-images\/uploads\/2024\/02\/Sin-titulo-1-2-768x401.png.webp 768w, https:\/\/www.factorenergia.com\/wp-content\/webp-express\/webp-images\/uploads\/2024\/02\/Sin-titulo-1-2-306x160.png.webp 306w, https:\/\/www.factorenergia.com\/wp-content\/webp-express\/webp-images\/uploads\/2024\/02\/Sin-titulo-1-2-90x47.png.webp 90w, https:\/\/www.factorenergia.com\/wp-content\/webp-express\/webp-images\/uploads\/2024\/02\/Sin-titulo-1-2-170x89.png.webp 170w, https:\/\/www.factorenergia.com\/wp-content\/webp-express\/webp-images\/uploads\/2024\/02\/Sin-titulo-1-2-689x360.png.webp 689w, https:\/\/www.factorenergia.com\/wp-content\/webp-express\/webp-images\/uploads\/2024\/02\/Sin-titulo-1-2-500x261.png.webp 500w\" sizes=\"(max-width: 482px) 100vw, 482px\" type=\"image\/webp\"><img loading=\"lazy\" decoding=\"async\" src=\"https:\/\/www.factorenergia.com\/wp-content\/uploads\/2024\/02\/Sin-titulo-1-2.png\" alt=\"\" width=\"482\" height=\"252\" class=\"alignnone wp-image-24868 webpexpress-processed\" srcset=\"https:\/\/www.factorenergia.com\/wp-content\/uploads\/2024\/02\/Sin-titulo-1-2.png 1200w, https:\/\/www.factorenergia.com\/wp-content\/uploads\/2024\/02\/Sin-titulo-1-2-300x157.png 300w, https:\/\/www.factorenergia.com\/wp-content\/uploads\/2024\/02\/Sin-titulo-1-2-1024x535.png 1024w, https:\/\/www.factorenergia.com\/wp-content\/uploads\/2024\/02\/Sin-titulo-1-2-768x401.png 768w, https:\/\/www.factorenergia.com\/wp-content\/uploads\/2024\/02\/Sin-titulo-1-2-306x160.png 306w, https:\/\/www.factorenergia.com\/wp-content\/uploads\/2024\/02\/Sin-titulo-1-2-90x47.png 90w, https:\/\/www.factorenergia.com\/wp-content\/uploads\/2024\/02\/Sin-titulo-1-2-170x89.png 170w, https:\/\/www.factorenergia.com\/wp-content\/uploads\/2024\/02\/Sin-titulo-1-2-689x360.png 689w, https:\/\/www.factorenergia.com\/wp-content\/uploads\/2024\/02\/Sin-titulo-1-2-500x261.png 500w\" sizes=\"(max-width: 482px) 100vw, 482px\"><\/picture><\/a><\/p>\n<p>&nbsp;<\/p>\n<p><span>La instal\u00b7laci\u00f3 s&#8217;ha dut a terme en dos edificis p\u00fablics: el\u00a0<\/span><span>Institut<\/span><span>\u00a0Torrent\u00a0<\/span><span>dels<\/span><span>\u00a0<\/span><span>Alous<\/span><span>\u00a0i els Jutjats de Rub\u00ed, situats a una dist\u00e0ncia de\u00a0<\/span><span>2km<\/span><span>\u00a0entre si. Tots dos edificis comparteixen l&#8217;energia generada pels panells instal\u00b7lats en la teulada de l&#8217;institut.<\/span><\/p>\n<p><span>El dispositiu\u00a0<\/span><span>Blockchain<\/span><span>\u00a0permet identificar i optimitzar les corbes de consum de totes dues instal\u00b7lacions, assignant l&#8217;energia generada a l&#8217;un o l&#8217;altre edifici segons les seves necessitats energ\u00e8tiques.<\/span><\/p>\n<h5><strong>Nave Industrial Edificio Daunert<\/strong><\/h5>\n<p><a href=\"https:\/\/www.factorenergia.com\/wp-content\/uploads\/2024\/03\/Daunert.png\"><picture><source srcset=\"https:\/\/www.factorenergia.com\/wp-content\/webp-express\/webp-images\/uploads\/2024\/03\/Daunert.png.webp 598w, https:\/\/www.factorenergia.com\/wp-content\/webp-express\/webp-images\/uploads\/2024\/03\/Daunert-249x300.png.webp 249w, https:\/\/www.factorenergia.com\/wp-content\/webp-express\/webp-images\/uploads\/2024\/03\/Daunert-147x177.png.webp 147w, https:\/\/www.factorenergia.com\/wp-content\/webp-express\/webp-images\/uploads\/2024\/03\/Daunert-75x90.png.webp 75w, https:\/\/www.factorenergia.com\/wp-content\/webp-express\/webp-images\/uploads\/2024\/03\/Daunert-141x170.png.webp 141w, https:\/\/www.factorenergia.com\/wp-content\/webp-express\/webp-images\/uploads\/2024\/03\/Daunert-299x360.png.webp 299w\" sizes=\"(max-width: 359px) 100vw, 359px\" type=\"image\/webp\"><img loading=\"lazy\" decoding=\"async\" src=\"https:\/\/www.factorenergia.com\/wp-content\/uploads\/2024\/03\/Daunert.png\" alt=\"\" width=\"359\" height=\"432\" class=\"alignnone wp-image-25007 webpexpress-processed\" srcset=\"https:\/\/www.factorenergia.com\/wp-content\/uploads\/2024\/03\/Daunert.png 598w, https:\/\/www.factorenergia.com\/wp-content\/uploads\/2024\/03\/Daunert-249x300.png 249w, https:\/\/www.factorenergia.com\/wp-content\/uploads\/2024\/03\/Daunert-147x177.png 147w, https:\/\/www.factorenergia.com\/wp-content\/uploads\/2024\/03\/Daunert-75x90.png 75w, https:\/\/www.factorenergia.com\/wp-content\/uploads\/2024\/03\/Daunert-141x170.png 141w, https:\/\/www.factorenergia.com\/wp-content\/uploads\/2024\/03\/Daunert-299x360.png 299w\" sizes=\"(max-width: 359px) 100vw, 359px\"><\/picture><\/a><\/p>\n<p>&nbsp;<\/p>\n<p>El sistema fotovoltaico se sit\u00faa en el parque industrial Almeda en Cornell\u00e0 de Llobregat.<\/p>\n","protected":false},"excerpt":{"rendered":"<p>Factorenergia ha llan\u00e7at el nou Dispositiu de Monitoratge Blockchain. Una soluci\u00f3 innovadora amb una capa d&#8217;Intel\u00b7lig\u00e8ncia Artificial que permet tenir en temps real les lectures del consum d&#8217;energia solar de la teva instal\u00b7laci\u00f3 fotovoltaica.<\/p>\n","protected":false},"author":23,"featured_media":0,"comment_status":"open","ping_status":"closed","sticky":false,"template":"","format":"standard","meta":{"inline_featured_image":false,"footnotes":""},"categories":[66],"tags":[],"acf":{"fecha_de_la_entrada":"20240306","imagen_portada":24873,"categoria_blog":null,"tipo_de_distribuidora":null,"tiempo_lectura":"2'","banner_bool":false,"titulo_banner":"","texto_banner":"","texto_boton_banner":"","url_boton_banner":"","post_relacionados":""},"yoast_head":"<!-- This site is optimized with the Yoast SEO plugin v22.2 - https:\/\/yoast.com\/wordpress\/plugins\/seo\/ -->\n<title>La tecnologia Blockchain revoluciona l&#039;autoconsum col\u00b7lectiu | factorenergia<\/title>\n<meta name=\"description\" content=\"Factorenergia ha llan\u00e7at el nou Dispositiu de Monitoratge Blockchain. Una soluci\u00f3 innovadora amb una capa d&#039;Intel\u00b7lig\u00e8ncia Artificial que permet tenir en temps real les lectures del consum d&#039;energia solar de la teva instal\u00b7laci\u00f3 fotovoltaica. Factorenergia ha llan\u00e7at el nou Dispositiu Blockchain. Una soluci\u00f3 innovadora amb una capa d&#039;Intel\u00b7lig\u00e8ncia Artificial que permet tenir en temps real les lectures del consum.\" \/>\n<meta name=\"robots\" content=\"index, follow, max-snippet:-1, max-image-preview:large, max-video-preview:-1\" \/>\n<link rel=\"canonical\" href=\"https:\/\/www.factorenergia.com\/ca\/blog\/autoconsum-electric\/tecnologia-blockhain-autoconsum-col\u00b7lectiu\/\" \/>\n<meta name=\"twitter:card\" content=\"summary_large_image\" \/>\n<meta name=\"twitter:title\" content=\"La tecnologia Blockchain revoluciona l&#039;autoconsum col\u00b7lectiu | factorenergia\" \/>\n<meta name=\"twitter:description\" content=\"Factorenergia ha llan\u00e7at el nou Dispositiu de Monitoratge Blockchain. Una soluci\u00f3 innovadora amb una capa d&#039;Intel\u00b7lig\u00e8ncia Artificial que permet tenir en temps real les lectures del consum d&#039;energia solar de la teva instal\u00b7laci\u00f3 fotovoltaica. Factorenergia ha llan\u00e7at el nou Dispositiu Blockchain. Una soluci\u00f3 innovadora amb una capa d&#039;Intel\u00b7lig\u00e8ncia Artificial que permet tenir en temps real les lectures del consum.\" \/>\n<meta name=\"twitter:image\" content=\"https:\/\/www.factorenergia.com\/wp-content\/uploads\/2024\/02\/maiola.png\" \/>\n<meta name=\"twitter:creator\" content=\"@factorenergia\" \/>\n<meta name=\"twitter:site\" content=\"@factorenergia\" \/>\n<meta name=\"twitter:label1\" content=\"Written by\" \/>\n\t<meta name=\"twitter:data1\" content=\"Equipo Transici\u00f3n Energ\u00e9tica Factorenergia\" \/>\n\t<meta name=\"twitter:label2\" content=\"Est. reading time\" \/>\n\t<meta name=\"twitter:data2\" content=\"4 minutes\" \/>\n<script type=\"application\/ld+json\" class=\"yoast-schema-graph\">{\"@context\":\"https:\/\/schema.org\",\"@graph\":[{\"@type\":\"WebPage\",\"@id\":\"https:\/\/www.factorenergia.com\/ca\/blog\/autoconsum-electric\/tecnologia-blockhain-autoconsum-col%c2%b7lectiu\/\",\"url\":\"https:\/\/www.factorenergia.com\/ca\/blog\/autoconsum-electric\/tecnologia-blockhain-autoconsum-col%c2%b7lectiu\/\",\"name\":\"La tecnologia Blockchain revoluciona l'autoconsum col\u00b7lectiu | factorenergia\",\"isPartOf\":{\"@id\":\"https:\/\/www.factorenergia.com\/es\/#website\"},\"primaryImageOfPage\":{\"@id\":\"https:\/\/www.factorenergia.com\/ca\/blog\/autoconsum-electric\/tecnologia-blockhain-autoconsum-col%c2%b7lectiu\/#primaryimage\"},\"image\":{\"@id\":\"https:\/\/www.factorenergia.com\/ca\/blog\/autoconsum-electric\/tecnologia-blockhain-autoconsum-col%c2%b7lectiu\/#primaryimage\"},\"thumbnailUrl\":\"https:\/\/www.factorenergia.com\/wp-content\/uploads\/2024\/02\/maiola.png\",\"datePublished\":\"2024-03-05T16:34:16+00:00\",\"dateModified\":\"2024-03-06T14:29:20+00:00\",\"author\":{\"@id\":\"https:\/\/www.factorenergia.com\/es\/#\/schema\/person\/0393cfddedf83f56c6fa67cd7f64b4f5\"},\"description\":\"Factorenergia ha llan\u00e7at el nou Dispositiu de Monitoratge Blockchain. Una soluci\u00f3 innovadora amb una capa d'Intel\u00b7lig\u00e8ncia Artificial que permet tenir en temps real les lectures del consum d'energia solar de la teva instal\u00b7laci\u00f3 fotovoltaica. Factorenergia ha llan\u00e7at el nou Dispositiu Blockchain. Una soluci\u00f3 innovadora amb una capa d'Intel\u00b7lig\u00e8ncia Artificial que permet tenir en temps real les lectures del consum.\",\"breadcrumb\":{\"@id\":\"https:\/\/www.factorenergia.com\/ca\/blog\/autoconsum-electric\/tecnologia-blockhain-autoconsum-col%c2%b7lectiu\/#breadcrumb\"},\"inLanguage\":\"ca\",\"potentialAction\":[{\"@type\":\"ReadAction\",\"target\":[\"https:\/\/www.factorenergia.com\/ca\/blog\/autoconsum-electric\/tecnologia-blockhain-autoconsum-col%c2%b7lectiu\/\"]}]},{\"@type\":\"ImageObject\",\"inLanguage\":\"ca\",\"@id\":\"https:\/\/www.factorenergia.com\/ca\/blog\/autoconsum-electric\/tecnologia-blockhain-autoconsum-col%c2%b7lectiu\/#primaryimage\",\"url\":\"https:\/\/www.factorenergia.com\/wp-content\/uploads\/2024\/02\/maiola.png\",\"contentUrl\":\"https:\/\/www.factorenergia.com\/wp-content\/uploads\/2024\/02\/maiola.png\"},{\"@type\":\"BreadcrumbList\",\"@id\":\"https:\/\/www.factorenergia.com\/ca\/blog\/autoconsum-electric\/tecnologia-blockhain-autoconsum-col%c2%b7lectiu\/#breadcrumb\",\"itemListElement\":[{\"@type\":\"ListItem\",\"position\":1,\"name\":\"Portada\",\"item\":\"https:\/\/www.factorenergia.com\/ca\/\"},{\"@type\":\"ListItem\",\"position\":2,\"name\":\"La tecnologia Blockchain revoluciona l&#8217;autoconsum col\u00b7lectiu\"}]},{\"@type\":\"WebSite\",\"@id\":\"https:\/\/www.factorenergia.com\/es\/#website\",\"url\":\"https:\/\/www.factorenergia.com\/es\/\",\"name\":\"factorenergia\",\"description\":\"factorenergia\",\"potentialAction\":[{\"@type\":\"SearchAction\",\"target\":{\"@type\":\"EntryPoint\",\"urlTemplate\":\"https:\/\/www.factorenergia.com\/es\/?s={search_term_string}\"},\"query-input\":\"required name=search_term_string\"}],\"inLanguage\":\"ca\"},{\"@type\":\"Person\",\"@id\":\"https:\/\/www.factorenergia.com\/es\/#\/schema\/person\/0393cfddedf83f56c6fa67cd7f64b4f5\",\"name\":\"Equipo Transici\u00f3n Energ\u00e9tica Factorenergia\",\"image\":{\"@type\":\"ImageObject\",\"inLanguage\":\"ca\",\"@id\":\"https:\/\/www.factorenergia.com\/es\/#\/schema\/person\/image\/\",\"url\":\"https:\/\/secure.gravatar.com\/avatar\/80959538036dc57cad8f416d2d764870?s=96&d=mm&r=g\",\"contentUrl\":\"https:\/\/secure.gravatar.com\/avatar\/80959538036dc57cad8f416d2d764870?s=96&d=mm&r=g\",\"caption\":\"Equipo Transici\u00f3n Energ\u00e9tica Factorenergia\"},\"url\":\"https:\/\/www.factorenergia.com\/ca\/blog\/author\/pilar\/\"}]}<\/script>\n<!-- \/ Yoast SEO plugin. -->","yoast_head_json":{"title":"La tecnologia Blockchain revoluciona l'autoconsum col\u00b7lectiu | factorenergia","description":"Factorenergia ha llan\u00e7at el nou Dispositiu de Monitoratge Blockchain. Una soluci\u00f3 innovadora amb una capa d'Intel\u00b7lig\u00e8ncia Artificial que permet tenir en temps real les lectures del consum d'energia solar de la teva instal\u00b7laci\u00f3 fotovoltaica. Factorenergia ha llan\u00e7at el nou Dispositiu Blockchain. Una soluci\u00f3 innovadora amb una capa d'Intel\u00b7lig\u00e8ncia Artificial que permet tenir en temps real les lectures del consum.","robots":{"index":"index","follow":"follow","max-snippet":"max-snippet:-1","max-image-preview":"max-image-preview:large","max-video-preview":"max-video-preview:-1"},"canonical":"https:\/\/www.factorenergia.com\/ca\/blog\/autoconsum-electric\/tecnologia-blockhain-autoconsum-col\u00b7lectiu\/","twitter_card":"summary_large_image","twitter_title":"La tecnologia Blockchain revoluciona l'autoconsum col\u00b7lectiu | factorenergia","twitter_description":"Factorenergia ha llan\u00e7at el nou Dispositiu de Monitoratge Blockchain. Una soluci\u00f3 innovadora amb una capa d'Intel\u00b7lig\u00e8ncia Artificial que permet tenir en temps real les lectures del consum d'energia solar de la teva instal\u00b7laci\u00f3 fotovoltaica. Factorenergia ha llan\u00e7at el nou Dispositiu Blockchain. Una soluci\u00f3 innovadora amb una capa d'Intel\u00b7lig\u00e8ncia Artificial que permet tenir en temps real les lectures del consum.","twitter_image":"https:\/\/www.factorenergia.com\/wp-content\/uploads\/2024\/02\/maiola.png","twitter_creator":"@factorenergia","twitter_site":"@factorenergia","twitter_misc":{"Written by":"Equipo Transici\u00f3n Energ\u00e9tica Factorenergia","Est. reading time":"4 minutes"},"schema":{"@context":"https:\/\/schema.org","@graph":[{"@type":"WebPage","@id":"https:\/\/www.factorenergia.com\/ca\/blog\/autoconsum-electric\/tecnologia-blockhain-autoconsum-col%c2%b7lectiu\/","url":"https:\/\/www.factorenergia.com\/ca\/blog\/autoconsum-electric\/tecnologia-blockhain-autoconsum-col%c2%b7lectiu\/","name":"La tecnologia Blockchain revoluciona l'autoconsum col\u00b7lectiu | factorenergia","isPartOf":{"@id":"https:\/\/www.factorenergia.com\/es\/#website"},"primaryImageOfPage":{"@id":"https:\/\/www.factorenergia.com\/ca\/blog\/autoconsum-electric\/tecnologia-blockhain-autoconsum-col%c2%b7lectiu\/#primaryimage"},"image":{"@id":"https:\/\/www.factorenergia.com\/ca\/blog\/autoconsum-electric\/tecnologia-blockhain-autoconsum-col%c2%b7lectiu\/#primaryimage"},"thumbnailUrl":"https:\/\/www.factorenergia.com\/wp-content\/uploads\/2024\/02\/maiola.png","datePublished":"2024-03-05T16:34:16+00:00","dateModified":"2024-03-06T14:29:20+00:00","author":{"@id":"https:\/\/www.factorenergia.com\/es\/#\/schema\/person\/0393cfddedf83f56c6fa67cd7f64b4f5"},"description":"Factorenergia ha llan\u00e7at el nou Dispositiu de Monitoratge Blockchain. Una soluci\u00f3 innovadora amb una capa d'Intel\u00b7lig\u00e8ncia Artificial que permet tenir en temps real les lectures del consum d'energia solar de la teva instal\u00b7laci\u00f3 fotovoltaica. Factorenergia ha llan\u00e7at el nou Dispositiu Blockchain. Una soluci\u00f3 innovadora amb una capa d'Intel\u00b7lig\u00e8ncia Artificial que permet tenir en temps real les lectures del consum.","breadcrumb":{"@id":"https:\/\/www.factorenergia.com\/ca\/blog\/autoconsum-electric\/tecnologia-blockhain-autoconsum-col%c2%b7lectiu\/#breadcrumb"},"inLanguage":"ca","potentialAction":[{"@type":"ReadAction","target":["https:\/\/www.factorenergia.com\/ca\/blog\/autoconsum-electric\/tecnologia-blockhain-autoconsum-col%c2%b7lectiu\/"]}]},{"@type":"ImageObject","inLanguage":"ca","@id":"https:\/\/www.factorenergia.com\/ca\/blog\/autoconsum-electric\/tecnologia-blockhain-autoconsum-col%c2%b7lectiu\/#primaryimage","url":"https:\/\/www.factorenergia.com\/wp-content\/uploads\/2024\/02\/maiola.png","contentUrl":"https:\/\/www.factorenergia.com\/wp-content\/uploads\/2024\/02\/maiola.png"},{"@type":"BreadcrumbList","@id":"https:\/\/www.factorenergia.com\/ca\/blog\/autoconsum-electric\/tecnologia-blockhain-autoconsum-col%c2%b7lectiu\/#breadcrumb","itemListElement":[{"@type":"ListItem","position":1,"name":"Portada","item":"https:\/\/www.factorenergia.com\/ca\/"},{"@type":"ListItem","position":2,"name":"La tecnologia Blockchain revoluciona l&#8217;autoconsum col\u00b7lectiu"}]},{"@type":"WebSite","@id":"https:\/\/www.factorenergia.com\/es\/#website","url":"https:\/\/www.factorenergia.com\/es\/","name":"factorenergia","description":"factorenergia","potentialAction":[{"@type":"SearchAction","target":{"@type":"EntryPoint","urlTemplate":"https:\/\/www.factorenergia.com\/es\/?s={search_term_string}"},"query-input":"required name=search_term_string"}],"inLanguage":"ca"},{"@type":"Person","@id":"https:\/\/www.factorenergia.com\/es\/#\/schema\/person\/0393cfddedf83f56c6fa67cd7f64b4f5","name":"Equipo Transici\u00f3n Energ\u00e9tica Factorenergia","image":{"@type":"ImageObject","inLanguage":"ca","@id":"https:\/\/www.factorenergia.com\/es\/#\/schema\/person\/image\/","url":"https:\/\/secure.gravatar.com\/avatar\/80959538036dc57cad8f416d2d764870?s=96&d=mm&r=g","contentUrl":"https:\/\/secure.gravatar.com\/avatar\/80959538036dc57cad8f416d2d764870?s=96&d=mm&r=g","caption":"Equipo Transici\u00f3n Energ\u00e9tica Factorenergia"},"url":"https:\/\/www.factorenergia.com\/ca\/blog\/author\/pilar\/"}]}},"_links":{"self":[{"href":"https:\/\/www.factorenergia.com\/ca\/wp-json\/wp\/v2\/posts\/25009"}],"collection":[{"href":"https:\/\/www.factorenergia.com\/ca\/wp-json\/wp\/v2\/posts"}],"about":[{"href":"https:\/\/www.factorenergia.com\/ca\/wp-json\/wp\/v2\/types\/post"}],"author":[{"embeddable":true,"href":"https:\/\/www.factorenergia.com\/ca\/wp-json\/wp\/v2\/users\/23"}],"replies":[{"embeddable":true,"href":"https:\/\/www.factorenergia.com\/ca\/wp-json\/wp\/v2\/comments?post=25009"}],"version-history":[{"count":6,"href":"https:\/\/www.factorenergia.com\/ca\/wp-json\/wp\/v2\/posts\/25009\/revisions"}],"predecessor-version":[{"id":25093,"href":"https:\/\/www.factorenergia.com\/ca\/wp-json\/wp\/v2\/posts\/25009\/revisions\/25093"}],"wp:attachment":[{"href":"https:\/\/www.factorenergia.com\/ca\/wp-json\/wp\/v2\/media?parent=25009"}],"wp:term":[{"taxonomy":"category","embeddable":true,"href":"https:\/\/www.factorenergia.com\/ca\/wp-json\/wp\/v2\/categories?post=25009"},{"taxonomy":"post_tag","embeddable":true,"href":"https:\/\/www.factorenergia.com\/ca\/wp-json\/wp\/v2\/tags?post=25009"}],"curies":[{"name":"wp","href":"https:\/\/api.w.org\/{rel}","templated":true}]}}