{"id":21134,"date":"2023-04-20T16:50:55","date_gmt":"2023-04-20T14:50:55","guid":{"rendered":"https:\/\/www.factorenergia.com\/ca\/?p=21134"},"modified":"2025-07-30T16:42:16","modified_gmt":"2025-07-30T14:42:16","slug":"instal%c2%b7lacio-de-plaques-solars-a-espanya","status":"publish","type":"post","link":"https:\/\/www.factorenergia.com\/ca\/blog\/autoconsum-electric\/instal%c2%b7lacio-de-plaques-solars-a-espanya\/","title":{"rendered":"Instal\u00b7laci\u00f3 de plaques solars a Espanya"},"content":{"rendered":"<p>L&#8217;energia solar \u00e9s una de les fonts d&#8217;energia m\u00e9s netes i sostenibles que es poden trobar avui dia. I Espanya ofereix un dels millors llocs per a la instal\u00b7laci\u00f3 de plaques solars, gr\u00e0cies al seu excel\u00b7lent clima i als incentius i programes que ofereix el govern. Aquests beneficis permeten que Espanya sigui un dels millors pa\u00efsos per a la instal\u00b7laci\u00f3 de panells solars.<\/p>\n<p>&nbsp;<\/p>\n<p>En primer lloc, <strong>Espanya posseeix un clima ideal per a la instal\u00b7laci\u00f3 de panells solars<\/strong>. A causa de la seva ubicaci\u00f3 geogr\u00e0fica, el sol brilla durant la major part de l&#8217;any a Espanya, cosa que significa que els panells solars s\u00f3n capa\u00e7os de rebre una quantitat significativa de llum solar durant tot l&#8217;any, la qual cosa resulta en una major efici\u00e8ncia. Espanya compta amb al voltant de 300 dies de sol a l&#8217;any o <strong>2.500 hores de sol anuals<\/strong>. D&#8217;aquesta manera, el clima d&#8217;Espanya \u00e9s generalment sec, cosa que significa que hi ha menys probabilitats que les <a href=\"https:\/\/www.factorenergia.com\/ca\/blog\/autoconsum-electric\/avantatges-de-lautoconsum\/\" target=\"_blank\" rel=\"noopener\">plaques solars <span>d&#8217;autoconsum<\/span><\/a> es vegin afectades pel mal temps.<\/p>\n\r\n<script type=\"text\/javascript\" async defer>\r\n\r\n    jQuery(document).ready(function(){\t\t\r\n\t\t\r\n\t});\r\n<\/script>\r\n\r\n<style>\r\n\t.block-interested_posts{\r\n        margin-top: 10px;\r\n        padding: 20px;\r\n        border: 2px solid #92C200;\r\n    }\r\n    .block-interested_posts ul{\r\n        margin-bottom:0px;\r\n    }\r\n    .block-interested_posts ul li{\r\n        margin-bottom:5px;\r\n    }\r\n    .block-interested_posts ul li a{\r\n        \/*color: #DF981E;*\/\r\n    }\r\n\r\n<\/style>\r\n\r\n<div class=\"block-interested_posts\">\r\n    <p><strong>Post que et poden interessar<\/strong><\/p>\r\n    <ul>\r\n                    <li><a href=\"https:\/\/www.factorenergia.com\/ca\/blog\/autoconsum-electric\/prosumidor-autoconsum\/\" title=\"Quina relaci\u00f3 t\u00e9 el prosumidor amb l&#8217;autoconsum?\">Quina relaci\u00f3 t\u00e9 el prosumidor amb l&#8217;autoconsum?<\/a><\/li>\r\n                    <li><a href=\"https:\/\/www.factorenergia.com\/ca\/blog\/autoconsum-electric\/quin-es-el-paper-del-prosumer-en-el-sistema-electric\/\" title=\"Quin \u00e9s el paper del prosumer en el sistema el\u00e8ctric?\">Quin \u00e9s el paper del prosumer en el sistema el\u00e8ctric?<\/a><\/li>\r\n            <\/ul>\t\r\n<\/div>\n<p>A m\u00e9s del clima, Espanya tamb\u00e9 ofereix una gran quantitat d&#8217;incentius i programes per als propietaris i empreses interessats en la instal\u00b7laci\u00f3 de panells solars. El govern espanyol ha posat en marxa una s\u00e8rie de <a href=\"https:\/\/www.factorenergia.com\/ca\/plaques-solars-subvencions\/\">subvencions i bonificacions<\/a> per a fomentar l&#8217;\u00fas de l&#8217;energia solar, com les <strong>Subvencions Fons Next Generation<\/strong> o les <strong>Bonificacions en l&#8217;IBI<\/strong>. Aquests incentius fan que sigui m\u00e9s f\u00e0cil i rendible per als propietaris i empreses instal\u00b7lar panells solars a Espanya.<\/p>\n<p>&nbsp;<\/p>\n<p>En conclusi\u00f3, els beneficis de una instal\u00b7laci\u00f3 de plaques solars a Espanya \u00e9s a causa del seu excel\u00b7lent clima i als nombrosos subvencions i ajudes ofertes pel govern.<\/p>\n<p><span>Tamb\u00e9 t&#8217;oferim la informaci\u00f3 sobre els <a href=\"https:\/\/www.factorenergia.com\/ca\/blog\/autoconsum-electric\/permisos-per-a-instal%c2%b7lar-plaques-solars\/\"><\/a><a href=\"https:\/\/www.factorenergia.com\/ca\/blog\/autoconsum-electric\/permisos-per-a-instal%c2%b7lar-plaques-solars\/\" target=\"_blank\" rel=\"noopener\">permisos per a instal\u00b7lar plaques solars<\/a> i t&#8217;ajudem amb la sol\u00b7licitud dels <a href=\"https:\/\/www.factorenergia.com\/ca\/plaques-solars-permisos\/\"><\/a><a href=\"https:\/\/www.factorenergia.com\/ca\/plaques-solars-permisos\/\" target=\"_blank\" rel=\"noopener\">permisos<\/a> si ho desitges.<\/span><\/p>\n<p><!--- BANNER CAT AUTOCONSUMO --><\/p>\n<div style=\"background: white; box-shadow: 0px 5px 40px rgba(98, 129, 202, 0.2); margin-top: 0px; padding: 20px;\">\n<h4 style=\"margin-top: 0; margin-bottom: 10px;\"><span>Instal\u00b7la plaques solars i redueix la teva factura el\u00e8ctrica<\/span><\/h4>\n<p><span style=\"display: block;\"><span>El teu estudi de plaques solars en menys de 48 hores. Sense comprom\u00eds.<\/span><\/span><br \/>\n<a href=\"https:\/\/www.factorenergia.com\/ca\/llars\/autoconsum\/\" class=\"primary-btn center\">Preparem el teu estudi gratis<\/a><\/p>\n<\/div>\n<p><!--- BANNER CAT AUTOCONSUMO --><\/p>\n","protected":false},"excerpt":{"rendered":"<p>L&#8217;energia solar \u00e9s una de les fonts d&#8217;energia m\u00e9s netes i sostenibles que es poden trobar avui dia. I Espanya ofereix un dels millors llocs per a la instal\u00b7laci\u00f3 de plaques solars, gr\u00e0cies al seu excel\u00b7lent clima i als incentius i programes que ofereix el govern. Aquests beneficis permeten que Espanya sigui un dels millors [&hellip;]<\/p>\n","protected":false},"author":17,"featured_media":0,"comment_status":"open","ping_status":"open","sticky":false,"template":"","format":"standard","meta":{"inline_featured_image":false,"footnotes":""},"categories":[66],"tags":[],"acf":{"fecha_de_la_entrada":"20230420","imagen_portada":28953,"categoria_blog":null,"tipo_de_distribuidora":null,"tiempo_lectura":"","banner_bool":false,"titulo_banner":"","texto_banner":"","texto_boton_banner":"","url_boton_banner":"","post_relacionados":[11670,7566]},"yoast_head":"<!-- This site is optimized with the Yoast SEO plugin v22.2 - https:\/\/yoast.com\/wordpress\/plugins\/seo\/ -->\n<title>Instal\u00b7laci\u00f3 de plaques solars a Espanya | factorenergia<\/title>\n<meta name=\"description\" content=\"T&#039;expliquem els beneficis de realitzar una instal\u00b7laci\u00f3 de plaques solars a Espanya. Tenint en compte el seu clima i les ajudes .\" \/>\n<meta name=\"robots\" content=\"index, follow, max-snippet:-1, max-image-preview:large, max-video-preview:-1\" \/>\n<link rel=\"canonical\" href=\"https:\/\/www.factorenergia.com\/ca\/blog\/autoconsum-electric\/instal\u00b7lacio-de-plaques-solars-a-espanya\/\" \/>\n<meta name=\"twitter:card\" content=\"summary_large_image\" \/>\n<meta name=\"twitter:title\" content=\"Instal\u00b7laci\u00f3 de plaques solars a Espanya | factorenergia\" \/>\n<meta name=\"twitter:description\" content=\"T&#039;expliquem els beneficis de realitzar una instal\u00b7laci\u00f3 de plaques solars a Espanya. Tenint en compte el seu clima i les ajudes .\" \/>\n<meta name=\"twitter:creator\" content=\"@factorenergia\" \/>\n<meta name=\"twitter:site\" content=\"@factorenergia\" \/>\n<meta name=\"twitter:label1\" content=\"Written by\" \/>\n\t<meta name=\"twitter:data1\" content=\"Equipo Transici\u00f3n Energ\u00e9tica Factorenergia\" \/>\n\t<meta name=\"twitter:label2\" content=\"Est. reading time\" \/>\n\t<meta name=\"twitter:data2\" content=\"2 minutes\" \/>\n<script type=\"application\/ld+json\" class=\"yoast-schema-graph\">{\"@context\":\"https:\/\/schema.org\",\"@graph\":[{\"@type\":\"WebPage\",\"@id\":\"https:\/\/www.factorenergia.com\/ca\/blog\/autoconsum-electric\/instal%c2%b7lacio-de-plaques-solars-a-espanya\/\",\"url\":\"https:\/\/www.factorenergia.com\/ca\/blog\/autoconsum-electric\/instal%c2%b7lacio-de-plaques-solars-a-espanya\/\",\"name\":\"Instal\u00b7laci\u00f3 de plaques solars a Espanya | factorenergia\",\"isPartOf\":{\"@id\":\"https:\/\/www.factorenergia.com\/es\/#website\"},\"datePublished\":\"2023-04-20T14:50:55+00:00\",\"dateModified\":\"2025-07-30T14:42:16+00:00\",\"author\":{\"@id\":\"https:\/\/www.factorenergia.com\/es\/#\/schema\/person\/dff9e4b6dc520720e3a37bdaaedc5841\"},\"description\":\"T'expliquem els beneficis de realitzar una instal\u00b7laci\u00f3 de plaques solars a Espanya. Tenint en compte el seu clima i les ajudes .\",\"breadcrumb\":{\"@id\":\"https:\/\/www.factorenergia.com\/ca\/blog\/autoconsum-electric\/instal%c2%b7lacio-de-plaques-solars-a-espanya\/#breadcrumb\"},\"inLanguage\":\"ca\",\"potentialAction\":[{\"@type\":\"ReadAction\",\"target\":[\"https:\/\/www.factorenergia.com\/ca\/blog\/autoconsum-electric\/instal%c2%b7lacio-de-plaques-solars-a-espanya\/\"]}]},{\"@type\":\"BreadcrumbList\",\"@id\":\"https:\/\/www.factorenergia.com\/ca\/blog\/autoconsum-electric\/instal%c2%b7lacio-de-plaques-solars-a-espanya\/#breadcrumb\",\"itemListElement\":[{\"@type\":\"ListItem\",\"position\":1,\"name\":\"Portada\",\"item\":\"https:\/\/www.factorenergia.com\/ca\/\"},{\"@type\":\"ListItem\",\"position\":2,\"name\":\"Instal\u00b7laci\u00f3 de plaques solars a Espanya\"}]},{\"@type\":\"WebSite\",\"@id\":\"https:\/\/www.factorenergia.com\/es\/#website\",\"url\":\"https:\/\/www.factorenergia.com\/es\/\",\"name\":\"factorenergia\",\"description\":\"factorenergia\",\"potentialAction\":[{\"@type\":\"SearchAction\",\"target\":{\"@type\":\"EntryPoint\",\"urlTemplate\":\"https:\/\/www.factorenergia.com\/es\/?s={search_term_string}\"},\"query-input\":\"required name=search_term_string\"}],\"inLanguage\":\"ca\"},{\"@type\":\"Person\",\"@id\":\"https:\/\/www.factorenergia.com\/es\/#\/schema\/person\/dff9e4b6dc520720e3a37bdaaedc5841\",\"name\":\"Equipo Transici\u00f3n Energ\u00e9tica Factorenergia\",\"image\":{\"@type\":\"ImageObject\",\"inLanguage\":\"ca\",\"@id\":\"https:\/\/www.factorenergia.com\/es\/#\/schema\/person\/image\/\",\"url\":\"https:\/\/secure.gravatar.com\/avatar\/1b7c76bab80ee1c4261b06108874e24b?s=96&d=mm&r=g\",\"contentUrl\":\"https:\/\/secure.gravatar.com\/avatar\/1b7c76bab80ee1c4261b06108874e24b?s=96&d=mm&r=g\",\"caption\":\"Equipo Transici\u00f3n Energ\u00e9tica Factorenergia\"},\"description\":\"El equipo est\u00e1 formado por expertos en materia de Luz, Gas y Eficiencia Energ\u00e9tica, que conocen de primera mano las tendencias del mercado. Su experiencia en el sector les permite ofrecer las mejores soluciones energ\u00e9ticas y resolver las dudas planteadas por los clientes.\",\"sameAs\":[\"https:\/\/www.factorenergia.com\/es\/\",\"https:\/\/www.facebook.com\/factorenergiacom\",\"https:\/\/www.instagram.com\/factorenergia_com\/\",\"https:\/\/es.linkedin.com\/company\/factor-energia\",\"https:\/\/twitter.com\/factorenergia\",\"https:\/\/www.youtube.com\/c\/factorenergiacom\"],\"url\":\"https:\/\/www.factorenergia.com\/ca\/blog\/author\/marketing\/\"}]}<\/script>\n<!-- \/ Yoast SEO plugin. -->","yoast_head_json":{"title":"Instal\u00b7laci\u00f3 de plaques solars a Espanya | factorenergia","description":"T'expliquem els beneficis de realitzar una instal\u00b7laci\u00f3 de plaques solars a Espanya. Tenint en compte el seu clima i les ajudes .","robots":{"index":"index","follow":"follow","max-snippet":"max-snippet:-1","max-image-preview":"max-image-preview:large","max-video-preview":"max-video-preview:-1"},"canonical":"https:\/\/www.factorenergia.com\/ca\/blog\/autoconsum-electric\/instal\u00b7lacio-de-plaques-solars-a-espanya\/","twitter_card":"summary_large_image","twitter_title":"Instal\u00b7laci\u00f3 de plaques solars a Espanya | factorenergia","twitter_description":"T'expliquem els beneficis de realitzar una instal\u00b7laci\u00f3 de plaques solars a Espanya. Tenint en compte el seu clima i les ajudes .","twitter_creator":"@factorenergia","twitter_site":"@factorenergia","twitter_misc":{"Written by":"Equipo Transici\u00f3n Energ\u00e9tica Factorenergia","Est. reading time":"2 minutes"},"schema":{"@context":"https:\/\/schema.org","@graph":[{"@type":"WebPage","@id":"https:\/\/www.factorenergia.com\/ca\/blog\/autoconsum-electric\/instal%c2%b7lacio-de-plaques-solars-a-espanya\/","url":"https:\/\/www.factorenergia.com\/ca\/blog\/autoconsum-electric\/instal%c2%b7lacio-de-plaques-solars-a-espanya\/","name":"Instal\u00b7laci\u00f3 de plaques solars a Espanya | factorenergia","isPartOf":{"@id":"https:\/\/www.factorenergia.com\/es\/#website"},"datePublished":"2023-04-20T14:50:55+00:00","dateModified":"2025-07-30T14:42:16+00:00","author":{"@id":"https:\/\/www.factorenergia.com\/es\/#\/schema\/person\/dff9e4b6dc520720e3a37bdaaedc5841"},"description":"T'expliquem els beneficis de realitzar una instal\u00b7laci\u00f3 de plaques solars a Espanya. Tenint en compte el seu clima i les ajudes .","breadcrumb":{"@id":"https:\/\/www.factorenergia.com\/ca\/blog\/autoconsum-electric\/instal%c2%b7lacio-de-plaques-solars-a-espanya\/#breadcrumb"},"inLanguage":"ca","potentialAction":[{"@type":"ReadAction","target":["https:\/\/www.factorenergia.com\/ca\/blog\/autoconsum-electric\/instal%c2%b7lacio-de-plaques-solars-a-espanya\/"]}]},{"@type":"BreadcrumbList","@id":"https:\/\/www.factorenergia.com\/ca\/blog\/autoconsum-electric\/instal%c2%b7lacio-de-plaques-solars-a-espanya\/#breadcrumb","itemListElement":[{"@type":"ListItem","position":1,"name":"Portada","item":"https:\/\/www.factorenergia.com\/ca\/"},{"@type":"ListItem","position":2,"name":"Instal\u00b7laci\u00f3 de plaques solars a Espanya"}]},{"@type":"WebSite","@id":"https:\/\/www.factorenergia.com\/es\/#website","url":"https:\/\/www.factorenergia.com\/es\/","name":"factorenergia","description":"factorenergia","potentialAction":[{"@type":"SearchAction","target":{"@type":"EntryPoint","urlTemplate":"https:\/\/www.factorenergia.com\/es\/?s={search_term_string}"},"query-input":"required name=search_term_string"}],"inLanguage":"ca"},{"@type":"Person","@id":"https:\/\/www.factorenergia.com\/es\/#\/schema\/person\/dff9e4b6dc520720e3a37bdaaedc5841","name":"Equipo Transici\u00f3n Energ\u00e9tica Factorenergia","image":{"@type":"ImageObject","inLanguage":"ca","@id":"https:\/\/www.factorenergia.com\/es\/#\/schema\/person\/image\/","url":"https:\/\/secure.gravatar.com\/avatar\/1b7c76bab80ee1c4261b06108874e24b?s=96&d=mm&r=g","contentUrl":"https:\/\/secure.gravatar.com\/avatar\/1b7c76bab80ee1c4261b06108874e24b?s=96&d=mm&r=g","caption":"Equipo Transici\u00f3n Energ\u00e9tica Factorenergia"},"description":"El equipo est\u00e1 formado por expertos en materia de Luz, Gas y Eficiencia Energ\u00e9tica, que conocen de primera mano las tendencias del mercado. Su experiencia en el sector les permite ofrecer las mejores soluciones energ\u00e9ticas y resolver las dudas planteadas por los clientes.","sameAs":["https:\/\/www.factorenergia.com\/es\/","https:\/\/www.facebook.com\/factorenergiacom","https:\/\/www.instagram.com\/factorenergia_com\/","https:\/\/es.linkedin.com\/company\/factor-energia","https:\/\/twitter.com\/factorenergia","https:\/\/www.youtube.com\/c\/factorenergiacom"],"url":"https:\/\/www.factorenergia.com\/ca\/blog\/author\/marketing\/"}]}},"_links":{"self":[{"href":"https:\/\/www.factorenergia.com\/ca\/wp-json\/wp\/v2\/posts\/21134"}],"collection":[{"href":"https:\/\/www.factorenergia.com\/ca\/wp-json\/wp\/v2\/posts"}],"about":[{"href":"https:\/\/www.factorenergia.com\/ca\/wp-json\/wp\/v2\/types\/post"}],"author":[{"embeddable":true,"href":"https:\/\/www.factorenergia.com\/ca\/wp-json\/wp\/v2\/users\/17"}],"replies":[{"embeddable":true,"href":"https:\/\/www.factorenergia.com\/ca\/wp-json\/wp\/v2\/comments?post=21134"}],"version-history":[{"count":5,"href":"https:\/\/www.factorenergia.com\/ca\/wp-json\/wp\/v2\/posts\/21134\/revisions"}],"predecessor-version":[{"id":28955,"href":"https:\/\/www.factorenergia.com\/ca\/wp-json\/wp\/v2\/posts\/21134\/revisions\/28955"}],"acf:post":[{"embeddable":true,"href":"https:\/\/www.factorenergia.com\/ca\/wp-json\/wp\/v2\/posts\/7566"},{"embeddable":true,"href":"https:\/\/www.factorenergia.com\/ca\/wp-json\/wp\/v2\/posts\/11670"}],"wp:attachment":[{"href":"https:\/\/www.factorenergia.com\/ca\/wp-json\/wp\/v2\/media?parent=21134"}],"wp:term":[{"taxonomy":"category","embeddable":true,"href":"https:\/\/www.factorenergia.com\/ca\/wp-json\/wp\/v2\/categories?post=21134"},{"taxonomy":"post_tag","embeddable":true,"href":"https:\/\/www.factorenergia.com\/ca\/wp-json\/wp\/v2\/tags?post=21134"}],"curies":[{"name":"wp","href":"https:\/\/api.w.org\/{rel}","templated":true}]}}