{"id":21116,"date":"2023-04-20T16:36:01","date_gmt":"2023-04-20T14:36:01","guid":{"rendered":"https:\/\/www.factorenergia.com\/ca\/?p=21116"},"modified":"2025-08-06T11:58:01","modified_gmt":"2025-08-06T09:58:01","slug":"que-son-els-parcs-eolics-terrestres","status":"publish","type":"post","link":"https:\/\/www.factorenergia.com\/ca\/blog\/eficiencia-energetica\/que-son-els-parcs-eolics-terrestres\/","title":{"rendered":"Qu\u00e8 s\u00f3n els parcs e\u00f2lics terrestres?"},"content":{"rendered":"<p>Els parcs e\u00f2lics terrestres s&#8217;han convertit en <strong>una important font d&#8217;energia renovable<\/strong> en els \u00faltims anys. Aquest tipus de parcs s&#8217;han desenvolupat per a produir electricitat mitjan\u00e7ant l&#8217;aprofitament del vent. Aix\u00f2 s&#8217;aconsegueix en instal\u00b7lar una s\u00e8rie de molins de vent en una ubicaci\u00f3 determinada. Aquests parcs ens permeten aprofitar l&#8217;energia e\u00f2lica de manera eficient per a produir electricitat neta i renovable.<\/p>\n<p>&nbsp;<\/p>\n<p>Els parcs e\u00f2lics terrestres s\u00f3n estructures compostes per una s\u00e8rie de turbines e\u00f2liques connectades a un sistema de generaci\u00f3 el\u00e8ctrica. Aquestes turbines estan dissenyades per a <strong>captar l&#8217;energia del vent i convertir-la en energia el\u00e8ctrica<\/strong>. Aquestes turbines estan equipades amb una h\u00e8lix de tres pales que est\u00e0 connectada a un generador el\u00e8ctric. L&#8217;h\u00e8lix es mou quan el vent la colpeja, la qual cosa permet que el generador el\u00e8ctric produeixi electricitat.<\/p>\n<p>&nbsp;<\/p>\n<p>Els parcs e\u00f2lics terrestres s\u00f3n <strong>molt rendibles<\/strong> en comparaci\u00f3 amb altres tipus d&#8217;<a href=\"https:\/\/www.factorenergia.com\/ca\/blog\/noticies\/energies-renovables-caracteristiques-tipus-i-nous-reptes\/\">energia renovable<\/a>, com la solar. Aquesta \u00e9s una de les principals raons per les quals molts pa\u00efsos estan invertint en aquesta tecnologia. Els parcs e\u00f2lics terrestres s\u00f3n <strong>relativament barats de construir i mantenir<\/strong>, per la qual cosa el seu aprofitament com a font d&#8217;energia \u00e9s molt m\u00e9s rendible que altres formes d&#8217;energia.<\/p>\n<p>&nbsp;<\/p>\n<p>Els parcs e\u00f2lics terrestres tamb\u00e9 ofereixen molts beneficis ambientals. Aquests parcs s\u00f3n <strong>una de les formes m\u00e9s eficients de produir electricitat<\/strong> sense generar emissions de gasos d&#8217;efecte d&#8217;hivernacle. De fet, un parc e\u00f2lic terrestre pot produir suficient electricitat per a alimentar una ciutat sencera sense produir cap mena d&#8217;emissions nocives. A m\u00e9s, el fet que aquests parcs no necessiten combustibles f\u00f2ssils per a produir electricitat significa que no hi ha residus nocius que contaminin el medi ambient.<\/p>\n<p>&nbsp;<\/p>\n<p>Els parcs e\u00f2lics terrestres tamb\u00e9 poden ajudar a crear ocupaci\u00f3 i impulsar l&#8217;economia local. Aquests parcs requereixen una gran quantitat de m\u00e0 d&#8217;obra per a la seva construcci\u00f3 i manteniment, la qual cosa els fa una font d&#8217;ocupaci\u00f3 per a la comunitat local. A m\u00e9s, aquests parcs tamb\u00e9 contribueixen a reduir els costos de l&#8217;electricitat en proporcionar una font d&#8217;energia barata i neta.<\/p>\n<p><!--- BANNER CAT AUTOCONSUMO --><\/p>\n<div style=\"background: white; box-shadow: 0px 5px 40px rgba(98, 129, 202, 0.2); margin-top: 0px; padding: 20px;\">\n<h4 style=\"margin-top: 0; margin-bottom: 10px;\"><span>Instal\u00b7la plaques solars i redueix la teva factura el\u00e8ctrica<\/span><\/h4>\n<p><span style=\"display: block;\"><span>El teu estudi de plaques solars en menys de 48 hores. Sense comprom\u00eds.<\/span><\/span><br \/>\n<a href=\"https:\/\/www.factorenergia.com\/ca\/llars\/autoconsum\/\" class=\"primary-btn center\">Preparem el teu estudi gratis<\/a><\/p>\n<\/div>\n","protected":false},"excerpt":{"rendered":"<p>Els parcs e\u00f2lics terrestres s&#8217;han convertit en una important font d&#8217;energia renovable en els \u00faltims anys. Aquest tipus de parcs s&#8217;han desenvolupat per a produir electricitat mitjan\u00e7ant l&#8217;aprofitament del vent. Aix\u00f2 s&#8217;aconsegueix en instal\u00b7lar una s\u00e8rie de molins de vent en una ubicaci\u00f3 determinada. Aquests parcs ens permeten aprofitar l&#8217;energia e\u00f2lica de manera eficient per [&hellip;]<\/p>\n","protected":false},"author":17,"featured_media":0,"comment_status":"open","ping_status":"open","sticky":false,"template":"","format":"standard","meta":{"inline_featured_image":false,"footnotes":""},"categories":[56],"tags":[],"acf":{"fecha_de_la_entrada":"20230420","imagen_portada":28481,"categoria_blog":null,"tipo_de_distribuidora":null,"tiempo_lectura":"","banner_bool":false,"titulo_banner":"","texto_banner":"","texto_boton_banner":"","url_boton_banner":"","post_relacionados":""},"yoast_head":"<!-- This site is optimized with the Yoast SEO plugin v22.2 - https:\/\/yoast.com\/wordpress\/plugins\/seo\/ -->\n<title>Qu\u00e8 s\u00f3n els parcs e\u00f2lics terrestres? | factorenergia<\/title>\n<meta name=\"description\" content=\"Descobreix qu\u00e8 s\u00f3n els parcs e\u00f2lics terrestres, els seus beneficis i com redueixen les emissions de gasos d&#039;efecte d&#039;hivernacle.\" \/>\n<meta name=\"robots\" content=\"index, follow, max-snippet:-1, max-image-preview:large, max-video-preview:-1\" \/>\n<link rel=\"canonical\" href=\"https:\/\/www.factorenergia.com\/ca\/blog\/eficiencia-energetica\/que-son-els-parcs-eolics-terrestres\/\" \/>\n<meta name=\"twitter:card\" content=\"summary_large_image\" \/>\n<meta name=\"twitter:title\" content=\"Qu\u00e8 s\u00f3n els parcs e\u00f2lics terrestres? | factorenergia\" \/>\n<meta name=\"twitter:description\" content=\"Descobreix qu\u00e8 s\u00f3n els parcs e\u00f2lics terrestres, els seus beneficis i com redueixen les emissions de gasos d&#039;efecte d&#039;hivernacle.\" \/>\n<meta name=\"twitter:creator\" content=\"@factorenergia\" \/>\n<meta name=\"twitter:site\" content=\"@factorenergia\" \/>\n<meta name=\"twitter:label1\" content=\"Written by\" \/>\n\t<meta name=\"twitter:data1\" content=\"Equipo Transici\u00f3n Energ\u00e9tica Factorenergia\" \/>\n\t<meta name=\"twitter:label2\" content=\"Est. reading time\" \/>\n\t<meta name=\"twitter:data2\" content=\"2 minutes\" \/>\n<script type=\"application\/ld+json\" class=\"yoast-schema-graph\">{\"@context\":\"https:\/\/schema.org\",\"@graph\":[{\"@type\":\"WebPage\",\"@id\":\"https:\/\/www.factorenergia.com\/ca\/blog\/eficiencia-energetica\/que-son-els-parcs-eolics-terrestres\/\",\"url\":\"https:\/\/www.factorenergia.com\/ca\/blog\/eficiencia-energetica\/que-son-els-parcs-eolics-terrestres\/\",\"name\":\"Qu\u00e8 s\u00f3n els parcs e\u00f2lics terrestres? | factorenergia\",\"isPartOf\":{\"@id\":\"https:\/\/www.factorenergia.com\/es\/#website\"},\"datePublished\":\"2023-04-20T14:36:01+00:00\",\"dateModified\":\"2025-08-06T09:58:01+00:00\",\"author\":{\"@id\":\"https:\/\/www.factorenergia.com\/es\/#\/schema\/person\/dff9e4b6dc520720e3a37bdaaedc5841\"},\"description\":\"Descobreix qu\u00e8 s\u00f3n els parcs e\u00f2lics terrestres, els seus beneficis i com redueixen les emissions de gasos d'efecte d'hivernacle.\",\"breadcrumb\":{\"@id\":\"https:\/\/www.factorenergia.com\/ca\/blog\/eficiencia-energetica\/que-son-els-parcs-eolics-terrestres\/#breadcrumb\"},\"inLanguage\":\"ca\",\"potentialAction\":[{\"@type\":\"ReadAction\",\"target\":[\"https:\/\/www.factorenergia.com\/ca\/blog\/eficiencia-energetica\/que-son-els-parcs-eolics-terrestres\/\"]}]},{\"@type\":\"BreadcrumbList\",\"@id\":\"https:\/\/www.factorenergia.com\/ca\/blog\/eficiencia-energetica\/que-son-els-parcs-eolics-terrestres\/#breadcrumb\",\"itemListElement\":[{\"@type\":\"ListItem\",\"position\":1,\"name\":\"Portada\",\"item\":\"https:\/\/www.factorenergia.com\/ca\/\"},{\"@type\":\"ListItem\",\"position\":2,\"name\":\"Qu\u00e8 s\u00f3n els parcs e\u00f2lics terrestres?\"}]},{\"@type\":\"WebSite\",\"@id\":\"https:\/\/www.factorenergia.com\/es\/#website\",\"url\":\"https:\/\/www.factorenergia.com\/es\/\",\"name\":\"factorenergia\",\"description\":\"factorenergia\",\"potentialAction\":[{\"@type\":\"SearchAction\",\"target\":{\"@type\":\"EntryPoint\",\"urlTemplate\":\"https:\/\/www.factorenergia.com\/es\/?s={search_term_string}\"},\"query-input\":\"required name=search_term_string\"}],\"inLanguage\":\"ca\"},{\"@type\":\"Person\",\"@id\":\"https:\/\/www.factorenergia.com\/es\/#\/schema\/person\/dff9e4b6dc520720e3a37bdaaedc5841\",\"name\":\"Equipo Transici\u00f3n Energ\u00e9tica Factorenergia\",\"image\":{\"@type\":\"ImageObject\",\"inLanguage\":\"ca\",\"@id\":\"https:\/\/www.factorenergia.com\/es\/#\/schema\/person\/image\/\",\"url\":\"https:\/\/secure.gravatar.com\/avatar\/1b7c76bab80ee1c4261b06108874e24b?s=96&d=mm&r=g\",\"contentUrl\":\"https:\/\/secure.gravatar.com\/avatar\/1b7c76bab80ee1c4261b06108874e24b?s=96&d=mm&r=g\",\"caption\":\"Equipo Transici\u00f3n Energ\u00e9tica Factorenergia\"},\"description\":\"El equipo est\u00e1 formado por expertos en materia de Luz, Gas y Eficiencia Energ\u00e9tica, que conocen de primera mano las tendencias del mercado. Su experiencia en el sector les permite ofrecer las mejores soluciones energ\u00e9ticas y resolver las dudas planteadas por los clientes.\",\"sameAs\":[\"https:\/\/www.factorenergia.com\/es\/\",\"https:\/\/www.facebook.com\/factorenergiacom\",\"https:\/\/www.instagram.com\/factorenergia_com\/\",\"https:\/\/es.linkedin.com\/company\/factor-energia\",\"https:\/\/twitter.com\/factorenergia\",\"https:\/\/www.youtube.com\/c\/factorenergiacom\"],\"url\":\"https:\/\/www.factorenergia.com\/ca\/blog\/author\/marketing\/\"}]}<\/script>\n<!-- \/ Yoast SEO plugin. -->","yoast_head_json":{"title":"Qu\u00e8 s\u00f3n els parcs e\u00f2lics terrestres? | factorenergia","description":"Descobreix qu\u00e8 s\u00f3n els parcs e\u00f2lics terrestres, els seus beneficis i com redueixen les emissions de gasos d'efecte d'hivernacle.","robots":{"index":"index","follow":"follow","max-snippet":"max-snippet:-1","max-image-preview":"max-image-preview:large","max-video-preview":"max-video-preview:-1"},"canonical":"https:\/\/www.factorenergia.com\/ca\/blog\/eficiencia-energetica\/que-son-els-parcs-eolics-terrestres\/","twitter_card":"summary_large_image","twitter_title":"Qu\u00e8 s\u00f3n els parcs e\u00f2lics terrestres? | factorenergia","twitter_description":"Descobreix qu\u00e8 s\u00f3n els parcs e\u00f2lics terrestres, els seus beneficis i com redueixen les emissions de gasos d'efecte d'hivernacle.","twitter_creator":"@factorenergia","twitter_site":"@factorenergia","twitter_misc":{"Written by":"Equipo Transici\u00f3n Energ\u00e9tica Factorenergia","Est. reading time":"2 minutes"},"schema":{"@context":"https:\/\/schema.org","@graph":[{"@type":"WebPage","@id":"https:\/\/www.factorenergia.com\/ca\/blog\/eficiencia-energetica\/que-son-els-parcs-eolics-terrestres\/","url":"https:\/\/www.factorenergia.com\/ca\/blog\/eficiencia-energetica\/que-son-els-parcs-eolics-terrestres\/","name":"Qu\u00e8 s\u00f3n els parcs e\u00f2lics terrestres? | factorenergia","isPartOf":{"@id":"https:\/\/www.factorenergia.com\/es\/#website"},"datePublished":"2023-04-20T14:36:01+00:00","dateModified":"2025-08-06T09:58:01+00:00","author":{"@id":"https:\/\/www.factorenergia.com\/es\/#\/schema\/person\/dff9e4b6dc520720e3a37bdaaedc5841"},"description":"Descobreix qu\u00e8 s\u00f3n els parcs e\u00f2lics terrestres, els seus beneficis i com redueixen les emissions de gasos d'efecte d'hivernacle.","breadcrumb":{"@id":"https:\/\/www.factorenergia.com\/ca\/blog\/eficiencia-energetica\/que-son-els-parcs-eolics-terrestres\/#breadcrumb"},"inLanguage":"ca","potentialAction":[{"@type":"ReadAction","target":["https:\/\/www.factorenergia.com\/ca\/blog\/eficiencia-energetica\/que-son-els-parcs-eolics-terrestres\/"]}]},{"@type":"BreadcrumbList","@id":"https:\/\/www.factorenergia.com\/ca\/blog\/eficiencia-energetica\/que-son-els-parcs-eolics-terrestres\/#breadcrumb","itemListElement":[{"@type":"ListItem","position":1,"name":"Portada","item":"https:\/\/www.factorenergia.com\/ca\/"},{"@type":"ListItem","position":2,"name":"Qu\u00e8 s\u00f3n els parcs e\u00f2lics terrestres?"}]},{"@type":"WebSite","@id":"https:\/\/www.factorenergia.com\/es\/#website","url":"https:\/\/www.factorenergia.com\/es\/","name":"factorenergia","description":"factorenergia","potentialAction":[{"@type":"SearchAction","target":{"@type":"EntryPoint","urlTemplate":"https:\/\/www.factorenergia.com\/es\/?s={search_term_string}"},"query-input":"required name=search_term_string"}],"inLanguage":"ca"},{"@type":"Person","@id":"https:\/\/www.factorenergia.com\/es\/#\/schema\/person\/dff9e4b6dc520720e3a37bdaaedc5841","name":"Equipo Transici\u00f3n Energ\u00e9tica Factorenergia","image":{"@type":"ImageObject","inLanguage":"ca","@id":"https:\/\/www.factorenergia.com\/es\/#\/schema\/person\/image\/","url":"https:\/\/secure.gravatar.com\/avatar\/1b7c76bab80ee1c4261b06108874e24b?s=96&d=mm&r=g","contentUrl":"https:\/\/secure.gravatar.com\/avatar\/1b7c76bab80ee1c4261b06108874e24b?s=96&d=mm&r=g","caption":"Equipo Transici\u00f3n Energ\u00e9tica Factorenergia"},"description":"El equipo est\u00e1 formado por expertos en materia de Luz, Gas y Eficiencia Energ\u00e9tica, que conocen de primera mano las tendencias del mercado. Su experiencia en el sector les permite ofrecer las mejores soluciones energ\u00e9ticas y resolver las dudas planteadas por los clientes.","sameAs":["https:\/\/www.factorenergia.com\/es\/","https:\/\/www.facebook.com\/factorenergiacom","https:\/\/www.instagram.com\/factorenergia_com\/","https:\/\/es.linkedin.com\/company\/factor-energia","https:\/\/twitter.com\/factorenergia","https:\/\/www.youtube.com\/c\/factorenergiacom"],"url":"https:\/\/www.factorenergia.com\/ca\/blog\/author\/marketing\/"}]}},"_links":{"self":[{"href":"https:\/\/www.factorenergia.com\/ca\/wp-json\/wp\/v2\/posts\/21116"}],"collection":[{"href":"https:\/\/www.factorenergia.com\/ca\/wp-json\/wp\/v2\/posts"}],"about":[{"href":"https:\/\/www.factorenergia.com\/ca\/wp-json\/wp\/v2\/types\/post"}],"author":[{"embeddable":true,"href":"https:\/\/www.factorenergia.com\/ca\/wp-json\/wp\/v2\/users\/17"}],"replies":[{"embeddable":true,"href":"https:\/\/www.factorenergia.com\/ca\/wp-json\/wp\/v2\/comments?post=21116"}],"version-history":[{"count":1,"href":"https:\/\/www.factorenergia.com\/ca\/wp-json\/wp\/v2\/posts\/21116\/revisions"}],"predecessor-version":[{"id":29644,"href":"https:\/\/www.factorenergia.com\/ca\/wp-json\/wp\/v2\/posts\/21116\/revisions\/29644"}],"wp:attachment":[{"href":"https:\/\/www.factorenergia.com\/ca\/wp-json\/wp\/v2\/media?parent=21116"}],"wp:term":[{"taxonomy":"category","embeddable":true,"href":"https:\/\/www.factorenergia.com\/ca\/wp-json\/wp\/v2\/categories?post=21116"},{"taxonomy":"post_tag","embeddable":true,"href":"https:\/\/www.factorenergia.com\/ca\/wp-json\/wp\/v2\/tags?post=21116"}],"curies":[{"name":"wp","href":"https:\/\/api.w.org\/{rel}","templated":true}]}}