{"id":21008,"date":"2023-04-19T15:19:13","date_gmt":"2023-04-19T13:19:13","guid":{"rendered":"https:\/\/www.factorenergia.com\/ca\/?p=21008"},"modified":"2025-07-29T17:41:34","modified_gmt":"2025-07-29T15:41:34","slug":"cada-quants-anys-substituir-les-plaques-solars","status":"publish","type":"post","link":"https:\/\/www.factorenergia.com\/ca\/blog\/autoconsum-electric\/cada-quants-anys-substituir-les-plaques-solars\/","title":{"rendered":"Cada quants anys cal substituir les plaques solars?"},"content":{"rendered":"<p>Les plaques solars s\u00f3n una font d&#8217;energia renovable i una alternativa a l&#8217;opci\u00f3 tradicional d&#8217;energia produ\u00efda per combustibles f\u00f2ssils. Aquestes plaques es troben fetes de materials resistents com el silici i tenen <strong>una vida \u00fatil d&#8217;entre 25 i 30 anys<\/strong>, depenent de la marca i el model. A causa d&#8217;aix\u00f2, cada quants anys s&#8217;han de substituir aquestes plaques solars \u00e9s una pregunta freq\u00fcent entre els usuaris, que t\u00e9 una relaci\u00f3 directa amb la vida \u00fatil d&#8217;aquestes.<\/p>\n<p>&nbsp;<\/p>\n<p>La vida \u00fatil de les plaques solars \u00e9s un factor important a considerar. Aquestes plaques no s\u00f3n a prova de falles, i com qualsevol altre dispositiu electr\u00f2nic poden espatllar-se amb el temps. Encara que la vida \u00fatil mitjana d&#8217;aquestes plaques \u00e9s d&#8217;entre 25 i 30 anys.<\/p>\n<p>&nbsp;<\/p>\n<p>Per tant, per a assegurar-se que les seves plaques solars funcionin correctament durant el major temps possible, \u00e9s important fer regularment un seguiment del seu estat. Aix\u00f2 significa revisar el sistema per a assegurar-se que no hi ha cap fallada o desperfecte en els panells solars. Si es detecten fallades, ser\u00e0 important reempla\u00e7ar els panells afectats per a evitar problemes majors en el futur.<\/p>\n<p>&nbsp;<\/p>\n<p>Tamb\u00e9 \u00e9s important realitzar un manteniment regular per a assegurar-se que els panells solars estan nets i lliures de pols. Aix\u00f2 ajudar\u00e0 a millorar l&#8217;efici\u00e8ncia del sistema i a augmentar la vida \u00fatil dels panells. Per conseg\u00fcent<strong>, si cuidem correctament dels panells, retardarem la data en la qual hagin de substituir les plaques solars.<\/strong><\/p>\n<p>&nbsp;<\/p>\n<p>En conclusi\u00f3, una disminuci\u00f3 en la producci\u00f3 d&#8217;energia, danys visibles en els panells solars o problemes en el funcionament d&#8217;aquests, s\u00f3n senyals que poden indicar-nos que \u00e9s el moment de substituir-los. De totes maneres, com s&#8217;ha indicat, un bon \u00fas i manteniment dels mateixos pot suposar <strong>comptar amb els mateixos panells solars en la nostra teulada entre 25 i 30 anys<\/strong>.<\/p>\n<p><!--- BANNER CAT AUTOCONSUMO --><\/p>\n<div style=\"background: white; box-shadow: 0px 5px 40px rgba(98, 129, 202, 0.2); margin-top: 0px; padding: 20px;\">\n<h4 style=\"margin-top: 0; margin-bottom: 10px;\"><span>Instal\u00b7la plaques solars i redueix la teva factura el\u00e8ctrica<\/span><\/h4>\n<p><span style=\"display: block;\"><span>El teu estudi de plaques solars en menys de 48 hores. Sense comprom\u00eds.<\/span><\/span><br \/>\n<a href=\"https:\/\/www.factorenergia.com\/ca\/llars\/autoconsum\/\" class=\"primary-btn center\">Preparem el teu estudi gratis<\/a><\/p>\n<\/div>\n<p><!--- BANNER CAT AUTOCONSUMO --><\/p>\n","protected":false},"excerpt":{"rendered":"<p>Les plaques solars s\u00f3n una font d&#8217;energia renovable i una alternativa a l&#8217;opci\u00f3 tradicional d&#8217;energia produ\u00efda per combustibles f\u00f2ssils. Aquestes plaques es troben fetes de materials resistents com el silici i tenen una vida \u00fatil d&#8217;entre 25 i 30 anys, depenent de la marca i el model. A causa d&#8217;aix\u00f2, cada quants anys s&#8217;han de [&hellip;]<\/p>\n","protected":false},"author":17,"featured_media":0,"comment_status":"open","ping_status":"open","sticky":false,"template":"","format":"standard","meta":{"inline_featured_image":false,"footnotes":""},"categories":[66],"tags":[],"acf":{"fecha_de_la_entrada":"20230419","imagen_portada":28865,"categoria_blog":null,"tipo_de_distribuidora":null,"tiempo_lectura":"2'","banner_bool":false,"titulo_banner":"","texto_banner":"","texto_boton_banner":"","url_boton_banner":"","post_relacionados":[11670,7566]},"yoast_head":"<!-- This site is optimized with the Yoast SEO plugin v22.2 - https:\/\/yoast.com\/wordpress\/plugins\/seo\/ -->\n<title>Cada quants anys cal substituir les plaques solars? | factorenergia<\/title>\n<meta name=\"description\" content=\"En aquest article tractarem sobre substituir les plaques solars i la seva vida \u00fatil, dada molt rellevant per a aix\u00f2.\" \/>\n<meta name=\"robots\" content=\"index, follow, max-snippet:-1, max-image-preview:large, max-video-preview:-1\" \/>\n<link rel=\"canonical\" href=\"https:\/\/www.factorenergia.com\/ca\/blog\/autoconsum-electric\/cada-quants-anys-substituir-les-plaques-solars\/\" \/>\n<meta name=\"twitter:card\" content=\"summary_large_image\" \/>\n<meta name=\"twitter:title\" content=\"Cada quants anys cal substituir les plaques solars? | factorenergia\" \/>\n<meta name=\"twitter:description\" content=\"En aquest article tractarem sobre substituir les plaques solars i la seva vida \u00fatil, dada molt rellevant per a aix\u00f2.\" \/>\n<meta name=\"twitter:creator\" content=\"@factorenergia\" \/>\n<meta name=\"twitter:site\" content=\"@factorenergia\" \/>\n<meta name=\"twitter:label1\" content=\"Written by\" \/>\n\t<meta name=\"twitter:data1\" content=\"Equipo Transici\u00f3n Energ\u00e9tica Factorenergia\" \/>\n\t<meta name=\"twitter:label2\" content=\"Est. reading time\" \/>\n\t<meta name=\"twitter:data2\" content=\"2 minutes\" \/>\n<script type=\"application\/ld+json\" class=\"yoast-schema-graph\">{\"@context\":\"https:\/\/schema.org\",\"@graph\":[{\"@type\":\"WebPage\",\"@id\":\"https:\/\/www.factorenergia.com\/ca\/blog\/autoconsum-electric\/cada-quants-anys-substituir-les-plaques-solars\/\",\"url\":\"https:\/\/www.factorenergia.com\/ca\/blog\/autoconsum-electric\/cada-quants-anys-substituir-les-plaques-solars\/\",\"name\":\"Cada quants anys cal substituir les plaques solars? | factorenergia\",\"isPartOf\":{\"@id\":\"https:\/\/www.factorenergia.com\/es\/#website\"},\"datePublished\":\"2023-04-19T13:19:13+00:00\",\"dateModified\":\"2025-07-29T15:41:34+00:00\",\"author\":{\"@id\":\"https:\/\/www.factorenergia.com\/es\/#\/schema\/person\/dff9e4b6dc520720e3a37bdaaedc5841\"},\"description\":\"En aquest article tractarem sobre substituir les plaques solars i la seva vida \u00fatil, dada molt rellevant per a aix\u00f2.\",\"breadcrumb\":{\"@id\":\"https:\/\/www.factorenergia.com\/ca\/blog\/autoconsum-electric\/cada-quants-anys-substituir-les-plaques-solars\/#breadcrumb\"},\"inLanguage\":\"ca\",\"potentialAction\":[{\"@type\":\"ReadAction\",\"target\":[\"https:\/\/www.factorenergia.com\/ca\/blog\/autoconsum-electric\/cada-quants-anys-substituir-les-plaques-solars\/\"]}]},{\"@type\":\"BreadcrumbList\",\"@id\":\"https:\/\/www.factorenergia.com\/ca\/blog\/autoconsum-electric\/cada-quants-anys-substituir-les-plaques-solars\/#breadcrumb\",\"itemListElement\":[{\"@type\":\"ListItem\",\"position\":1,\"name\":\"Portada\",\"item\":\"https:\/\/www.factorenergia.com\/ca\/\"},{\"@type\":\"ListItem\",\"position\":2,\"name\":\"Cada quants anys cal substituir les plaques solars?\"}]},{\"@type\":\"WebSite\",\"@id\":\"https:\/\/www.factorenergia.com\/es\/#website\",\"url\":\"https:\/\/www.factorenergia.com\/es\/\",\"name\":\"factorenergia\",\"description\":\"factorenergia\",\"potentialAction\":[{\"@type\":\"SearchAction\",\"target\":{\"@type\":\"EntryPoint\",\"urlTemplate\":\"https:\/\/www.factorenergia.com\/es\/?s={search_term_string}\"},\"query-input\":\"required name=search_term_string\"}],\"inLanguage\":\"ca\"},{\"@type\":\"Person\",\"@id\":\"https:\/\/www.factorenergia.com\/es\/#\/schema\/person\/dff9e4b6dc520720e3a37bdaaedc5841\",\"name\":\"Equipo Transici\u00f3n Energ\u00e9tica Factorenergia\",\"image\":{\"@type\":\"ImageObject\",\"inLanguage\":\"ca\",\"@id\":\"https:\/\/www.factorenergia.com\/es\/#\/schema\/person\/image\/\",\"url\":\"https:\/\/secure.gravatar.com\/avatar\/1b7c76bab80ee1c4261b06108874e24b?s=96&d=mm&r=g\",\"contentUrl\":\"https:\/\/secure.gravatar.com\/avatar\/1b7c76bab80ee1c4261b06108874e24b?s=96&d=mm&r=g\",\"caption\":\"Equipo Transici\u00f3n Energ\u00e9tica Factorenergia\"},\"description\":\"El equipo est\u00e1 formado por expertos en materia de Luz, Gas y Eficiencia Energ\u00e9tica, que conocen de primera mano las tendencias del mercado. Su experiencia en el sector les permite ofrecer las mejores soluciones energ\u00e9ticas y resolver las dudas planteadas por los clientes.\",\"sameAs\":[\"https:\/\/www.factorenergia.com\/es\/\",\"https:\/\/www.facebook.com\/factorenergiacom\",\"https:\/\/www.instagram.com\/factorenergia_com\/\",\"https:\/\/es.linkedin.com\/company\/factor-energia\",\"https:\/\/twitter.com\/factorenergia\",\"https:\/\/www.youtube.com\/c\/factorenergiacom\"],\"url\":\"https:\/\/www.factorenergia.com\/ca\/blog\/author\/marketing\/\"}]}<\/script>\n<!-- \/ Yoast SEO plugin. -->","yoast_head_json":{"title":"Cada quants anys cal substituir les plaques solars? | factorenergia","description":"En aquest article tractarem sobre substituir les plaques solars i la seva vida \u00fatil, dada molt rellevant per a aix\u00f2.","robots":{"index":"index","follow":"follow","max-snippet":"max-snippet:-1","max-image-preview":"max-image-preview:large","max-video-preview":"max-video-preview:-1"},"canonical":"https:\/\/www.factorenergia.com\/ca\/blog\/autoconsum-electric\/cada-quants-anys-substituir-les-plaques-solars\/","twitter_card":"summary_large_image","twitter_title":"Cada quants anys cal substituir les plaques solars? | factorenergia","twitter_description":"En aquest article tractarem sobre substituir les plaques solars i la seva vida \u00fatil, dada molt rellevant per a aix\u00f2.","twitter_creator":"@factorenergia","twitter_site":"@factorenergia","twitter_misc":{"Written by":"Equipo Transici\u00f3n Energ\u00e9tica Factorenergia","Est. reading time":"2 minutes"},"schema":{"@context":"https:\/\/schema.org","@graph":[{"@type":"WebPage","@id":"https:\/\/www.factorenergia.com\/ca\/blog\/autoconsum-electric\/cada-quants-anys-substituir-les-plaques-solars\/","url":"https:\/\/www.factorenergia.com\/ca\/blog\/autoconsum-electric\/cada-quants-anys-substituir-les-plaques-solars\/","name":"Cada quants anys cal substituir les plaques solars? | factorenergia","isPartOf":{"@id":"https:\/\/www.factorenergia.com\/es\/#website"},"datePublished":"2023-04-19T13:19:13+00:00","dateModified":"2025-07-29T15:41:34+00:00","author":{"@id":"https:\/\/www.factorenergia.com\/es\/#\/schema\/person\/dff9e4b6dc520720e3a37bdaaedc5841"},"description":"En aquest article tractarem sobre substituir les plaques solars i la seva vida \u00fatil, dada molt rellevant per a aix\u00f2.","breadcrumb":{"@id":"https:\/\/www.factorenergia.com\/ca\/blog\/autoconsum-electric\/cada-quants-anys-substituir-les-plaques-solars\/#breadcrumb"},"inLanguage":"ca","potentialAction":[{"@type":"ReadAction","target":["https:\/\/www.factorenergia.com\/ca\/blog\/autoconsum-electric\/cada-quants-anys-substituir-les-plaques-solars\/"]}]},{"@type":"BreadcrumbList","@id":"https:\/\/www.factorenergia.com\/ca\/blog\/autoconsum-electric\/cada-quants-anys-substituir-les-plaques-solars\/#breadcrumb","itemListElement":[{"@type":"ListItem","position":1,"name":"Portada","item":"https:\/\/www.factorenergia.com\/ca\/"},{"@type":"ListItem","position":2,"name":"Cada quants anys cal substituir les plaques solars?"}]},{"@type":"WebSite","@id":"https:\/\/www.factorenergia.com\/es\/#website","url":"https:\/\/www.factorenergia.com\/es\/","name":"factorenergia","description":"factorenergia","potentialAction":[{"@type":"SearchAction","target":{"@type":"EntryPoint","urlTemplate":"https:\/\/www.factorenergia.com\/es\/?s={search_term_string}"},"query-input":"required name=search_term_string"}],"inLanguage":"ca"},{"@type":"Person","@id":"https:\/\/www.factorenergia.com\/es\/#\/schema\/person\/dff9e4b6dc520720e3a37bdaaedc5841","name":"Equipo Transici\u00f3n Energ\u00e9tica Factorenergia","image":{"@type":"ImageObject","inLanguage":"ca","@id":"https:\/\/www.factorenergia.com\/es\/#\/schema\/person\/image\/","url":"https:\/\/secure.gravatar.com\/avatar\/1b7c76bab80ee1c4261b06108874e24b?s=96&d=mm&r=g","contentUrl":"https:\/\/secure.gravatar.com\/avatar\/1b7c76bab80ee1c4261b06108874e24b?s=96&d=mm&r=g","caption":"Equipo Transici\u00f3n Energ\u00e9tica Factorenergia"},"description":"El equipo est\u00e1 formado por expertos en materia de Luz, Gas y Eficiencia Energ\u00e9tica, que conocen de primera mano las tendencias del mercado. Su experiencia en el sector les permite ofrecer las mejores soluciones energ\u00e9ticas y resolver las dudas planteadas por los clientes.","sameAs":["https:\/\/www.factorenergia.com\/es\/","https:\/\/www.facebook.com\/factorenergiacom","https:\/\/www.instagram.com\/factorenergia_com\/","https:\/\/es.linkedin.com\/company\/factor-energia","https:\/\/twitter.com\/factorenergia","https:\/\/www.youtube.com\/c\/factorenergiacom"],"url":"https:\/\/www.factorenergia.com\/ca\/blog\/author\/marketing\/"}]}},"_links":{"self":[{"href":"https:\/\/www.factorenergia.com\/ca\/wp-json\/wp\/v2\/posts\/21008"}],"collection":[{"href":"https:\/\/www.factorenergia.com\/ca\/wp-json\/wp\/v2\/posts"}],"about":[{"href":"https:\/\/www.factorenergia.com\/ca\/wp-json\/wp\/v2\/types\/post"}],"author":[{"embeddable":true,"href":"https:\/\/www.factorenergia.com\/ca\/wp-json\/wp\/v2\/users\/17"}],"replies":[{"embeddable":true,"href":"https:\/\/www.factorenergia.com\/ca\/wp-json\/wp\/v2\/comments?post=21008"}],"version-history":[{"count":3,"href":"https:\/\/www.factorenergia.com\/ca\/wp-json\/wp\/v2\/posts\/21008\/revisions"}],"predecessor-version":[{"id":28868,"href":"https:\/\/www.factorenergia.com\/ca\/wp-json\/wp\/v2\/posts\/21008\/revisions\/28868"}],"acf:post":[{"embeddable":true,"href":"https:\/\/www.factorenergia.com\/ca\/wp-json\/wp\/v2\/posts\/7566"},{"embeddable":true,"href":"https:\/\/www.factorenergia.com\/ca\/wp-json\/wp\/v2\/posts\/11670"}],"wp:attachment":[{"href":"https:\/\/www.factorenergia.com\/ca\/wp-json\/wp\/v2\/media?parent=21008"}],"wp:term":[{"taxonomy":"category","embeddable":true,"href":"https:\/\/www.factorenergia.com\/ca\/wp-json\/wp\/v2\/categories?post=21008"},{"taxonomy":"post_tag","embeddable":true,"href":"https:\/\/www.factorenergia.com\/ca\/wp-json\/wp\/v2\/tags?post=21008"}],"curies":[{"name":"wp","href":"https:\/\/api.w.org\/{rel}","templated":true}]}}