{"id":20971,"date":"2023-04-18T13:13:39","date_gmt":"2023-04-18T11:13:39","guid":{"rendered":"https:\/\/www.factorenergia.com\/ca\/?p=20971"},"modified":"2025-08-04T12:18:39","modified_gmt":"2025-08-04T10:18:39","slug":"estalviar-des-del-primer-dia-amb-plaques-solars","status":"publish","type":"post","link":"https:\/\/www.factorenergia.com\/ca\/blog\/autoconsum-electric\/estalviar-des-del-primer-dia-amb-plaques-solars\/","title":{"rendered":"Estalviar des del primer dia amb plaques solars?"},"content":{"rendered":"<p>Les plaques solars s\u00f3n una bona alternativa per a obtenir energia renovable i una manera d&#8217;estalviar diners des del primer dia. Aquesta opci\u00f3 d&#8217;energia neta \u00e9s una de les principals alternatives per a disminuir la despesa en factures de llum i contribuir amb el medi ambient, ja que no produeix emissions.<\/p>\n<p>&nbsp;<\/p>\n<p>Encara que es creu que la instal\u00b7laci\u00f3 de plaques solars \u00e9s costosa, els beneficis econ\u00f2mics d&#8217;aquesta manera d&#8217;energia renovable s\u00f3n majors que les despeses inicials. En primer lloc, <strong>l&#8217;estalvi d&#8217;energia generat per l&#8217;\u00fas de panells solars \u00e9s significatiu<\/strong>. Aix\u00f2 es deu al fet que els panells solars absorbeixen la radiaci\u00f3 solar i la transformen en electricitat per al seu \u00fas dom\u00e8stic des del primer dia.<\/p>\n<p>&nbsp;<\/p>\n<p>D&#8217;aquesta manera, es pot dir que <strong>amb una instal\u00b7laci\u00f3 de plaques solars amb l&#8217;autoconsum aconseguir\u00e0s veure redu\u00efda la factura de la llum des del primer dia<\/strong>. Aix\u00f2 \u00e9s pel fet que la teva depend\u00e8ncia energ\u00e8tica es veur\u00e0 coberta per l&#8217;energia que generen les teves plaques solars, i no per la xarxa el\u00e8ctrica convencional.<\/p>\n<p>&nbsp;<\/p>\n<p>S&#8217;estima que una casa amb instal\u00b7laci\u00f3 de plaques solars pot <strong>estalviar entre un 50-70% en l&#8217;import de la factura de la llum<\/strong>, depenent de la magnitud de la instal\u00b7laci\u00f3.<\/p>\n<p>&nbsp;<\/p>\n<p>A m\u00e9s, <strong>la instal\u00b7laci\u00f3 de plaques solars genera una rendibilitat a llarg termini<\/strong>. Aix\u00f2 es deu al fet que l&#8217;energia solar \u00e9s un recurs renovable i no s&#8217;esgota. En condicions generals, els propietaris d&#8217;habitatges necessiten aproximadament de cinc a vuit anys per a recuperar la inversi\u00f3 en panells fotovoltaics. Aix\u00f2 significa que els propietaris podran gaudir de la seva pr\u00f2pia energia sense cap cost durant molt de temps, ja que la seva vida \u00fatil ronda entre els 25 i els 30 anys.<\/p>\n<p>&nbsp;<\/p>\n<p>En Factorenergia ens encarreguem de tot. Les nostres ofertes s\u00f3n sempre clau en m\u00e0 perqu\u00e8 no hagis de preocupar-te per res. Abastem des del disseny de la proposta fins a la gesti\u00f3 dels teus excedents.<\/p>\n<p><!--- BANNER CAT AUTOCONSUMO --><\/p>\n<div style=\"background: white; box-shadow: 0px 5px 40px rgba(98, 129, 202, 0.2); margin-top: 0px; padding: 20px;\">\n<h4 style=\"margin-top: 0; margin-bottom: 10px;\"><span>Instal\u00b7la plaques solars i redueix la teva factura el\u00e8ctrica<\/span><\/h4>\n<p><span style=\"display: block;\"><span>El teu estudi de plaques solars en menys de 48 hores. Sense comprom\u00eds.<\/span><\/span><br \/>\n<a href=\"https:\/\/www.factorenergia.com\/ca\/llars\/autoconsum\/\" class=\"primary-btn center\">Preparem el teu estudi gratis<\/a><\/p>\n<\/div>\n","protected":false},"excerpt":{"rendered":"<p>Les plaques solars s\u00f3n una bona alternativa per a obtenir energia renovable i una manera d&#8217;estalviar diners des del primer dia. Aquesta opci\u00f3 d&#8217;energia neta \u00e9s una de les principals alternatives per a disminuir la despesa en factures de llum i contribuir amb el medi ambient, ja que no produeix emissions. &nbsp; Encara que es [&hellip;]<\/p>\n","protected":false},"author":17,"featured_media":0,"comment_status":"open","ping_status":"open","sticky":false,"template":"","format":"standard","meta":{"inline_featured_image":false,"footnotes":""},"categories":[66],"tags":[],"acf":{"fecha_de_la_entrada":"20230418","imagen_portada":29185,"categoria_blog":null,"tipo_de_distribuidora":null,"tiempo_lectura":"","banner_bool":false,"titulo_banner":"","texto_banner":"","texto_boton_banner":"","url_boton_banner":"","post_relacionados":[20692]},"yoast_head":"<!-- This site is optimized with the Yoast SEO plugin v22.2 - https:\/\/yoast.com\/wordpress\/plugins\/seo\/ -->\n<title>Estalviar des del primer dia amb plaques solars? | factorenergia<\/title>\n<meta name=\"description\" content=\"Conegui els beneficis econ\u00f2mics d&#039;instal\u00b7lar plaques solars en la seva llar. Descobreix si s&#039;estalvia des del 1r dia amb aquesta energia.\" \/>\n<meta name=\"robots\" content=\"index, follow, max-snippet:-1, max-image-preview:large, max-video-preview:-1\" \/>\n<link rel=\"canonical\" href=\"https:\/\/www.factorenergia.com\/ca\/blog\/autoconsum-electric\/estalviar-des-del-primer-dia-amb-plaques-solars\/\" \/>\n<meta name=\"twitter:card\" content=\"summary_large_image\" \/>\n<meta name=\"twitter:title\" content=\"Estalviar des del primer dia amb plaques solars? | factorenergia\" \/>\n<meta name=\"twitter:description\" content=\"Conegui els beneficis econ\u00f2mics d&#039;instal\u00b7lar plaques solars en la seva llar. Descobreix si s&#039;estalvia des del 1r dia amb aquesta energia.\" \/>\n<meta name=\"twitter:creator\" content=\"@factorenergia\" \/>\n<meta name=\"twitter:site\" content=\"@factorenergia\" \/>\n<meta name=\"twitter:label1\" content=\"Written by\" \/>\n\t<meta name=\"twitter:data1\" content=\"Equipo Transici\u00f3n Energ\u00e9tica Factorenergia\" \/>\n\t<meta name=\"twitter:label2\" content=\"Est. reading time\" \/>\n\t<meta name=\"twitter:data2\" content=\"2 minutes\" \/>\n<script type=\"application\/ld+json\" class=\"yoast-schema-graph\">{\"@context\":\"https:\/\/schema.org\",\"@graph\":[{\"@type\":\"WebPage\",\"@id\":\"https:\/\/www.factorenergia.com\/ca\/blog\/autoconsum-electric\/estalviar-des-del-primer-dia-amb-plaques-solars\/\",\"url\":\"https:\/\/www.factorenergia.com\/ca\/blog\/autoconsum-electric\/estalviar-des-del-primer-dia-amb-plaques-solars\/\",\"name\":\"Estalviar des del primer dia amb plaques solars? | factorenergia\",\"isPartOf\":{\"@id\":\"https:\/\/www.factorenergia.com\/es\/#website\"},\"datePublished\":\"2023-04-18T11:13:39+00:00\",\"dateModified\":\"2025-08-04T10:18:39+00:00\",\"author\":{\"@id\":\"https:\/\/www.factorenergia.com\/es\/#\/schema\/person\/dff9e4b6dc520720e3a37bdaaedc5841\"},\"description\":\"Conegui els beneficis econ\u00f2mics d'instal\u00b7lar plaques solars en la seva llar. Descobreix si s'estalvia des del 1r dia amb aquesta energia.\",\"breadcrumb\":{\"@id\":\"https:\/\/www.factorenergia.com\/ca\/blog\/autoconsum-electric\/estalviar-des-del-primer-dia-amb-plaques-solars\/#breadcrumb\"},\"inLanguage\":\"ca\",\"potentialAction\":[{\"@type\":\"ReadAction\",\"target\":[\"https:\/\/www.factorenergia.com\/ca\/blog\/autoconsum-electric\/estalviar-des-del-primer-dia-amb-plaques-solars\/\"]}]},{\"@type\":\"BreadcrumbList\",\"@id\":\"https:\/\/www.factorenergia.com\/ca\/blog\/autoconsum-electric\/estalviar-des-del-primer-dia-amb-plaques-solars\/#breadcrumb\",\"itemListElement\":[{\"@type\":\"ListItem\",\"position\":1,\"name\":\"Portada\",\"item\":\"https:\/\/www.factorenergia.com\/ca\/\"},{\"@type\":\"ListItem\",\"position\":2,\"name\":\"Estalviar des del primer dia amb plaques solars?\"}]},{\"@type\":\"WebSite\",\"@id\":\"https:\/\/www.factorenergia.com\/es\/#website\",\"url\":\"https:\/\/www.factorenergia.com\/es\/\",\"name\":\"factorenergia\",\"description\":\"factorenergia\",\"potentialAction\":[{\"@type\":\"SearchAction\",\"target\":{\"@type\":\"EntryPoint\",\"urlTemplate\":\"https:\/\/www.factorenergia.com\/es\/?s={search_term_string}\"},\"query-input\":\"required name=search_term_string\"}],\"inLanguage\":\"ca\"},{\"@type\":\"Person\",\"@id\":\"https:\/\/www.factorenergia.com\/es\/#\/schema\/person\/dff9e4b6dc520720e3a37bdaaedc5841\",\"name\":\"Equipo Transici\u00f3n Energ\u00e9tica Factorenergia\",\"image\":{\"@type\":\"ImageObject\",\"inLanguage\":\"ca\",\"@id\":\"https:\/\/www.factorenergia.com\/es\/#\/schema\/person\/image\/\",\"url\":\"https:\/\/secure.gravatar.com\/avatar\/1b7c76bab80ee1c4261b06108874e24b?s=96&d=mm&r=g\",\"contentUrl\":\"https:\/\/secure.gravatar.com\/avatar\/1b7c76bab80ee1c4261b06108874e24b?s=96&d=mm&r=g\",\"caption\":\"Equipo Transici\u00f3n Energ\u00e9tica Factorenergia\"},\"description\":\"El equipo est\u00e1 formado por expertos en materia de Luz, Gas y Eficiencia Energ\u00e9tica, que conocen de primera mano las tendencias del mercado. Su experiencia en el sector les permite ofrecer las mejores soluciones energ\u00e9ticas y resolver las dudas planteadas por los clientes.\",\"sameAs\":[\"https:\/\/www.factorenergia.com\/es\/\",\"https:\/\/www.facebook.com\/factorenergiacom\",\"https:\/\/www.instagram.com\/factorenergia_com\/\",\"https:\/\/es.linkedin.com\/company\/factor-energia\",\"https:\/\/twitter.com\/factorenergia\",\"https:\/\/www.youtube.com\/c\/factorenergiacom\"],\"url\":\"https:\/\/www.factorenergia.com\/ca\/blog\/author\/marketing\/\"}]}<\/script>\n<!-- \/ Yoast SEO plugin. -->","yoast_head_json":{"title":"Estalviar des del primer dia amb plaques solars? | factorenergia","description":"Conegui els beneficis econ\u00f2mics d'instal\u00b7lar plaques solars en la seva llar. Descobreix si s'estalvia des del 1r dia amb aquesta energia.","robots":{"index":"index","follow":"follow","max-snippet":"max-snippet:-1","max-image-preview":"max-image-preview:large","max-video-preview":"max-video-preview:-1"},"canonical":"https:\/\/www.factorenergia.com\/ca\/blog\/autoconsum-electric\/estalviar-des-del-primer-dia-amb-plaques-solars\/","twitter_card":"summary_large_image","twitter_title":"Estalviar des del primer dia amb plaques solars? | factorenergia","twitter_description":"Conegui els beneficis econ\u00f2mics d'instal\u00b7lar plaques solars en la seva llar. Descobreix si s'estalvia des del 1r dia amb aquesta energia.","twitter_creator":"@factorenergia","twitter_site":"@factorenergia","twitter_misc":{"Written by":"Equipo Transici\u00f3n Energ\u00e9tica Factorenergia","Est. reading time":"2 minutes"},"schema":{"@context":"https:\/\/schema.org","@graph":[{"@type":"WebPage","@id":"https:\/\/www.factorenergia.com\/ca\/blog\/autoconsum-electric\/estalviar-des-del-primer-dia-amb-plaques-solars\/","url":"https:\/\/www.factorenergia.com\/ca\/blog\/autoconsum-electric\/estalviar-des-del-primer-dia-amb-plaques-solars\/","name":"Estalviar des del primer dia amb plaques solars? | factorenergia","isPartOf":{"@id":"https:\/\/www.factorenergia.com\/es\/#website"},"datePublished":"2023-04-18T11:13:39+00:00","dateModified":"2025-08-04T10:18:39+00:00","author":{"@id":"https:\/\/www.factorenergia.com\/es\/#\/schema\/person\/dff9e4b6dc520720e3a37bdaaedc5841"},"description":"Conegui els beneficis econ\u00f2mics d'instal\u00b7lar plaques solars en la seva llar. Descobreix si s'estalvia des del 1r dia amb aquesta energia.","breadcrumb":{"@id":"https:\/\/www.factorenergia.com\/ca\/blog\/autoconsum-electric\/estalviar-des-del-primer-dia-amb-plaques-solars\/#breadcrumb"},"inLanguage":"ca","potentialAction":[{"@type":"ReadAction","target":["https:\/\/www.factorenergia.com\/ca\/blog\/autoconsum-electric\/estalviar-des-del-primer-dia-amb-plaques-solars\/"]}]},{"@type":"BreadcrumbList","@id":"https:\/\/www.factorenergia.com\/ca\/blog\/autoconsum-electric\/estalviar-des-del-primer-dia-amb-plaques-solars\/#breadcrumb","itemListElement":[{"@type":"ListItem","position":1,"name":"Portada","item":"https:\/\/www.factorenergia.com\/ca\/"},{"@type":"ListItem","position":2,"name":"Estalviar des del primer dia amb plaques solars?"}]},{"@type":"WebSite","@id":"https:\/\/www.factorenergia.com\/es\/#website","url":"https:\/\/www.factorenergia.com\/es\/","name":"factorenergia","description":"factorenergia","potentialAction":[{"@type":"SearchAction","target":{"@type":"EntryPoint","urlTemplate":"https:\/\/www.factorenergia.com\/es\/?s={search_term_string}"},"query-input":"required name=search_term_string"}],"inLanguage":"ca"},{"@type":"Person","@id":"https:\/\/www.factorenergia.com\/es\/#\/schema\/person\/dff9e4b6dc520720e3a37bdaaedc5841","name":"Equipo Transici\u00f3n Energ\u00e9tica Factorenergia","image":{"@type":"ImageObject","inLanguage":"ca","@id":"https:\/\/www.factorenergia.com\/es\/#\/schema\/person\/image\/","url":"https:\/\/secure.gravatar.com\/avatar\/1b7c76bab80ee1c4261b06108874e24b?s=96&d=mm&r=g","contentUrl":"https:\/\/secure.gravatar.com\/avatar\/1b7c76bab80ee1c4261b06108874e24b?s=96&d=mm&r=g","caption":"Equipo Transici\u00f3n Energ\u00e9tica Factorenergia"},"description":"El equipo est\u00e1 formado por expertos en materia de Luz, Gas y Eficiencia Energ\u00e9tica, que conocen de primera mano las tendencias del mercado. Su experiencia en el sector les permite ofrecer las mejores soluciones energ\u00e9ticas y resolver las dudas planteadas por los clientes.","sameAs":["https:\/\/www.factorenergia.com\/es\/","https:\/\/www.facebook.com\/factorenergiacom","https:\/\/www.instagram.com\/factorenergia_com\/","https:\/\/es.linkedin.com\/company\/factor-energia","https:\/\/twitter.com\/factorenergia","https:\/\/www.youtube.com\/c\/factorenergiacom"],"url":"https:\/\/www.factorenergia.com\/ca\/blog\/author\/marketing\/"}]}},"_links":{"self":[{"href":"https:\/\/www.factorenergia.com\/ca\/wp-json\/wp\/v2\/posts\/20971"}],"collection":[{"href":"https:\/\/www.factorenergia.com\/ca\/wp-json\/wp\/v2\/posts"}],"about":[{"href":"https:\/\/www.factorenergia.com\/ca\/wp-json\/wp\/v2\/types\/post"}],"author":[{"embeddable":true,"href":"https:\/\/www.factorenergia.com\/ca\/wp-json\/wp\/v2\/users\/17"}],"replies":[{"embeddable":true,"href":"https:\/\/www.factorenergia.com\/ca\/wp-json\/wp\/v2\/comments?post=20971"}],"version-history":[{"count":3,"href":"https:\/\/www.factorenergia.com\/ca\/wp-json\/wp\/v2\/posts\/20971\/revisions"}],"predecessor-version":[{"id":29187,"href":"https:\/\/www.factorenergia.com\/ca\/wp-json\/wp\/v2\/posts\/20971\/revisions\/29187"}],"acf:post":[{"embeddable":true,"href":"https:\/\/www.factorenergia.com\/ca\/wp-json\/wp\/v2\/posts\/20692"}],"wp:attachment":[{"href":"https:\/\/www.factorenergia.com\/ca\/wp-json\/wp\/v2\/media?parent=20971"}],"wp:term":[{"taxonomy":"category","embeddable":true,"href":"https:\/\/www.factorenergia.com\/ca\/wp-json\/wp\/v2\/categories?post=20971"},{"taxonomy":"post_tag","embeddable":true,"href":"https:\/\/www.factorenergia.com\/ca\/wp-json\/wp\/v2\/tags?post=20971"}],"curies":[{"name":"wp","href":"https:\/\/api.w.org\/{rel}","templated":true}]}}