{"id":20895,"date":"2023-04-13T12:43:06","date_gmt":"2023-04-13T10:43:06","guid":{"rendered":"https:\/\/www.factorenergia.com\/ca\/?p=20895"},"modified":"2025-08-04T12:43:25","modified_gmt":"2025-08-04T10:43:25","slug":"la-resistencia-dels-panells-solars-als-cops","status":"publish","type":"post","link":"https:\/\/www.factorenergia.com\/ca\/blog\/autoconsum-electric\/la-resistencia-dels-panells-solars-als-cops\/","title":{"rendered":"La resist\u00e8ncia dels panells solars als cops"},"content":{"rendered":"<p>Els panells solars s&#8217;han convertit en una forma cada vegada m\u00e9s comuna de produir energia neta i renovable. Aquests panells s\u00f3n vers\u00e0tils i f\u00e0cils d&#8217;instal\u00b7lar, la qual cosa els fa una bona opci\u00f3 per a moltes persones. No obstant aix\u00f2, una de les principals preocupacions dels compradors de panells solars \u00e9s la seva durabilitat, especialment quan es tracta d&#8217;impactes f\u00edsics. Afortunadament<strong>, la resist\u00e8ncia dels panells solars \u00e9s molt elevada,<\/strong> la qual cosa els fa una excel\u00b7lent opci\u00f3 per a aquells que busquen una soluci\u00f3 d&#8217;energia renovable duradora.<\/p>\n<p>&nbsp;<\/p>\n<p>En primer lloc, <strong>els panells solars estan fets per a resistir les inclem\u00e8ncies del clima,<\/strong> cosa que significa que han de ser capa\u00e7os de resistir la pluja, el vent i el sol. Aquests elements poden danyar altres tipus d&#8217;energia renovable, com l&#8217;e\u00f2lica, per\u00f2 els panells solars estan dissenyats per a resistir-los. Aix\u00f2 els fa molt m\u00e9s duradors que altres tipus d&#8217;energia renovable.<\/p>\n<p>&nbsp;<\/p>\n<p>A m\u00e9s, <strong>els panells solars tenen una gran resist\u00e8ncia als impactes f\u00edsics.<\/strong> Aquests panells estan fets de materials resistents, com el vidre temperat i el policarbonat, que els fan resistents al trencament i al desgast. Aquests materials tamb\u00e9 s\u00f3n resistents a la corrosi\u00f3, cosa que significa que poden resistir els efectes dels canvis clim\u00e0tics. Aquesta resist\u00e8ncia als impactes f\u00edsics \u00e9s una dels principals avantatges dels panells solars.<\/p>\n<p>&nbsp;<\/p>\n<p>Una altra dels grans avantatges dels panells solars \u00e9s la seva resist\u00e8ncia als desastres naturals. Aquests panells es poden instal\u00b7lar en moltes \u00e0rees amb alt risc de desastres naturals, com a terratr\u00e8mols, huracans i tsunami. Aix\u00f2 es deu al fet que els panells solars s\u00f3n resistents als danys causats per aquests desastres. Aix\u00f2 els fa ideals per a aquells que viuen en \u00e0rees amb alts nivells d&#8217;amena\u00e7a de desastres naturals.<\/p>\n<p><!--- BANNER CAT AUTOCONSUMO --><\/p>\n<div style=\"background: white; box-shadow: 0px 5px 40px rgba(98, 129, 202, 0.2); margin-top: 0px; padding: 20px;\">\n<h4 style=\"margin-top: 0; margin-bottom: 10px;\"><span>Instal\u00b7la plaques solars i redueix la teva factura el\u00e8ctrica<\/span><\/h4>\n<p><span style=\"display: block;\"><span>El teu estudi de plaques solars en menys de 48 hores. Sense comprom\u00eds.<\/span><\/span><br \/>\n<a href=\"https:\/\/www.factorenergia.com\/ca\/llars\/autoconsum\/\" class=\"primary-btn center\">Preparem el teu estudi gratis<\/a><\/p>\n<\/div>\n<p><!--- BANNER CAT AUTOCONSUMO --><\/p>\n","protected":false},"excerpt":{"rendered":"<p>Els panells solars s&#8217;han convertit en una forma cada vegada m\u00e9s comuna de produir energia neta i renovable. Aquests panells s\u00f3n vers\u00e0tils i f\u00e0cils d&#8217;instal\u00b7lar, la qual cosa els fa una bona opci\u00f3 per a moltes persones. No obstant aix\u00f2, una de les principals preocupacions dels compradors de panells solars \u00e9s la seva durabilitat, especialment [&hellip;]<\/p>\n","protected":false},"author":17,"featured_media":0,"comment_status":"open","ping_status":"open","sticky":false,"template":"","format":"standard","meta":{"inline_featured_image":false,"footnotes":""},"categories":[66],"tags":[],"acf":{"fecha_de_la_entrada":"20230413","imagen_portada":29194,"categoria_blog":null,"tipo_de_distribuidora":null,"tiempo_lectura":"","banner_bool":false,"titulo_banner":"","texto_banner":"","texto_boton_banner":"","url_boton_banner":"","post_relacionados":[8710]},"yoast_head":"<!-- This site is optimized with the Yoast SEO plugin v22.2 - https:\/\/yoast.com\/wordpress\/plugins\/seo\/ -->\n<title>La resist\u00e8ncia dels panells solars als cops | factorenergia<\/title>\n<meta name=\"description\" content=\"Descobreix qu\u00e8 determina la resist\u00e8ncia dels panells solars als impactes i altres desafiaments naturals per a mantenir la seva funcionalitat.\" \/>\n<meta name=\"robots\" content=\"index, follow, max-snippet:-1, max-image-preview:large, max-video-preview:-1\" \/>\n<link rel=\"canonical\" href=\"https:\/\/www.factorenergia.com\/ca\/blog\/autoconsum-electric\/la-resistencia-dels-panells-solars-als-cops\/\" \/>\n<meta name=\"twitter:card\" content=\"summary_large_image\" \/>\n<meta name=\"twitter:title\" content=\"La resist\u00e8ncia dels panells solars als cops | factorenergia\" \/>\n<meta name=\"twitter:description\" content=\"Descobreix qu\u00e8 determina la resist\u00e8ncia dels panells solars als impactes i altres desafiaments naturals per a mantenir la seva funcionalitat.\" \/>\n<meta name=\"twitter:creator\" content=\"@factorenergia\" \/>\n<meta name=\"twitter:site\" content=\"@factorenergia\" \/>\n<meta name=\"twitter:label1\" content=\"Written by\" \/>\n\t<meta name=\"twitter:data1\" content=\"Equipo Transici\u00f3n Energ\u00e9tica Factorenergia\" \/>\n\t<meta name=\"twitter:label2\" content=\"Est. reading time\" \/>\n\t<meta name=\"twitter:data2\" content=\"2 minutes\" \/>\n<script type=\"application\/ld+json\" class=\"yoast-schema-graph\">{\"@context\":\"https:\/\/schema.org\",\"@graph\":[{\"@type\":\"WebPage\",\"@id\":\"https:\/\/www.factorenergia.com\/ca\/blog\/autoconsum-electric\/la-resistencia-dels-panells-solars-als-cops\/\",\"url\":\"https:\/\/www.factorenergia.com\/ca\/blog\/autoconsum-electric\/la-resistencia-dels-panells-solars-als-cops\/\",\"name\":\"La resist\u00e8ncia dels panells solars als cops | factorenergia\",\"isPartOf\":{\"@id\":\"https:\/\/www.factorenergia.com\/es\/#website\"},\"datePublished\":\"2023-04-13T10:43:06+00:00\",\"dateModified\":\"2025-08-04T10:43:25+00:00\",\"author\":{\"@id\":\"https:\/\/www.factorenergia.com\/es\/#\/schema\/person\/dff9e4b6dc520720e3a37bdaaedc5841\"},\"description\":\"Descobreix qu\u00e8 determina la resist\u00e8ncia dels panells solars als impactes i altres desafiaments naturals per a mantenir la seva funcionalitat.\",\"breadcrumb\":{\"@id\":\"https:\/\/www.factorenergia.com\/ca\/blog\/autoconsum-electric\/la-resistencia-dels-panells-solars-als-cops\/#breadcrumb\"},\"inLanguage\":\"ca\",\"potentialAction\":[{\"@type\":\"ReadAction\",\"target\":[\"https:\/\/www.factorenergia.com\/ca\/blog\/autoconsum-electric\/la-resistencia-dels-panells-solars-als-cops\/\"]}]},{\"@type\":\"BreadcrumbList\",\"@id\":\"https:\/\/www.factorenergia.com\/ca\/blog\/autoconsum-electric\/la-resistencia-dels-panells-solars-als-cops\/#breadcrumb\",\"itemListElement\":[{\"@type\":\"ListItem\",\"position\":1,\"name\":\"Portada\",\"item\":\"https:\/\/www.factorenergia.com\/ca\/\"},{\"@type\":\"ListItem\",\"position\":2,\"name\":\"La resist\u00e8ncia dels panells solars als cops\"}]},{\"@type\":\"WebSite\",\"@id\":\"https:\/\/www.factorenergia.com\/es\/#website\",\"url\":\"https:\/\/www.factorenergia.com\/es\/\",\"name\":\"factorenergia\",\"description\":\"factorenergia\",\"potentialAction\":[{\"@type\":\"SearchAction\",\"target\":{\"@type\":\"EntryPoint\",\"urlTemplate\":\"https:\/\/www.factorenergia.com\/es\/?s={search_term_string}\"},\"query-input\":\"required name=search_term_string\"}],\"inLanguage\":\"ca\"},{\"@type\":\"Person\",\"@id\":\"https:\/\/www.factorenergia.com\/es\/#\/schema\/person\/dff9e4b6dc520720e3a37bdaaedc5841\",\"name\":\"Equipo Transici\u00f3n Energ\u00e9tica Factorenergia\",\"image\":{\"@type\":\"ImageObject\",\"inLanguage\":\"ca\",\"@id\":\"https:\/\/www.factorenergia.com\/es\/#\/schema\/person\/image\/\",\"url\":\"https:\/\/secure.gravatar.com\/avatar\/1b7c76bab80ee1c4261b06108874e24b?s=96&d=mm&r=g\",\"contentUrl\":\"https:\/\/secure.gravatar.com\/avatar\/1b7c76bab80ee1c4261b06108874e24b?s=96&d=mm&r=g\",\"caption\":\"Equipo Transici\u00f3n Energ\u00e9tica Factorenergia\"},\"description\":\"El equipo est\u00e1 formado por expertos en materia de Luz, Gas y Eficiencia Energ\u00e9tica, que conocen de primera mano las tendencias del mercado. Su experiencia en el sector les permite ofrecer las mejores soluciones energ\u00e9ticas y resolver las dudas planteadas por los clientes.\",\"sameAs\":[\"https:\/\/www.factorenergia.com\/es\/\",\"https:\/\/www.facebook.com\/factorenergiacom\",\"https:\/\/www.instagram.com\/factorenergia_com\/\",\"https:\/\/es.linkedin.com\/company\/factor-energia\",\"https:\/\/twitter.com\/factorenergia\",\"https:\/\/www.youtube.com\/c\/factorenergiacom\"],\"url\":\"https:\/\/www.factorenergia.com\/ca\/blog\/author\/marketing\/\"}]}<\/script>\n<!-- \/ Yoast SEO plugin. -->","yoast_head_json":{"title":"La resist\u00e8ncia dels panells solars als cops | factorenergia","description":"Descobreix qu\u00e8 determina la resist\u00e8ncia dels panells solars als impactes i altres desafiaments naturals per a mantenir la seva funcionalitat.","robots":{"index":"index","follow":"follow","max-snippet":"max-snippet:-1","max-image-preview":"max-image-preview:large","max-video-preview":"max-video-preview:-1"},"canonical":"https:\/\/www.factorenergia.com\/ca\/blog\/autoconsum-electric\/la-resistencia-dels-panells-solars-als-cops\/","twitter_card":"summary_large_image","twitter_title":"La resist\u00e8ncia dels panells solars als cops | factorenergia","twitter_description":"Descobreix qu\u00e8 determina la resist\u00e8ncia dels panells solars als impactes i altres desafiaments naturals per a mantenir la seva funcionalitat.","twitter_creator":"@factorenergia","twitter_site":"@factorenergia","twitter_misc":{"Written by":"Equipo Transici\u00f3n Energ\u00e9tica Factorenergia","Est. reading time":"2 minutes"},"schema":{"@context":"https:\/\/schema.org","@graph":[{"@type":"WebPage","@id":"https:\/\/www.factorenergia.com\/ca\/blog\/autoconsum-electric\/la-resistencia-dels-panells-solars-als-cops\/","url":"https:\/\/www.factorenergia.com\/ca\/blog\/autoconsum-electric\/la-resistencia-dels-panells-solars-als-cops\/","name":"La resist\u00e8ncia dels panells solars als cops | factorenergia","isPartOf":{"@id":"https:\/\/www.factorenergia.com\/es\/#website"},"datePublished":"2023-04-13T10:43:06+00:00","dateModified":"2025-08-04T10:43:25+00:00","author":{"@id":"https:\/\/www.factorenergia.com\/es\/#\/schema\/person\/dff9e4b6dc520720e3a37bdaaedc5841"},"description":"Descobreix qu\u00e8 determina la resist\u00e8ncia dels panells solars als impactes i altres desafiaments naturals per a mantenir la seva funcionalitat.","breadcrumb":{"@id":"https:\/\/www.factorenergia.com\/ca\/blog\/autoconsum-electric\/la-resistencia-dels-panells-solars-als-cops\/#breadcrumb"},"inLanguage":"ca","potentialAction":[{"@type":"ReadAction","target":["https:\/\/www.factorenergia.com\/ca\/blog\/autoconsum-electric\/la-resistencia-dels-panells-solars-als-cops\/"]}]},{"@type":"BreadcrumbList","@id":"https:\/\/www.factorenergia.com\/ca\/blog\/autoconsum-electric\/la-resistencia-dels-panells-solars-als-cops\/#breadcrumb","itemListElement":[{"@type":"ListItem","position":1,"name":"Portada","item":"https:\/\/www.factorenergia.com\/ca\/"},{"@type":"ListItem","position":2,"name":"La resist\u00e8ncia dels panells solars als cops"}]},{"@type":"WebSite","@id":"https:\/\/www.factorenergia.com\/es\/#website","url":"https:\/\/www.factorenergia.com\/es\/","name":"factorenergia","description":"factorenergia","potentialAction":[{"@type":"SearchAction","target":{"@type":"EntryPoint","urlTemplate":"https:\/\/www.factorenergia.com\/es\/?s={search_term_string}"},"query-input":"required name=search_term_string"}],"inLanguage":"ca"},{"@type":"Person","@id":"https:\/\/www.factorenergia.com\/es\/#\/schema\/person\/dff9e4b6dc520720e3a37bdaaedc5841","name":"Equipo Transici\u00f3n Energ\u00e9tica Factorenergia","image":{"@type":"ImageObject","inLanguage":"ca","@id":"https:\/\/www.factorenergia.com\/es\/#\/schema\/person\/image\/","url":"https:\/\/secure.gravatar.com\/avatar\/1b7c76bab80ee1c4261b06108874e24b?s=96&d=mm&r=g","contentUrl":"https:\/\/secure.gravatar.com\/avatar\/1b7c76bab80ee1c4261b06108874e24b?s=96&d=mm&r=g","caption":"Equipo Transici\u00f3n Energ\u00e9tica Factorenergia"},"description":"El equipo est\u00e1 formado por expertos en materia de Luz, Gas y Eficiencia Energ\u00e9tica, que conocen de primera mano las tendencias del mercado. Su experiencia en el sector les permite ofrecer las mejores soluciones energ\u00e9ticas y resolver las dudas planteadas por los clientes.","sameAs":["https:\/\/www.factorenergia.com\/es\/","https:\/\/www.facebook.com\/factorenergiacom","https:\/\/www.instagram.com\/factorenergia_com\/","https:\/\/es.linkedin.com\/company\/factor-energia","https:\/\/twitter.com\/factorenergia","https:\/\/www.youtube.com\/c\/factorenergiacom"],"url":"https:\/\/www.factorenergia.com\/ca\/blog\/author\/marketing\/"}]}},"_links":{"self":[{"href":"https:\/\/www.factorenergia.com\/ca\/wp-json\/wp\/v2\/posts\/20895"}],"collection":[{"href":"https:\/\/www.factorenergia.com\/ca\/wp-json\/wp\/v2\/posts"}],"about":[{"href":"https:\/\/www.factorenergia.com\/ca\/wp-json\/wp\/v2\/types\/post"}],"author":[{"embeddable":true,"href":"https:\/\/www.factorenergia.com\/ca\/wp-json\/wp\/v2\/users\/17"}],"replies":[{"embeddable":true,"href":"https:\/\/www.factorenergia.com\/ca\/wp-json\/wp\/v2\/comments?post=20895"}],"version-history":[{"count":2,"href":"https:\/\/www.factorenergia.com\/ca\/wp-json\/wp\/v2\/posts\/20895\/revisions"}],"predecessor-version":[{"id":29196,"href":"https:\/\/www.factorenergia.com\/ca\/wp-json\/wp\/v2\/posts\/20895\/revisions\/29196"}],"acf:post":[{"embeddable":true,"href":"https:\/\/www.factorenergia.com\/ca\/wp-json\/wp\/v2\/posts\/8710"}],"wp:attachment":[{"href":"https:\/\/www.factorenergia.com\/ca\/wp-json\/wp\/v2\/media?parent=20895"}],"wp:term":[{"taxonomy":"category","embeddable":true,"href":"https:\/\/www.factorenergia.com\/ca\/wp-json\/wp\/v2\/categories?post=20895"},{"taxonomy":"post_tag","embeddable":true,"href":"https:\/\/www.factorenergia.com\/ca\/wp-json\/wp\/v2\/tags?post=20895"}],"curies":[{"name":"wp","href":"https:\/\/api.w.org\/{rel}","templated":true}]}}