{"id":20810,"date":"2023-04-04T11:28:48","date_gmt":"2023-04-04T09:28:48","guid":{"rendered":"https:\/\/www.factorenergia.com\/ca\/?p=20810"},"modified":"2025-07-31T09:23:18","modified_gmt":"2025-07-31T07:23:18","slug":"instal%c2%b7lacio-de-plaques-solars-necessites-bateries","status":"publish","type":"post","link":"https:\/\/www.factorenergia.com\/ca\/blog\/autoconsum-electric\/instal%c2%b7lacio-de-plaques-solars-necessites-bateries\/","title":{"rendered":"Instal\u00b7laci\u00f3 de plaques solars: necessites bateries?"},"content":{"rendered":"<p>L&#8217;energia solar \u00e9s una font d&#8217;energia neta i renovable que cada vegada est\u00e0 sent m\u00e9s popular com una soluci\u00f3 per a la producci\u00f3 d&#8217;energia per a la llar. Aix\u00f2 es deu al seu baix cost de manteniment, la seva facilitat d&#8217;\u00fas i la seva efici\u00e8ncia energ\u00e8tica. La <span><a href=\"https:\/\/www.factorenergia.com\/ca\/blog\/autoconsum-electric\/avantatges-de-lautoconsum\/\">instal\u00b7laci\u00f3 fotovoltaica d&#8217;autoconsum<\/a> amb<\/span>\u00a0plaques solars \u00e9s el pas inicial per a comen\u00e7ar a usar l&#8217;energia solar en la teva llar, per\u00f2 \u00e9s necessari instal\u00b7lar bateries? La resposta dep\u00e8n de molts factors, com les teves necessitats energ\u00e8tiques, el clima de la teva regi\u00f3 i la disponibilitat de la xarxa el\u00e8ctrica.<\/p>\n<p>&nbsp;<\/p>\n<p>Per a determinar si necessites instal\u00b7lar bateries, primer <strong>has de considerar la quantitat d&#8217;energia que necessites per a la teva llar<\/strong>. Si les teves necessitats energ\u00e8tiques s\u00f3n baixes, pots optar per l&#8217;opci\u00f3 m\u00e9s barata de connectar-se a la xarxa el\u00e8ctrica. Aix\u00f2 significa que l&#8217;excedent d&#8217;energia solar que produeixis se&#8217;t compensar\u00e0 mitjan\u00e7ant la <a href=\"https:\/\/www.factorenergia.com\/ca\/plaques-solars\/excedents-autoconsum\/\">Compensaci\u00f3 Simplificada d&#8217;excedents<\/a> o s&#8217;acumular\u00e0 en la teva <a href=\"https:\/\/www.factorenergia.com\/ca\/plaques-solars\/bateria-virtual\/\">Bateria Virtual<\/a>, per a descomptar-se en la teva factura de la llum a manera d&#8217;estalvi addicional.<\/p>\n<p>&nbsp;<\/p>\n<p>Si pel contrari les teves necessitats energ\u00e8tiques s\u00f3n altes, \u00e9s possible que necessitis emmagatzemar l&#8217;energia solar per a \u00fas posterior. Aix\u00f2 significa que necessitar\u00e0s bateries per a emmagatzemar l&#8217;energia solar quan no estigui disponible la llum solar, com en la nit o en els dies ennuvolats.<\/p>\n<p>&nbsp;<\/p>\n<p>A m\u00e9s de les teves necessitats energ\u00e8tiques, tamb\u00e9 \u00e9s important considerar el clima de la teva regi\u00f3. <strong>Si vius en una \u00e0rea on hi ha molts dies assolellats durant tot l&#8217;any, \u00e9s possible que no necessitis bateries per a emmagatzemar l&#8217;energia solar<\/strong>. No obstant aix\u00f2, si vius en una regi\u00f3 amb un clima m\u00e9s inestable, \u00e9s possible que necessitis instal\u00b7lar bateries per a assegurar un subministrament constant d&#8217;energia.<\/p>\n<p>&nbsp;<\/p>\n<p>Finalment, tamb\u00e9 \u00e9s important considerar la disponibilitat de la xarxa el\u00e8ctrica<strong>. Si vius en una zona on la xarxa el\u00e8ctrica \u00e9s poc de confian\u00e7a o inexistent, \u00e9s possible que necessitis instal\u00b7lar bateries<\/strong> per a emmagatzemar energia solar per a \u00fas posterior. Aix\u00f2 et permetr\u00e0 gaudir de l&#8217;energia solar fins i tot quan la xarxa el\u00e8ctrica estigui fora de servei.<\/p>\n<p>&nbsp;<\/p>\n<p>En conclusi\u00f3, si est\u00e0s planejant instal\u00b7lar plaques solars per a la teva llar, \u00e9s important considerar si necessites instal\u00b7lar bateries per a emmagatzemar l&#8217;energia solar. Per a aix\u00f2 ser\u00e0 important tenir en compte els factors exposats i en cas de dubte pots consultar al nostre equip d&#8217;experts en el 900 377 538.<\/p>\n","protected":false},"excerpt":{"rendered":"<p>L&#8217;energia solar \u00e9s una font d&#8217;energia neta i renovable que cada vegada est\u00e0 sent m\u00e9s popular com una soluci\u00f3 per a la producci\u00f3 d&#8217;energia per a la llar. Aix\u00f2 es deu al seu baix cost de manteniment, la seva facilitat d&#8217;\u00fas i la seva efici\u00e8ncia energ\u00e8tica. La instal\u00b7laci\u00f3 fotovoltaica d&#8217;autoconsum amb\u00a0plaques solars \u00e9s el pas [&hellip;]<\/p>\n","protected":false},"author":17,"featured_media":0,"comment_status":"open","ping_status":"open","sticky":false,"template":"","format":"standard","meta":{"inline_featured_image":false,"footnotes":""},"categories":[66],"tags":[],"acf":{"fecha_de_la_entrada":"20230404","imagen_portada":28956,"categoria_blog":null,"tipo_de_distribuidora":null,"tiempo_lectura":"","banner_bool":false,"titulo_banner":"","texto_banner":"","texto_boton_banner":"","url_boton_banner":"","post_relacionados":""},"yoast_head":"<!-- This site is optimized with the Yoast SEO plugin v22.2 - https:\/\/yoast.com\/wordpress\/plugins\/seo\/ -->\n<title>Instal\u00b7laci\u00f3 de plaques solars: necessites bateries? | factorenergia<\/title>\n<meta name=\"description\" content=\"Descobreix que factors has de tenir en compte abans de decidir-te a afegir bateries a la teva instal\u00b7laci\u00f3 de plaques solars.\" \/>\n<meta name=\"robots\" content=\"index, follow, max-snippet:-1, max-image-preview:large, max-video-preview:-1\" \/>\n<link rel=\"canonical\" href=\"https:\/\/www.factorenergia.com\/ca\/blog\/autoconsum-electric\/instal\u00b7lacio-de-plaques-solars-necessites-bateries\/\" \/>\n<meta name=\"twitter:card\" content=\"summary_large_image\" \/>\n<meta name=\"twitter:title\" content=\"Instal\u00b7laci\u00f3 de plaques solars: necessites bateries? | factorenergia\" \/>\n<meta name=\"twitter:description\" content=\"Descobreix que factors has de tenir en compte abans de decidir-te a afegir bateries a la teva instal\u00b7laci\u00f3 de plaques solars.\" \/>\n<meta name=\"twitter:creator\" content=\"@factorenergia\" \/>\n<meta name=\"twitter:site\" content=\"@factorenergia\" \/>\n<meta name=\"twitter:label1\" content=\"Written by\" \/>\n\t<meta name=\"twitter:data1\" content=\"Equipo Transici\u00f3n Energ\u00e9tica Factorenergia\" \/>\n\t<meta name=\"twitter:label2\" content=\"Est. reading time\" \/>\n\t<meta name=\"twitter:data2\" content=\"2 minutes\" \/>\n<script type=\"application\/ld+json\" class=\"yoast-schema-graph\">{\"@context\":\"https:\/\/schema.org\",\"@graph\":[{\"@type\":\"WebPage\",\"@id\":\"https:\/\/www.factorenergia.com\/ca\/blog\/autoconsum-electric\/instal%c2%b7lacio-de-plaques-solars-necessites-bateries\/\",\"url\":\"https:\/\/www.factorenergia.com\/ca\/blog\/autoconsum-electric\/instal%c2%b7lacio-de-plaques-solars-necessites-bateries\/\",\"name\":\"Instal\u00b7laci\u00f3 de plaques solars: necessites bateries? | factorenergia\",\"isPartOf\":{\"@id\":\"https:\/\/www.factorenergia.com\/es\/#website\"},\"datePublished\":\"2023-04-04T09:28:48+00:00\",\"dateModified\":\"2025-07-31T07:23:18+00:00\",\"author\":{\"@id\":\"https:\/\/www.factorenergia.com\/es\/#\/schema\/person\/dff9e4b6dc520720e3a37bdaaedc5841\"},\"description\":\"Descobreix que factors has de tenir en compte abans de decidir-te a afegir bateries a la teva instal\u00b7laci\u00f3 de plaques solars.\",\"breadcrumb\":{\"@id\":\"https:\/\/www.factorenergia.com\/ca\/blog\/autoconsum-electric\/instal%c2%b7lacio-de-plaques-solars-necessites-bateries\/#breadcrumb\"},\"inLanguage\":\"ca\",\"potentialAction\":[{\"@type\":\"ReadAction\",\"target\":[\"https:\/\/www.factorenergia.com\/ca\/blog\/autoconsum-electric\/instal%c2%b7lacio-de-plaques-solars-necessites-bateries\/\"]}]},{\"@type\":\"BreadcrumbList\",\"@id\":\"https:\/\/www.factorenergia.com\/ca\/blog\/autoconsum-electric\/instal%c2%b7lacio-de-plaques-solars-necessites-bateries\/#breadcrumb\",\"itemListElement\":[{\"@type\":\"ListItem\",\"position\":1,\"name\":\"Portada\",\"item\":\"https:\/\/www.factorenergia.com\/ca\/\"},{\"@type\":\"ListItem\",\"position\":2,\"name\":\"Instal\u00b7laci\u00f3 de plaques solars: necessites bateries?\"}]},{\"@type\":\"WebSite\",\"@id\":\"https:\/\/www.factorenergia.com\/es\/#website\",\"url\":\"https:\/\/www.factorenergia.com\/es\/\",\"name\":\"factorenergia\",\"description\":\"factorenergia\",\"potentialAction\":[{\"@type\":\"SearchAction\",\"target\":{\"@type\":\"EntryPoint\",\"urlTemplate\":\"https:\/\/www.factorenergia.com\/es\/?s={search_term_string}\"},\"query-input\":\"required name=search_term_string\"}],\"inLanguage\":\"ca\"},{\"@type\":\"Person\",\"@id\":\"https:\/\/www.factorenergia.com\/es\/#\/schema\/person\/dff9e4b6dc520720e3a37bdaaedc5841\",\"name\":\"Equipo Transici\u00f3n Energ\u00e9tica Factorenergia\",\"image\":{\"@type\":\"ImageObject\",\"inLanguage\":\"ca\",\"@id\":\"https:\/\/www.factorenergia.com\/es\/#\/schema\/person\/image\/\",\"url\":\"https:\/\/secure.gravatar.com\/avatar\/1b7c76bab80ee1c4261b06108874e24b?s=96&d=mm&r=g\",\"contentUrl\":\"https:\/\/secure.gravatar.com\/avatar\/1b7c76bab80ee1c4261b06108874e24b?s=96&d=mm&r=g\",\"caption\":\"Equipo Transici\u00f3n Energ\u00e9tica Factorenergia\"},\"description\":\"El equipo est\u00e1 formado por expertos en materia de Luz, Gas y Eficiencia Energ\u00e9tica, que conocen de primera mano las tendencias del mercado. Su experiencia en el sector les permite ofrecer las mejores soluciones energ\u00e9ticas y resolver las dudas planteadas por los clientes.\",\"sameAs\":[\"https:\/\/www.factorenergia.com\/es\/\",\"https:\/\/www.facebook.com\/factorenergiacom\",\"https:\/\/www.instagram.com\/factorenergia_com\/\",\"https:\/\/es.linkedin.com\/company\/factor-energia\",\"https:\/\/twitter.com\/factorenergia\",\"https:\/\/www.youtube.com\/c\/factorenergiacom\"],\"url\":\"https:\/\/www.factorenergia.com\/ca\/blog\/author\/marketing\/\"}]}<\/script>\n<!-- \/ Yoast SEO plugin. -->","yoast_head_json":{"title":"Instal\u00b7laci\u00f3 de plaques solars: necessites bateries? | factorenergia","description":"Descobreix que factors has de tenir en compte abans de decidir-te a afegir bateries a la teva instal\u00b7laci\u00f3 de plaques solars.","robots":{"index":"index","follow":"follow","max-snippet":"max-snippet:-1","max-image-preview":"max-image-preview:large","max-video-preview":"max-video-preview:-1"},"canonical":"https:\/\/www.factorenergia.com\/ca\/blog\/autoconsum-electric\/instal\u00b7lacio-de-plaques-solars-necessites-bateries\/","twitter_card":"summary_large_image","twitter_title":"Instal\u00b7laci\u00f3 de plaques solars: necessites bateries? | factorenergia","twitter_description":"Descobreix que factors has de tenir en compte abans de decidir-te a afegir bateries a la teva instal\u00b7laci\u00f3 de plaques solars.","twitter_creator":"@factorenergia","twitter_site":"@factorenergia","twitter_misc":{"Written by":"Equipo Transici\u00f3n Energ\u00e9tica Factorenergia","Est. reading time":"2 minutes"},"schema":{"@context":"https:\/\/schema.org","@graph":[{"@type":"WebPage","@id":"https:\/\/www.factorenergia.com\/ca\/blog\/autoconsum-electric\/instal%c2%b7lacio-de-plaques-solars-necessites-bateries\/","url":"https:\/\/www.factorenergia.com\/ca\/blog\/autoconsum-electric\/instal%c2%b7lacio-de-plaques-solars-necessites-bateries\/","name":"Instal\u00b7laci\u00f3 de plaques solars: necessites bateries? | factorenergia","isPartOf":{"@id":"https:\/\/www.factorenergia.com\/es\/#website"},"datePublished":"2023-04-04T09:28:48+00:00","dateModified":"2025-07-31T07:23:18+00:00","author":{"@id":"https:\/\/www.factorenergia.com\/es\/#\/schema\/person\/dff9e4b6dc520720e3a37bdaaedc5841"},"description":"Descobreix que factors has de tenir en compte abans de decidir-te a afegir bateries a la teva instal\u00b7laci\u00f3 de plaques solars.","breadcrumb":{"@id":"https:\/\/www.factorenergia.com\/ca\/blog\/autoconsum-electric\/instal%c2%b7lacio-de-plaques-solars-necessites-bateries\/#breadcrumb"},"inLanguage":"ca","potentialAction":[{"@type":"ReadAction","target":["https:\/\/www.factorenergia.com\/ca\/blog\/autoconsum-electric\/instal%c2%b7lacio-de-plaques-solars-necessites-bateries\/"]}]},{"@type":"BreadcrumbList","@id":"https:\/\/www.factorenergia.com\/ca\/blog\/autoconsum-electric\/instal%c2%b7lacio-de-plaques-solars-necessites-bateries\/#breadcrumb","itemListElement":[{"@type":"ListItem","position":1,"name":"Portada","item":"https:\/\/www.factorenergia.com\/ca\/"},{"@type":"ListItem","position":2,"name":"Instal\u00b7laci\u00f3 de plaques solars: necessites bateries?"}]},{"@type":"WebSite","@id":"https:\/\/www.factorenergia.com\/es\/#website","url":"https:\/\/www.factorenergia.com\/es\/","name":"factorenergia","description":"factorenergia","potentialAction":[{"@type":"SearchAction","target":{"@type":"EntryPoint","urlTemplate":"https:\/\/www.factorenergia.com\/es\/?s={search_term_string}"},"query-input":"required name=search_term_string"}],"inLanguage":"ca"},{"@type":"Person","@id":"https:\/\/www.factorenergia.com\/es\/#\/schema\/person\/dff9e4b6dc520720e3a37bdaaedc5841","name":"Equipo Transici\u00f3n Energ\u00e9tica Factorenergia","image":{"@type":"ImageObject","inLanguage":"ca","@id":"https:\/\/www.factorenergia.com\/es\/#\/schema\/person\/image\/","url":"https:\/\/secure.gravatar.com\/avatar\/1b7c76bab80ee1c4261b06108874e24b?s=96&d=mm&r=g","contentUrl":"https:\/\/secure.gravatar.com\/avatar\/1b7c76bab80ee1c4261b06108874e24b?s=96&d=mm&r=g","caption":"Equipo Transici\u00f3n Energ\u00e9tica Factorenergia"},"description":"El equipo est\u00e1 formado por expertos en materia de Luz, Gas y Eficiencia Energ\u00e9tica, que conocen de primera mano las tendencias del mercado. Su experiencia en el sector les permite ofrecer las mejores soluciones energ\u00e9ticas y resolver las dudas planteadas por los clientes.","sameAs":["https:\/\/www.factorenergia.com\/es\/","https:\/\/www.facebook.com\/factorenergiacom","https:\/\/www.instagram.com\/factorenergia_com\/","https:\/\/es.linkedin.com\/company\/factor-energia","https:\/\/twitter.com\/factorenergia","https:\/\/www.youtube.com\/c\/factorenergiacom"],"url":"https:\/\/www.factorenergia.com\/ca\/blog\/author\/marketing\/"}]}},"_links":{"self":[{"href":"https:\/\/www.factorenergia.com\/ca\/wp-json\/wp\/v2\/posts\/20810"}],"collection":[{"href":"https:\/\/www.factorenergia.com\/ca\/wp-json\/wp\/v2\/posts"}],"about":[{"href":"https:\/\/www.factorenergia.com\/ca\/wp-json\/wp\/v2\/types\/post"}],"author":[{"embeddable":true,"href":"https:\/\/www.factorenergia.com\/ca\/wp-json\/wp\/v2\/users\/17"}],"replies":[{"embeddable":true,"href":"https:\/\/www.factorenergia.com\/ca\/wp-json\/wp\/v2\/comments?post=20810"}],"version-history":[{"count":9,"href":"https:\/\/www.factorenergia.com\/ca\/wp-json\/wp\/v2\/posts\/20810\/revisions"}],"predecessor-version":[{"id":29030,"href":"https:\/\/www.factorenergia.com\/ca\/wp-json\/wp\/v2\/posts\/20810\/revisions\/29030"}],"wp:attachment":[{"href":"https:\/\/www.factorenergia.com\/ca\/wp-json\/wp\/v2\/media?parent=20810"}],"wp:term":[{"taxonomy":"category","embeddable":true,"href":"https:\/\/www.factorenergia.com\/ca\/wp-json\/wp\/v2\/categories?post=20810"},{"taxonomy":"post_tag","embeddable":true,"href":"https:\/\/www.factorenergia.com\/ca\/wp-json\/wp\/v2\/tags?post=20810"}],"curies":[{"name":"wp","href":"https:\/\/api.w.org\/{rel}","templated":true}]}}