{"id":20720,"date":"2023-04-03T12:24:27","date_gmt":"2023-04-03T10:24:27","guid":{"rendered":"https:\/\/www.factorenergia.com\/ca\/?p=20720"},"modified":"2025-08-06T11:59:50","modified_gmt":"2025-08-06T09:59:50","slug":"quina-es-la-font-denergia-mes-barata","status":"publish","type":"post","link":"https:\/\/www.factorenergia.com\/ca\/blog\/eficiencia-energetica\/quina-es-la-font-denergia-mes-barata\/","title":{"rendered":"Quina \u00e9s la font d&#8217;energia m\u00e9s barata?"},"content":{"rendered":"<p>En els \u00faltims anys, <strong>l&#8217;energia solar ha demostrat ser la font d&#8217;energia m\u00e9s barata<\/strong>. Encara que hi ha altres m\u00e8todes de producci\u00f3 d&#8217;energia, com l&#8217;energia e\u00f2lica, l&#8217;energia solar es destaca per ser una de les m\u00e9s assequibles. Aix\u00f2 es deu a la disponibilitat de la llum solar, aix\u00ed com a la tecnologia relacionada amb la producci\u00f3 d&#8217;energia solar.<\/p>\n<p>&nbsp;<\/p>\n<p>En primer lloc, hem d&#8217;entendre que els sistemes d&#8217;<a href=\"https:\/\/www.factorenergia.com\/ca\/blog\/autoconsum-electric\/energia-solar-tot-el-que-has-de-saber\/\">energia solar<\/a> es basen en la tecnologia de panells solars. Aquests panells s&#8217;instal\u00b7len en els sostres d&#8217;una casa o en el s\u00f2l, i s&#8217;utilitzen per a capturar la llum solar i convertir-la en electricitat que s&#8217;usa directament en la llar. Aquesta tecnologia s&#8217;ha convertit en una de les m\u00e9s populars en totes les llars al voltant del m\u00f3n, i <strong>s&#8217;ha tornat cada vegada m\u00e9s barata amb el temps. Aix\u00f2 es deu principalment a la millora de la tecnologia, aix\u00ed com a la disminuci\u00f3 dels costos de producci\u00f3. <\/strong><\/p>\n<p>&nbsp;<\/p>\n<p>A m\u00e9s, <strong>l&#8217;energia solar \u00e9s una font d&#8217;energia renovable i neta<\/strong>. Aix\u00f2 significa que no emet di\u00f2xid de carboni o altres contaminants en l&#8217;atmosfera. Aix\u00f2 la fa una alternativa molt m\u00e9s atractiva que altres formes d&#8217;energia, com l&#8217;energia nuclear o l&#8217;\u00fas de combustibles f\u00f2ssils. Aix\u00f2 tamb\u00e9 significa que els costos de producci\u00f3 s\u00f3n m\u00e9s baixos, ja que no hi ha costos relacionats amb la reducci\u00f3 de la contaminaci\u00f3. Aix\u00f2 fa que l&#8217;energia solar sigui una opci\u00f3 molt m\u00e9s barata que altres m\u00e8todes de producci\u00f3 d&#8217;energia.<\/p>\n<p>&nbsp;<\/p>\n<p>En conclusi\u00f3, l&#8217;energia solar s&#8217;est\u00e0 convertint gradualment en la font d&#8217;energia m\u00e9s barata. Aix\u00f2 es deu a la millora de la tecnologia, aix\u00ed com a la baixa taxa de contaminaci\u00f3. \u00c9s el moment! Fa el pas a l&#8217;autoconsum per a generar la teva pr\u00f2pia energia i estalviar en la teva factura de la llum.<\/p>\n<p>&nbsp;<\/p>\n","protected":false},"excerpt":{"rendered":"<p>En els \u00faltims anys, l&#8217;energia solar ha demostrat ser la font d&#8217;energia m\u00e9s barata. Encara que hi ha altres m\u00e8todes de producci\u00f3 d&#8217;energia, com l&#8217;energia e\u00f2lica, l&#8217;energia solar es destaca per ser una de les m\u00e9s assequibles. Aix\u00f2 es deu a la disponibilitat de la llum solar, aix\u00ed com a la tecnologia relacionada amb la [&hellip;]<\/p>\n","protected":false},"author":17,"featured_media":0,"comment_status":"open","ping_status":"open","sticky":false,"template":"","format":"standard","meta":{"inline_featured_image":false,"footnotes":""},"categories":[56],"tags":[],"acf":{"fecha_de_la_entrada":"20230403","imagen_portada":28530,"categoria_blog":null,"tipo_de_distribuidora":null,"tiempo_lectura":"","banner_bool":false,"titulo_banner":"","texto_banner":"","texto_boton_banner":"","url_boton_banner":"","post_relacionados":[8710]},"yoast_head":"<!-- This site is optimized with the Yoast SEO plugin v22.2 - https:\/\/yoast.com\/wordpress\/plugins\/seo\/ -->\n<title>Quina \u00e9s la font d&#039;energia m\u00e9s barata? | factorenergia<\/title>\n<meta name=\"description\" content=\"Est\u00e0s buscant una font d&#039;energia m\u00e9s barata? Llavors l&#039;energia solar \u00e9s la teva millor opci\u00f3. Descobreix aqu\u00ed per qu\u00e8!\" \/>\n<meta name=\"robots\" content=\"index, follow, max-snippet:-1, max-image-preview:large, max-video-preview:-1\" \/>\n<link rel=\"canonical\" href=\"https:\/\/www.factorenergia.com\/ca\/blog\/eficiencia-energetica\/quina-es-la-font-denergia-mes-barata\/\" \/>\n<meta name=\"twitter:card\" content=\"summary_large_image\" \/>\n<meta name=\"twitter:title\" content=\"Quina \u00e9s la font d&#039;energia m\u00e9s barata? | factorenergia\" \/>\n<meta name=\"twitter:description\" content=\"Est\u00e0s buscant una font d&#039;energia m\u00e9s barata? Llavors l&#039;energia solar \u00e9s la teva millor opci\u00f3. Descobreix aqu\u00ed per qu\u00e8!\" \/>\n<meta name=\"twitter:creator\" content=\"@factorenergia\" \/>\n<meta name=\"twitter:site\" content=\"@factorenergia\" \/>\n<meta name=\"twitter:label1\" content=\"Written by\" \/>\n\t<meta name=\"twitter:data1\" content=\"Equipo Transici\u00f3n Energ\u00e9tica Factorenergia\" \/>\n\t<meta name=\"twitter:label2\" content=\"Est. reading time\" \/>\n\t<meta name=\"twitter:data2\" content=\"2 minutes\" \/>\n<script type=\"application\/ld+json\" class=\"yoast-schema-graph\">{\"@context\":\"https:\/\/schema.org\",\"@graph\":[{\"@type\":\"WebPage\",\"@id\":\"https:\/\/www.factorenergia.com\/ca\/blog\/eficiencia-energetica\/quina-es-la-font-denergia-mes-barata\/\",\"url\":\"https:\/\/www.factorenergia.com\/ca\/blog\/eficiencia-energetica\/quina-es-la-font-denergia-mes-barata\/\",\"name\":\"Quina \u00e9s la font d'energia m\u00e9s barata? | factorenergia\",\"isPartOf\":{\"@id\":\"https:\/\/www.factorenergia.com\/es\/#website\"},\"datePublished\":\"2023-04-03T10:24:27+00:00\",\"dateModified\":\"2025-08-06T09:59:50+00:00\",\"author\":{\"@id\":\"https:\/\/www.factorenergia.com\/es\/#\/schema\/person\/dff9e4b6dc520720e3a37bdaaedc5841\"},\"description\":\"Est\u00e0s buscant una font d'energia m\u00e9s barata? Llavors l'energia solar \u00e9s la teva millor opci\u00f3. Descobreix aqu\u00ed per qu\u00e8!\",\"breadcrumb\":{\"@id\":\"https:\/\/www.factorenergia.com\/ca\/blog\/eficiencia-energetica\/quina-es-la-font-denergia-mes-barata\/#breadcrumb\"},\"inLanguage\":\"ca\",\"potentialAction\":[{\"@type\":\"ReadAction\",\"target\":[\"https:\/\/www.factorenergia.com\/ca\/blog\/eficiencia-energetica\/quina-es-la-font-denergia-mes-barata\/\"]}]},{\"@type\":\"BreadcrumbList\",\"@id\":\"https:\/\/www.factorenergia.com\/ca\/blog\/eficiencia-energetica\/quina-es-la-font-denergia-mes-barata\/#breadcrumb\",\"itemListElement\":[{\"@type\":\"ListItem\",\"position\":1,\"name\":\"Portada\",\"item\":\"https:\/\/www.factorenergia.com\/ca\/\"},{\"@type\":\"ListItem\",\"position\":2,\"name\":\"Quina \u00e9s la font d&#8217;energia m\u00e9s barata?\"}]},{\"@type\":\"WebSite\",\"@id\":\"https:\/\/www.factorenergia.com\/es\/#website\",\"url\":\"https:\/\/www.factorenergia.com\/es\/\",\"name\":\"factorenergia\",\"description\":\"factorenergia\",\"potentialAction\":[{\"@type\":\"SearchAction\",\"target\":{\"@type\":\"EntryPoint\",\"urlTemplate\":\"https:\/\/www.factorenergia.com\/es\/?s={search_term_string}\"},\"query-input\":\"required name=search_term_string\"}],\"inLanguage\":\"ca\"},{\"@type\":\"Person\",\"@id\":\"https:\/\/www.factorenergia.com\/es\/#\/schema\/person\/dff9e4b6dc520720e3a37bdaaedc5841\",\"name\":\"Equipo Transici\u00f3n Energ\u00e9tica Factorenergia\",\"image\":{\"@type\":\"ImageObject\",\"inLanguage\":\"ca\",\"@id\":\"https:\/\/www.factorenergia.com\/es\/#\/schema\/person\/image\/\",\"url\":\"https:\/\/secure.gravatar.com\/avatar\/1b7c76bab80ee1c4261b06108874e24b?s=96&d=mm&r=g\",\"contentUrl\":\"https:\/\/secure.gravatar.com\/avatar\/1b7c76bab80ee1c4261b06108874e24b?s=96&d=mm&r=g\",\"caption\":\"Equipo Transici\u00f3n Energ\u00e9tica Factorenergia\"},\"description\":\"El equipo est\u00e1 formado por expertos en materia de Luz, Gas y Eficiencia Energ\u00e9tica, que conocen de primera mano las tendencias del mercado. Su experiencia en el sector les permite ofrecer las mejores soluciones energ\u00e9ticas y resolver las dudas planteadas por los clientes.\",\"sameAs\":[\"https:\/\/www.factorenergia.com\/es\/\",\"https:\/\/www.facebook.com\/factorenergiacom\",\"https:\/\/www.instagram.com\/factorenergia_com\/\",\"https:\/\/es.linkedin.com\/company\/factor-energia\",\"https:\/\/twitter.com\/factorenergia\",\"https:\/\/www.youtube.com\/c\/factorenergiacom\"],\"url\":\"https:\/\/www.factorenergia.com\/ca\/blog\/author\/marketing\/\"}]}<\/script>\n<!-- \/ Yoast SEO plugin. -->","yoast_head_json":{"title":"Quina \u00e9s la font d'energia m\u00e9s barata? | factorenergia","description":"Est\u00e0s buscant una font d'energia m\u00e9s barata? Llavors l'energia solar \u00e9s la teva millor opci\u00f3. Descobreix aqu\u00ed per qu\u00e8!","robots":{"index":"index","follow":"follow","max-snippet":"max-snippet:-1","max-image-preview":"max-image-preview:large","max-video-preview":"max-video-preview:-1"},"canonical":"https:\/\/www.factorenergia.com\/ca\/blog\/eficiencia-energetica\/quina-es-la-font-denergia-mes-barata\/","twitter_card":"summary_large_image","twitter_title":"Quina \u00e9s la font d'energia m\u00e9s barata? | factorenergia","twitter_description":"Est\u00e0s buscant una font d'energia m\u00e9s barata? Llavors l'energia solar \u00e9s la teva millor opci\u00f3. Descobreix aqu\u00ed per qu\u00e8!","twitter_creator":"@factorenergia","twitter_site":"@factorenergia","twitter_misc":{"Written by":"Equipo Transici\u00f3n Energ\u00e9tica Factorenergia","Est. reading time":"2 minutes"},"schema":{"@context":"https:\/\/schema.org","@graph":[{"@type":"WebPage","@id":"https:\/\/www.factorenergia.com\/ca\/blog\/eficiencia-energetica\/quina-es-la-font-denergia-mes-barata\/","url":"https:\/\/www.factorenergia.com\/ca\/blog\/eficiencia-energetica\/quina-es-la-font-denergia-mes-barata\/","name":"Quina \u00e9s la font d'energia m\u00e9s barata? | factorenergia","isPartOf":{"@id":"https:\/\/www.factorenergia.com\/es\/#website"},"datePublished":"2023-04-03T10:24:27+00:00","dateModified":"2025-08-06T09:59:50+00:00","author":{"@id":"https:\/\/www.factorenergia.com\/es\/#\/schema\/person\/dff9e4b6dc520720e3a37bdaaedc5841"},"description":"Est\u00e0s buscant una font d'energia m\u00e9s barata? Llavors l'energia solar \u00e9s la teva millor opci\u00f3. Descobreix aqu\u00ed per qu\u00e8!","breadcrumb":{"@id":"https:\/\/www.factorenergia.com\/ca\/blog\/eficiencia-energetica\/quina-es-la-font-denergia-mes-barata\/#breadcrumb"},"inLanguage":"ca","potentialAction":[{"@type":"ReadAction","target":["https:\/\/www.factorenergia.com\/ca\/blog\/eficiencia-energetica\/quina-es-la-font-denergia-mes-barata\/"]}]},{"@type":"BreadcrumbList","@id":"https:\/\/www.factorenergia.com\/ca\/blog\/eficiencia-energetica\/quina-es-la-font-denergia-mes-barata\/#breadcrumb","itemListElement":[{"@type":"ListItem","position":1,"name":"Portada","item":"https:\/\/www.factorenergia.com\/ca\/"},{"@type":"ListItem","position":2,"name":"Quina \u00e9s la font d&#8217;energia m\u00e9s barata?"}]},{"@type":"WebSite","@id":"https:\/\/www.factorenergia.com\/es\/#website","url":"https:\/\/www.factorenergia.com\/es\/","name":"factorenergia","description":"factorenergia","potentialAction":[{"@type":"SearchAction","target":{"@type":"EntryPoint","urlTemplate":"https:\/\/www.factorenergia.com\/es\/?s={search_term_string}"},"query-input":"required name=search_term_string"}],"inLanguage":"ca"},{"@type":"Person","@id":"https:\/\/www.factorenergia.com\/es\/#\/schema\/person\/dff9e4b6dc520720e3a37bdaaedc5841","name":"Equipo Transici\u00f3n Energ\u00e9tica Factorenergia","image":{"@type":"ImageObject","inLanguage":"ca","@id":"https:\/\/www.factorenergia.com\/es\/#\/schema\/person\/image\/","url":"https:\/\/secure.gravatar.com\/avatar\/1b7c76bab80ee1c4261b06108874e24b?s=96&d=mm&r=g","contentUrl":"https:\/\/secure.gravatar.com\/avatar\/1b7c76bab80ee1c4261b06108874e24b?s=96&d=mm&r=g","caption":"Equipo Transici\u00f3n Energ\u00e9tica Factorenergia"},"description":"El equipo est\u00e1 formado por expertos en materia de Luz, Gas y Eficiencia Energ\u00e9tica, que conocen de primera mano las tendencias del mercado. Su experiencia en el sector les permite ofrecer las mejores soluciones energ\u00e9ticas y resolver las dudas planteadas por los clientes.","sameAs":["https:\/\/www.factorenergia.com\/es\/","https:\/\/www.facebook.com\/factorenergiacom","https:\/\/www.instagram.com\/factorenergia_com\/","https:\/\/es.linkedin.com\/company\/factor-energia","https:\/\/twitter.com\/factorenergia","https:\/\/www.youtube.com\/c\/factorenergiacom"],"url":"https:\/\/www.factorenergia.com\/ca\/blog\/author\/marketing\/"}]}},"_links":{"self":[{"href":"https:\/\/www.factorenergia.com\/ca\/wp-json\/wp\/v2\/posts\/20720"}],"collection":[{"href":"https:\/\/www.factorenergia.com\/ca\/wp-json\/wp\/v2\/posts"}],"about":[{"href":"https:\/\/www.factorenergia.com\/ca\/wp-json\/wp\/v2\/types\/post"}],"author":[{"embeddable":true,"href":"https:\/\/www.factorenergia.com\/ca\/wp-json\/wp\/v2\/users\/17"}],"replies":[{"embeddable":true,"href":"https:\/\/www.factorenergia.com\/ca\/wp-json\/wp\/v2\/comments?post=20720"}],"version-history":[{"count":3,"href":"https:\/\/www.factorenergia.com\/ca\/wp-json\/wp\/v2\/posts\/20720\/revisions"}],"predecessor-version":[{"id":29647,"href":"https:\/\/www.factorenergia.com\/ca\/wp-json\/wp\/v2\/posts\/20720\/revisions\/29647"}],"acf:post":[{"embeddable":true,"href":"https:\/\/www.factorenergia.com\/ca\/wp-json\/wp\/v2\/posts\/8710"}],"wp:attachment":[{"href":"https:\/\/www.factorenergia.com\/ca\/wp-json\/wp\/v2\/media?parent=20720"}],"wp:term":[{"taxonomy":"category","embeddable":true,"href":"https:\/\/www.factorenergia.com\/ca\/wp-json\/wp\/v2\/categories?post=20720"},{"taxonomy":"post_tag","embeddable":true,"href":"https:\/\/www.factorenergia.com\/ca\/wp-json\/wp\/v2\/tags?post=20720"}],"curies":[{"name":"wp","href":"https:\/\/api.w.org\/{rel}","templated":true}]}}