{"id":20636,"date":"2023-03-31T12:42:29","date_gmt":"2023-03-31T10:42:29","guid":{"rendered":"https:\/\/www.factorenergia.com\/ca\/?p=20636"},"modified":"2025-07-31T10:21:11","modified_gmt":"2025-07-31T08:21:11","slug":"vida-util-dels-panells-solars","status":"publish","type":"post","link":"https:\/\/www.factorenergia.com\/ca\/blog\/autoconsum-electric\/vida-util-dels-panells-solars\/","title":{"rendered":"Vida \u00fatil dels panells solars"},"content":{"rendered":"<p>L&#8217;\u00fas d&#8217;energia solar per a produir electricitat a trav\u00e9s dels panells solars \u00e9s una de les formes d&#8217;energia renovable m\u00e9s populars i eficients. Per\u00f2, quina \u00e9s la <span>vida \u00fatil dels panells solars<\/span>? Els panells solars tenen <strong>una vida \u00fatil aproximada d&#8217;entre 25 i 30 anys<\/strong>, alguna cosa que vindr\u00e0 determinat per alguns factors. Aix\u00f2 significa que els panells solars produeixen energia durant un per\u00edode prolongat de temps, oferint una inversi\u00f3 a llarg termini amb una excel\u00b7lent relaci\u00f3 entre cost-benefici.<\/p>\n<p>&nbsp;<\/p>\n<p>Els panells solars estan fets de l\u00e0mines de silici, que absorbeixen la llum del sol i la converteixen en electricitat. Aquests panells tenen una gran durabilitat, ja que s\u00f3n resistents a la intemp\u00e8rie i no requereixen molt manteniment.<\/p>\n<p>&nbsp;<\/p>\n<h3><strong>Manteniment per a allargar la\u00a0<span>vida \u00fatil dels panells solars<\/span><\/strong><\/h3>\n<p>Realitza un manteniment b\u00e0sic de panells solars amb regularitat \u00e9s molt important. Netejar regularment per a eliminar la brut\u00edcia o la pols acumulada en la superf\u00edcie, aix\u00ed com inspeccionar els elements el\u00e8ctrics de la instal\u00b7laci\u00f3 per part d&#8217;un professional, et permetr\u00e0 evitar problemes en un futur, i permetr\u00e0 augmentar la vida \u00fatil dels sistemes fotovoltaics.<\/p>\n<p>Com veus per a aconseguir que el rendiment de la teva <a href=\"https:\/\/www.factorenergia.com\/ca\/blog\/autoconsum-electric\/avantatges-de-lautoconsum\/\"><span>instal\u00b7laci\u00f3 solar per a l&#8217;autoconsum<\/span><\/a> sigui \u00f2ptim, \u00e9s important el bon manteniment d&#8217;aquesta. En <strong>Factorenergia<\/strong> volem que li treguis el m\u00e0xim partit a les teves plaques solars i per aquest motiu t&#8217;oferim 4 serveis de manteniment de plaques fotovoltaiques. <a href=\"https:\/\/www.factorenergia.com\/ca\/plaques-solars-manteniment\/\">Descobreix-les!<\/a><\/p>\n<p><!--- BANNER CAT AUTOCONSUMO --><\/p>\n<div style=\"background: white; box-shadow: 0px 5px 40px rgba(98, 129, 202, 0.2); margin-top: 0px; padding: 20px;\">\n<h4 style=\"margin-top: 0; margin-bottom: 10px;\"><span>Instal\u00b7la plaques solars i redueix la teva factura el\u00e8ctrica<\/span><\/h4>\n<p><span style=\"display: block;\"><span>El teu estudi de plaques solars en menys de 48 hores. Sense comprom\u00eds.<\/span><\/span><br \/>\n<a href=\"https:\/\/www.factorenergia.com\/ca\/llars\/autoconsum\/\" class=\"primary-btn center\">Preparem el teu estudi gratis<\/a><\/p>\n<\/div>\n<p><!--- BANNER CAT AUTOCONSUMO --><\/p>\n","protected":false},"excerpt":{"rendered":"<p>L&#8217;\u00fas d&#8217;energia solar per a produir electricitat a trav\u00e9s dels panells solars \u00e9s una de les formes d&#8217;energia renovable m\u00e9s populars i eficients. Per\u00f2, quina \u00e9s la vida \u00fatil dels panells solars? Els panells solars tenen una vida \u00fatil aproximada d&#8217;entre 25 i 30 anys, alguna cosa que vindr\u00e0 determinat per alguns factors. Aix\u00f2 significa [&hellip;]<\/p>\n","protected":false},"author":17,"featured_media":0,"comment_status":"open","ping_status":"open","sticky":false,"template":"","format":"standard","meta":{"inline_featured_image":false,"footnotes":""},"categories":[66],"tags":[],"acf":{"fecha_de_la_entrada":"20230331","imagen_portada":29041,"categoria_blog":null,"tipo_de_distribuidora":null,"tiempo_lectura":"","banner_bool":false,"titulo_banner":"","texto_banner":"","texto_boton_banner":"","url_boton_banner":"","post_relacionados":[20692]},"yoast_head":"<!-- This site is optimized with the Yoast SEO plugin v22.2 - https:\/\/yoast.com\/wordpress\/plugins\/seo\/ -->\n<title>Vida \u00fatil dels panells solars | factorenergia<\/title>\n<meta name=\"description\" content=\"Descobreix la vida \u00fatil dels panells solars i per qu\u00e8 s\u00f3n una excel\u00b7lent relaci\u00f3 cost-benefici per als usuaris.\" \/>\n<meta name=\"robots\" content=\"index, follow, max-snippet:-1, max-image-preview:large, max-video-preview:-1\" \/>\n<link rel=\"canonical\" href=\"https:\/\/www.factorenergia.com\/ca\/blog\/autoconsum-electric\/vida-util-dels-panells-solars\/\" \/>\n<meta name=\"twitter:card\" content=\"summary_large_image\" \/>\n<meta name=\"twitter:title\" content=\"Vida \u00fatil dels panells solars | factorenergia\" \/>\n<meta name=\"twitter:description\" content=\"Descobreix la vida \u00fatil dels panells solars i per qu\u00e8 s\u00f3n una excel\u00b7lent relaci\u00f3 cost-benefici per als usuaris.\" \/>\n<meta name=\"twitter:creator\" content=\"@factorenergia\" \/>\n<meta name=\"twitter:site\" content=\"@factorenergia\" \/>\n<meta name=\"twitter:label1\" content=\"Written by\" \/>\n\t<meta name=\"twitter:data1\" content=\"Equipo Transici\u00f3n Energ\u00e9tica Factorenergia\" \/>\n\t<meta name=\"twitter:label2\" content=\"Est. reading time\" \/>\n\t<meta name=\"twitter:data2\" content=\"2 minutes\" \/>\n<script type=\"application\/ld+json\" class=\"yoast-schema-graph\">{\"@context\":\"https:\/\/schema.org\",\"@graph\":[{\"@type\":\"WebPage\",\"@id\":\"https:\/\/www.factorenergia.com\/ca\/blog\/autoconsum-electric\/vida-util-dels-panells-solars\/\",\"url\":\"https:\/\/www.factorenergia.com\/ca\/blog\/autoconsum-electric\/vida-util-dels-panells-solars\/\",\"name\":\"Vida \u00fatil dels panells solars | factorenergia\",\"isPartOf\":{\"@id\":\"https:\/\/www.factorenergia.com\/es\/#website\"},\"datePublished\":\"2023-03-31T10:42:29+00:00\",\"dateModified\":\"2025-07-31T08:21:11+00:00\",\"author\":{\"@id\":\"https:\/\/www.factorenergia.com\/es\/#\/schema\/person\/dff9e4b6dc520720e3a37bdaaedc5841\"},\"description\":\"Descobreix la vida \u00fatil dels panells solars i per qu\u00e8 s\u00f3n una excel\u00b7lent relaci\u00f3 cost-benefici per als usuaris.\",\"breadcrumb\":{\"@id\":\"https:\/\/www.factorenergia.com\/ca\/blog\/autoconsum-electric\/vida-util-dels-panells-solars\/#breadcrumb\"},\"inLanguage\":\"ca\",\"potentialAction\":[{\"@type\":\"ReadAction\",\"target\":[\"https:\/\/www.factorenergia.com\/ca\/blog\/autoconsum-electric\/vida-util-dels-panells-solars\/\"]}]},{\"@type\":\"BreadcrumbList\",\"@id\":\"https:\/\/www.factorenergia.com\/ca\/blog\/autoconsum-electric\/vida-util-dels-panells-solars\/#breadcrumb\",\"itemListElement\":[{\"@type\":\"ListItem\",\"position\":1,\"name\":\"Portada\",\"item\":\"https:\/\/www.factorenergia.com\/ca\/\"},{\"@type\":\"ListItem\",\"position\":2,\"name\":\"Vida \u00fatil dels panells solars\"}]},{\"@type\":\"WebSite\",\"@id\":\"https:\/\/www.factorenergia.com\/es\/#website\",\"url\":\"https:\/\/www.factorenergia.com\/es\/\",\"name\":\"factorenergia\",\"description\":\"factorenergia\",\"potentialAction\":[{\"@type\":\"SearchAction\",\"target\":{\"@type\":\"EntryPoint\",\"urlTemplate\":\"https:\/\/www.factorenergia.com\/es\/?s={search_term_string}\"},\"query-input\":\"required name=search_term_string\"}],\"inLanguage\":\"ca\"},{\"@type\":\"Person\",\"@id\":\"https:\/\/www.factorenergia.com\/es\/#\/schema\/person\/dff9e4b6dc520720e3a37bdaaedc5841\",\"name\":\"Equipo Transici\u00f3n Energ\u00e9tica Factorenergia\",\"image\":{\"@type\":\"ImageObject\",\"inLanguage\":\"ca\",\"@id\":\"https:\/\/www.factorenergia.com\/es\/#\/schema\/person\/image\/\",\"url\":\"https:\/\/secure.gravatar.com\/avatar\/1b7c76bab80ee1c4261b06108874e24b?s=96&d=mm&r=g\",\"contentUrl\":\"https:\/\/secure.gravatar.com\/avatar\/1b7c76bab80ee1c4261b06108874e24b?s=96&d=mm&r=g\",\"caption\":\"Equipo Transici\u00f3n Energ\u00e9tica Factorenergia\"},\"description\":\"El equipo est\u00e1 formado por expertos en materia de Luz, Gas y Eficiencia Energ\u00e9tica, que conocen de primera mano las tendencias del mercado. Su experiencia en el sector les permite ofrecer las mejores soluciones energ\u00e9ticas y resolver las dudas planteadas por los clientes.\",\"sameAs\":[\"https:\/\/www.factorenergia.com\/es\/\",\"https:\/\/www.facebook.com\/factorenergiacom\",\"https:\/\/www.instagram.com\/factorenergia_com\/\",\"https:\/\/es.linkedin.com\/company\/factor-energia\",\"https:\/\/twitter.com\/factorenergia\",\"https:\/\/www.youtube.com\/c\/factorenergiacom\"],\"url\":\"https:\/\/www.factorenergia.com\/ca\/blog\/author\/marketing\/\"}]}<\/script>\n<!-- \/ Yoast SEO plugin. -->","yoast_head_json":{"title":"Vida \u00fatil dels panells solars | factorenergia","description":"Descobreix la vida \u00fatil dels panells solars i per qu\u00e8 s\u00f3n una excel\u00b7lent relaci\u00f3 cost-benefici per als usuaris.","robots":{"index":"index","follow":"follow","max-snippet":"max-snippet:-1","max-image-preview":"max-image-preview:large","max-video-preview":"max-video-preview:-1"},"canonical":"https:\/\/www.factorenergia.com\/ca\/blog\/autoconsum-electric\/vida-util-dels-panells-solars\/","twitter_card":"summary_large_image","twitter_title":"Vida \u00fatil dels panells solars | factorenergia","twitter_description":"Descobreix la vida \u00fatil dels panells solars i per qu\u00e8 s\u00f3n una excel\u00b7lent relaci\u00f3 cost-benefici per als usuaris.","twitter_creator":"@factorenergia","twitter_site":"@factorenergia","twitter_misc":{"Written by":"Equipo Transici\u00f3n Energ\u00e9tica Factorenergia","Est. reading time":"2 minutes"},"schema":{"@context":"https:\/\/schema.org","@graph":[{"@type":"WebPage","@id":"https:\/\/www.factorenergia.com\/ca\/blog\/autoconsum-electric\/vida-util-dels-panells-solars\/","url":"https:\/\/www.factorenergia.com\/ca\/blog\/autoconsum-electric\/vida-util-dels-panells-solars\/","name":"Vida \u00fatil dels panells solars | factorenergia","isPartOf":{"@id":"https:\/\/www.factorenergia.com\/es\/#website"},"datePublished":"2023-03-31T10:42:29+00:00","dateModified":"2025-07-31T08:21:11+00:00","author":{"@id":"https:\/\/www.factorenergia.com\/es\/#\/schema\/person\/dff9e4b6dc520720e3a37bdaaedc5841"},"description":"Descobreix la vida \u00fatil dels panells solars i per qu\u00e8 s\u00f3n una excel\u00b7lent relaci\u00f3 cost-benefici per als usuaris.","breadcrumb":{"@id":"https:\/\/www.factorenergia.com\/ca\/blog\/autoconsum-electric\/vida-util-dels-panells-solars\/#breadcrumb"},"inLanguage":"ca","potentialAction":[{"@type":"ReadAction","target":["https:\/\/www.factorenergia.com\/ca\/blog\/autoconsum-electric\/vida-util-dels-panells-solars\/"]}]},{"@type":"BreadcrumbList","@id":"https:\/\/www.factorenergia.com\/ca\/blog\/autoconsum-electric\/vida-util-dels-panells-solars\/#breadcrumb","itemListElement":[{"@type":"ListItem","position":1,"name":"Portada","item":"https:\/\/www.factorenergia.com\/ca\/"},{"@type":"ListItem","position":2,"name":"Vida \u00fatil dels panells solars"}]},{"@type":"WebSite","@id":"https:\/\/www.factorenergia.com\/es\/#website","url":"https:\/\/www.factorenergia.com\/es\/","name":"factorenergia","description":"factorenergia","potentialAction":[{"@type":"SearchAction","target":{"@type":"EntryPoint","urlTemplate":"https:\/\/www.factorenergia.com\/es\/?s={search_term_string}"},"query-input":"required name=search_term_string"}],"inLanguage":"ca"},{"@type":"Person","@id":"https:\/\/www.factorenergia.com\/es\/#\/schema\/person\/dff9e4b6dc520720e3a37bdaaedc5841","name":"Equipo Transici\u00f3n Energ\u00e9tica Factorenergia","image":{"@type":"ImageObject","inLanguage":"ca","@id":"https:\/\/www.factorenergia.com\/es\/#\/schema\/person\/image\/","url":"https:\/\/secure.gravatar.com\/avatar\/1b7c76bab80ee1c4261b06108874e24b?s=96&d=mm&r=g","contentUrl":"https:\/\/secure.gravatar.com\/avatar\/1b7c76bab80ee1c4261b06108874e24b?s=96&d=mm&r=g","caption":"Equipo Transici\u00f3n Energ\u00e9tica Factorenergia"},"description":"El equipo est\u00e1 formado por expertos en materia de Luz, Gas y Eficiencia Energ\u00e9tica, que conocen de primera mano las tendencias del mercado. Su experiencia en el sector les permite ofrecer las mejores soluciones energ\u00e9ticas y resolver las dudas planteadas por los clientes.","sameAs":["https:\/\/www.factorenergia.com\/es\/","https:\/\/www.facebook.com\/factorenergiacom","https:\/\/www.instagram.com\/factorenergia_com\/","https:\/\/es.linkedin.com\/company\/factor-energia","https:\/\/twitter.com\/factorenergia","https:\/\/www.youtube.com\/c\/factorenergiacom"],"url":"https:\/\/www.factorenergia.com\/ca\/blog\/author\/marketing\/"}]}},"_links":{"self":[{"href":"https:\/\/www.factorenergia.com\/ca\/wp-json\/wp\/v2\/posts\/20636"}],"collection":[{"href":"https:\/\/www.factorenergia.com\/ca\/wp-json\/wp\/v2\/posts"}],"about":[{"href":"https:\/\/www.factorenergia.com\/ca\/wp-json\/wp\/v2\/types\/post"}],"author":[{"embeddable":true,"href":"https:\/\/www.factorenergia.com\/ca\/wp-json\/wp\/v2\/users\/17"}],"replies":[{"embeddable":true,"href":"https:\/\/www.factorenergia.com\/ca\/wp-json\/wp\/v2\/comments?post=20636"}],"version-history":[{"count":4,"href":"https:\/\/www.factorenergia.com\/ca\/wp-json\/wp\/v2\/posts\/20636\/revisions"}],"predecessor-version":[{"id":29043,"href":"https:\/\/www.factorenergia.com\/ca\/wp-json\/wp\/v2\/posts\/20636\/revisions\/29043"}],"acf:post":[{"embeddable":true,"href":"https:\/\/www.factorenergia.com\/ca\/wp-json\/wp\/v2\/posts\/20692"}],"wp:attachment":[{"href":"https:\/\/www.factorenergia.com\/ca\/wp-json\/wp\/v2\/media?parent=20636"}],"wp:term":[{"taxonomy":"category","embeddable":true,"href":"https:\/\/www.factorenergia.com\/ca\/wp-json\/wp\/v2\/categories?post=20636"},{"taxonomy":"post_tag","embeddable":true,"href":"https:\/\/www.factorenergia.com\/ca\/wp-json\/wp\/v2\/tags?post=20636"}],"curies":[{"name":"wp","href":"https:\/\/api.w.org\/{rel}","templated":true}]}}