{"id":20548,"date":"2023-03-29T12:10:55","date_gmt":"2023-03-29T10:10:55","guid":{"rendered":"https:\/\/www.factorenergia.com\/ca\/?p=20548"},"modified":"2025-08-06T12:00:10","modified_gmt":"2025-08-06T10:00:10","slug":"que-es-independencia-electrica","status":"publish","type":"post","link":"https:\/\/www.factorenergia.com\/ca\/blog\/eficiencia-energetica\/que-es-independencia-electrica\/","title":{"rendered":"Qu\u00e8 \u00e9s independ\u00e8ncia el\u00e8ctrica?"},"content":{"rendered":"<p><span>La<strong> independ\u00e8ncia el\u00e8ctrica<\/strong> es refereix a la possibilitat d&#8217;autosufici\u00e8ncia energ\u00e8tica, moltes vegades mitjan\u00e7ant a l&#8217;\u00fas d&#8217;energies renovables, com l&#8217;energia solar, per a substituir a l&#8217;energia obtinguda pels subministraments el\u00e8ctrics tradicionals. Aquesta independ\u00e8ncia \u00e9s la <strong>capacitat de les llars i empreses de generar la seva pr\u00f2pia energia<\/strong>, eliminant la necessitat de comprar-la.<\/span><\/p>\n<p>&nbsp;<\/p>\n<p><span>Actualment, aquest concepte est\u00e0 vinculat a processos d&#8217;energia renovable i verda. La independ\u00e8ncia energ\u00e8tica pret\u00e9n\u00a0<\/span><span>descarbonizar<\/span><span>\u00a0les economies mitjan\u00e7ant l&#8217;extracci\u00f3 dels combustibles f\u00f2ssils i energies contaminants de les centrals de generaci\u00f3.<\/span><\/p>\n<p>&nbsp;<\/p>\n<h3><strong>Com tenir major independ\u00e8ncia <span>el\u00e8ctrica<\/span>?<\/strong><\/h3>\n<p>&nbsp;<\/p>\n<p>La <strong>instal\u00b7laci\u00f3 de plaques solars<\/strong> \u00e9s el m\u00e8tode m\u00e9s com\u00fa per a aconseguir la independ\u00e8ncia el\u00e8ctrica.<\/p>\n<p>&nbsp;<\/p>\n<p>Aix\u00f2 es deu al fet que <strong>les plaques solars converteixen la llum del sol en electricitat<\/strong> i aquesta s&#8217;usa per a subministrar energia a les llars i empreses. Aquestes plaques solars estan dissenyades per a funcionar durant tot l&#8217;any, fins i tot durant les hores de menys radiaci\u00f3 solar, per la qual cosa l&#8217;energia sempre estar\u00e0 disponible.<\/p>\n<p>&nbsp;<\/p>\n<p>A m\u00e9s, <a href=\"https:\/\/www.factorenergia.com\/ca\/blog\/autoconsum-electric\/instalacio-de-plaques-solars\/\">la instal\u00b7laci\u00f3 de plaques solars<\/a> \u00e9s senzilla i requereix una inversi\u00f3 inicial relativament petita. Una vegada que s&#8217;han instal\u00b7lat, els propietaris de les llars i empreses poden gaudir de la independ\u00e8ncia el\u00e8ctrica i estalviar en la factura de la llum. A m\u00e9s, aquesta energia neta i renovable ajuda a reduir la contaminaci\u00f3 de l&#8217;aire i la petjada de carboni.<\/p>\n<p>&nbsp;<\/p>\n<p>Aix\u00ed que, si est\u00e0s interessat a tenir les teves pr\u00f2pies plaques fotovoltaiques, pots emplenar el nostre<span>\u00a0<\/span><a href=\"https:\/\/www.factorenergia.com\/es\/hogares\/autoconsumo\/\" title=\"contacta amb factorenergia\" target=\"_blank\" rel=\"noopener noreferrer\">formulari web<\/a>, trucar-nos al 900 377 538 o escriure a<span>\u00a0<\/span>solar@factorenergia.com<span>\u00a0<\/span>i t\u2019enviarem una oferta totalment personalitzada.<span>\u00a0<\/span><span>Tingues present que tamb\u00e9 ens podem encarregar dels\u00a0<a href=\"https:\/\/www.factorenergia.com\/ca\/plaques-solars-permisos\/\"><\/a><a href=\"https:\/\/www.factorenergia.com\/ca\/plaques-solars-permisos\/\" title=\"Permisos per a instal\u00b7lar plaques solars\" target=\"_blank\" rel=\"noopener\">permisos per a instal\u00b7lar plaques solars<\/a>.<\/span><\/p>\n<p><strong>Comen\u00e7a a produir la teva pr\u00f2pia energia 100% verda!<\/strong><\/p>\n<p><!--- BANNER CAT AUTOCONSUMO --><\/p>\n<div style=\"background: white; box-shadow: 0px 5px 40px rgba(98, 129, 202, 0.2); margin-top: 0px; padding: 20px;\">\n<h4 style=\"margin-top: 0; margin-bottom: 10px;\"><span>Instal\u00b7la plaques solars i redueix la teva factura el\u00e8ctrica<\/span><\/h4>\n<p><span style=\"display: block;\"><span>El teu estudi de plaques solars en menys de 48 hores. Sense comprom\u00eds.<\/span><\/span><br \/>\n<a href=\"https:\/\/www.factorenergia.com\/ca\/llars\/autoconsum\/\" class=\"primary-btn center\">Preparem el teu estudi gratis<\/a><\/p>\n<\/div>\n","protected":false},"excerpt":{"rendered":"<p>La independ\u00e8ncia el\u00e8ctrica es refereix a la possibilitat d&#8217;autosufici\u00e8ncia energ\u00e8tica, moltes vegades mitjan\u00e7ant a l&#8217;\u00fas d&#8217;energies renovables, com l&#8217;energia solar, per a substituir a l&#8217;energia obtinguda pels subministraments el\u00e8ctrics tradicionals. Aquesta independ\u00e8ncia \u00e9s la capacitat de les llars i empreses de generar la seva pr\u00f2pia energia, eliminant la necessitat de comprar-la. &nbsp; Actualment, aquest concepte [&hellip;]<\/p>\n","protected":false},"author":17,"featured_media":0,"comment_status":"open","ping_status":"open","sticky":false,"template":"","format":"standard","meta":{"inline_featured_image":false,"footnotes":""},"categories":[56],"tags":[],"acf":{"fecha_de_la_entrada":"20230329","imagen_portada":28491,"categoria_blog":null,"tipo_de_distribuidora":null,"tiempo_lectura":"","banner_bool":false,"titulo_banner":"","texto_banner":"","texto_boton_banner":"","url_boton_banner":"","post_relacionados":[8710]},"yoast_head":"<!-- This site is optimized with the Yoast SEO plugin v22.2 - https:\/\/yoast.com\/wordpress\/plugins\/seo\/ -->\n<title>Qu\u00e8 \u00e9s independ\u00e8ncia el\u00e8ctrica? | factorenergia<\/title>\n<meta name=\"description\" content=\"Descobreix qu\u00e8 \u00e9s la independ\u00e8ncia el\u00e8ctrica i com pot ajudar-te a estalviar diners i respectar el medi ambient\" \/>\n<meta name=\"robots\" content=\"index, follow, max-snippet:-1, max-image-preview:large, max-video-preview:-1\" \/>\n<link rel=\"canonical\" href=\"https:\/\/www.factorenergia.com\/ca\/blog\/eficiencia-energetica\/que-es-independencia-electrica\/\" \/>\n<meta name=\"twitter:card\" content=\"summary_large_image\" \/>\n<meta name=\"twitter:title\" content=\"Qu\u00e8 \u00e9s independ\u00e8ncia el\u00e8ctrica? | factorenergia\" \/>\n<meta name=\"twitter:description\" content=\"Descobreix qu\u00e8 \u00e9s la independ\u00e8ncia el\u00e8ctrica i com pot ajudar-te a estalviar diners i respectar el medi ambient\" \/>\n<meta name=\"twitter:creator\" content=\"@factorenergia\" \/>\n<meta name=\"twitter:site\" content=\"@factorenergia\" \/>\n<meta name=\"twitter:label1\" content=\"Written by\" \/>\n\t<meta name=\"twitter:data1\" content=\"Equipo Transici\u00f3n Energ\u00e9tica Factorenergia\" \/>\n\t<meta name=\"twitter:label2\" content=\"Est. reading time\" \/>\n\t<meta name=\"twitter:data2\" content=\"2 minutes\" \/>\n<script type=\"application\/ld+json\" class=\"yoast-schema-graph\">{\"@context\":\"https:\/\/schema.org\",\"@graph\":[{\"@type\":\"WebPage\",\"@id\":\"https:\/\/www.factorenergia.com\/ca\/blog\/eficiencia-energetica\/que-es-independencia-electrica\/\",\"url\":\"https:\/\/www.factorenergia.com\/ca\/blog\/eficiencia-energetica\/que-es-independencia-electrica\/\",\"name\":\"Qu\u00e8 \u00e9s independ\u00e8ncia el\u00e8ctrica? | factorenergia\",\"isPartOf\":{\"@id\":\"https:\/\/www.factorenergia.com\/es\/#website\"},\"datePublished\":\"2023-03-29T10:10:55+00:00\",\"dateModified\":\"2025-08-06T10:00:10+00:00\",\"author\":{\"@id\":\"https:\/\/www.factorenergia.com\/es\/#\/schema\/person\/dff9e4b6dc520720e3a37bdaaedc5841\"},\"description\":\"Descobreix qu\u00e8 \u00e9s la independ\u00e8ncia el\u00e8ctrica i com pot ajudar-te a estalviar diners i respectar el medi ambient\",\"breadcrumb\":{\"@id\":\"https:\/\/www.factorenergia.com\/ca\/blog\/eficiencia-energetica\/que-es-independencia-electrica\/#breadcrumb\"},\"inLanguage\":\"ca\",\"potentialAction\":[{\"@type\":\"ReadAction\",\"target\":[\"https:\/\/www.factorenergia.com\/ca\/blog\/eficiencia-energetica\/que-es-independencia-electrica\/\"]}]},{\"@type\":\"BreadcrumbList\",\"@id\":\"https:\/\/www.factorenergia.com\/ca\/blog\/eficiencia-energetica\/que-es-independencia-electrica\/#breadcrumb\",\"itemListElement\":[{\"@type\":\"ListItem\",\"position\":1,\"name\":\"Portada\",\"item\":\"https:\/\/www.factorenergia.com\/ca\/\"},{\"@type\":\"ListItem\",\"position\":2,\"name\":\"Qu\u00e8 \u00e9s independ\u00e8ncia el\u00e8ctrica?\"}]},{\"@type\":\"WebSite\",\"@id\":\"https:\/\/www.factorenergia.com\/es\/#website\",\"url\":\"https:\/\/www.factorenergia.com\/es\/\",\"name\":\"factorenergia\",\"description\":\"factorenergia\",\"potentialAction\":[{\"@type\":\"SearchAction\",\"target\":{\"@type\":\"EntryPoint\",\"urlTemplate\":\"https:\/\/www.factorenergia.com\/es\/?s={search_term_string}\"},\"query-input\":\"required name=search_term_string\"}],\"inLanguage\":\"ca\"},{\"@type\":\"Person\",\"@id\":\"https:\/\/www.factorenergia.com\/es\/#\/schema\/person\/dff9e4b6dc520720e3a37bdaaedc5841\",\"name\":\"Equipo Transici\u00f3n Energ\u00e9tica Factorenergia\",\"image\":{\"@type\":\"ImageObject\",\"inLanguage\":\"ca\",\"@id\":\"https:\/\/www.factorenergia.com\/es\/#\/schema\/person\/image\/\",\"url\":\"https:\/\/secure.gravatar.com\/avatar\/1b7c76bab80ee1c4261b06108874e24b?s=96&d=mm&r=g\",\"contentUrl\":\"https:\/\/secure.gravatar.com\/avatar\/1b7c76bab80ee1c4261b06108874e24b?s=96&d=mm&r=g\",\"caption\":\"Equipo Transici\u00f3n Energ\u00e9tica Factorenergia\"},\"description\":\"El equipo est\u00e1 formado por expertos en materia de Luz, Gas y Eficiencia Energ\u00e9tica, que conocen de primera mano las tendencias del mercado. Su experiencia en el sector les permite ofrecer las mejores soluciones energ\u00e9ticas y resolver las dudas planteadas por los clientes.\",\"sameAs\":[\"https:\/\/www.factorenergia.com\/es\/\",\"https:\/\/www.facebook.com\/factorenergiacom\",\"https:\/\/www.instagram.com\/factorenergia_com\/\",\"https:\/\/es.linkedin.com\/company\/factor-energia\",\"https:\/\/twitter.com\/factorenergia\",\"https:\/\/www.youtube.com\/c\/factorenergiacom\"],\"url\":\"https:\/\/www.factorenergia.com\/ca\/blog\/author\/marketing\/\"}]}<\/script>\n<!-- \/ Yoast SEO plugin. -->","yoast_head_json":{"title":"Qu\u00e8 \u00e9s independ\u00e8ncia el\u00e8ctrica? | factorenergia","description":"Descobreix qu\u00e8 \u00e9s la independ\u00e8ncia el\u00e8ctrica i com pot ajudar-te a estalviar diners i respectar el medi ambient","robots":{"index":"index","follow":"follow","max-snippet":"max-snippet:-1","max-image-preview":"max-image-preview:large","max-video-preview":"max-video-preview:-1"},"canonical":"https:\/\/www.factorenergia.com\/ca\/blog\/eficiencia-energetica\/que-es-independencia-electrica\/","twitter_card":"summary_large_image","twitter_title":"Qu\u00e8 \u00e9s independ\u00e8ncia el\u00e8ctrica? | factorenergia","twitter_description":"Descobreix qu\u00e8 \u00e9s la independ\u00e8ncia el\u00e8ctrica i com pot ajudar-te a estalviar diners i respectar el medi ambient","twitter_creator":"@factorenergia","twitter_site":"@factorenergia","twitter_misc":{"Written by":"Equipo Transici\u00f3n Energ\u00e9tica Factorenergia","Est. reading time":"2 minutes"},"schema":{"@context":"https:\/\/schema.org","@graph":[{"@type":"WebPage","@id":"https:\/\/www.factorenergia.com\/ca\/blog\/eficiencia-energetica\/que-es-independencia-electrica\/","url":"https:\/\/www.factorenergia.com\/ca\/blog\/eficiencia-energetica\/que-es-independencia-electrica\/","name":"Qu\u00e8 \u00e9s independ\u00e8ncia el\u00e8ctrica? | factorenergia","isPartOf":{"@id":"https:\/\/www.factorenergia.com\/es\/#website"},"datePublished":"2023-03-29T10:10:55+00:00","dateModified":"2025-08-06T10:00:10+00:00","author":{"@id":"https:\/\/www.factorenergia.com\/es\/#\/schema\/person\/dff9e4b6dc520720e3a37bdaaedc5841"},"description":"Descobreix qu\u00e8 \u00e9s la independ\u00e8ncia el\u00e8ctrica i com pot ajudar-te a estalviar diners i respectar el medi ambient","breadcrumb":{"@id":"https:\/\/www.factorenergia.com\/ca\/blog\/eficiencia-energetica\/que-es-independencia-electrica\/#breadcrumb"},"inLanguage":"ca","potentialAction":[{"@type":"ReadAction","target":["https:\/\/www.factorenergia.com\/ca\/blog\/eficiencia-energetica\/que-es-independencia-electrica\/"]}]},{"@type":"BreadcrumbList","@id":"https:\/\/www.factorenergia.com\/ca\/blog\/eficiencia-energetica\/que-es-independencia-electrica\/#breadcrumb","itemListElement":[{"@type":"ListItem","position":1,"name":"Portada","item":"https:\/\/www.factorenergia.com\/ca\/"},{"@type":"ListItem","position":2,"name":"Qu\u00e8 \u00e9s independ\u00e8ncia el\u00e8ctrica?"}]},{"@type":"WebSite","@id":"https:\/\/www.factorenergia.com\/es\/#website","url":"https:\/\/www.factorenergia.com\/es\/","name":"factorenergia","description":"factorenergia","potentialAction":[{"@type":"SearchAction","target":{"@type":"EntryPoint","urlTemplate":"https:\/\/www.factorenergia.com\/es\/?s={search_term_string}"},"query-input":"required name=search_term_string"}],"inLanguage":"ca"},{"@type":"Person","@id":"https:\/\/www.factorenergia.com\/es\/#\/schema\/person\/dff9e4b6dc520720e3a37bdaaedc5841","name":"Equipo Transici\u00f3n Energ\u00e9tica Factorenergia","image":{"@type":"ImageObject","inLanguage":"ca","@id":"https:\/\/www.factorenergia.com\/es\/#\/schema\/person\/image\/","url":"https:\/\/secure.gravatar.com\/avatar\/1b7c76bab80ee1c4261b06108874e24b?s=96&d=mm&r=g","contentUrl":"https:\/\/secure.gravatar.com\/avatar\/1b7c76bab80ee1c4261b06108874e24b?s=96&d=mm&r=g","caption":"Equipo Transici\u00f3n Energ\u00e9tica Factorenergia"},"description":"El equipo est\u00e1 formado por expertos en materia de Luz, Gas y Eficiencia Energ\u00e9tica, que conocen de primera mano las tendencias del mercado. Su experiencia en el sector les permite ofrecer las mejores soluciones energ\u00e9ticas y resolver las dudas planteadas por los clientes.","sameAs":["https:\/\/www.factorenergia.com\/es\/","https:\/\/www.facebook.com\/factorenergiacom","https:\/\/www.instagram.com\/factorenergia_com\/","https:\/\/es.linkedin.com\/company\/factor-energia","https:\/\/twitter.com\/factorenergia","https:\/\/www.youtube.com\/c\/factorenergiacom"],"url":"https:\/\/www.factorenergia.com\/ca\/blog\/author\/marketing\/"}]}},"_links":{"self":[{"href":"https:\/\/www.factorenergia.com\/ca\/wp-json\/wp\/v2\/posts\/20548"}],"collection":[{"href":"https:\/\/www.factorenergia.com\/ca\/wp-json\/wp\/v2\/posts"}],"about":[{"href":"https:\/\/www.factorenergia.com\/ca\/wp-json\/wp\/v2\/types\/post"}],"author":[{"embeddable":true,"href":"https:\/\/www.factorenergia.com\/ca\/wp-json\/wp\/v2\/users\/17"}],"replies":[{"embeddable":true,"href":"https:\/\/www.factorenergia.com\/ca\/wp-json\/wp\/v2\/comments?post=20548"}],"version-history":[{"count":2,"href":"https:\/\/www.factorenergia.com\/ca\/wp-json\/wp\/v2\/posts\/20548\/revisions"}],"predecessor-version":[{"id":29648,"href":"https:\/\/www.factorenergia.com\/ca\/wp-json\/wp\/v2\/posts\/20548\/revisions\/29648"}],"acf:post":[{"embeddable":true,"href":"https:\/\/www.factorenergia.com\/ca\/wp-json\/wp\/v2\/posts\/8710"}],"wp:attachment":[{"href":"https:\/\/www.factorenergia.com\/ca\/wp-json\/wp\/v2\/media?parent=20548"}],"wp:term":[{"taxonomy":"category","embeddable":true,"href":"https:\/\/www.factorenergia.com\/ca\/wp-json\/wp\/v2\/categories?post=20548"},{"taxonomy":"post_tag","embeddable":true,"href":"https:\/\/www.factorenergia.com\/ca\/wp-json\/wp\/v2\/tags?post=20548"}],"curies":[{"name":"wp","href":"https:\/\/api.w.org\/{rel}","templated":true}]}}