{"id":20197,"date":"2023-03-16T11:44:39","date_gmt":"2023-03-16T09:44:39","guid":{"rendered":"https:\/\/www.factorenergia.com\/ca\/?p=20197"},"modified":"2025-08-04T15:38:02","modified_gmt":"2025-08-04T13:38:02","slug":"monitorar-la-teva-instal%c2%b7lacio-fotovoltaica","status":"publish","type":"post","link":"https:\/\/www.factorenergia.com\/ca\/blog\/autoconsum-electric\/monitorar-la-teva-instal%c2%b7lacio-fotovoltaica\/","title":{"rendered":"Monitorar la teva  instal\u00b7laci\u00f3 fotovoltaica \u00e9s important"},"content":{"rendered":"<p>L&#8217;energia solar \u00e9s una de les formes d&#8217;energia m\u00e9s netes i rendibles del mercat. Aquesta energia neta i renovable s&#8217;ha convertit en una de les millors opcions per a proveir d&#8217;energia a llars, edificis i empreses. La instal\u00b7laci\u00f3 de panells solars per a \u00fas dom\u00e8stic o comercial \u00e9s cada vegada m\u00e9s com\u00fa. No obstant aix\u00f2, per a assegurar l&#8217;\u00f2ptim rendiment d&#8217;aquesta instal\u00b7laci\u00f3, \u00e9s important monitorar-la.<\/p>\n<p>&nbsp;<\/p>\n<p>El monitoratge d&#8217;una instal\u00b7laci\u00f3 fotovoltaica <strong>ajuda a assegurar que els panells solars estiguin produint la quantitat d&#8217;energia esperada. <\/strong>Aix\u00f2 es deu al fet que els panells solars estan subjectes a factors externs com el clima, la brut\u00edcia i l&#8217;ombra. Aquests factors poden afectar significativament el rendiment dels panells, per la qual cosa \u00e9s important monitorar-los per a assegurar que estan funcionant correctament.<\/p>\n<p>&nbsp;<\/p>\n<p>A m\u00e9s, <strong>el monitoratge de la instal\u00b7laci\u00f3 fotovoltaica ajuda a identificar qualsevol fallada en els equips<\/strong>. Aix\u00f2 ajuda a minimitzar el temps d&#8217;inactivitat de la instal\u00b7laci\u00f3 i, per tant, a assegurar una major producci\u00f3 d&#8217;energia solar.<\/p>\n<p>&nbsp;<\/p>\n<p>Aix\u00ed mateix, <strong>el monitoratge ajuda els propietaris a optimitzar els seus costos<\/strong>. Aix\u00f2 es deu al fet que els propietaris poden accedir a informaci\u00f3 detallada sobre el rendiment de la instal\u00b7laci\u00f3, la qual cosa els permet prendre decisions informades sobre el manteniment de la mateixa i estalviar diners a llarg termini.<\/p>\n<p>&nbsp;<\/p>\n<p>Finalment, el monitoratge de la instal\u00b7laci\u00f3 fotovoltaica ajuda als propietaris a <strong>obtenir informaci\u00f3 precisa sobre el rendiment de la instal\u00b7laci\u00f3.<\/strong> Aix\u00f2 permet tenir una perspectiva real de l&#8217;efici\u00e8ncia de la instal\u00b7laci\u00f3, la qual cosa els permet prendre decisions informades sobre el manteniment i millora d&#8217;aquesta.<\/p>\n<p>&nbsp;<\/p>\n<p>En resum, el monitoratge d&#8217;una instal\u00b7laci\u00f3 fotovoltaica \u00e9s essencial per a assegurar el seu \u00f2ptim rendiment i optimitzar els seus costos en el llarg termini.<\/p>\n<p><!--- BANNER CAT AUTOCONSUMO --><\/p>\n<div style=\"background: white; box-shadow: 0px 5px 40px rgba(98, 129, 202, 0.2); margin-top: 0px; padding: 20px;\">\n<h4 style=\"margin-top: 0; margin-bottom: 10px;\"><span>Instal\u00b7la plaques solars i redueix la teva factura el\u00e8ctrica<\/span><\/h4>\n<p><span style=\"display: block;\"><span>El teu estudi de plaques solars en menys de 48 hores. Sense comprom\u00eds.<\/span><\/span><br \/>\n<a href=\"https:\/\/www.factorenergia.com\/ca\/llars\/autoconsum\/\" class=\"primary-btn center\">Preparem el teu estudi gratis<\/a><\/p>\n<\/div>\n<p><!--- BANNER CAT AUTOCONSUMO --><\/p>\n","protected":false},"excerpt":{"rendered":"<p>L&#8217;energia solar \u00e9s una de les formes d&#8217;energia m\u00e9s netes i rendibles del mercat. Aquesta energia neta i renovable s&#8217;ha convertit en una de les millors opcions per a proveir d&#8217;energia a llars, edificis i empreses. La instal\u00b7laci\u00f3 de panells solars per a \u00fas dom\u00e8stic o comercial \u00e9s cada vegada m\u00e9s com\u00fa. No obstant aix\u00f2, [&hellip;]<\/p>\n","protected":false},"author":17,"featured_media":0,"comment_status":"open","ping_status":"open","sticky":false,"template":"","format":"standard","meta":{"inline_featured_image":false,"footnotes":""},"categories":[66],"tags":[],"acf":{"fecha_de_la_entrada":"20230316","imagen_portada":29231,"categoria_blog":null,"tipo_de_distribuidora":null,"tiempo_lectura":"","banner_bool":false,"titulo_banner":"","texto_banner":"","texto_boton_banner":"","url_boton_banner":"","post_relacionados":""},"yoast_head":"<!-- This site is optimized with the Yoast SEO plugin v22.2 - https:\/\/yoast.com\/wordpress\/plugins\/seo\/ -->\n<title>Monitorar la teva instal\u00b7laci\u00f3 fotovoltaica \u00e9s important | factorenergia<\/title>\n<meta name=\"description\" content=\"Descobreix la import\u00e0ncia fer-ho y assegurar el \u00f2ptim rendiment de la teva instal\u00b7laci\u00f3 fotovoltaica i optimitzar els seus costos.\" \/>\n<meta name=\"robots\" content=\"index, follow, max-snippet:-1, max-image-preview:large, max-video-preview:-1\" \/>\n<link rel=\"canonical\" href=\"https:\/\/www.factorenergia.com\/ca\/blog\/autoconsum-electric\/monitorar-la-teva-instal\u00b7lacio-fotovoltaica\/\" \/>\n<meta name=\"twitter:card\" content=\"summary_large_image\" \/>\n<meta name=\"twitter:title\" content=\"Monitorar la teva instal\u00b7laci\u00f3 fotovoltaica \u00e9s important | factorenergia\" \/>\n<meta name=\"twitter:description\" content=\"Descobreix la import\u00e0ncia fer-ho y assegurar el \u00f2ptim rendiment de la teva instal\u00b7laci\u00f3 fotovoltaica i optimitzar els seus costos.\" \/>\n<meta name=\"twitter:creator\" content=\"@factorenergia\" \/>\n<meta name=\"twitter:site\" content=\"@factorenergia\" \/>\n<meta name=\"twitter:label1\" content=\"Written by\" \/>\n\t<meta name=\"twitter:data1\" content=\"Equipo Transici\u00f3n Energ\u00e9tica Factorenergia\" \/>\n\t<meta name=\"twitter:label2\" content=\"Est. reading time\" \/>\n\t<meta name=\"twitter:data2\" content=\"2 minutes\" \/>\n<script type=\"application\/ld+json\" class=\"yoast-schema-graph\">{\"@context\":\"https:\/\/schema.org\",\"@graph\":[{\"@type\":\"WebPage\",\"@id\":\"https:\/\/www.factorenergia.com\/ca\/blog\/autoconsum-electric\/monitorar-la-teva-instal%c2%b7lacio-fotovoltaica\/\",\"url\":\"https:\/\/www.factorenergia.com\/ca\/blog\/autoconsum-electric\/monitorar-la-teva-instal%c2%b7lacio-fotovoltaica\/\",\"name\":\"Monitorar la teva instal\u00b7laci\u00f3 fotovoltaica \u00e9s important | factorenergia\",\"isPartOf\":{\"@id\":\"https:\/\/www.factorenergia.com\/es\/#website\"},\"datePublished\":\"2023-03-16T09:44:39+00:00\",\"dateModified\":\"2025-08-04T13:38:02+00:00\",\"author\":{\"@id\":\"https:\/\/www.factorenergia.com\/es\/#\/schema\/person\/dff9e4b6dc520720e3a37bdaaedc5841\"},\"description\":\"Descobreix la import\u00e0ncia fer-ho y assegurar el \u00f2ptim rendiment de la teva instal\u00b7laci\u00f3 fotovoltaica i optimitzar els seus costos.\",\"breadcrumb\":{\"@id\":\"https:\/\/www.factorenergia.com\/ca\/blog\/autoconsum-electric\/monitorar-la-teva-instal%c2%b7lacio-fotovoltaica\/#breadcrumb\"},\"inLanguage\":\"ca\",\"potentialAction\":[{\"@type\":\"ReadAction\",\"target\":[\"https:\/\/www.factorenergia.com\/ca\/blog\/autoconsum-electric\/monitorar-la-teva-instal%c2%b7lacio-fotovoltaica\/\"]}]},{\"@type\":\"BreadcrumbList\",\"@id\":\"https:\/\/www.factorenergia.com\/ca\/blog\/autoconsum-electric\/monitorar-la-teva-instal%c2%b7lacio-fotovoltaica\/#breadcrumb\",\"itemListElement\":[{\"@type\":\"ListItem\",\"position\":1,\"name\":\"Portada\",\"item\":\"https:\/\/www.factorenergia.com\/ca\/\"},{\"@type\":\"ListItem\",\"position\":2,\"name\":\"Monitorar la teva instal\u00b7laci\u00f3 fotovoltaica \u00e9s important\"}]},{\"@type\":\"WebSite\",\"@id\":\"https:\/\/www.factorenergia.com\/es\/#website\",\"url\":\"https:\/\/www.factorenergia.com\/es\/\",\"name\":\"factorenergia\",\"description\":\"factorenergia\",\"potentialAction\":[{\"@type\":\"SearchAction\",\"target\":{\"@type\":\"EntryPoint\",\"urlTemplate\":\"https:\/\/www.factorenergia.com\/es\/?s={search_term_string}\"},\"query-input\":\"required name=search_term_string\"}],\"inLanguage\":\"ca\"},{\"@type\":\"Person\",\"@id\":\"https:\/\/www.factorenergia.com\/es\/#\/schema\/person\/dff9e4b6dc520720e3a37bdaaedc5841\",\"name\":\"Equipo Transici\u00f3n Energ\u00e9tica Factorenergia\",\"image\":{\"@type\":\"ImageObject\",\"inLanguage\":\"ca\",\"@id\":\"https:\/\/www.factorenergia.com\/es\/#\/schema\/person\/image\/\",\"url\":\"https:\/\/secure.gravatar.com\/avatar\/1b7c76bab80ee1c4261b06108874e24b?s=96&d=mm&r=g\",\"contentUrl\":\"https:\/\/secure.gravatar.com\/avatar\/1b7c76bab80ee1c4261b06108874e24b?s=96&d=mm&r=g\",\"caption\":\"Equipo Transici\u00f3n Energ\u00e9tica Factorenergia\"},\"description\":\"El equipo est\u00e1 formado por expertos en materia de Luz, Gas y Eficiencia Energ\u00e9tica, que conocen de primera mano las tendencias del mercado. Su experiencia en el sector les permite ofrecer las mejores soluciones energ\u00e9ticas y resolver las dudas planteadas por los clientes.\",\"sameAs\":[\"https:\/\/www.factorenergia.com\/es\/\",\"https:\/\/www.facebook.com\/factorenergiacom\",\"https:\/\/www.instagram.com\/factorenergia_com\/\",\"https:\/\/es.linkedin.com\/company\/factor-energia\",\"https:\/\/twitter.com\/factorenergia\",\"https:\/\/www.youtube.com\/c\/factorenergiacom\"],\"url\":\"https:\/\/www.factorenergia.com\/ca\/blog\/author\/marketing\/\"}]}<\/script>\n<!-- \/ Yoast SEO plugin. -->","yoast_head_json":{"title":"Monitorar la teva instal\u00b7laci\u00f3 fotovoltaica \u00e9s important | factorenergia","description":"Descobreix la import\u00e0ncia fer-ho y assegurar el \u00f2ptim rendiment de la teva instal\u00b7laci\u00f3 fotovoltaica i optimitzar els seus costos.","robots":{"index":"index","follow":"follow","max-snippet":"max-snippet:-1","max-image-preview":"max-image-preview:large","max-video-preview":"max-video-preview:-1"},"canonical":"https:\/\/www.factorenergia.com\/ca\/blog\/autoconsum-electric\/monitorar-la-teva-instal\u00b7lacio-fotovoltaica\/","twitter_card":"summary_large_image","twitter_title":"Monitorar la teva instal\u00b7laci\u00f3 fotovoltaica \u00e9s important | factorenergia","twitter_description":"Descobreix la import\u00e0ncia fer-ho y assegurar el \u00f2ptim rendiment de la teva instal\u00b7laci\u00f3 fotovoltaica i optimitzar els seus costos.","twitter_creator":"@factorenergia","twitter_site":"@factorenergia","twitter_misc":{"Written by":"Equipo Transici\u00f3n Energ\u00e9tica Factorenergia","Est. reading time":"2 minutes"},"schema":{"@context":"https:\/\/schema.org","@graph":[{"@type":"WebPage","@id":"https:\/\/www.factorenergia.com\/ca\/blog\/autoconsum-electric\/monitorar-la-teva-instal%c2%b7lacio-fotovoltaica\/","url":"https:\/\/www.factorenergia.com\/ca\/blog\/autoconsum-electric\/monitorar-la-teva-instal%c2%b7lacio-fotovoltaica\/","name":"Monitorar la teva instal\u00b7laci\u00f3 fotovoltaica \u00e9s important | factorenergia","isPartOf":{"@id":"https:\/\/www.factorenergia.com\/es\/#website"},"datePublished":"2023-03-16T09:44:39+00:00","dateModified":"2025-08-04T13:38:02+00:00","author":{"@id":"https:\/\/www.factorenergia.com\/es\/#\/schema\/person\/dff9e4b6dc520720e3a37bdaaedc5841"},"description":"Descobreix la import\u00e0ncia fer-ho y assegurar el \u00f2ptim rendiment de la teva instal\u00b7laci\u00f3 fotovoltaica i optimitzar els seus costos.","breadcrumb":{"@id":"https:\/\/www.factorenergia.com\/ca\/blog\/autoconsum-electric\/monitorar-la-teva-instal%c2%b7lacio-fotovoltaica\/#breadcrumb"},"inLanguage":"ca","potentialAction":[{"@type":"ReadAction","target":["https:\/\/www.factorenergia.com\/ca\/blog\/autoconsum-electric\/monitorar-la-teva-instal%c2%b7lacio-fotovoltaica\/"]}]},{"@type":"BreadcrumbList","@id":"https:\/\/www.factorenergia.com\/ca\/blog\/autoconsum-electric\/monitorar-la-teva-instal%c2%b7lacio-fotovoltaica\/#breadcrumb","itemListElement":[{"@type":"ListItem","position":1,"name":"Portada","item":"https:\/\/www.factorenergia.com\/ca\/"},{"@type":"ListItem","position":2,"name":"Monitorar la teva instal\u00b7laci\u00f3 fotovoltaica \u00e9s important"}]},{"@type":"WebSite","@id":"https:\/\/www.factorenergia.com\/es\/#website","url":"https:\/\/www.factorenergia.com\/es\/","name":"factorenergia","description":"factorenergia","potentialAction":[{"@type":"SearchAction","target":{"@type":"EntryPoint","urlTemplate":"https:\/\/www.factorenergia.com\/es\/?s={search_term_string}"},"query-input":"required name=search_term_string"}],"inLanguage":"ca"},{"@type":"Person","@id":"https:\/\/www.factorenergia.com\/es\/#\/schema\/person\/dff9e4b6dc520720e3a37bdaaedc5841","name":"Equipo Transici\u00f3n Energ\u00e9tica Factorenergia","image":{"@type":"ImageObject","inLanguage":"ca","@id":"https:\/\/www.factorenergia.com\/es\/#\/schema\/person\/image\/","url":"https:\/\/secure.gravatar.com\/avatar\/1b7c76bab80ee1c4261b06108874e24b?s=96&d=mm&r=g","contentUrl":"https:\/\/secure.gravatar.com\/avatar\/1b7c76bab80ee1c4261b06108874e24b?s=96&d=mm&r=g","caption":"Equipo Transici\u00f3n Energ\u00e9tica Factorenergia"},"description":"El equipo est\u00e1 formado por expertos en materia de Luz, Gas y Eficiencia Energ\u00e9tica, que conocen de primera mano las tendencias del mercado. Su experiencia en el sector les permite ofrecer las mejores soluciones energ\u00e9ticas y resolver las dudas planteadas por los clientes.","sameAs":["https:\/\/www.factorenergia.com\/es\/","https:\/\/www.facebook.com\/factorenergiacom","https:\/\/www.instagram.com\/factorenergia_com\/","https:\/\/es.linkedin.com\/company\/factor-energia","https:\/\/twitter.com\/factorenergia","https:\/\/www.youtube.com\/c\/factorenergiacom"],"url":"https:\/\/www.factorenergia.com\/ca\/blog\/author\/marketing\/"}]}},"_links":{"self":[{"href":"https:\/\/www.factorenergia.com\/ca\/wp-json\/wp\/v2\/posts\/20197"}],"collection":[{"href":"https:\/\/www.factorenergia.com\/ca\/wp-json\/wp\/v2\/posts"}],"about":[{"href":"https:\/\/www.factorenergia.com\/ca\/wp-json\/wp\/v2\/types\/post"}],"author":[{"embeddable":true,"href":"https:\/\/www.factorenergia.com\/ca\/wp-json\/wp\/v2\/users\/17"}],"replies":[{"embeddable":true,"href":"https:\/\/www.factorenergia.com\/ca\/wp-json\/wp\/v2\/comments?post=20197"}],"version-history":[{"count":1,"href":"https:\/\/www.factorenergia.com\/ca\/wp-json\/wp\/v2\/posts\/20197\/revisions"}],"predecessor-version":[{"id":29233,"href":"https:\/\/www.factorenergia.com\/ca\/wp-json\/wp\/v2\/posts\/20197\/revisions\/29233"}],"wp:attachment":[{"href":"https:\/\/www.factorenergia.com\/ca\/wp-json\/wp\/v2\/media?parent=20197"}],"wp:term":[{"taxonomy":"category","embeddable":true,"href":"https:\/\/www.factorenergia.com\/ca\/wp-json\/wp\/v2\/categories?post=20197"},{"taxonomy":"post_tag","embeddable":true,"href":"https:\/\/www.factorenergia.com\/ca\/wp-json\/wp\/v2\/tags?post=20197"}],"curies":[{"name":"wp","href":"https:\/\/api.w.org\/{rel}","templated":true}]}}