{"id":1966,"date":"2016-08-12T11:26:22","date_gmt":"2016-08-12T09:26:22","guid":{"rendered":"https:\/\/www.factorenergia.com\/ca\/?post_type=blog&#038;p=1966"},"modified":"2021-02-25T10:57:33","modified_gmt":"2021-02-25T08:57:33","slug":"nous-comptadors","status":"publish","type":"post","link":"https:\/\/www.factorenergia.com\/ca\/blog\/noticies\/nous-comptadors\/","title":{"rendered":"Tot el que has de saber sobre els nous comptadors digitals"},"content":{"rendered":"<p><span style=\"color: #000000;\">Tant si ja tens instal\u00b7lat un dels nous comptadors com si encara no \u00e9s aix\u00ed, pot ser que tinguis preguntes relacionades amb el seu funcionament i consum. \u00c9s veritat tot el que diuen del comptador digital? Resolem dubtes:<\/span><\/p>\n<p><span style=\"color: #000000;\">Els anomenem <strong>nous comptadors digitals<\/strong> tot i que s\u00f3n a la nostra vida des de 2010. Es tracta d\u2019un sistema de mesura digital que <strong>reempla\u00e7ar\u00e0 als anal\u00f2gics completament a finals del 2018<\/strong>. Aix\u00ed que, si ets dels que encara no compta amb aquesta tecnologia, se t\u2019instal\u00b7lar\u00e0 un en un per\u00edode m\u00e0xim de dos anys.<\/span><\/p>\n<h2><span style=\"color: #000000;\">Quan em canviaran el comptador?<\/span><\/h2>\n<p><span style=\"color: #000000;\">Est\u00e0 previst que el <strong>31 de desembre de 2018<\/strong> tothom tingui un comptador digital. Degut a que aquests comptadors pertanyen a la Distribu\u00efdora, la seva instal\u00b7laci\u00f3 dep\u00e8n d\u2019ella, de manera que t\u2019han de notificar quan passar\u00e0 el t\u00e8cnic oficial pel teu domicili a realitzar el canvi. Altres casos en els que se\u2019t pot reempla\u00e7ar el comptador anal\u00f2gic pel digital, poden ser:<\/span><\/p>\n<ul>\n<li><span style=\"color: #000000; font-size: 17px;\">Canvi de comercialitzadora amb canvi de pot\u00e8ncia o a tarifa amb discriminaci\u00f3 hor\u00e0ria.<\/span><\/li>\n<li><span style=\"color: #000000; font-size: 17px;\">Qualsevol tr\u00e0mit que comporti una intervenci\u00f3 en el comptador \u00e9s susceptible de ser aprofitada per a instal\u00b7lar el mesurador digital.<\/span><\/li>\n<\/ul>\n<p><span style=\"color: #000000;\">En qualsevol dels casos<strong>, l\u2019instal\u00b7lador no et cobrar\u00e0 res<\/strong>; la seva instal\u00b7laci\u00f3 \u00e9s completament gratu\u00efta.<\/span><\/p>\n<h2><span style=\"color: #000000;\">Haur\u00e9 d\u2019apujar la pot\u00e8ncia pel nou comptador?<\/span><\/h2>\n<p><span style=\"color: #000000;\"><strong>En principi no<\/strong>. El nou comptador digital et facilitar\u00e0 el control del teu consum i afavorir\u00e0 l\u2019exactitud en la facturaci\u00f3, per\u00f2 no hauria d\u2019influir en la teva pot\u00e8ncia contractada.<\/span><\/p>\n<p><span style=\"color: #000000;\">Tot i aix\u00ed, s\u2019han donat casos en els que, rere la instal\u00b7laci\u00f3 del comptador digital, l\u2019usuari ha hagut d\u2019incrementar la pot\u00e8ncia contractada ja que el nou comptador disposa de<strong> l\u2019ICP integrat<\/strong>, a difer\u00e8ncia dels comptadors anal\u00f2gics, que el tenen extern i podien ser modificats il\u00b7legalment per a no correspondre a la seva pot\u00e8ncia contractada.<\/span><\/p>\n<p><span style=\"color: #000000;\">En el cas que tinguessis un ICP instal\u00b7lat amb un amperatge superior al corresponent a la teva pot\u00e8ncia contractada, la qual cosa seria poc habitual, comptaves amb cert marge a l\u2019al\u00e7a si\u00a0 el teu consum s\u2019excedia de la pot\u00e8ncia contractada; \u00e9s a dir, feia que si et \u201cpassaves\u201d una mica no et \u201csaltessin els ploms\u201d. Dit d\u2019una altra manera; si l\u2019amperatge del teu ICP \u00e9s superior al que hauria de ser, probablement t\u2019estigui donant un marge de pot\u00e8ncia superior a la que tinguis contractada i aix\u00f2, amb el nou comptador, podr\u00e0 tallar-te moment\u00e0niament el subministrament ja que limitar\u00e0 la teva pot\u00e8ncia m\u00e0xima contractada. Ni m\u00e9s ni menys.<\/span><\/p>\n<p><span style=\"color: #000000;\">Suggerim que verifiquis que l\u2019amperatge del teu ICP sigui el correcte o que contactis amb un t\u00e8cnic que pugui verificar-ho per, de ser necessari, fer-hi alguna cosa abans que el nou comptador et deixi sense llum de forma recurrent.<\/span><\/p>\n<h2><span style=\"color: #000000;\">Funci\u00f3 i avantatges del comptador de llum digital<\/span><\/h2>\n<p><span style=\"color: #000000;\">El <strong>comptador de llum digital<\/strong> va venir al m\u00f3n per a afavorir al consumidor amb el poder de la informaci\u00f3. Si b\u00e9 es cer que a la pr\u00e0ctica est\u00e0 aixecant dubtes i sospites, aquestes s\u00f3n els seus principals avantatges:<\/span><\/p>\n<ul>\n<li><span style=\"color: #000000; font-size: 17px;\">Evita la lectura del comptador a domicili.<\/span><\/li>\n<li><span style=\"color: #000000; font-size: 17px;\">Facilita la gesti\u00f3 de <strong>tr\u00e0mits a dist\u00e0ncia<\/strong>, aix\u00ed que els canvis de pot\u00e8ncia es podran realitzar de forma telem\u00e0tica.<\/span><\/li>\n<li><span style=\"color: #000000; font-size: 17px;\">Fa que paguis just el que consumeixes: <strong>elimina les factures per lectura estimada<\/strong>.<\/span><\/li>\n<li><span style=\"color: #000000; font-size: 17px;\">Propicia un <strong>consum m\u00e9s eficient<\/strong>. Tindr\u00e0s acc\u00e9s al teu consum exacte en cada moment, de manera que podr\u00e0s prendre mesures d\u2019estalvi si ho veiessis necessari.<\/span><\/li>\n<li><span style=\"color: #000000; font-size: 17px;\">Permet <strong>detectar un possible consum anormal o residual<\/strong>, consultar la teva pot\u00e8ncia m\u00e0xima i poder decidir reduir la teva pot\u00e8ncia, si es necessari.<\/span><\/li>\n<li><span style=\"color: #000000; font-size: 17px;\">Ajuda a <strong>prendre consci\u00e8ncia del consum real<\/strong> per hores oferint aquesta informaci\u00f3 a l\u2019usuari de forma transparent.<\/span><\/li>\n<\/ul>\n<h2><span style=\"color: #000000;\">Com afecta el nou comptador a la meva tarifa?<\/span><\/h2>\n<p><span style=\"color: #000000;\">Aqu\u00ed est\u00e0 el <em>quid<\/em> de la q\u00fcesti\u00f3. La funci\u00f3 principal del comptador digital \u00e9s poder monitoritzar el consum exacte de cada hora del dia i aplicar la <strong>tarifa de llum per hores<\/strong>, cosa que t\u2019afecta directament si pertanys a una de les denominades Comercialitzadores de refer\u00e8ncia. Aix\u00f2 vol dir que, si tens contractada l\u2019antiga Tarifa d\u2019\u00faltim recurs (<strong>TUR<\/strong>) \u2013actualment anomenada Preu voluntari al petit consumidor (<strong>PVPC<\/strong>)-, t\u2019hauran comen\u00e7at a cobrar el kW a un preu diferent cada hora del dia. Aquest preu el determina principalment el mercat majorista di\u00e0riament pel dia seg\u00fcent, cosa que significa:<\/span><\/p>\n<ul>\n<li><span style=\"color: #000000; font-size: 17px;\">Que pots estalviar en la teva factura adaptant el teu consum a les hores m\u00e9s barates, que podr\u00e0s con\u00e8ixer amb un dia d\u2019antelaci\u00f3 a la nostra aplicaci\u00f3: <strong><a href=\"http:\/\/www.factorsmarthome.com\/ca\/\" target=\"_blank\">FactorSmarthome<\/a><\/strong>.<\/span><\/li>\n<\/ul>\n<ul>\n<li><span style=\"color: #000000; font-size: 17px;\">Que si tens un contracte amb una comercialitzadora del mercat lliure com Factor Energia, podr\u00e0s consultar les dades hor\u00e0ries de consum a la nostra \u00e0rea de clients i, si tens una tarifa variable, estalviar a la teva factura adaptant-te a les hores de preu m\u00e9s baix. En cas que prefereixis pagar sempre el mateix, podr\u00e0s escollir la tarifa fixa.<\/span><\/li>\n<\/ul>\n<h2><span style=\"color: #000000;\">T\u2019interessa la tarifa el\u00e8ctrica per hores?<\/span><\/h2>\n<p><span style=\"color: #000000;\">La tarifa el\u00e8ctrica per hores, si b\u00e9 \u00e9s en aparen\u00e7a complicada, t\u2019ofereix una visi\u00f3 global i real per a que puguis adaptar el teu consum als horaris que et permetin realitzar un consum m\u00e9s eficient i reduir l\u2019import de la teva factura.<\/span><\/p>\n<p><span style=\"color: #000000;\">Aquesta tarifa compta amb 24 preus diferents cada dia; un per a cada hora. Cada dia per la tarda es publiquen els preus de la llum per hores del dia seg\u00fcent, facilitant que puguis preveure quan realitzar el teu consum el\u00e8ctric. Per a poder estar pendent del preu per hores de la llum i per adaptar el teu consum al moment \u00f2ptim comptes amb <strong>FactorSmarthome<\/strong><\/span>, <span style=\"color: #000000;\">una aplicaci\u00f3 en la que podr\u00e0s veure aquests preus alhora que estudiar el teu consum, comparar-lo amb el dels teus ve\u00efns i valorar el teu nivell d\u2019efici\u00e8ncia energ\u00e8tica per ajudar-te a estalviar.<\/span><\/p>\n<p>&nbsp;<\/p>\n<p><span style=\"color: #000000;\">Aix\u00ed que, recorda, comprova que l\u2019amperatge del teu ICP sigui l\u2019adequat, i valora quina tarifa s\u2019adapta millor a tu. Sigui quina sigui, a <strong>Factorenergia<\/strong> t\u2019oferim l\u2019opci\u00f3 que m\u00e9s s\u2019adapti a les teves necessitats al millor preu. Pots obtenir m\u00e9s informaci\u00f3 online de <a href=\"\/ca\/llars\/tarifas\/\" target=\"_blank\">les nostres tarifes<\/a> mitjan\u00e7ant el nostre <strong>xat<\/strong> o trucant-nos al <strong>900 850 000<\/strong>. El nostre servei d\u2019atenci\u00f3 al client propi estar\u00e0 encantat d\u2019ajudar-te a estalviar. I si ja t\u2019has decidit i vols contractar, seran 5 minuts. T\u2019ho assegurem.<\/span><\/p>\n<p>&nbsp;<\/p>\n","protected":false},"excerpt":{"rendered":"<p>Ja t&#8217;han canviat el comptador? Haur\u00e0s llegit moltes coses sobre qu\u00e8 passa quan fas el canvi i de la funcionalitat dels nous aparells. Coneix-ne els avantatges.<\/p>\n","protected":false},"author":17,"featured_media":0,"comment_status":"open","ping_status":"closed","sticky":false,"template":"","format":"standard","meta":{"inline_featured_image":false,"footnotes":""},"categories":[61],"tags":[],"acf":{"fecha_de_la_entrada":"20160810","imagen_portada":2044,"categoria_blog":61,"tipo_de_distribuidora":null,"tiempo_lectura":"","banner_bool":false,"titulo_banner":"","texto_banner":"","texto_boton_banner":"","url_boton_banner":"","post_relacionados":null},"yoast_head":"<!-- This site is optimized with the Yoast SEO plugin v22.2 - https:\/\/yoast.com\/wordpress\/plugins\/seo\/ -->\n<title>Qu\u00e8 s\u00f3n i quan instal\u00b7lar\u00e0n els nous comptadors?<\/title>\n<meta name=\"description\" content=\"Tens ja un dels nous comptadors? T&#039;expliquem qu\u00e8 tenen d&#039;especial, per a qu\u00e8 serveixen i quines s\u00f3n les difer\u00e8ncies amb l&#039;altre.\" \/>\n<meta name=\"robots\" content=\"noindex, follow\" \/>\n<meta name=\"twitter:card\" content=\"summary_large_image\" \/>\n<meta name=\"twitter:title\" content=\"Qu\u00e8 s\u00f3n i quan instal\u00b7lar\u00e0n els nous comptadors?\" \/>\n<meta name=\"twitter:description\" content=\"Tens ja un dels nous comptadors? T&#039;expliquem qu\u00e8 tenen d&#039;especial, per a qu\u00e8 serveixen i quines s\u00f3n les difer\u00e8ncies amb l&#039;altre.\" \/>\n<meta name=\"twitter:site\" content=\"@factorenergia\" \/>\n<meta name=\"twitter:label1\" content=\"Est. reading time\" \/>\n\t<meta name=\"twitter:data1\" content=\"6 minutes\" \/>\n<script type=\"application\/ld+json\" class=\"yoast-schema-graph\">{\"@context\":\"https:\/\/schema.org\",\"@graph\":[{\"@type\":\"WebPage\",\"@id\":\"https:\/\/www.factorenergia.com\/ca\/blog\/blog\/%tiposdeblog%\/nous-comptadors\/\",\"url\":\"https:\/\/www.factorenergia.com\/ca\/blog\/blog\/%tiposdeblog%\/nous-comptadors\/\",\"name\":\"Qu\u00e8 s\u00f3n i quan instal\u00b7lar\u00e0n els nous comptadors?\",\"isPartOf\":{\"@id\":\"https:\/\/www.factorenergia.com\/es\/#website\"},\"datePublished\":\"2016-08-12T09:26:22+00:00\",\"dateModified\":\"2021-02-25T08:57:33+00:00\",\"description\":\"Tens ja un dels nous comptadors? T'expliquem qu\u00e8 tenen d'especial, per a qu\u00e8 serveixen i quines s\u00f3n les difer\u00e8ncies amb l'altre.\",\"breadcrumb\":{\"@id\":\"https:\/\/www.factorenergia.com\/ca\/blog\/blog\/%tiposdeblog%\/nous-comptadors\/#breadcrumb\"},\"inLanguage\":\"ca\",\"potentialAction\":[{\"@type\":\"ReadAction\",\"target\":[\"https:\/\/www.factorenergia.com\/ca\/blog\/blog\/%tiposdeblog%\/nous-comptadors\/\"]}]},{\"@type\":\"BreadcrumbList\",\"@id\":\"https:\/\/www.factorenergia.com\/ca\/blog\/blog\/%tiposdeblog%\/nous-comptadors\/#breadcrumb\",\"itemListElement\":[{\"@type\":\"ListItem\",\"position\":1,\"name\":\"Portada\",\"item\":\"https:\/\/www.factorenergia.com\/ca\/\"},{\"@type\":\"ListItem\",\"position\":2,\"name\":\"Tot el que has de saber sobre els nous comptadors digitals\"}]},{\"@type\":\"WebSite\",\"@id\":\"https:\/\/www.factorenergia.com\/es\/#website\",\"url\":\"https:\/\/www.factorenergia.com\/es\/\",\"name\":\"factorenergia\",\"description\":\"factorenergia\",\"potentialAction\":[{\"@type\":\"SearchAction\",\"target\":{\"@type\":\"EntryPoint\",\"urlTemplate\":\"https:\/\/www.factorenergia.com\/es\/?s={search_term_string}\"},\"query-input\":\"required name=search_term_string\"}],\"inLanguage\":\"ca\"}]}<\/script>\n<!-- \/ Yoast SEO plugin. -->","yoast_head_json":{"title":"Qu\u00e8 s\u00f3n i quan instal\u00b7lar\u00e0n els nous comptadors?","description":"Tens ja un dels nous comptadors? T'expliquem qu\u00e8 tenen d'especial, per a qu\u00e8 serveixen i quines s\u00f3n les difer\u00e8ncies amb l'altre.","robots":{"index":"noindex","follow":"follow"},"twitter_card":"summary_large_image","twitter_title":"Qu\u00e8 s\u00f3n i quan instal\u00b7lar\u00e0n els nous comptadors?","twitter_description":"Tens ja un dels nous comptadors? T'expliquem qu\u00e8 tenen d'especial, per a qu\u00e8 serveixen i quines s\u00f3n les difer\u00e8ncies amb l'altre.","twitter_site":"@factorenergia","twitter_misc":{"Est. reading time":"6 minutes"},"schema":{"@context":"https:\/\/schema.org","@graph":[{"@type":"WebPage","@id":"https:\/\/www.factorenergia.com\/ca\/blog\/blog\/%tiposdeblog%\/nous-comptadors\/","url":"https:\/\/www.factorenergia.com\/ca\/blog\/blog\/%tiposdeblog%\/nous-comptadors\/","name":"Qu\u00e8 s\u00f3n i quan instal\u00b7lar\u00e0n els nous comptadors?","isPartOf":{"@id":"https:\/\/www.factorenergia.com\/es\/#website"},"datePublished":"2016-08-12T09:26:22+00:00","dateModified":"2021-02-25T08:57:33+00:00","description":"Tens ja un dels nous comptadors? T'expliquem qu\u00e8 tenen d'especial, per a qu\u00e8 serveixen i quines s\u00f3n les difer\u00e8ncies amb l'altre.","breadcrumb":{"@id":"https:\/\/www.factorenergia.com\/ca\/blog\/blog\/%tiposdeblog%\/nous-comptadors\/#breadcrumb"},"inLanguage":"ca","potentialAction":[{"@type":"ReadAction","target":["https:\/\/www.factorenergia.com\/ca\/blog\/blog\/%tiposdeblog%\/nous-comptadors\/"]}]},{"@type":"BreadcrumbList","@id":"https:\/\/www.factorenergia.com\/ca\/blog\/blog\/%tiposdeblog%\/nous-comptadors\/#breadcrumb","itemListElement":[{"@type":"ListItem","position":1,"name":"Portada","item":"https:\/\/www.factorenergia.com\/ca\/"},{"@type":"ListItem","position":2,"name":"Tot el que has de saber sobre els nous comptadors digitals"}]},{"@type":"WebSite","@id":"https:\/\/www.factorenergia.com\/es\/#website","url":"https:\/\/www.factorenergia.com\/es\/","name":"factorenergia","description":"factorenergia","potentialAction":[{"@type":"SearchAction","target":{"@type":"EntryPoint","urlTemplate":"https:\/\/www.factorenergia.com\/es\/?s={search_term_string}"},"query-input":"required name=search_term_string"}],"inLanguage":"ca"}]}},"_links":{"self":[{"href":"https:\/\/www.factorenergia.com\/ca\/wp-json\/wp\/v2\/posts\/1966"}],"collection":[{"href":"https:\/\/www.factorenergia.com\/ca\/wp-json\/wp\/v2\/posts"}],"about":[{"href":"https:\/\/www.factorenergia.com\/ca\/wp-json\/wp\/v2\/types\/post"}],"author":[{"embeddable":true,"href":"https:\/\/www.factorenergia.com\/ca\/wp-json\/wp\/v2\/users\/17"}],"replies":[{"embeddable":true,"href":"https:\/\/www.factorenergia.com\/ca\/wp-json\/wp\/v2\/comments?post=1966"}],"version-history":[{"count":0,"href":"https:\/\/www.factorenergia.com\/ca\/wp-json\/wp\/v2\/posts\/1966\/revisions"}],"acf:term":[{"embeddable":true,"taxonomy":"category","href":"https:\/\/www.factorenergia.com\/ca\/wp-json\/wp\/v2\/categories\/61"}],"wp:attachment":[{"href":"https:\/\/www.factorenergia.com\/ca\/wp-json\/wp\/v2\/media?parent=1966"}],"wp:term":[{"taxonomy":"category","embeddable":true,"href":"https:\/\/www.factorenergia.com\/ca\/wp-json\/wp\/v2\/categories?post=1966"},{"taxonomy":"post_tag","embeddable":true,"href":"https:\/\/www.factorenergia.com\/ca\/wp-json\/wp\/v2\/tags?post=1966"}],"curies":[{"name":"wp","href":"https:\/\/api.w.org\/{rel}","templated":true}]}}