{"id":19469,"date":"2023-02-28T13:38:23","date_gmt":"2023-02-28T11:38:23","guid":{"rendered":"https:\/\/www.factorenergia.com\/ca\/?p=19469"},"modified":"2025-08-05T10:31:09","modified_gmt":"2025-08-05T08:31:09","slug":"quina-potencia-necessito-per-a-la-meva-instal%c2%b7lacio-de-panells-solars","status":"publish","type":"post","link":"https:\/\/www.factorenergia.com\/ca\/blog\/autoconsum-electric\/quina-potencia-necessito-per-a-la-meva-instal%c2%b7lacio-de-panells-solars\/","title":{"rendered":"Quina pot\u00e8ncia necessito per a la meva instal\u00b7laci\u00f3 de panells solars?"},"content":{"rendered":"<p>&nbsp;<\/p>\n<p>Si est\u00e0s considerant la instal\u00b7laci\u00f3 de panells solars per a la teva llar, una de les primeres preguntes que has de fer-te \u00e9s: <strong>quina pot\u00e8ncia necessito per a la meva instal\u00b7laci\u00f3 de plaques solars?<\/strong> Encara que hi ha moltes variables que afectaran la resposta, hi ha alguns <strong>factors que pots considerar per a esbrinar-ho.<\/strong><\/p>\n<p>&nbsp;<\/p>\n<p>La pot\u00e8ncia que necessites per a la teva instal\u00b7laci\u00f3 dep\u00e8n, en gran part, <strong>de la quantitat d&#8217;energia el\u00e8ctrica que consumeixes actualment. <\/strong>Aix\u00f2 es pot determinar mitjan\u00e7ant l&#8217;an\u00e0lisi de la teva factura d&#8217;electricitat actual. Aix\u00f2 t&#8217;ajudar\u00e0 a saber aproximadament quanta energia solar necessites per a satisfer les teves necessitats actuals.<\/p>\n<p>&nbsp;<\/p>\n<p>Un altre factor a considerar \u00e9s <strong>la grand\u00e0ria de la instal\u00b7laci\u00f3<\/strong>. La grand\u00e0ria de la instal\u00b7laci\u00f3 es determina sobre la base<span> del <a href=\"https:\/\/www.factorenergia.com\/ca\/plaques-solars-calcula\/\" target=\"_blank\" rel=\"noopener\">c\u00e0lcul del<\/a><\/span><a href=\"https:\/\/www.factorenergia.com\/ca\/plaques-solars-calcula\/\" title=\"Calcula quantes plaques solars necessites\" target=\"_blank\" rel=\"noopener\"> nombre de panells solars<\/a> que necessites per a produir la quantitat d&#8217;energia que requereixes. Si la teva instal\u00b7laci\u00f3 \u00e9s m\u00e9s gran, necessitar\u00e0s m\u00e9s panells, cosa que significa que necessitar\u00e0s m\u00e9s pot\u00e8ncia.<\/p>\n<p>&nbsp;<\/p>\n<p>Una altra manera de determinar la pot\u00e8ncia necess\u00e0ria per a la teva instal\u00b7laci\u00f3 \u00e9s <strong>considerar la ubicaci\u00f3 del panell solar.<\/strong> Pel fet que els panells solars capturen la llum del sol, la ubicaci\u00f3 \u00e9s un factor important quant a la quantitat de pot\u00e8ncia que necessites<strong>. Si la ubicaci\u00f3 \u00e9s m\u00e9s assolellada, necessitar\u00e0s menys panells per a produir la mateixa quantitat d&#8217;energia<\/strong>. D&#8217;altra banda, si la ubicaci\u00f3 \u00e9s menys assolellada, necessitar\u00e0s m\u00e9s panells per a produir la mateixa quantitat d&#8217;energia.<\/p>\n<p>&nbsp;<\/p>\n<p>Una vegada que hagis determinat la quantitat d&#8217;energia que necessites per a satisfer les teves necessitats actuals, el seg\u00fcent pas \u00e9s determinar la grand\u00e0ria de la instal\u00b7laci\u00f3 i la ubicaci\u00f3. Aix\u00f2 t&#8217;ajudar\u00e0 a determinar la pot\u00e8ncia necess\u00e0ria per a la teva instal\u00b7laci\u00f3 de panells solars. \u00c9s important recordar que <strong>la pot\u00e8ncia \u00e9s un factor important quant a l&#8217;efici\u00e8ncia de la instal\u00b7laci\u00f3 i la seva capacitat per a produir energia<\/strong>. Per tant, \u00e9s important que tinguis en compte tots els factors pr\u00e8viament explicats en triar la pot\u00e8ncia de la teva instal\u00b7laci\u00f3 de panells solars.<\/p>\n<p><!--- BANNER CAT AUTOCONSUMO --><\/p>\n<div style=\"background: white; box-shadow: 0px 5px 40px rgba(98, 129, 202, 0.2); margin-top: 0px; padding: 20px;\">\n<h4 style=\"margin-top: 0; margin-bottom: 10px;\"><span>Instal\u00b7la plaques solars i redueix la teva factura el\u00e8ctrica<\/span><\/h4>\n<p><span style=\"display: block;\"><span>El teu estudi de plaques solars en menys de 48 hores. Sense comprom\u00eds.<\/span><\/span><br \/>\n<a href=\"https:\/\/www.factorenergia.com\/ca\/llars\/autoconsum\/\" class=\"primary-btn center\">Preparem el teu estudi gratis<\/a><\/p>\n<\/div>\n<p><!--- BANNER CAT AUTOCONSUMO --><\/p>\n","protected":false},"excerpt":{"rendered":"<p>&nbsp; Si est\u00e0s considerant la instal\u00b7laci\u00f3 de panells solars per a la teva llar, una de les primeres preguntes que has de fer-te \u00e9s: quina pot\u00e8ncia necessito per a la meva instal\u00b7laci\u00f3 de plaques solars? Encara que hi ha moltes variables que afectaran la resposta, hi ha alguns factors que pots considerar per a esbrinar-ho. [&hellip;]<\/p>\n","protected":false},"author":17,"featured_media":0,"comment_status":"open","ping_status":"open","sticky":false,"template":"","format":"standard","meta":{"inline_featured_image":false,"footnotes":""},"categories":[66],"tags":[],"acf":{"fecha_de_la_entrada":"20230228","imagen_portada":29333,"categoria_blog":null,"tipo_de_distribuidora":null,"tiempo_lectura":"","banner_bool":false,"titulo_banner":"","texto_banner":"","texto_boton_banner":"","url_boton_banner":"","post_relacionados":""},"yoast_head":"<!-- This site is optimized with the Yoast SEO plugin v22.2 - https:\/\/yoast.com\/wordpress\/plugins\/seo\/ -->\n<title>Quina pot\u00e8ncia necessito per a la meva instal\u00b7laci\u00f3 de panells solars? | factorenergia<\/title>\n<meta name=\"description\" content=\"Apr\u00e8n com determinar la pot\u00e8ncia necess\u00e0ria per a satisfer les teves necessitats energ\u00e8tiques, considerant diferents factors.\" \/>\n<meta name=\"robots\" content=\"index, follow, max-snippet:-1, max-image-preview:large, max-video-preview:-1\" \/>\n<link rel=\"canonical\" href=\"https:\/\/www.factorenergia.com\/ca\/blog\/autoconsum-electric\/quina-potencia-necessito-per-a-la-meva-instal\u00b7lacio-de-panells-solars\/\" \/>\n<meta name=\"twitter:card\" content=\"summary_large_image\" \/>\n<meta name=\"twitter:title\" content=\"Quina pot\u00e8ncia necessito per a la meva instal\u00b7laci\u00f3 de panells solars? | factorenergia\" \/>\n<meta name=\"twitter:description\" content=\"Apr\u00e8n com determinar la pot\u00e8ncia necess\u00e0ria per a satisfer les teves necessitats energ\u00e8tiques, considerant diferents factors.\" \/>\n<meta name=\"twitter:creator\" content=\"@factorenergia\" \/>\n<meta name=\"twitter:site\" content=\"@factorenergia\" \/>\n<meta name=\"twitter:label1\" content=\"Written by\" \/>\n\t<meta name=\"twitter:data1\" content=\"Equipo Transici\u00f3n Energ\u00e9tica Factorenergia\" \/>\n\t<meta name=\"twitter:label2\" content=\"Est. reading time\" \/>\n\t<meta name=\"twitter:data2\" content=\"2 minutes\" \/>\n<script type=\"application\/ld+json\" class=\"yoast-schema-graph\">{\"@context\":\"https:\/\/schema.org\",\"@graph\":[{\"@type\":\"WebPage\",\"@id\":\"https:\/\/www.factorenergia.com\/ca\/blog\/autoconsum-electric\/quina-potencia-necessito-per-a-la-meva-instal%c2%b7lacio-de-panells-solars\/\",\"url\":\"https:\/\/www.factorenergia.com\/ca\/blog\/autoconsum-electric\/quina-potencia-necessito-per-a-la-meva-instal%c2%b7lacio-de-panells-solars\/\",\"name\":\"Quina pot\u00e8ncia necessito per a la meva instal\u00b7laci\u00f3 de panells solars? | factorenergia\",\"isPartOf\":{\"@id\":\"https:\/\/www.factorenergia.com\/es\/#website\"},\"datePublished\":\"2023-02-28T11:38:23+00:00\",\"dateModified\":\"2025-08-05T08:31:09+00:00\",\"author\":{\"@id\":\"https:\/\/www.factorenergia.com\/es\/#\/schema\/person\/dff9e4b6dc520720e3a37bdaaedc5841\"},\"description\":\"Apr\u00e8n com determinar la pot\u00e8ncia necess\u00e0ria per a satisfer les teves necessitats energ\u00e8tiques, considerant diferents factors.\",\"breadcrumb\":{\"@id\":\"https:\/\/www.factorenergia.com\/ca\/blog\/autoconsum-electric\/quina-potencia-necessito-per-a-la-meva-instal%c2%b7lacio-de-panells-solars\/#breadcrumb\"},\"inLanguage\":\"ca\",\"potentialAction\":[{\"@type\":\"ReadAction\",\"target\":[\"https:\/\/www.factorenergia.com\/ca\/blog\/autoconsum-electric\/quina-potencia-necessito-per-a-la-meva-instal%c2%b7lacio-de-panells-solars\/\"]}]},{\"@type\":\"BreadcrumbList\",\"@id\":\"https:\/\/www.factorenergia.com\/ca\/blog\/autoconsum-electric\/quina-potencia-necessito-per-a-la-meva-instal%c2%b7lacio-de-panells-solars\/#breadcrumb\",\"itemListElement\":[{\"@type\":\"ListItem\",\"position\":1,\"name\":\"Portada\",\"item\":\"https:\/\/www.factorenergia.com\/ca\/\"},{\"@type\":\"ListItem\",\"position\":2,\"name\":\"Quina pot\u00e8ncia necessito per a la meva instal\u00b7laci\u00f3 de panells solars?\"}]},{\"@type\":\"WebSite\",\"@id\":\"https:\/\/www.factorenergia.com\/es\/#website\",\"url\":\"https:\/\/www.factorenergia.com\/es\/\",\"name\":\"factorenergia\",\"description\":\"factorenergia\",\"potentialAction\":[{\"@type\":\"SearchAction\",\"target\":{\"@type\":\"EntryPoint\",\"urlTemplate\":\"https:\/\/www.factorenergia.com\/es\/?s={search_term_string}\"},\"query-input\":\"required name=search_term_string\"}],\"inLanguage\":\"ca\"},{\"@type\":\"Person\",\"@id\":\"https:\/\/www.factorenergia.com\/es\/#\/schema\/person\/dff9e4b6dc520720e3a37bdaaedc5841\",\"name\":\"Equipo Transici\u00f3n Energ\u00e9tica Factorenergia\",\"image\":{\"@type\":\"ImageObject\",\"inLanguage\":\"ca\",\"@id\":\"https:\/\/www.factorenergia.com\/es\/#\/schema\/person\/image\/\",\"url\":\"https:\/\/secure.gravatar.com\/avatar\/1b7c76bab80ee1c4261b06108874e24b?s=96&d=mm&r=g\",\"contentUrl\":\"https:\/\/secure.gravatar.com\/avatar\/1b7c76bab80ee1c4261b06108874e24b?s=96&d=mm&r=g\",\"caption\":\"Equipo Transici\u00f3n Energ\u00e9tica Factorenergia\"},\"description\":\"El equipo est\u00e1 formado por expertos en materia de Luz, Gas y Eficiencia Energ\u00e9tica, que conocen de primera mano las tendencias del mercado. Su experiencia en el sector les permite ofrecer las mejores soluciones energ\u00e9ticas y resolver las dudas planteadas por los clientes.\",\"sameAs\":[\"https:\/\/www.factorenergia.com\/es\/\",\"https:\/\/www.facebook.com\/factorenergiacom\",\"https:\/\/www.instagram.com\/factorenergia_com\/\",\"https:\/\/es.linkedin.com\/company\/factor-energia\",\"https:\/\/twitter.com\/factorenergia\",\"https:\/\/www.youtube.com\/c\/factorenergiacom\"],\"url\":\"https:\/\/www.factorenergia.com\/ca\/blog\/author\/marketing\/\"}]}<\/script>\n<!-- \/ Yoast SEO plugin. -->","yoast_head_json":{"title":"Quina pot\u00e8ncia necessito per a la meva instal\u00b7laci\u00f3 de panells solars? | factorenergia","description":"Apr\u00e8n com determinar la pot\u00e8ncia necess\u00e0ria per a satisfer les teves necessitats energ\u00e8tiques, considerant diferents factors.","robots":{"index":"index","follow":"follow","max-snippet":"max-snippet:-1","max-image-preview":"max-image-preview:large","max-video-preview":"max-video-preview:-1"},"canonical":"https:\/\/www.factorenergia.com\/ca\/blog\/autoconsum-electric\/quina-potencia-necessito-per-a-la-meva-instal\u00b7lacio-de-panells-solars\/","twitter_card":"summary_large_image","twitter_title":"Quina pot\u00e8ncia necessito per a la meva instal\u00b7laci\u00f3 de panells solars? | factorenergia","twitter_description":"Apr\u00e8n com determinar la pot\u00e8ncia necess\u00e0ria per a satisfer les teves necessitats energ\u00e8tiques, considerant diferents factors.","twitter_creator":"@factorenergia","twitter_site":"@factorenergia","twitter_misc":{"Written by":"Equipo Transici\u00f3n Energ\u00e9tica Factorenergia","Est. reading time":"2 minutes"},"schema":{"@context":"https:\/\/schema.org","@graph":[{"@type":"WebPage","@id":"https:\/\/www.factorenergia.com\/ca\/blog\/autoconsum-electric\/quina-potencia-necessito-per-a-la-meva-instal%c2%b7lacio-de-panells-solars\/","url":"https:\/\/www.factorenergia.com\/ca\/blog\/autoconsum-electric\/quina-potencia-necessito-per-a-la-meva-instal%c2%b7lacio-de-panells-solars\/","name":"Quina pot\u00e8ncia necessito per a la meva instal\u00b7laci\u00f3 de panells solars? | factorenergia","isPartOf":{"@id":"https:\/\/www.factorenergia.com\/es\/#website"},"datePublished":"2023-02-28T11:38:23+00:00","dateModified":"2025-08-05T08:31:09+00:00","author":{"@id":"https:\/\/www.factorenergia.com\/es\/#\/schema\/person\/dff9e4b6dc520720e3a37bdaaedc5841"},"description":"Apr\u00e8n com determinar la pot\u00e8ncia necess\u00e0ria per a satisfer les teves necessitats energ\u00e8tiques, considerant diferents factors.","breadcrumb":{"@id":"https:\/\/www.factorenergia.com\/ca\/blog\/autoconsum-electric\/quina-potencia-necessito-per-a-la-meva-instal%c2%b7lacio-de-panells-solars\/#breadcrumb"},"inLanguage":"ca","potentialAction":[{"@type":"ReadAction","target":["https:\/\/www.factorenergia.com\/ca\/blog\/autoconsum-electric\/quina-potencia-necessito-per-a-la-meva-instal%c2%b7lacio-de-panells-solars\/"]}]},{"@type":"BreadcrumbList","@id":"https:\/\/www.factorenergia.com\/ca\/blog\/autoconsum-electric\/quina-potencia-necessito-per-a-la-meva-instal%c2%b7lacio-de-panells-solars\/#breadcrumb","itemListElement":[{"@type":"ListItem","position":1,"name":"Portada","item":"https:\/\/www.factorenergia.com\/ca\/"},{"@type":"ListItem","position":2,"name":"Quina pot\u00e8ncia necessito per a la meva instal\u00b7laci\u00f3 de panells solars?"}]},{"@type":"WebSite","@id":"https:\/\/www.factorenergia.com\/es\/#website","url":"https:\/\/www.factorenergia.com\/es\/","name":"factorenergia","description":"factorenergia","potentialAction":[{"@type":"SearchAction","target":{"@type":"EntryPoint","urlTemplate":"https:\/\/www.factorenergia.com\/es\/?s={search_term_string}"},"query-input":"required name=search_term_string"}],"inLanguage":"ca"},{"@type":"Person","@id":"https:\/\/www.factorenergia.com\/es\/#\/schema\/person\/dff9e4b6dc520720e3a37bdaaedc5841","name":"Equipo Transici\u00f3n Energ\u00e9tica Factorenergia","image":{"@type":"ImageObject","inLanguage":"ca","@id":"https:\/\/www.factorenergia.com\/es\/#\/schema\/person\/image\/","url":"https:\/\/secure.gravatar.com\/avatar\/1b7c76bab80ee1c4261b06108874e24b?s=96&d=mm&r=g","contentUrl":"https:\/\/secure.gravatar.com\/avatar\/1b7c76bab80ee1c4261b06108874e24b?s=96&d=mm&r=g","caption":"Equipo Transici\u00f3n Energ\u00e9tica Factorenergia"},"description":"El equipo est\u00e1 formado por expertos en materia de Luz, Gas y Eficiencia Energ\u00e9tica, que conocen de primera mano las tendencias del mercado. Su experiencia en el sector les permite ofrecer las mejores soluciones energ\u00e9ticas y resolver las dudas planteadas por los clientes.","sameAs":["https:\/\/www.factorenergia.com\/es\/","https:\/\/www.facebook.com\/factorenergiacom","https:\/\/www.instagram.com\/factorenergia_com\/","https:\/\/es.linkedin.com\/company\/factor-energia","https:\/\/twitter.com\/factorenergia","https:\/\/www.youtube.com\/c\/factorenergiacom"],"url":"https:\/\/www.factorenergia.com\/ca\/blog\/author\/marketing\/"}]}},"_links":{"self":[{"href":"https:\/\/www.factorenergia.com\/ca\/wp-json\/wp\/v2\/posts\/19469"}],"collection":[{"href":"https:\/\/www.factorenergia.com\/ca\/wp-json\/wp\/v2\/posts"}],"about":[{"href":"https:\/\/www.factorenergia.com\/ca\/wp-json\/wp\/v2\/types\/post"}],"author":[{"embeddable":true,"href":"https:\/\/www.factorenergia.com\/ca\/wp-json\/wp\/v2\/users\/17"}],"replies":[{"embeddable":true,"href":"https:\/\/www.factorenergia.com\/ca\/wp-json\/wp\/v2\/comments?post=19469"}],"version-history":[{"count":3,"href":"https:\/\/www.factorenergia.com\/ca\/wp-json\/wp\/v2\/posts\/19469\/revisions"}],"predecessor-version":[{"id":29335,"href":"https:\/\/www.factorenergia.com\/ca\/wp-json\/wp\/v2\/posts\/19469\/revisions\/29335"}],"wp:attachment":[{"href":"https:\/\/www.factorenergia.com\/ca\/wp-json\/wp\/v2\/media?parent=19469"}],"wp:term":[{"taxonomy":"category","embeddable":true,"href":"https:\/\/www.factorenergia.com\/ca\/wp-json\/wp\/v2\/categories?post=19469"},{"taxonomy":"post_tag","embeddable":true,"href":"https:\/\/www.factorenergia.com\/ca\/wp-json\/wp\/v2\/tags?post=19469"}],"curies":[{"name":"wp","href":"https:\/\/api.w.org\/{rel}","templated":true}]}}