{"id":19084,"date":"2023-02-20T17:10:59","date_gmt":"2023-02-20T15:10:59","guid":{"rendered":"https:\/\/www.factorenergia.com\/ca\/?p=19084"},"modified":"2025-08-05T12:38:06","modified_gmt":"2025-08-05T10:38:06","slug":"tenen-caducitat-els-excedents-emmagatzemats-en-les-bateries-virtuals","status":"publish","type":"post","link":"https:\/\/www.factorenergia.com\/ca\/blog\/autoconsum-electric\/tenen-caducitat-els-excedents-emmagatzemats-en-les-bateries-virtuals\/","title":{"rendered":"Tenen caducitat els excedents emmagatzemats en les Bateries Virtuals?"},"content":{"rendered":"<p>Els excedents emmagatzemats en les Bateries Virtuals s\u00f3n una forma intel\u00b7ligent d&#8217;emmagatzemar els excedents d&#8217;energia que has produ\u00eft amb les teves plaques solars, i que no has pogut compensar en la teva factura. Aquests es guarden en euros, i es descomptaran de l&#8217;import del consum de les teves pr\u00f2ximes factures. <strong>Sense data de caducitat!<\/strong><\/p>\n<p>&nbsp;<\/p>\n<p>No obstant aix\u00f2, entrem al detall d&#8217;aquesta pregunta Quines s\u00f3n les regles aplicables per al seu emmagatzematge? Aix\u00f2 \u00e9s el que tractarem a continuaci\u00f3.<\/p>\n<p>&nbsp;<\/p>\n<p>En primer lloc, \u00e9s important entendre el concepte de Bateria Virtual, aquesta actua com una guardiola, en la qual els excedents que no s\u00f3n susceptibles a ser compensats s&#8217;emmagatzemen per a poder ser usats en pr\u00f2ximes factures i aix\u00ed, fer \u00fas del 100% de l&#8217;energia que produeixen les nostres plaques, malgrat no usar aquesta energia en el moment.<\/p>\n<p>&nbsp;<\/p>\n<p>D&#8217;aquesta manera, quan ens referim a la caducitat d&#8217;aquests excedents, en el cas de la Bateria Virtual, aquells excedents que s&#8217;emmagatzemen mai caduquen. Podr\u00e0s guardar-los sempre que comptis amb el contracte de subministrament de llum actiu.<\/p>\n<p>&nbsp;<\/p>\n<h3><strong>I en quins casos puc perdre aquests excedents acumulats?<\/strong><\/h3>\n<p>En cas de canviar de companyia, perdr\u00e0s tots els excedents en euros que has anat acumulant mes a mes. Recomanem gastar tot el saldo de la Bateria Virtual abans d&#8217;anar-te, ja que lamentablement no podrem guardar-ho en el cas que decideixis tornar.<\/p>\n<p><!--- BANNER CAT AUTOCONSUMO --><\/p>\n<div style=\"background: white; box-shadow: 0px 5px 40px rgba(98, 129, 202, 0.2); margin-top: 0px; padding: 20px;\">\n<h4 style=\"margin-top: 0; margin-bottom: 10px;\"><span>Instal\u00b7la plaques solars i redueix la teva factura el\u00e8ctrica<\/span><\/h4>\n<p><span style=\"display: block;\"><span>El teu estudi de plaques solars en menys de 48 hores. Sense comprom\u00eds.<\/span><\/span><br \/>\n<a href=\"https:\/\/www.factorenergia.com\/ca\/llars\/autoconsum\/\" class=\"primary-btn center\">Preparem el teu estudi gratis<\/a><\/p>\n<\/div>\n<p><!--- BANNER CAT AUTOCONSUMO --><\/p>\n","protected":false},"excerpt":{"rendered":"<p>Els excedents emmagatzemats en les Bateries Virtuals s\u00f3n una forma intel\u00b7ligent d&#8217;emmagatzemar els excedents d&#8217;energia que has produ\u00eft amb les teves plaques solars, i que no has pogut compensar en la teva factura. Aquests es guarden en euros, i es descomptaran de l&#8217;import del consum de les teves pr\u00f2ximes factures. Sense data de caducitat! &nbsp; [&hellip;]<\/p>\n","protected":false},"author":17,"featured_media":0,"comment_status":"open","ping_status":"open","sticky":false,"template":"","format":"standard","meta":{"inline_featured_image":false,"footnotes":""},"categories":[66],"tags":[],"acf":{"fecha_de_la_entrada":"20230220","imagen_portada":29391,"categoria_blog":null,"tipo_de_distribuidora":null,"tiempo_lectura":"","banner_bool":false,"titulo_banner":"","texto_banner":"","texto_boton_banner":"","url_boton_banner":"","post_relacionados":""},"yoast_head":"<!-- This site is optimized with the Yoast SEO plugin v22.2 - https:\/\/yoast.com\/wordpress\/plugins\/seo\/ -->\n<title>Tenen caducitat els excedents emmagatzemats en les Bateries Virtuals? | factorenergia<\/title>\n<meta name=\"description\" content=\"Descobreix en aquest article les condicions d&#039;emmagatzemar els excedents en una Bateria Virtual.\" \/>\n<meta name=\"robots\" content=\"index, follow, max-snippet:-1, max-image-preview:large, max-video-preview:-1\" \/>\n<link rel=\"canonical\" href=\"https:\/\/www.factorenergia.com\/ca\/blog\/autoconsum-electric\/tenen-caducitat-els-excedents-emmagatzemats-en-les-bateries-virtuals\/\" \/>\n<meta name=\"twitter:card\" content=\"summary_large_image\" \/>\n<meta name=\"twitter:title\" content=\"Tenen caducitat els excedents emmagatzemats en les Bateries Virtuals? | factorenergia\" \/>\n<meta name=\"twitter:description\" content=\"Descobreix en aquest article les condicions d&#039;emmagatzemar els excedents en una Bateria Virtual.\" \/>\n<meta name=\"twitter:creator\" content=\"@factorenergia\" \/>\n<meta name=\"twitter:site\" content=\"@factorenergia\" \/>\n<meta name=\"twitter:label1\" content=\"Written by\" \/>\n\t<meta name=\"twitter:data1\" content=\"Equipo Transici\u00f3n Energ\u00e9tica Factorenergia\" \/>\n\t<meta name=\"twitter:label2\" content=\"Est. reading time\" \/>\n\t<meta name=\"twitter:data2\" content=\"2 minutes\" \/>\n<script type=\"application\/ld+json\" class=\"yoast-schema-graph\">{\"@context\":\"https:\/\/schema.org\",\"@graph\":[{\"@type\":\"WebPage\",\"@id\":\"https:\/\/www.factorenergia.com\/ca\/blog\/autoconsum-electric\/tenen-caducitat-els-excedents-emmagatzemats-en-les-bateries-virtuals\/\",\"url\":\"https:\/\/www.factorenergia.com\/ca\/blog\/autoconsum-electric\/tenen-caducitat-els-excedents-emmagatzemats-en-les-bateries-virtuals\/\",\"name\":\"Tenen caducitat els excedents emmagatzemats en les Bateries Virtuals? | factorenergia\",\"isPartOf\":{\"@id\":\"https:\/\/www.factorenergia.com\/es\/#website\"},\"datePublished\":\"2023-02-20T15:10:59+00:00\",\"dateModified\":\"2025-08-05T10:38:06+00:00\",\"author\":{\"@id\":\"https:\/\/www.factorenergia.com\/es\/#\/schema\/person\/dff9e4b6dc520720e3a37bdaaedc5841\"},\"description\":\"Descobreix en aquest article les condicions d'emmagatzemar els excedents en una Bateria Virtual.\",\"breadcrumb\":{\"@id\":\"https:\/\/www.factorenergia.com\/ca\/blog\/autoconsum-electric\/tenen-caducitat-els-excedents-emmagatzemats-en-les-bateries-virtuals\/#breadcrumb\"},\"inLanguage\":\"ca\",\"potentialAction\":[{\"@type\":\"ReadAction\",\"target\":[\"https:\/\/www.factorenergia.com\/ca\/blog\/autoconsum-electric\/tenen-caducitat-els-excedents-emmagatzemats-en-les-bateries-virtuals\/\"]}]},{\"@type\":\"BreadcrumbList\",\"@id\":\"https:\/\/www.factorenergia.com\/ca\/blog\/autoconsum-electric\/tenen-caducitat-els-excedents-emmagatzemats-en-les-bateries-virtuals\/#breadcrumb\",\"itemListElement\":[{\"@type\":\"ListItem\",\"position\":1,\"name\":\"Portada\",\"item\":\"https:\/\/www.factorenergia.com\/ca\/\"},{\"@type\":\"ListItem\",\"position\":2,\"name\":\"Tenen caducitat els excedents emmagatzemats en les Bateries Virtuals?\"}]},{\"@type\":\"WebSite\",\"@id\":\"https:\/\/www.factorenergia.com\/es\/#website\",\"url\":\"https:\/\/www.factorenergia.com\/es\/\",\"name\":\"factorenergia\",\"description\":\"factorenergia\",\"potentialAction\":[{\"@type\":\"SearchAction\",\"target\":{\"@type\":\"EntryPoint\",\"urlTemplate\":\"https:\/\/www.factorenergia.com\/es\/?s={search_term_string}\"},\"query-input\":\"required name=search_term_string\"}],\"inLanguage\":\"ca\"},{\"@type\":\"Person\",\"@id\":\"https:\/\/www.factorenergia.com\/es\/#\/schema\/person\/dff9e4b6dc520720e3a37bdaaedc5841\",\"name\":\"Equipo Transici\u00f3n Energ\u00e9tica Factorenergia\",\"image\":{\"@type\":\"ImageObject\",\"inLanguage\":\"ca\",\"@id\":\"https:\/\/www.factorenergia.com\/es\/#\/schema\/person\/image\/\",\"url\":\"https:\/\/secure.gravatar.com\/avatar\/1b7c76bab80ee1c4261b06108874e24b?s=96&d=mm&r=g\",\"contentUrl\":\"https:\/\/secure.gravatar.com\/avatar\/1b7c76bab80ee1c4261b06108874e24b?s=96&d=mm&r=g\",\"caption\":\"Equipo Transici\u00f3n Energ\u00e9tica Factorenergia\"},\"description\":\"El equipo est\u00e1 formado por expertos en materia de Luz, Gas y Eficiencia Energ\u00e9tica, que conocen de primera mano las tendencias del mercado. Su experiencia en el sector les permite ofrecer las mejores soluciones energ\u00e9ticas y resolver las dudas planteadas por los clientes.\",\"sameAs\":[\"https:\/\/www.factorenergia.com\/es\/\",\"https:\/\/www.facebook.com\/factorenergiacom\",\"https:\/\/www.instagram.com\/factorenergia_com\/\",\"https:\/\/es.linkedin.com\/company\/factor-energia\",\"https:\/\/twitter.com\/factorenergia\",\"https:\/\/www.youtube.com\/c\/factorenergiacom\"],\"url\":\"https:\/\/www.factorenergia.com\/ca\/blog\/author\/marketing\/\"}]}<\/script>\n<!-- \/ Yoast SEO plugin. -->","yoast_head_json":{"title":"Tenen caducitat els excedents emmagatzemats en les Bateries Virtuals? | factorenergia","description":"Descobreix en aquest article les condicions d'emmagatzemar els excedents en una Bateria Virtual.","robots":{"index":"index","follow":"follow","max-snippet":"max-snippet:-1","max-image-preview":"max-image-preview:large","max-video-preview":"max-video-preview:-1"},"canonical":"https:\/\/www.factorenergia.com\/ca\/blog\/autoconsum-electric\/tenen-caducitat-els-excedents-emmagatzemats-en-les-bateries-virtuals\/","twitter_card":"summary_large_image","twitter_title":"Tenen caducitat els excedents emmagatzemats en les Bateries Virtuals? | factorenergia","twitter_description":"Descobreix en aquest article les condicions d'emmagatzemar els excedents en una Bateria Virtual.","twitter_creator":"@factorenergia","twitter_site":"@factorenergia","twitter_misc":{"Written by":"Equipo Transici\u00f3n Energ\u00e9tica Factorenergia","Est. reading time":"2 minutes"},"schema":{"@context":"https:\/\/schema.org","@graph":[{"@type":"WebPage","@id":"https:\/\/www.factorenergia.com\/ca\/blog\/autoconsum-electric\/tenen-caducitat-els-excedents-emmagatzemats-en-les-bateries-virtuals\/","url":"https:\/\/www.factorenergia.com\/ca\/blog\/autoconsum-electric\/tenen-caducitat-els-excedents-emmagatzemats-en-les-bateries-virtuals\/","name":"Tenen caducitat els excedents emmagatzemats en les Bateries Virtuals? | factorenergia","isPartOf":{"@id":"https:\/\/www.factorenergia.com\/es\/#website"},"datePublished":"2023-02-20T15:10:59+00:00","dateModified":"2025-08-05T10:38:06+00:00","author":{"@id":"https:\/\/www.factorenergia.com\/es\/#\/schema\/person\/dff9e4b6dc520720e3a37bdaaedc5841"},"description":"Descobreix en aquest article les condicions d'emmagatzemar els excedents en una Bateria Virtual.","breadcrumb":{"@id":"https:\/\/www.factorenergia.com\/ca\/blog\/autoconsum-electric\/tenen-caducitat-els-excedents-emmagatzemats-en-les-bateries-virtuals\/#breadcrumb"},"inLanguage":"ca","potentialAction":[{"@type":"ReadAction","target":["https:\/\/www.factorenergia.com\/ca\/blog\/autoconsum-electric\/tenen-caducitat-els-excedents-emmagatzemats-en-les-bateries-virtuals\/"]}]},{"@type":"BreadcrumbList","@id":"https:\/\/www.factorenergia.com\/ca\/blog\/autoconsum-electric\/tenen-caducitat-els-excedents-emmagatzemats-en-les-bateries-virtuals\/#breadcrumb","itemListElement":[{"@type":"ListItem","position":1,"name":"Portada","item":"https:\/\/www.factorenergia.com\/ca\/"},{"@type":"ListItem","position":2,"name":"Tenen caducitat els excedents emmagatzemats en les Bateries Virtuals?"}]},{"@type":"WebSite","@id":"https:\/\/www.factorenergia.com\/es\/#website","url":"https:\/\/www.factorenergia.com\/es\/","name":"factorenergia","description":"factorenergia","potentialAction":[{"@type":"SearchAction","target":{"@type":"EntryPoint","urlTemplate":"https:\/\/www.factorenergia.com\/es\/?s={search_term_string}"},"query-input":"required name=search_term_string"}],"inLanguage":"ca"},{"@type":"Person","@id":"https:\/\/www.factorenergia.com\/es\/#\/schema\/person\/dff9e4b6dc520720e3a37bdaaedc5841","name":"Equipo Transici\u00f3n Energ\u00e9tica Factorenergia","image":{"@type":"ImageObject","inLanguage":"ca","@id":"https:\/\/www.factorenergia.com\/es\/#\/schema\/person\/image\/","url":"https:\/\/secure.gravatar.com\/avatar\/1b7c76bab80ee1c4261b06108874e24b?s=96&d=mm&r=g","contentUrl":"https:\/\/secure.gravatar.com\/avatar\/1b7c76bab80ee1c4261b06108874e24b?s=96&d=mm&r=g","caption":"Equipo Transici\u00f3n Energ\u00e9tica Factorenergia"},"description":"El equipo est\u00e1 formado por expertos en materia de Luz, Gas y Eficiencia Energ\u00e9tica, que conocen de primera mano las tendencias del mercado. Su experiencia en el sector les permite ofrecer las mejores soluciones energ\u00e9ticas y resolver las dudas planteadas por los clientes.","sameAs":["https:\/\/www.factorenergia.com\/es\/","https:\/\/www.facebook.com\/factorenergiacom","https:\/\/www.instagram.com\/factorenergia_com\/","https:\/\/es.linkedin.com\/company\/factor-energia","https:\/\/twitter.com\/factorenergia","https:\/\/www.youtube.com\/c\/factorenergiacom"],"url":"https:\/\/www.factorenergia.com\/ca\/blog\/author\/marketing\/"}]}},"_links":{"self":[{"href":"https:\/\/www.factorenergia.com\/ca\/wp-json\/wp\/v2\/posts\/19084"}],"collection":[{"href":"https:\/\/www.factorenergia.com\/ca\/wp-json\/wp\/v2\/posts"}],"about":[{"href":"https:\/\/www.factorenergia.com\/ca\/wp-json\/wp\/v2\/types\/post"}],"author":[{"embeddable":true,"href":"https:\/\/www.factorenergia.com\/ca\/wp-json\/wp\/v2\/users\/17"}],"replies":[{"embeddable":true,"href":"https:\/\/www.factorenergia.com\/ca\/wp-json\/wp\/v2\/comments?post=19084"}],"version-history":[{"count":2,"href":"https:\/\/www.factorenergia.com\/ca\/wp-json\/wp\/v2\/posts\/19084\/revisions"}],"predecessor-version":[{"id":29393,"href":"https:\/\/www.factorenergia.com\/ca\/wp-json\/wp\/v2\/posts\/19084\/revisions\/29393"}],"wp:attachment":[{"href":"https:\/\/www.factorenergia.com\/ca\/wp-json\/wp\/v2\/media?parent=19084"}],"wp:term":[{"taxonomy":"category","embeddable":true,"href":"https:\/\/www.factorenergia.com\/ca\/wp-json\/wp\/v2\/categories?post=19084"},{"taxonomy":"post_tag","embeddable":true,"href":"https:\/\/www.factorenergia.com\/ca\/wp-json\/wp\/v2\/tags?post=19084"}],"curies":[{"name":"wp","href":"https:\/\/api.w.org\/{rel}","templated":true}]}}