{"id":19075,"date":"2023-02-20T17:05:00","date_gmt":"2023-02-20T15:05:00","guid":{"rendered":"https:\/\/www.factorenergia.com\/ca\/?p=19075"},"modified":"2025-08-05T12:51:58","modified_gmt":"2025-08-05T10:51:58","slug":"com-afecten-les-ombres-als-panells-solars-solucio-ombres-panells-solars","status":"publish","type":"post","link":"https:\/\/www.factorenergia.com\/ca\/blog\/autoconsum-electric\/com-afecten-les-ombres-als-panells-solars-solucio-ombres-panells-solars\/","title":{"rendered":"Com afecten les ombres als panells solars? Soluci\u00f3 ombres panells solars"},"content":{"rendered":"<p>Les ombres poden tenir un gran impacte en l&#8217;efic\u00e0cia dels panells solars. Aix\u00f2 es deu al fet que els panells solars necessiten llum solar directa per a generar electricitat, i l&#8217;ombra bloqueja la llum solar, impedint que arribi al panell solar. Aix\u00f2 <strong>disminueix la producci\u00f3 d&#8217;energia significativament<\/strong> afectant el rendiment dels equips d&#8217;energia solar.<\/p>\n<p>&nbsp;<\/p>\n<p>Alguns panells solars s&#8217;instal\u00b7len en zones on hi ha arbres, la qual cosa \u00e9s una bona idea, sempre que els arbres no llancin ombres sobre els panells solars. Aix\u00f2 pot resultar en una reducci\u00f3 important en la producci\u00f3 d&#8217;energia, ja que l&#8217;ombra dels arbres bloqueja la llum solar directa.<\/p>\n<p>&nbsp;<\/p>\n<p>Els edificis, fanals i altres objectes tamb\u00e9 poden projectar ombres sobre els panells solars i reduir la producci\u00f3 d&#8217;energia. Aix\u00f2 pot ser especialment problem\u00e0tic si els panells solars s&#8217;instal\u00b7len prop dels edificis, ja que els edificis sovint tenen ombres que es mouen durant el dia. Aix\u00f2 significa que els panells solars poden estar en ombra durant parts del dia, la qual cosa pot resultar en una producci\u00f3 d&#8217;energia redu\u00efda.<\/p>\n<p>&nbsp;<\/p>\n<p>Per a evitar que afectin la producci\u00f3 d&#8217;energia dels panells solars, hi ha <strong>soluci\u00f3 per a les ombres dels panells solars:<\/strong><\/p>\n<ul>\n<li><strong>Instal\u00b7lar els panells solars en una \u00e0rea sense ombres<\/strong>, com en un sostre o en una zona assolellada. Aix\u00f2 garantir\u00e0 que els panells solars rebin llum solar directa durant tot el dia, la qual cosa augmentar\u00e0 la producci\u00f3 d&#8217;energia.<\/li>\n<\/ul>\n<p>&nbsp;<\/p>\n<ul>\n<li><strong>Instal\u00b7lar panells solars amb resist\u00e8ncia a l&#8217;ombra<\/strong>, que s\u00f3n panells solars dissenyats per a resistir l&#8217;ombra. Aquests panells funcionen millor que els panells solars est\u00e0ndard quan hi ha ombres en l&#8217;\u00e0rea, ja que encara produeixen electricitat quan estan parcialment ombrejats. Aix\u00f2 significa que els panells solars encara rebran llum solar, fins i tot si hi ha ombres en l&#8217;\u00e0rea, la qual cosa ajudar\u00e0 a augmentar la producci\u00f3 d&#8217;energia.<\/li>\n<\/ul>\n<p>&nbsp;<\/p>\n<ul>\n<li><strong>Existeixen tamb\u00e9 els panells solars de seguiment<\/strong>, que s\u00f3n panells solars que es mouen per a seguir la llum del sol. Aquests panells es mouen per a romandre en posici\u00f3 perpendicular al sol, cosa que significa que reben m\u00e9s llum solar directa. Aix\u00f2 ajuda a augmentar la producci\u00f3 d&#8217;energia i minimitza l&#8217;impacte de les ombres.<\/li>\n<\/ul>\n<p><!--- BANNER CAT AUTOCONSUMO --><\/p>\n<div style=\"background: white; box-shadow: 0px 5px 40px rgba(98, 129, 202, 0.2); margin-top: 0px; padding: 20px;\">\n<h4 style=\"margin-top: 0; margin-bottom: 10px;\"><span>Instal\u00b7la plaques solars i redueix la teva factura el\u00e8ctrica<\/span><\/h4>\n<p><span style=\"display: block;\"><span>El teu estudi de plaques solars en menys de 48 hores. Sense comprom\u00eds.<\/span><\/span><br \/>\n<a href=\"https:\/\/www.factorenergia.com\/ca\/llars\/autoconsum\/\" class=\"primary-btn center\">Preparem el teu estudi gratis<\/a><\/p>\n<\/div>\n<p><!--- BANNER CAT AUTOCONSUMO --><\/p>\n","protected":false},"excerpt":{"rendered":"<p>Les ombres poden tenir un gran impacte en l&#8217;efic\u00e0cia dels panells solars. Aix\u00f2 es deu al fet que els panells solars necessiten llum solar directa per a generar electricitat, i l&#8217;ombra bloqueja la llum solar, impedint que arribi al panell solar. Aix\u00f2 disminueix la producci\u00f3 d&#8217;energia significativament afectant el rendiment dels equips d&#8217;energia solar. &nbsp; [&hellip;]<\/p>\n","protected":false},"author":17,"featured_media":0,"comment_status":"open","ping_status":"open","sticky":false,"template":"","format":"standard","meta":{"inline_featured_image":false,"footnotes":""},"categories":[66],"tags":[],"acf":{"fecha_de_la_entrada":"20230220","imagen_portada":29394,"categoria_blog":null,"tipo_de_distribuidora":null,"tiempo_lectura":"","banner_bool":false,"titulo_banner":"","texto_banner":"","texto_boton_banner":"","url_boton_banner":"","post_relacionados":""},"yoast_head":"<!-- This site is optimized with the Yoast SEO plugin v22.2 - https:\/\/yoast.com\/wordpress\/plugins\/seo\/ -->\n<title>Com afecten les ombres als panells solars? Soluci\u00f3 ombres panells solars | factorenergia<\/title>\n<meta name=\"description\" content=\"Apr\u00e8n com les ombres poden afectar l&#039;efici\u00e8ncia dels panells solars, i coneix les solucions per a evitar que aix\u00f2 succeeixi.\" \/>\n<meta name=\"robots\" content=\"index, follow, max-snippet:-1, max-image-preview:large, max-video-preview:-1\" \/>\n<link rel=\"canonical\" href=\"https:\/\/www.factorenergia.com\/ca\/blog\/autoconsum-electric\/com-afecten-les-ombres-als-panells-solars-solucio-ombres-panells-solars\/\" \/>\n<meta name=\"twitter:card\" content=\"summary_large_image\" \/>\n<meta name=\"twitter:title\" content=\"Com afecten les ombres als panells solars? Soluci\u00f3 ombres panells solars | factorenergia\" \/>\n<meta name=\"twitter:description\" content=\"Apr\u00e8n com les ombres poden afectar l&#039;efici\u00e8ncia dels panells solars, i coneix les solucions per a evitar que aix\u00f2 succeeixi.\" \/>\n<meta name=\"twitter:creator\" content=\"@factorenergia\" \/>\n<meta name=\"twitter:site\" content=\"@factorenergia\" \/>\n<meta name=\"twitter:label1\" content=\"Written by\" \/>\n\t<meta name=\"twitter:data1\" content=\"Equipo Transici\u00f3n Energ\u00e9tica Factorenergia\" \/>\n\t<meta name=\"twitter:label2\" content=\"Est. reading time\" \/>\n\t<meta name=\"twitter:data2\" content=\"2 minutes\" \/>\n<script type=\"application\/ld+json\" class=\"yoast-schema-graph\">{\"@context\":\"https:\/\/schema.org\",\"@graph\":[{\"@type\":\"WebPage\",\"@id\":\"https:\/\/www.factorenergia.com\/ca\/blog\/autoconsum-electric\/com-afecten-les-ombres-als-panells-solars-solucio-ombres-panells-solars\/\",\"url\":\"https:\/\/www.factorenergia.com\/ca\/blog\/autoconsum-electric\/com-afecten-les-ombres-als-panells-solars-solucio-ombres-panells-solars\/\",\"name\":\"Com afecten les ombres als panells solars? Soluci\u00f3 ombres panells solars | factorenergia\",\"isPartOf\":{\"@id\":\"https:\/\/www.factorenergia.com\/es\/#website\"},\"datePublished\":\"2023-02-20T15:05:00+00:00\",\"dateModified\":\"2025-08-05T10:51:58+00:00\",\"author\":{\"@id\":\"https:\/\/www.factorenergia.com\/es\/#\/schema\/person\/dff9e4b6dc520720e3a37bdaaedc5841\"},\"description\":\"Apr\u00e8n com les ombres poden afectar l'efici\u00e8ncia dels panells solars, i coneix les solucions per a evitar que aix\u00f2 succeeixi.\",\"breadcrumb\":{\"@id\":\"https:\/\/www.factorenergia.com\/ca\/blog\/autoconsum-electric\/com-afecten-les-ombres-als-panells-solars-solucio-ombres-panells-solars\/#breadcrumb\"},\"inLanguage\":\"ca\",\"potentialAction\":[{\"@type\":\"ReadAction\",\"target\":[\"https:\/\/www.factorenergia.com\/ca\/blog\/autoconsum-electric\/com-afecten-les-ombres-als-panells-solars-solucio-ombres-panells-solars\/\"]}]},{\"@type\":\"BreadcrumbList\",\"@id\":\"https:\/\/www.factorenergia.com\/ca\/blog\/autoconsum-electric\/com-afecten-les-ombres-als-panells-solars-solucio-ombres-panells-solars\/#breadcrumb\",\"itemListElement\":[{\"@type\":\"ListItem\",\"position\":1,\"name\":\"Portada\",\"item\":\"https:\/\/www.factorenergia.com\/ca\/\"},{\"@type\":\"ListItem\",\"position\":2,\"name\":\"Com afecten les ombres als panells solars? Soluci\u00f3 ombres panells solars\"}]},{\"@type\":\"WebSite\",\"@id\":\"https:\/\/www.factorenergia.com\/es\/#website\",\"url\":\"https:\/\/www.factorenergia.com\/es\/\",\"name\":\"factorenergia\",\"description\":\"factorenergia\",\"potentialAction\":[{\"@type\":\"SearchAction\",\"target\":{\"@type\":\"EntryPoint\",\"urlTemplate\":\"https:\/\/www.factorenergia.com\/es\/?s={search_term_string}\"},\"query-input\":\"required name=search_term_string\"}],\"inLanguage\":\"ca\"},{\"@type\":\"Person\",\"@id\":\"https:\/\/www.factorenergia.com\/es\/#\/schema\/person\/dff9e4b6dc520720e3a37bdaaedc5841\",\"name\":\"Equipo Transici\u00f3n Energ\u00e9tica Factorenergia\",\"image\":{\"@type\":\"ImageObject\",\"inLanguage\":\"ca\",\"@id\":\"https:\/\/www.factorenergia.com\/es\/#\/schema\/person\/image\/\",\"url\":\"https:\/\/secure.gravatar.com\/avatar\/1b7c76bab80ee1c4261b06108874e24b?s=96&d=mm&r=g\",\"contentUrl\":\"https:\/\/secure.gravatar.com\/avatar\/1b7c76bab80ee1c4261b06108874e24b?s=96&d=mm&r=g\",\"caption\":\"Equipo Transici\u00f3n Energ\u00e9tica Factorenergia\"},\"description\":\"El equipo est\u00e1 formado por expertos en materia de Luz, Gas y Eficiencia Energ\u00e9tica, que conocen de primera mano las tendencias del mercado. Su experiencia en el sector les permite ofrecer las mejores soluciones energ\u00e9ticas y resolver las dudas planteadas por los clientes.\",\"sameAs\":[\"https:\/\/www.factorenergia.com\/es\/\",\"https:\/\/www.facebook.com\/factorenergiacom\",\"https:\/\/www.instagram.com\/factorenergia_com\/\",\"https:\/\/es.linkedin.com\/company\/factor-energia\",\"https:\/\/twitter.com\/factorenergia\",\"https:\/\/www.youtube.com\/c\/factorenergiacom\"],\"url\":\"https:\/\/www.factorenergia.com\/ca\/blog\/author\/marketing\/\"}]}<\/script>\n<!-- \/ Yoast SEO plugin. -->","yoast_head_json":{"title":"Com afecten les ombres als panells solars? Soluci\u00f3 ombres panells solars | factorenergia","description":"Apr\u00e8n com les ombres poden afectar l'efici\u00e8ncia dels panells solars, i coneix les solucions per a evitar que aix\u00f2 succeeixi.","robots":{"index":"index","follow":"follow","max-snippet":"max-snippet:-1","max-image-preview":"max-image-preview:large","max-video-preview":"max-video-preview:-1"},"canonical":"https:\/\/www.factorenergia.com\/ca\/blog\/autoconsum-electric\/com-afecten-les-ombres-als-panells-solars-solucio-ombres-panells-solars\/","twitter_card":"summary_large_image","twitter_title":"Com afecten les ombres als panells solars? Soluci\u00f3 ombres panells solars | factorenergia","twitter_description":"Apr\u00e8n com les ombres poden afectar l'efici\u00e8ncia dels panells solars, i coneix les solucions per a evitar que aix\u00f2 succeeixi.","twitter_creator":"@factorenergia","twitter_site":"@factorenergia","twitter_misc":{"Written by":"Equipo Transici\u00f3n Energ\u00e9tica Factorenergia","Est. reading time":"2 minutes"},"schema":{"@context":"https:\/\/schema.org","@graph":[{"@type":"WebPage","@id":"https:\/\/www.factorenergia.com\/ca\/blog\/autoconsum-electric\/com-afecten-les-ombres-als-panells-solars-solucio-ombres-panells-solars\/","url":"https:\/\/www.factorenergia.com\/ca\/blog\/autoconsum-electric\/com-afecten-les-ombres-als-panells-solars-solucio-ombres-panells-solars\/","name":"Com afecten les ombres als panells solars? Soluci\u00f3 ombres panells solars | factorenergia","isPartOf":{"@id":"https:\/\/www.factorenergia.com\/es\/#website"},"datePublished":"2023-02-20T15:05:00+00:00","dateModified":"2025-08-05T10:51:58+00:00","author":{"@id":"https:\/\/www.factorenergia.com\/es\/#\/schema\/person\/dff9e4b6dc520720e3a37bdaaedc5841"},"description":"Apr\u00e8n com les ombres poden afectar l'efici\u00e8ncia dels panells solars, i coneix les solucions per a evitar que aix\u00f2 succeeixi.","breadcrumb":{"@id":"https:\/\/www.factorenergia.com\/ca\/blog\/autoconsum-electric\/com-afecten-les-ombres-als-panells-solars-solucio-ombres-panells-solars\/#breadcrumb"},"inLanguage":"ca","potentialAction":[{"@type":"ReadAction","target":["https:\/\/www.factorenergia.com\/ca\/blog\/autoconsum-electric\/com-afecten-les-ombres-als-panells-solars-solucio-ombres-panells-solars\/"]}]},{"@type":"BreadcrumbList","@id":"https:\/\/www.factorenergia.com\/ca\/blog\/autoconsum-electric\/com-afecten-les-ombres-als-panells-solars-solucio-ombres-panells-solars\/#breadcrumb","itemListElement":[{"@type":"ListItem","position":1,"name":"Portada","item":"https:\/\/www.factorenergia.com\/ca\/"},{"@type":"ListItem","position":2,"name":"Com afecten les ombres als panells solars? Soluci\u00f3 ombres panells solars"}]},{"@type":"WebSite","@id":"https:\/\/www.factorenergia.com\/es\/#website","url":"https:\/\/www.factorenergia.com\/es\/","name":"factorenergia","description":"factorenergia","potentialAction":[{"@type":"SearchAction","target":{"@type":"EntryPoint","urlTemplate":"https:\/\/www.factorenergia.com\/es\/?s={search_term_string}"},"query-input":"required name=search_term_string"}],"inLanguage":"ca"},{"@type":"Person","@id":"https:\/\/www.factorenergia.com\/es\/#\/schema\/person\/dff9e4b6dc520720e3a37bdaaedc5841","name":"Equipo Transici\u00f3n Energ\u00e9tica Factorenergia","image":{"@type":"ImageObject","inLanguage":"ca","@id":"https:\/\/www.factorenergia.com\/es\/#\/schema\/person\/image\/","url":"https:\/\/secure.gravatar.com\/avatar\/1b7c76bab80ee1c4261b06108874e24b?s=96&d=mm&r=g","contentUrl":"https:\/\/secure.gravatar.com\/avatar\/1b7c76bab80ee1c4261b06108874e24b?s=96&d=mm&r=g","caption":"Equipo Transici\u00f3n Energ\u00e9tica Factorenergia"},"description":"El equipo est\u00e1 formado por expertos en materia de Luz, Gas y Eficiencia Energ\u00e9tica, que conocen de primera mano las tendencias del mercado. Su experiencia en el sector les permite ofrecer las mejores soluciones energ\u00e9ticas y resolver las dudas planteadas por los clientes.","sameAs":["https:\/\/www.factorenergia.com\/es\/","https:\/\/www.facebook.com\/factorenergiacom","https:\/\/www.instagram.com\/factorenergia_com\/","https:\/\/es.linkedin.com\/company\/factor-energia","https:\/\/twitter.com\/factorenergia","https:\/\/www.youtube.com\/c\/factorenergiacom"],"url":"https:\/\/www.factorenergia.com\/ca\/blog\/author\/marketing\/"}]}},"_links":{"self":[{"href":"https:\/\/www.factorenergia.com\/ca\/wp-json\/wp\/v2\/posts\/19075"}],"collection":[{"href":"https:\/\/www.factorenergia.com\/ca\/wp-json\/wp\/v2\/posts"}],"about":[{"href":"https:\/\/www.factorenergia.com\/ca\/wp-json\/wp\/v2\/types\/post"}],"author":[{"embeddable":true,"href":"https:\/\/www.factorenergia.com\/ca\/wp-json\/wp\/v2\/users\/17"}],"replies":[{"embeddable":true,"href":"https:\/\/www.factorenergia.com\/ca\/wp-json\/wp\/v2\/comments?post=19075"}],"version-history":[{"count":1,"href":"https:\/\/www.factorenergia.com\/ca\/wp-json\/wp\/v2\/posts\/19075\/revisions"}],"predecessor-version":[{"id":29396,"href":"https:\/\/www.factorenergia.com\/ca\/wp-json\/wp\/v2\/posts\/19075\/revisions\/29396"}],"wp:attachment":[{"href":"https:\/\/www.factorenergia.com\/ca\/wp-json\/wp\/v2\/media?parent=19075"}],"wp:term":[{"taxonomy":"category","embeddable":true,"href":"https:\/\/www.factorenergia.com\/ca\/wp-json\/wp\/v2\/categories?post=19075"},{"taxonomy":"post_tag","embeddable":true,"href":"https:\/\/www.factorenergia.com\/ca\/wp-json\/wp\/v2\/tags?post=19075"}],"curies":[{"name":"wp","href":"https:\/\/api.w.org\/{rel}","templated":true}]}}