{"id":17942,"date":"2023-02-07T11:52:50","date_gmt":"2023-02-07T09:52:50","guid":{"rendered":"https:\/\/www.factorenergia.com\/ca\/?post_type=blog&#038;p=17942"},"modified":"2025-08-05T17:59:59","modified_gmt":"2025-08-05T15:59:59","slug":"com-dimensionar-una-instal%c2%b7lacio-dautoconsum","status":"publish","type":"post","link":"https:\/\/www.factorenergia.com\/ca\/blog\/autoconsum-electric\/com-dimensionar-una-instal%c2%b7lacio-dautoconsum\/","title":{"rendered":"Com dimensionar una instal\u00b7laci\u00f3 d&#8217;autoconsum?"},"content":{"rendered":"<p><strong>Quantes plaques solars necessito?<\/strong> Aquesta \u00e9s una pregunta comuna per a aquells que estan considerant instal\u00b7lar plaques solars en la teulada de la seva casa. La resposta dep\u00e8n d&#8217;una varietat de factors.<\/p>\n<p>&nbsp;<\/p>\n<p>Per a con\u00e8ixer el nombre de panells <strong>necessaris \u00e9s important con\u00e8ixer la quantitat d&#8217;energia el\u00e8ctrica que es necessita per a la seva llar.<\/strong> Aix\u00f2 es pot esbrinar mitjan\u00e7ant l&#8217;\u00fas de factures d&#8217;electricitat pr\u00e8vies per a estimar el consum d&#8217;energia mitjana. Tamb\u00e9 ha de tenir en compte la grand\u00e0ria i l&#8217;orientaci\u00f3 del terrat de la seva llar, ja que aix\u00f2 pot influir en la quantitat d&#8217;energia solar que es pot recol\u00b7lectar. Per tant, \u00e9s important realitzar una avaluaci\u00f3 detallada del seu lloc per a determinar la quantitat d&#8217;energia solar que es pot recol\u00b7lectar.<\/p>\n<p>&nbsp;<\/p>\n<p>Una vegada que s&#8217;hagi determinat la quantitat d&#8217;energia el\u00e8ctrica que es necessita, <strong>s&#8217;ha de tenir en compte la grand\u00e0ria i la pot\u00e8ncia de cada panell solar. <\/strong>Els panells solars es mesuren en watts, i els panells solars m\u00e9s populars tenen una pot\u00e8ncia d&#8217;entre 150 i 400 watts. En determinar el nombre de panells solars que es necessita, \u00e9s important tenir en compte el nombre de watts que es necessiten per a satisfer els seus requeriments d&#8217;energia.<\/p>\n<p>&nbsp;<\/p>\n<p>A m\u00e9s<strong>, \u00e9s important tenir en compte l&#8217;espai disponible per a la instal\u00b7laci\u00f3 dels panells solars<\/strong>. Els panells solars s\u00f3n grans i requereixen d&#8217;espai per a la seva instal\u00b7laci\u00f3. S&#8217;ha de tenir en compte la grand\u00e0ria del sostre, el nombre de panells solars que es necessiten i el nombre de panells solars que es poden instal\u00b7lar en l&#8217;espai disponible.<\/p>\n<p>&nbsp;<\/p>\n<p>En conclusi\u00f3, la quantitat de plaques solars que necessita dep\u00e8n d&#8217;una varietat de factors, tenir-los en compte t&#8217;ajudar\u00e0 determinar quantes plaques solars necessita per a satisfer les seves necessitats d&#8217;energia.<\/p>\n<p>&nbsp;<\/p>\n<p><!--- BANNER CAT AUTOCONSUMO --><\/p>\n<div style=\"background: white; box-shadow: 0px 5px 40px rgba(98, 129, 202, 0.2); margin-top: 0px; padding: 20px;\">\n<h4 style=\"margin-top: 0; margin-bottom: 10px;\"><span>Instal\u00b7la plaques solars i redueix la teva factura el\u00e8ctrica<\/span><\/h4>\n<p><span style=\"display: block;\"><span>El teu estudi de plaques solars en menys de 48 hores. Sense comprom\u00eds.<\/span><\/span><br \/>\n<a href=\"https:\/\/www.factorenergia.com\/ca\/llars\/autoconsum\/\" class=\"primary-btn center\">Preparem el teu estudi gratis<\/a><\/p>\n<\/div>\n<p><!--- BANNER CAT AUTOCONSUMO --><\/p>\n","protected":false},"excerpt":{"rendered":"<p>Quantes plaques solars necessito? Aquesta \u00e9s una pregunta comuna per a aquells que estan considerant instal\u00b7lar plaques solars en la teulada de la seva casa. La resposta dep\u00e8n d&#8217;una varietat de factors. &nbsp; Per a con\u00e8ixer el nombre de panells necessaris \u00e9s important con\u00e8ixer la quantitat d&#8217;energia el\u00e8ctrica que es necessita per a la seva [&hellip;]<\/p>\n","protected":false},"author":17,"featured_media":0,"comment_status":"open","ping_status":"closed","sticky":false,"template":"","format":"standard","meta":{"inline_featured_image":false,"footnotes":""},"categories":[66],"tags":[],"acf":{"fecha_de_la_entrada":"20230207","imagen_portada":29503,"categoria_blog":null,"tipo_de_distribuidora":null,"tiempo_lectura":"","banner_bool":false,"titulo_banner":"","texto_banner":"","texto_boton_banner":"","url_boton_banner":"","post_relacionados":""},"yoast_head":"<!-- This site is optimized with the Yoast SEO plugin v22.2 - https:\/\/yoast.com\/wordpress\/plugins\/seo\/ -->\n<title>Com dimensionar una instal\u00b7laci\u00f3 d&#039;autoconsum? | factorenergia<\/title>\n<meta name=\"description\" content=\"Descobreix que factors clau has de considerar en calcular el nombre de plaques solars que necessites per a la teva llar.\" \/>\n<meta name=\"robots\" content=\"index, follow, max-snippet:-1, max-image-preview:large, max-video-preview:-1\" \/>\n<link rel=\"canonical\" href=\"https:\/\/www.factorenergia.com\/ca\/blog\/autoconsum-electric\/com-dimensionar-una-instal\u00b7lacio-dautoconsum\/\" \/>\n<meta name=\"twitter:card\" content=\"summary_large_image\" \/>\n<meta name=\"twitter:title\" content=\"Com dimensionar una instal\u00b7laci\u00f3 d&#039;autoconsum? | factorenergia\" \/>\n<meta name=\"twitter:description\" content=\"Descobreix que factors clau has de considerar en calcular el nombre de plaques solars que necessites per a la teva llar.\" \/>\n<meta name=\"twitter:creator\" content=\"@factorenergia\" \/>\n<meta name=\"twitter:site\" content=\"@factorenergia\" \/>\n<meta name=\"twitter:label1\" content=\"Written by\" \/>\n\t<meta name=\"twitter:data1\" content=\"Equipo Transici\u00f3n Energ\u00e9tica Factorenergia\" \/>\n\t<meta name=\"twitter:label2\" content=\"Est. reading time\" \/>\n\t<meta name=\"twitter:data2\" content=\"2 minutes\" \/>\n<script type=\"application\/ld+json\" class=\"yoast-schema-graph\">{\"@context\":\"https:\/\/schema.org\",\"@graph\":[{\"@type\":\"WebPage\",\"@id\":\"https:\/\/www.factorenergia.com\/ca\/blog\/autoconsum-electric\/com-dimensionar-una-instal%c2%b7lacio-dautoconsum\/\",\"url\":\"https:\/\/www.factorenergia.com\/ca\/blog\/autoconsum-electric\/com-dimensionar-una-instal%c2%b7lacio-dautoconsum\/\",\"name\":\"Com dimensionar una instal\u00b7laci\u00f3 d'autoconsum? | factorenergia\",\"isPartOf\":{\"@id\":\"https:\/\/www.factorenergia.com\/es\/#website\"},\"datePublished\":\"2023-02-07T09:52:50+00:00\",\"dateModified\":\"2025-08-05T15:59:59+00:00\",\"author\":{\"@id\":\"https:\/\/www.factorenergia.com\/es\/#\/schema\/person\/dff9e4b6dc520720e3a37bdaaedc5841\"},\"description\":\"Descobreix que factors clau has de considerar en calcular el nombre de plaques solars que necessites per a la teva llar.\",\"breadcrumb\":{\"@id\":\"https:\/\/www.factorenergia.com\/ca\/blog\/autoconsum-electric\/com-dimensionar-una-instal%c2%b7lacio-dautoconsum\/#breadcrumb\"},\"inLanguage\":\"ca\",\"potentialAction\":[{\"@type\":\"ReadAction\",\"target\":[\"https:\/\/www.factorenergia.com\/ca\/blog\/autoconsum-electric\/com-dimensionar-una-instal%c2%b7lacio-dautoconsum\/\"]}]},{\"@type\":\"BreadcrumbList\",\"@id\":\"https:\/\/www.factorenergia.com\/ca\/blog\/autoconsum-electric\/com-dimensionar-una-instal%c2%b7lacio-dautoconsum\/#breadcrumb\",\"itemListElement\":[{\"@type\":\"ListItem\",\"position\":1,\"name\":\"Portada\",\"item\":\"https:\/\/www.factorenergia.com\/ca\/\"},{\"@type\":\"ListItem\",\"position\":2,\"name\":\"Com dimensionar una instal\u00b7laci\u00f3 d&#8217;autoconsum?\"}]},{\"@type\":\"WebSite\",\"@id\":\"https:\/\/www.factorenergia.com\/es\/#website\",\"url\":\"https:\/\/www.factorenergia.com\/es\/\",\"name\":\"factorenergia\",\"description\":\"factorenergia\",\"potentialAction\":[{\"@type\":\"SearchAction\",\"target\":{\"@type\":\"EntryPoint\",\"urlTemplate\":\"https:\/\/www.factorenergia.com\/es\/?s={search_term_string}\"},\"query-input\":\"required name=search_term_string\"}],\"inLanguage\":\"ca\"},{\"@type\":\"Person\",\"@id\":\"https:\/\/www.factorenergia.com\/es\/#\/schema\/person\/dff9e4b6dc520720e3a37bdaaedc5841\",\"name\":\"Equipo Transici\u00f3n Energ\u00e9tica Factorenergia\",\"image\":{\"@type\":\"ImageObject\",\"inLanguage\":\"ca\",\"@id\":\"https:\/\/www.factorenergia.com\/es\/#\/schema\/person\/image\/\",\"url\":\"https:\/\/secure.gravatar.com\/avatar\/1b7c76bab80ee1c4261b06108874e24b?s=96&d=mm&r=g\",\"contentUrl\":\"https:\/\/secure.gravatar.com\/avatar\/1b7c76bab80ee1c4261b06108874e24b?s=96&d=mm&r=g\",\"caption\":\"Equipo Transici\u00f3n Energ\u00e9tica Factorenergia\"},\"description\":\"El equipo est\u00e1 formado por expertos en materia de Luz, Gas y Eficiencia Energ\u00e9tica, que conocen de primera mano las tendencias del mercado. Su experiencia en el sector les permite ofrecer las mejores soluciones energ\u00e9ticas y resolver las dudas planteadas por los clientes.\",\"sameAs\":[\"https:\/\/www.factorenergia.com\/es\/\",\"https:\/\/www.facebook.com\/factorenergiacom\",\"https:\/\/www.instagram.com\/factorenergia_com\/\",\"https:\/\/es.linkedin.com\/company\/factor-energia\",\"https:\/\/twitter.com\/factorenergia\",\"https:\/\/www.youtube.com\/c\/factorenergiacom\"],\"url\":\"https:\/\/www.factorenergia.com\/ca\/blog\/author\/marketing\/\"}]}<\/script>\n<!-- \/ Yoast SEO plugin. -->","yoast_head_json":{"title":"Com dimensionar una instal\u00b7laci\u00f3 d'autoconsum? | factorenergia","description":"Descobreix que factors clau has de considerar en calcular el nombre de plaques solars que necessites per a la teva llar.","robots":{"index":"index","follow":"follow","max-snippet":"max-snippet:-1","max-image-preview":"max-image-preview:large","max-video-preview":"max-video-preview:-1"},"canonical":"https:\/\/www.factorenergia.com\/ca\/blog\/autoconsum-electric\/com-dimensionar-una-instal\u00b7lacio-dautoconsum\/","twitter_card":"summary_large_image","twitter_title":"Com dimensionar una instal\u00b7laci\u00f3 d'autoconsum? | factorenergia","twitter_description":"Descobreix que factors clau has de considerar en calcular el nombre de plaques solars que necessites per a la teva llar.","twitter_creator":"@factorenergia","twitter_site":"@factorenergia","twitter_misc":{"Written by":"Equipo Transici\u00f3n Energ\u00e9tica Factorenergia","Est. reading time":"2 minutes"},"schema":{"@context":"https:\/\/schema.org","@graph":[{"@type":"WebPage","@id":"https:\/\/www.factorenergia.com\/ca\/blog\/autoconsum-electric\/com-dimensionar-una-instal%c2%b7lacio-dautoconsum\/","url":"https:\/\/www.factorenergia.com\/ca\/blog\/autoconsum-electric\/com-dimensionar-una-instal%c2%b7lacio-dautoconsum\/","name":"Com dimensionar una instal\u00b7laci\u00f3 d'autoconsum? | factorenergia","isPartOf":{"@id":"https:\/\/www.factorenergia.com\/es\/#website"},"datePublished":"2023-02-07T09:52:50+00:00","dateModified":"2025-08-05T15:59:59+00:00","author":{"@id":"https:\/\/www.factorenergia.com\/es\/#\/schema\/person\/dff9e4b6dc520720e3a37bdaaedc5841"},"description":"Descobreix que factors clau has de considerar en calcular el nombre de plaques solars que necessites per a la teva llar.","breadcrumb":{"@id":"https:\/\/www.factorenergia.com\/ca\/blog\/autoconsum-electric\/com-dimensionar-una-instal%c2%b7lacio-dautoconsum\/#breadcrumb"},"inLanguage":"ca","potentialAction":[{"@type":"ReadAction","target":["https:\/\/www.factorenergia.com\/ca\/blog\/autoconsum-electric\/com-dimensionar-una-instal%c2%b7lacio-dautoconsum\/"]}]},{"@type":"BreadcrumbList","@id":"https:\/\/www.factorenergia.com\/ca\/blog\/autoconsum-electric\/com-dimensionar-una-instal%c2%b7lacio-dautoconsum\/#breadcrumb","itemListElement":[{"@type":"ListItem","position":1,"name":"Portada","item":"https:\/\/www.factorenergia.com\/ca\/"},{"@type":"ListItem","position":2,"name":"Com dimensionar una instal\u00b7laci\u00f3 d&#8217;autoconsum?"}]},{"@type":"WebSite","@id":"https:\/\/www.factorenergia.com\/es\/#website","url":"https:\/\/www.factorenergia.com\/es\/","name":"factorenergia","description":"factorenergia","potentialAction":[{"@type":"SearchAction","target":{"@type":"EntryPoint","urlTemplate":"https:\/\/www.factorenergia.com\/es\/?s={search_term_string}"},"query-input":"required name=search_term_string"}],"inLanguage":"ca"},{"@type":"Person","@id":"https:\/\/www.factorenergia.com\/es\/#\/schema\/person\/dff9e4b6dc520720e3a37bdaaedc5841","name":"Equipo Transici\u00f3n Energ\u00e9tica Factorenergia","image":{"@type":"ImageObject","inLanguage":"ca","@id":"https:\/\/www.factorenergia.com\/es\/#\/schema\/person\/image\/","url":"https:\/\/secure.gravatar.com\/avatar\/1b7c76bab80ee1c4261b06108874e24b?s=96&d=mm&r=g","contentUrl":"https:\/\/secure.gravatar.com\/avatar\/1b7c76bab80ee1c4261b06108874e24b?s=96&d=mm&r=g","caption":"Equipo Transici\u00f3n Energ\u00e9tica Factorenergia"},"description":"El equipo est\u00e1 formado por expertos en materia de Luz, Gas y Eficiencia Energ\u00e9tica, que conocen de primera mano las tendencias del mercado. Su experiencia en el sector les permite ofrecer las mejores soluciones energ\u00e9ticas y resolver las dudas planteadas por los clientes.","sameAs":["https:\/\/www.factorenergia.com\/es\/","https:\/\/www.facebook.com\/factorenergiacom","https:\/\/www.instagram.com\/factorenergia_com\/","https:\/\/es.linkedin.com\/company\/factor-energia","https:\/\/twitter.com\/factorenergia","https:\/\/www.youtube.com\/c\/factorenergiacom"],"url":"https:\/\/www.factorenergia.com\/ca\/blog\/author\/marketing\/"}]}},"_links":{"self":[{"href":"https:\/\/www.factorenergia.com\/ca\/wp-json\/wp\/v2\/posts\/17942"}],"collection":[{"href":"https:\/\/www.factorenergia.com\/ca\/wp-json\/wp\/v2\/posts"}],"about":[{"href":"https:\/\/www.factorenergia.com\/ca\/wp-json\/wp\/v2\/types\/post"}],"author":[{"embeddable":true,"href":"https:\/\/www.factorenergia.com\/ca\/wp-json\/wp\/v2\/users\/17"}],"replies":[{"embeddable":true,"href":"https:\/\/www.factorenergia.com\/ca\/wp-json\/wp\/v2\/comments?post=17942"}],"version-history":[{"count":2,"href":"https:\/\/www.factorenergia.com\/ca\/wp-json\/wp\/v2\/posts\/17942\/revisions"}],"predecessor-version":[{"id":29505,"href":"https:\/\/www.factorenergia.com\/ca\/wp-json\/wp\/v2\/posts\/17942\/revisions\/29505"}],"wp:attachment":[{"href":"https:\/\/www.factorenergia.com\/ca\/wp-json\/wp\/v2\/media?parent=17942"}],"wp:term":[{"taxonomy":"category","embeddable":true,"href":"https:\/\/www.factorenergia.com\/ca\/wp-json\/wp\/v2\/categories?post=17942"},{"taxonomy":"post_tag","embeddable":true,"href":"https:\/\/www.factorenergia.com\/ca\/wp-json\/wp\/v2\/tags?post=17942"}],"curies":[{"name":"wp","href":"https:\/\/api.w.org\/{rel}","templated":true}]}}