{"id":17924,"date":"2023-02-06T19:21:58","date_gmt":"2023-02-06T17:21:58","guid":{"rendered":"https:\/\/www.factorenergia.com\/ca\/?post_type=blog&#038;p=17924"},"modified":"2025-08-05T18:05:05","modified_gmt":"2025-08-05T16:05:05","slug":"vida-util-instal%c2%b7lacio-fotovoltaica","status":"publish","type":"post","link":"https:\/\/www.factorenergia.com\/ca\/blog\/autoconsum-electric\/vida-util-instal%c2%b7lacio-fotovoltaica\/","title":{"rendered":"Quina \u00e9s la vida \u00fatil d&#8217;una instal\u00b7laci\u00f3 fotovoltaica?"},"content":{"rendered":"<p>La vida \u00fatil d&#8217;una instal\u00b7laci\u00f3 fotovoltaica dep\u00e8n de molts factors, com el tipus de panells fotovoltaics, la ubicaci\u00f3, el manteniment i la cura. <strong>La vida \u00fatil mitjana d&#8217;un sistema fotovoltaic \u00e9s d&#8217;almenys 25 anys<\/strong>, amb alguns panells que aconsegueixen els 30 anys. Aix\u00f2 significa que una instal\u00b7laci\u00f3 fotovoltaica pot proporcionar energia renovable durant molts anys.<\/p>\n<p>&nbsp;<\/p>\n<p>Els panells fotovoltaics estan fets de materials resistents a la intemp\u00e8rie, com el silici i el vidre, que permeten el seu funcionament durant llargs per\u00edodes de temps. Els panells estan dissenyats per a resistir l&#8217;exposici\u00f3 als raigs ultraviolats, la pluja i la neu i, si s&#8217;instal\u00b7len correctament, se&#8217;ls pot donar una vida \u00fatil prolongada.<\/p>\n<p>&nbsp;<\/p>\n<p>Els panells fotovoltaics estan dissenyats per a resistir a l&#8217;exposici\u00f3 als raigs ultraviolats, la pluja i la neu. Aix\u00ed com a la corrosi\u00f3, la calor extrema i la humitat, alguna cosa que els atorga una vida \u00fatil prolongada.<\/p>\n<h3>Quins factors influeixen en la seva vida \u00fatil?<\/h3>\n<ul>\n<li><strong>La ubicaci\u00f3 del sistema fotovoltaic<\/strong> tamb\u00e9 pot afectar la seva vida \u00fatil. Si els panells s&#8217;instal\u00b7len en un lloc que rep una exposici\u00f3 directa al sol durant la major part de l&#8217;any, tindran una vida \u00fatil major. Si els panells estan exposats a la intemp\u00e8rie durant molt de temps, poden sofrir danys a llarg termini.<\/li>\n<\/ul>\n<p>&nbsp;<\/p>\n<ul>\n<li><strong>Un manteniment adequat<\/strong> pot augmentar la vida \u00fatil dels sistemes fotovoltaics. Els panells s&#8217;han de netejar regularment per a eliminar la brut\u00edcia o la pols acumulada en la superf\u00edcie. Aix\u00f2 evitar\u00e0 que els raigs del sol siguin bloquejats i permetr\u00e0 que els panells absorbeixin la m\u00e0xima quantitat de llum solar. A m\u00e9s, els panells s&#8217;han d&#8217;inspeccionar peri\u00f2dicament per a detectar qualsevol mal, com a esquerdes o abonyegadures.<\/li>\n<\/ul>\n<p>&nbsp;<\/p>\n<p><!--- BANNER CAT AUTOCONSUMO --><\/p>\n<div style=\"background: white; box-shadow: 0px 5px 40px rgba(98, 129, 202, 0.2); margin-top: 0px; padding: 20px;\">\n<h4 style=\"margin-top: 0; margin-bottom: 10px;\"><span>Instal\u00b7la plaques solars i redueix la teva factura el\u00e8ctrica<\/span><\/h4>\n<p><span style=\"display: block;\"><span>El teu estudi de plaques solars en menys de 48 hores. Sense comprom\u00eds.<\/span><\/span><br \/>\n<a href=\"https:\/\/www.factorenergia.com\/ca\/llars\/autoconsum\/\" class=\"primary-btn center\">Preparem el teu estudi gratis<\/a><\/p>\n<\/div>\n<p><!--- BANNER CAT AUTOCONSUMO --><\/p>\n","protected":false},"excerpt":{"rendered":"<p>La vida \u00fatil d&#8217;una instal\u00b7laci\u00f3 fotovoltaica dep\u00e8n de molts factors, com el tipus de panells fotovoltaics, la ubicaci\u00f3, el manteniment i la cura. La vida \u00fatil mitjana d&#8217;un sistema fotovoltaic \u00e9s d&#8217;almenys 25 anys, amb alguns panells que aconsegueixen els 30 anys. Aix\u00f2 significa que una instal\u00b7laci\u00f3 fotovoltaica pot proporcionar energia renovable durant molts anys. [&hellip;]<\/p>\n","protected":false},"author":17,"featured_media":0,"comment_status":"open","ping_status":"closed","sticky":false,"template":"","format":"standard","meta":{"inline_featured_image":false,"footnotes":""},"categories":[66],"tags":[],"acf":{"fecha_de_la_entrada":"20230206","imagen_portada":29509,"categoria_blog":null,"tipo_de_distribuidora":null,"tiempo_lectura":"","banner_bool":false,"titulo_banner":"","texto_banner":"","texto_boton_banner":"","url_boton_banner":"","post_relacionados":""},"yoast_head":"<!-- This site is optimized with the Yoast SEO plugin v22.2 - https:\/\/yoast.com\/wordpress\/plugins\/seo\/ -->\n<title>Quina \u00e9s la vida \u00fatil d&#039;una instal\u00b7laci\u00f3 fotovoltaica? | factorenergia<\/title>\n<meta name=\"description\" content=\"Descobreix tots els factors que determinen la vida \u00fatil de la teva instal\u00b7laci\u00f3 fotovoltaica.\" \/>\n<meta name=\"robots\" content=\"index, follow, max-snippet:-1, max-image-preview:large, max-video-preview:-1\" \/>\n<link rel=\"canonical\" href=\"https:\/\/www.factorenergia.com\/ca\/blog\/autoconsum-electric\/vida-util-instal\u00b7lacio-fotovoltaica\/\" \/>\n<meta name=\"twitter:card\" content=\"summary_large_image\" \/>\n<meta name=\"twitter:title\" content=\"Quina \u00e9s la vida \u00fatil d&#039;una instal\u00b7laci\u00f3 fotovoltaica? | factorenergia\" \/>\n<meta name=\"twitter:description\" content=\"Descobreix tots els factors que determinen la vida \u00fatil de la teva instal\u00b7laci\u00f3 fotovoltaica.\" \/>\n<meta name=\"twitter:creator\" content=\"@factorenergia\" \/>\n<meta name=\"twitter:site\" content=\"@factorenergia\" \/>\n<meta name=\"twitter:label1\" content=\"Written by\" \/>\n\t<meta name=\"twitter:data1\" content=\"Equipo Transici\u00f3n Energ\u00e9tica Factorenergia\" \/>\n\t<meta name=\"twitter:label2\" content=\"Est. reading time\" \/>\n\t<meta name=\"twitter:data2\" content=\"2 minutes\" \/>\n<script type=\"application\/ld+json\" class=\"yoast-schema-graph\">{\"@context\":\"https:\/\/schema.org\",\"@graph\":[{\"@type\":\"WebPage\",\"@id\":\"https:\/\/www.factorenergia.com\/ca\/blog\/autoconsum-electric\/vida-util-instal%c2%b7lacio-fotovoltaica\/\",\"url\":\"https:\/\/www.factorenergia.com\/ca\/blog\/autoconsum-electric\/vida-util-instal%c2%b7lacio-fotovoltaica\/\",\"name\":\"Quina \u00e9s la vida \u00fatil d'una instal\u00b7laci\u00f3 fotovoltaica? | factorenergia\",\"isPartOf\":{\"@id\":\"https:\/\/www.factorenergia.com\/es\/#website\"},\"datePublished\":\"2023-02-06T17:21:58+00:00\",\"dateModified\":\"2025-08-05T16:05:05+00:00\",\"author\":{\"@id\":\"https:\/\/www.factorenergia.com\/es\/#\/schema\/person\/dff9e4b6dc520720e3a37bdaaedc5841\"},\"description\":\"Descobreix tots els factors que determinen la vida \u00fatil de la teva instal\u00b7laci\u00f3 fotovoltaica.\",\"breadcrumb\":{\"@id\":\"https:\/\/www.factorenergia.com\/ca\/blog\/autoconsum-electric\/vida-util-instal%c2%b7lacio-fotovoltaica\/#breadcrumb\"},\"inLanguage\":\"ca\",\"potentialAction\":[{\"@type\":\"ReadAction\",\"target\":[\"https:\/\/www.factorenergia.com\/ca\/blog\/autoconsum-electric\/vida-util-instal%c2%b7lacio-fotovoltaica\/\"]}]},{\"@type\":\"BreadcrumbList\",\"@id\":\"https:\/\/www.factorenergia.com\/ca\/blog\/autoconsum-electric\/vida-util-instal%c2%b7lacio-fotovoltaica\/#breadcrumb\",\"itemListElement\":[{\"@type\":\"ListItem\",\"position\":1,\"name\":\"Portada\",\"item\":\"https:\/\/www.factorenergia.com\/ca\/\"},{\"@type\":\"ListItem\",\"position\":2,\"name\":\"Quina \u00e9s la vida \u00fatil d&#8217;una instal\u00b7laci\u00f3 fotovoltaica?\"}]},{\"@type\":\"WebSite\",\"@id\":\"https:\/\/www.factorenergia.com\/es\/#website\",\"url\":\"https:\/\/www.factorenergia.com\/es\/\",\"name\":\"factorenergia\",\"description\":\"factorenergia\",\"potentialAction\":[{\"@type\":\"SearchAction\",\"target\":{\"@type\":\"EntryPoint\",\"urlTemplate\":\"https:\/\/www.factorenergia.com\/es\/?s={search_term_string}\"},\"query-input\":\"required name=search_term_string\"}],\"inLanguage\":\"ca\"},{\"@type\":\"Person\",\"@id\":\"https:\/\/www.factorenergia.com\/es\/#\/schema\/person\/dff9e4b6dc520720e3a37bdaaedc5841\",\"name\":\"Equipo Transici\u00f3n Energ\u00e9tica Factorenergia\",\"image\":{\"@type\":\"ImageObject\",\"inLanguage\":\"ca\",\"@id\":\"https:\/\/www.factorenergia.com\/es\/#\/schema\/person\/image\/\",\"url\":\"https:\/\/secure.gravatar.com\/avatar\/1b7c76bab80ee1c4261b06108874e24b?s=96&d=mm&r=g\",\"contentUrl\":\"https:\/\/secure.gravatar.com\/avatar\/1b7c76bab80ee1c4261b06108874e24b?s=96&d=mm&r=g\",\"caption\":\"Equipo Transici\u00f3n Energ\u00e9tica Factorenergia\"},\"description\":\"El equipo est\u00e1 formado por expertos en materia de Luz, Gas y Eficiencia Energ\u00e9tica, que conocen de primera mano las tendencias del mercado. Su experiencia en el sector les permite ofrecer las mejores soluciones energ\u00e9ticas y resolver las dudas planteadas por los clientes.\",\"sameAs\":[\"https:\/\/www.factorenergia.com\/es\/\",\"https:\/\/www.facebook.com\/factorenergiacom\",\"https:\/\/www.instagram.com\/factorenergia_com\/\",\"https:\/\/es.linkedin.com\/company\/factor-energia\",\"https:\/\/twitter.com\/factorenergia\",\"https:\/\/www.youtube.com\/c\/factorenergiacom\"],\"url\":\"https:\/\/www.factorenergia.com\/ca\/blog\/author\/marketing\/\"}]}<\/script>\n<!-- \/ Yoast SEO plugin. -->","yoast_head_json":{"title":"Quina \u00e9s la vida \u00fatil d'una instal\u00b7laci\u00f3 fotovoltaica? | factorenergia","description":"Descobreix tots els factors que determinen la vida \u00fatil de la teva instal\u00b7laci\u00f3 fotovoltaica.","robots":{"index":"index","follow":"follow","max-snippet":"max-snippet:-1","max-image-preview":"max-image-preview:large","max-video-preview":"max-video-preview:-1"},"canonical":"https:\/\/www.factorenergia.com\/ca\/blog\/autoconsum-electric\/vida-util-instal\u00b7lacio-fotovoltaica\/","twitter_card":"summary_large_image","twitter_title":"Quina \u00e9s la vida \u00fatil d'una instal\u00b7laci\u00f3 fotovoltaica? | factorenergia","twitter_description":"Descobreix tots els factors que determinen la vida \u00fatil de la teva instal\u00b7laci\u00f3 fotovoltaica.","twitter_creator":"@factorenergia","twitter_site":"@factorenergia","twitter_misc":{"Written by":"Equipo Transici\u00f3n Energ\u00e9tica Factorenergia","Est. reading time":"2 minutes"},"schema":{"@context":"https:\/\/schema.org","@graph":[{"@type":"WebPage","@id":"https:\/\/www.factorenergia.com\/ca\/blog\/autoconsum-electric\/vida-util-instal%c2%b7lacio-fotovoltaica\/","url":"https:\/\/www.factorenergia.com\/ca\/blog\/autoconsum-electric\/vida-util-instal%c2%b7lacio-fotovoltaica\/","name":"Quina \u00e9s la vida \u00fatil d'una instal\u00b7laci\u00f3 fotovoltaica? | factorenergia","isPartOf":{"@id":"https:\/\/www.factorenergia.com\/es\/#website"},"datePublished":"2023-02-06T17:21:58+00:00","dateModified":"2025-08-05T16:05:05+00:00","author":{"@id":"https:\/\/www.factorenergia.com\/es\/#\/schema\/person\/dff9e4b6dc520720e3a37bdaaedc5841"},"description":"Descobreix tots els factors que determinen la vida \u00fatil de la teva instal\u00b7laci\u00f3 fotovoltaica.","breadcrumb":{"@id":"https:\/\/www.factorenergia.com\/ca\/blog\/autoconsum-electric\/vida-util-instal%c2%b7lacio-fotovoltaica\/#breadcrumb"},"inLanguage":"ca","potentialAction":[{"@type":"ReadAction","target":["https:\/\/www.factorenergia.com\/ca\/blog\/autoconsum-electric\/vida-util-instal%c2%b7lacio-fotovoltaica\/"]}]},{"@type":"BreadcrumbList","@id":"https:\/\/www.factorenergia.com\/ca\/blog\/autoconsum-electric\/vida-util-instal%c2%b7lacio-fotovoltaica\/#breadcrumb","itemListElement":[{"@type":"ListItem","position":1,"name":"Portada","item":"https:\/\/www.factorenergia.com\/ca\/"},{"@type":"ListItem","position":2,"name":"Quina \u00e9s la vida \u00fatil d&#8217;una instal\u00b7laci\u00f3 fotovoltaica?"}]},{"@type":"WebSite","@id":"https:\/\/www.factorenergia.com\/es\/#website","url":"https:\/\/www.factorenergia.com\/es\/","name":"factorenergia","description":"factorenergia","potentialAction":[{"@type":"SearchAction","target":{"@type":"EntryPoint","urlTemplate":"https:\/\/www.factorenergia.com\/es\/?s={search_term_string}"},"query-input":"required name=search_term_string"}],"inLanguage":"ca"},{"@type":"Person","@id":"https:\/\/www.factorenergia.com\/es\/#\/schema\/person\/dff9e4b6dc520720e3a37bdaaedc5841","name":"Equipo Transici\u00f3n Energ\u00e9tica Factorenergia","image":{"@type":"ImageObject","inLanguage":"ca","@id":"https:\/\/www.factorenergia.com\/es\/#\/schema\/person\/image\/","url":"https:\/\/secure.gravatar.com\/avatar\/1b7c76bab80ee1c4261b06108874e24b?s=96&d=mm&r=g","contentUrl":"https:\/\/secure.gravatar.com\/avatar\/1b7c76bab80ee1c4261b06108874e24b?s=96&d=mm&r=g","caption":"Equipo Transici\u00f3n Energ\u00e9tica Factorenergia"},"description":"El equipo est\u00e1 formado por expertos en materia de Luz, Gas y Eficiencia Energ\u00e9tica, que conocen de primera mano las tendencias del mercado. Su experiencia en el sector les permite ofrecer las mejores soluciones energ\u00e9ticas y resolver las dudas planteadas por los clientes.","sameAs":["https:\/\/www.factorenergia.com\/es\/","https:\/\/www.facebook.com\/factorenergiacom","https:\/\/www.instagram.com\/factorenergia_com\/","https:\/\/es.linkedin.com\/company\/factor-energia","https:\/\/twitter.com\/factorenergia","https:\/\/www.youtube.com\/c\/factorenergiacom"],"url":"https:\/\/www.factorenergia.com\/ca\/blog\/author\/marketing\/"}]}},"_links":{"self":[{"href":"https:\/\/www.factorenergia.com\/ca\/wp-json\/wp\/v2\/posts\/17924"}],"collection":[{"href":"https:\/\/www.factorenergia.com\/ca\/wp-json\/wp\/v2\/posts"}],"about":[{"href":"https:\/\/www.factorenergia.com\/ca\/wp-json\/wp\/v2\/types\/post"}],"author":[{"embeddable":true,"href":"https:\/\/www.factorenergia.com\/ca\/wp-json\/wp\/v2\/users\/17"}],"replies":[{"embeddable":true,"href":"https:\/\/www.factorenergia.com\/ca\/wp-json\/wp\/v2\/comments?post=17924"}],"version-history":[{"count":2,"href":"https:\/\/www.factorenergia.com\/ca\/wp-json\/wp\/v2\/posts\/17924\/revisions"}],"predecessor-version":[{"id":29511,"href":"https:\/\/www.factorenergia.com\/ca\/wp-json\/wp\/v2\/posts\/17924\/revisions\/29511"}],"wp:attachment":[{"href":"https:\/\/www.factorenergia.com\/ca\/wp-json\/wp\/v2\/media?parent=17924"}],"wp:term":[{"taxonomy":"category","embeddable":true,"href":"https:\/\/www.factorenergia.com\/ca\/wp-json\/wp\/v2\/categories?post=17924"},{"taxonomy":"post_tag","embeddable":true,"href":"https:\/\/www.factorenergia.com\/ca\/wp-json\/wp\/v2\/tags?post=17924"}],"curies":[{"name":"wp","href":"https:\/\/api.w.org\/{rel}","templated":true}]}}