{"id":17220,"date":"2023-01-18T13:36:35","date_gmt":"2023-01-18T11:36:35","guid":{"rendered":"https:\/\/www.factorenergia.com\/ca\/?post_type=blog&#038;p=17220"},"modified":"2025-08-06T10:06:26","modified_gmt":"2025-08-06T08:06:26","slug":"problemes-duna-instal%c2%b7lacio-dautoconsum-a-una-comunitat-de-veins","status":"publish","type":"post","link":"https:\/\/www.factorenergia.com\/ca\/blog\/autoconsum-electric\/problemes-duna-instal%c2%b7lacio-dautoconsum-a-una-comunitat-de-veins\/","title":{"rendered":"Problemes d&#8217;una instal\u00b7laci\u00f3 d&#8217;autoconsum a una comunitat de ve\u00efns"},"content":{"rendered":"<p>Els ve\u00efns d&#8217;una comunitat poden beneficiar-se de l&#8217;\u00fas d&#8217;energies renovables, com ara l&#8217;energia solar, per reduir la factura d&#8217;electricitat. Aix\u00f2 es pot aconseguir <strong>mitjan\u00e7ant la instal\u00b7laci\u00f3 d&#8217;un sistema d&#8217;autoconsum<\/strong>. Abans d&#8217;embarcar-se en un projecte d&#8217;aquest tipus, per\u00f2, \u00e9s important con\u00e8ixer els possibles problemes que poden sorgir.<\/p>\n<p>&nbsp;<\/p>\n<p>En primer lloc, cal <strong>considerar el cost de la instal\u00b7laci\u00f3<\/strong>. Els sistemes d&#8217;autoconsum tenen un cost d&#8217;instal\u00b7laci\u00f3 relativament alt, que pot ser dif\u00edcil de rentabilitzar si la comunitat no rep prou energia solar.<\/p>\n<p>&nbsp;<\/p>\n<p>Un altre problema que cal considerar \u00e9s la <strong>regulaci\u00f3 legal<\/strong>. La instal\u00b7laci\u00f3 i \u00fas d&#8217;un sistema d&#8217;autoconsum energ\u00e8tic solen estar subjectes a una s\u00e8rie de regulacions locals i nacionals, que poden ser dif\u00edcils d&#8217;entendre per a aquells que no estiguin familiaritzats amb el tema. Aquestes regulacions tamb\u00e9 poden variar segons la ubicaci\u00f3, per la qual cosa \u00e9s important assegurar-se de comprendre abans d&#8217;iniciar la instal\u00b7laci\u00f3.<\/p>\n<p>&nbsp;<\/p>\n<p>A m\u00e9s, els sistemes d&#8217;autoconsum energ\u00e8tic generalment <strong>requereixen una inversi\u00f3 a llarg termini<\/strong>, ja que els panells solars tenen una vida \u00fatil limitada. Aix\u00f2 significa que la comunitat haur\u00e0 de reempla\u00e7ar els panells solars cada cert temps, cosa que pot ser una inversi\u00f3 significativa.<\/p>\n<p>&nbsp;<\/p>\n<p>Finalment, cal tenir en compte <strong>l&#8217;impacte de la instal\u00b7laci\u00f3 d&#8217;un sistema d&#8217;autoconsum energ\u00e8tic a la comunitat<\/strong>. Si la comunitat no est\u00e0 preparada per utilitzar l&#8217;energia solar, el sistema pot generar problemes d&#8217;emmagatzematge i de distribuci\u00f3. A m\u00e9s, el sistema pot no ser eficient si no es prenen mesures adequades per assegurar que l\u2019energia sigui utilitzada de forma \u00f2ptima.<\/p>\n<p>&nbsp;<\/p>\n<p>En definitiva, encara que la instal\u00b7laci\u00f3 d&#8217;un sistema d&#8217;autoconsum energ\u00e8tic pot ser una bona opci\u00f3 per a algunes comunitats, hi ha una s\u00e8rie de problemes que cal considerar abans de prendre una decisi\u00f3. \u00c9s important entendre els costos i els riscos involucrats, aix\u00ed com la regulaci\u00f3 legal i els possibles efectes a la comunitat. La presa de decisions informada pot ajudar a assegurar que un sistema d&#8217;autoconsum energ\u00e8tic sigui una inversi\u00f3 rendible per a la comunitat.<\/p>\n<p>&nbsp;<\/p>\n<p><!--- BANNER CAT AUTOCONSUMO --><\/p>\n<div style=\"background: white; box-shadow: 0px 5px 40px rgba(98, 129, 202, 0.2); margin-top: 0px; padding: 20px;\">\n<h4 style=\"margin-top: 0; margin-bottom: 10px;\"><span>Instal\u00b7la plaques solars i redueix la teva factura el\u00e8ctrica<\/span><\/h4>\n<p><span style=\"display: block;\"><span>El teu estudi de plaques solars en menys de 48 hores. Sense comprom\u00eds.<\/span><\/span><br \/>\n<a href=\"https:\/\/www.factorenergia.com\/ca\/llars\/autoconsum\/\" class=\"primary-btn center\">Preparem el teu estudi gratis<\/a><\/p>\n<\/div>\n<p><!--- BANNER CAT AUTOCONSUMO --><\/p>\n","protected":false},"excerpt":{"rendered":"<p>Els ve\u00efns d&#8217;una comunitat poden beneficiar-se de l&#8217;\u00fas d&#8217;energies renovables, com ara l&#8217;energia solar, per reduir la factura d&#8217;electricitat. Aix\u00f2 es pot aconseguir mitjan\u00e7ant la instal\u00b7laci\u00f3 d&#8217;un sistema d&#8217;autoconsum. Abans d&#8217;embarcar-se en un projecte d&#8217;aquest tipus, per\u00f2, \u00e9s important con\u00e8ixer els possibles problemes que poden sorgir. &nbsp; En primer lloc, cal considerar el cost de [&hellip;]<\/p>\n","protected":false},"author":17,"featured_media":0,"comment_status":"open","ping_status":"closed","sticky":false,"template":"","format":"standard","meta":{"inline_featured_image":false,"footnotes":""},"categories":[66],"tags":[],"acf":{"fecha_de_la_entrada":"20230118","imagen_portada":29560,"categoria_blog":null,"tipo_de_distribuidora":null,"tiempo_lectura":"","banner_bool":false,"titulo_banner":"","texto_banner":"","texto_boton_banner":"","url_boton_banner":"","post_relacionados":""},"yoast_head":"<!-- This site is optimized with the Yoast SEO plugin v22.2 - https:\/\/yoast.com\/wordpress\/plugins\/seo\/ -->\n<title>Problemes d&#039;una instal\u00b7laci\u00f3 d&#039;autoconsum a una comunitat de ve\u00efns | factorenergia<\/title>\n<meta name=\"description\" content=\"Descobreix els problemes que comporta la instal\u00b7laci\u00f3 d&#039;un sistema d&#039;autoconsum energ\u00e8tic a una comunitat de ve\u00efns: costos, regulacions legals i efectes a la comunitat.\" \/>\n<meta name=\"robots\" content=\"index, follow, max-snippet:-1, max-image-preview:large, max-video-preview:-1\" \/>\n<link rel=\"canonical\" href=\"https:\/\/www.factorenergia.com\/ca\/blog\/autoconsum-electric\/problemes-duna-instal\u00b7lacio-dautoconsum-a-una-comunitat-de-veins\/\" \/>\n<meta name=\"twitter:card\" content=\"summary_large_image\" \/>\n<meta name=\"twitter:title\" content=\"Problemes d&#039;una instal\u00b7laci\u00f3 d&#039;autoconsum a una comunitat de ve\u00efns | factorenergia\" \/>\n<meta name=\"twitter:description\" content=\"Descobreix els problemes que comporta la instal\u00b7laci\u00f3 d&#039;un sistema d&#039;autoconsum energ\u00e8tic a una comunitat de ve\u00efns: costos, regulacions legals i efectes a la comunitat.\" \/>\n<meta name=\"twitter:creator\" content=\"@factorenergia\" \/>\n<meta name=\"twitter:site\" content=\"@factorenergia\" \/>\n<meta name=\"twitter:label1\" content=\"Written by\" \/>\n\t<meta name=\"twitter:data1\" content=\"Equipo Transici\u00f3n Energ\u00e9tica Factorenergia\" \/>\n\t<meta name=\"twitter:label2\" content=\"Est. reading time\" \/>\n\t<meta name=\"twitter:data2\" content=\"2 minutes\" \/>\n<script type=\"application\/ld+json\" class=\"yoast-schema-graph\">{\"@context\":\"https:\/\/schema.org\",\"@graph\":[{\"@type\":\"WebPage\",\"@id\":\"https:\/\/www.factorenergia.com\/ca\/blog\/autoconsum-electric\/problemes-duna-instal%c2%b7lacio-dautoconsum-a-una-comunitat-de-veins\/\",\"url\":\"https:\/\/www.factorenergia.com\/ca\/blog\/autoconsum-electric\/problemes-duna-instal%c2%b7lacio-dautoconsum-a-una-comunitat-de-veins\/\",\"name\":\"Problemes d'una instal\u00b7laci\u00f3 d'autoconsum a una comunitat de ve\u00efns | factorenergia\",\"isPartOf\":{\"@id\":\"https:\/\/www.factorenergia.com\/es\/#website\"},\"datePublished\":\"2023-01-18T11:36:35+00:00\",\"dateModified\":\"2025-08-06T08:06:26+00:00\",\"author\":{\"@id\":\"https:\/\/www.factorenergia.com\/es\/#\/schema\/person\/dff9e4b6dc520720e3a37bdaaedc5841\"},\"description\":\"Descobreix els problemes que comporta la instal\u00b7laci\u00f3 d'un sistema d'autoconsum energ\u00e8tic a una comunitat de ve\u00efns: costos, regulacions legals i efectes a la comunitat.\",\"breadcrumb\":{\"@id\":\"https:\/\/www.factorenergia.com\/ca\/blog\/autoconsum-electric\/problemes-duna-instal%c2%b7lacio-dautoconsum-a-una-comunitat-de-veins\/#breadcrumb\"},\"inLanguage\":\"ca\",\"potentialAction\":[{\"@type\":\"ReadAction\",\"target\":[\"https:\/\/www.factorenergia.com\/ca\/blog\/autoconsum-electric\/problemes-duna-instal%c2%b7lacio-dautoconsum-a-una-comunitat-de-veins\/\"]}]},{\"@type\":\"BreadcrumbList\",\"@id\":\"https:\/\/www.factorenergia.com\/ca\/blog\/autoconsum-electric\/problemes-duna-instal%c2%b7lacio-dautoconsum-a-una-comunitat-de-veins\/#breadcrumb\",\"itemListElement\":[{\"@type\":\"ListItem\",\"position\":1,\"name\":\"Portada\",\"item\":\"https:\/\/www.factorenergia.com\/ca\/\"},{\"@type\":\"ListItem\",\"position\":2,\"name\":\"Problemes d&#8217;una instal\u00b7laci\u00f3 d&#8217;autoconsum a una comunitat de ve\u00efns\"}]},{\"@type\":\"WebSite\",\"@id\":\"https:\/\/www.factorenergia.com\/es\/#website\",\"url\":\"https:\/\/www.factorenergia.com\/es\/\",\"name\":\"factorenergia\",\"description\":\"factorenergia\",\"potentialAction\":[{\"@type\":\"SearchAction\",\"target\":{\"@type\":\"EntryPoint\",\"urlTemplate\":\"https:\/\/www.factorenergia.com\/es\/?s={search_term_string}\"},\"query-input\":\"required name=search_term_string\"}],\"inLanguage\":\"ca\"},{\"@type\":\"Person\",\"@id\":\"https:\/\/www.factorenergia.com\/es\/#\/schema\/person\/dff9e4b6dc520720e3a37bdaaedc5841\",\"name\":\"Equipo Transici\u00f3n Energ\u00e9tica Factorenergia\",\"image\":{\"@type\":\"ImageObject\",\"inLanguage\":\"ca\",\"@id\":\"https:\/\/www.factorenergia.com\/es\/#\/schema\/person\/image\/\",\"url\":\"https:\/\/secure.gravatar.com\/avatar\/1b7c76bab80ee1c4261b06108874e24b?s=96&d=mm&r=g\",\"contentUrl\":\"https:\/\/secure.gravatar.com\/avatar\/1b7c76bab80ee1c4261b06108874e24b?s=96&d=mm&r=g\",\"caption\":\"Equipo Transici\u00f3n Energ\u00e9tica Factorenergia\"},\"description\":\"El equipo est\u00e1 formado por expertos en materia de Luz, Gas y Eficiencia Energ\u00e9tica, que conocen de primera mano las tendencias del mercado. Su experiencia en el sector les permite ofrecer las mejores soluciones energ\u00e9ticas y resolver las dudas planteadas por los clientes.\",\"sameAs\":[\"https:\/\/www.factorenergia.com\/es\/\",\"https:\/\/www.facebook.com\/factorenergiacom\",\"https:\/\/www.instagram.com\/factorenergia_com\/\",\"https:\/\/es.linkedin.com\/company\/factor-energia\",\"https:\/\/twitter.com\/factorenergia\",\"https:\/\/www.youtube.com\/c\/factorenergiacom\"],\"url\":\"https:\/\/www.factorenergia.com\/ca\/blog\/author\/marketing\/\"}]}<\/script>\n<!-- \/ Yoast SEO plugin. -->","yoast_head_json":{"title":"Problemes d'una instal\u00b7laci\u00f3 d'autoconsum a una comunitat de ve\u00efns | factorenergia","description":"Descobreix els problemes que comporta la instal\u00b7laci\u00f3 d'un sistema d'autoconsum energ\u00e8tic a una comunitat de ve\u00efns: costos, regulacions legals i efectes a la comunitat.","robots":{"index":"index","follow":"follow","max-snippet":"max-snippet:-1","max-image-preview":"max-image-preview:large","max-video-preview":"max-video-preview:-1"},"canonical":"https:\/\/www.factorenergia.com\/ca\/blog\/autoconsum-electric\/problemes-duna-instal\u00b7lacio-dautoconsum-a-una-comunitat-de-veins\/","twitter_card":"summary_large_image","twitter_title":"Problemes d'una instal\u00b7laci\u00f3 d'autoconsum a una comunitat de ve\u00efns | factorenergia","twitter_description":"Descobreix els problemes que comporta la instal\u00b7laci\u00f3 d'un sistema d'autoconsum energ\u00e8tic a una comunitat de ve\u00efns: costos, regulacions legals i efectes a la comunitat.","twitter_creator":"@factorenergia","twitter_site":"@factorenergia","twitter_misc":{"Written by":"Equipo Transici\u00f3n Energ\u00e9tica Factorenergia","Est. reading time":"2 minutes"},"schema":{"@context":"https:\/\/schema.org","@graph":[{"@type":"WebPage","@id":"https:\/\/www.factorenergia.com\/ca\/blog\/autoconsum-electric\/problemes-duna-instal%c2%b7lacio-dautoconsum-a-una-comunitat-de-veins\/","url":"https:\/\/www.factorenergia.com\/ca\/blog\/autoconsum-electric\/problemes-duna-instal%c2%b7lacio-dautoconsum-a-una-comunitat-de-veins\/","name":"Problemes d'una instal\u00b7laci\u00f3 d'autoconsum a una comunitat de ve\u00efns | factorenergia","isPartOf":{"@id":"https:\/\/www.factorenergia.com\/es\/#website"},"datePublished":"2023-01-18T11:36:35+00:00","dateModified":"2025-08-06T08:06:26+00:00","author":{"@id":"https:\/\/www.factorenergia.com\/es\/#\/schema\/person\/dff9e4b6dc520720e3a37bdaaedc5841"},"description":"Descobreix els problemes que comporta la instal\u00b7laci\u00f3 d'un sistema d'autoconsum energ\u00e8tic a una comunitat de ve\u00efns: costos, regulacions legals i efectes a la comunitat.","breadcrumb":{"@id":"https:\/\/www.factorenergia.com\/ca\/blog\/autoconsum-electric\/problemes-duna-instal%c2%b7lacio-dautoconsum-a-una-comunitat-de-veins\/#breadcrumb"},"inLanguage":"ca","potentialAction":[{"@type":"ReadAction","target":["https:\/\/www.factorenergia.com\/ca\/blog\/autoconsum-electric\/problemes-duna-instal%c2%b7lacio-dautoconsum-a-una-comunitat-de-veins\/"]}]},{"@type":"BreadcrumbList","@id":"https:\/\/www.factorenergia.com\/ca\/blog\/autoconsum-electric\/problemes-duna-instal%c2%b7lacio-dautoconsum-a-una-comunitat-de-veins\/#breadcrumb","itemListElement":[{"@type":"ListItem","position":1,"name":"Portada","item":"https:\/\/www.factorenergia.com\/ca\/"},{"@type":"ListItem","position":2,"name":"Problemes d&#8217;una instal\u00b7laci\u00f3 d&#8217;autoconsum a una comunitat de ve\u00efns"}]},{"@type":"WebSite","@id":"https:\/\/www.factorenergia.com\/es\/#website","url":"https:\/\/www.factorenergia.com\/es\/","name":"factorenergia","description":"factorenergia","potentialAction":[{"@type":"SearchAction","target":{"@type":"EntryPoint","urlTemplate":"https:\/\/www.factorenergia.com\/es\/?s={search_term_string}"},"query-input":"required name=search_term_string"}],"inLanguage":"ca"},{"@type":"Person","@id":"https:\/\/www.factorenergia.com\/es\/#\/schema\/person\/dff9e4b6dc520720e3a37bdaaedc5841","name":"Equipo Transici\u00f3n Energ\u00e9tica Factorenergia","image":{"@type":"ImageObject","inLanguage":"ca","@id":"https:\/\/www.factorenergia.com\/es\/#\/schema\/person\/image\/","url":"https:\/\/secure.gravatar.com\/avatar\/1b7c76bab80ee1c4261b06108874e24b?s=96&d=mm&r=g","contentUrl":"https:\/\/secure.gravatar.com\/avatar\/1b7c76bab80ee1c4261b06108874e24b?s=96&d=mm&r=g","caption":"Equipo Transici\u00f3n Energ\u00e9tica Factorenergia"},"description":"El equipo est\u00e1 formado por expertos en materia de Luz, Gas y Eficiencia Energ\u00e9tica, que conocen de primera mano las tendencias del mercado. Su experiencia en el sector les permite ofrecer las mejores soluciones energ\u00e9ticas y resolver las dudas planteadas por los clientes.","sameAs":["https:\/\/www.factorenergia.com\/es\/","https:\/\/www.facebook.com\/factorenergiacom","https:\/\/www.instagram.com\/factorenergia_com\/","https:\/\/es.linkedin.com\/company\/factor-energia","https:\/\/twitter.com\/factorenergia","https:\/\/www.youtube.com\/c\/factorenergiacom"],"url":"https:\/\/www.factorenergia.com\/ca\/blog\/author\/marketing\/"}]}},"_links":{"self":[{"href":"https:\/\/www.factorenergia.com\/ca\/wp-json\/wp\/v2\/posts\/17220"}],"collection":[{"href":"https:\/\/www.factorenergia.com\/ca\/wp-json\/wp\/v2\/posts"}],"about":[{"href":"https:\/\/www.factorenergia.com\/ca\/wp-json\/wp\/v2\/types\/post"}],"author":[{"embeddable":true,"href":"https:\/\/www.factorenergia.com\/ca\/wp-json\/wp\/v2\/users\/17"}],"replies":[{"embeddable":true,"href":"https:\/\/www.factorenergia.com\/ca\/wp-json\/wp\/v2\/comments?post=17220"}],"version-history":[{"count":2,"href":"https:\/\/www.factorenergia.com\/ca\/wp-json\/wp\/v2\/posts\/17220\/revisions"}],"predecessor-version":[{"id":29562,"href":"https:\/\/www.factorenergia.com\/ca\/wp-json\/wp\/v2\/posts\/17220\/revisions\/29562"}],"wp:attachment":[{"href":"https:\/\/www.factorenergia.com\/ca\/wp-json\/wp\/v2\/media?parent=17220"}],"wp:term":[{"taxonomy":"category","embeddable":true,"href":"https:\/\/www.factorenergia.com\/ca\/wp-json\/wp\/v2\/categories?post=17220"},{"taxonomy":"post_tag","embeddable":true,"href":"https:\/\/www.factorenergia.com\/ca\/wp-json\/wp\/v2\/tags?post=17220"}],"curies":[{"name":"wp","href":"https:\/\/api.w.org\/{rel}","templated":true}]}}