{"id":17071,"date":"2023-01-18T10:56:49","date_gmt":"2023-01-18T08:56:49","guid":{"rendered":"https:\/\/www.factorenergia.com\/ca\/?post_type=blog&#038;p=17071"},"modified":"2025-08-06T10:32:41","modified_gmt":"2025-08-06T08:32:41","slug":"que-cal-per-aprofitar-al-maxim-les-plaques-solars-duna-instal%c2%b7lacio-dautoconsum","status":"publish","type":"post","link":"https:\/\/www.factorenergia.com\/ca\/blog\/autoconsum-electric\/que-cal-per-aprofitar-al-maxim-les-plaques-solars-duna-instal%c2%b7lacio-dautoconsum\/","title":{"rendered":"Qu\u00e8 cal per aprofitar al m\u00e0xim les plaques solars d&#8217;una instal\u00b7laci\u00f3 d&#8217;autoconsum?"},"content":{"rendered":"<p><strong>Les plaques solars s\u00f3n una font d&#8217;energia renovable excel\u00b7lent<\/strong> per a la generaci\u00f3 d&#8217;electricitat. Si b\u00e9 s\u00f3n una tecnologia popular i relativament assequible, el seu \u00fas per a la generaci\u00f3 d\u2019electricitat d\u2019autoconsum requereix certs coneixements i entesa. En aquest article, discutirem qu\u00e8 cal per <strong>aprofitar al m\u00e0xim les plaques solars d&#8217;una instal\u00b7laci\u00f3 d&#8217;autoconsum<\/strong>.<\/p>\n<p>&nbsp;<\/p>\n<p>El primer que necessitar\u00e0s per aprofitar al m\u00e0xim les plaques solars \u00e9s <strong>un sistema de monitoritzaci\u00f3<\/strong>. Aix\u00f2 et permetr\u00e0 verificar com funciona la teva instal\u00b7laci\u00f3 d&#8217;autoconsum i el rendiment de les plaques solars, aix\u00ed com identificar qualsevol problema que en pugui afectar el rendiment. Un bon sistema de monitoritzaci\u00f3 tamb\u00e9 us permetr\u00e0 controlar els nivells de producci\u00f3 i consum per assegurar-vos que esteu aprofitant al m\u00e0xim l&#8217;energia solar generada.<\/p>\n<p>&nbsp;<\/p>\n<p>Una altra cosa que necessitar\u00e0s per aprofitar al m\u00e0xim les plaques solars de la teva instal\u00b7laci\u00f3 d&#8217;autoconsum \u00e9s un <strong>inversor de qualitat<\/strong>. L&#8217;inversor \u00e9s l&#8217;encarregat de convertir l&#8217;energia solar recollida per les plaques solars en electricitat utilitzable. Un bon inversor \u00e9s essencial per assegurar que l\u2019electricitat generada per les teves plaques solars \u00e9s la millor qualitat possible.<\/p>\n<p>&nbsp;<\/p>\n<p>A m\u00e9s d\u2019un sistema de monitoritzaci\u00f3 i un bon inversor, tamb\u00e9 necessitar\u00e0s <strong>una bateria d\u2019emmagatzematge d\u2019energia<\/strong>. Aquestes bateries us permeten emmagatzemar l&#8217;electricitat generada per les plaques solars per al vostre \u00fas en per\u00edodes de baixa llum solar. Aix\u00f2 et permet aprofitar al m\u00e0xim l&#8217;energia solar, fins i tot en dies ennuvolats o b\u00e9 per la nit.<\/p>\n<p>&nbsp;<\/p>\n<p>Per acabar, necessitareu un bon equip d&#8217;instal\u00b7laci\u00f3. La instal\u00b7laci\u00f3 correcta de les plaques solars \u00e9s la clau per assegurar-te que est\u00e0s obtenint el m\u00e0xim rendiment. <strong>Un equip d&#8217;instal\u00b7laci\u00f3 qualificat<\/strong> us ajudar\u00e0 a garantir que la vostra instal\u00b7laci\u00f3 d&#8217;autoconsum est\u00e0 dissenyada i configurada de la millor manera possible.<\/p>\n<p>&nbsp;<\/p>\n<p>En resum, hi ha diversos factors que cal considerar per aprofitar al m\u00e0xim les plaques solars d&#8217;una instal\u00b7laci\u00f3 d&#8217;autoconsum. Aquests inclouen un sistema de monitoritzaci\u00f3, un bon inversor, una bateria d\u2019emmagatzematge d\u2019energia i un equip d\u2019instal\u00b7laci\u00f3 qualificat. Si considereu aquests factors, estareu m\u00e9s ben equipats per obtenir el m\u00e0xim rendiment de la vostra instal\u00b7laci\u00f3 d&#8217;autoconsum.<\/p>\n<p>&nbsp;<\/p>\n<p><!--- BANNER CAT AUTOCONSUMO --><\/p>\n<div style=\"background: white; box-shadow: 0px 5px 40px rgba(98, 129, 202, 0.2); margin-top: 0px; padding: 20px;\">\n<h4 style=\"margin-top: 0; margin-bottom: 10px;\"><span>Instal\u00b7la plaques solars i redueix la teva factura el\u00e8ctrica<\/span><\/h4>\n<p><span style=\"display: block;\"><span>El teu estudi de plaques solars en menys de 48 hores. Sense comprom\u00eds.<\/span><\/span><br \/>\n<a href=\"https:\/\/www.factorenergia.com\/ca\/llars\/autoconsum\/\" class=\"primary-btn center\">Preparem el teu estudi gratis<\/a><\/p>\n<\/div>\n","protected":false},"excerpt":{"rendered":"<p>Les plaques solars s\u00f3n una font d&#8217;energia renovable excel\u00b7lent per a la generaci\u00f3 d&#8217;electricitat. Si b\u00e9 s\u00f3n una tecnologia popular i relativament assequible, el seu \u00fas per a la generaci\u00f3 d\u2019electricitat d\u2019autoconsum requereix certs coneixements i entesa. En aquest article, discutirem qu\u00e8 cal per aprofitar al m\u00e0xim les plaques solars d&#8217;una instal\u00b7laci\u00f3 d&#8217;autoconsum. &nbsp; El [&hellip;]<\/p>\n","protected":false},"author":17,"featured_media":0,"comment_status":"open","ping_status":"closed","sticky":false,"template":"","format":"standard","meta":{"inline_featured_image":false,"footnotes":""},"categories":[66],"tags":[],"acf":{"fecha_de_la_entrada":"20230118","imagen_portada":29593,"categoria_blog":null,"tipo_de_distribuidora":null,"tiempo_lectura":"","banner_bool":false,"titulo_banner":"","texto_banner":"","texto_boton_banner":"","url_boton_banner":"","post_relacionados":""},"yoast_head":"<!-- This site is optimized with the Yoast SEO plugin v22.2 - https:\/\/yoast.com\/wordpress\/plugins\/seo\/ -->\n<title>Qu\u00e8 cal per aprofitar al m\u00e0xim les plaques solars d&#039;una instal\u00b7laci\u00f3 d&#039;autoconsum? | factorenergia<\/title>\n<meta name=\"description\" content=\"Aprofiteu al m\u00e0xim la instal\u00b7laci\u00f3 d&#039;autoconsum amb plaques solars. Descobriu qu\u00e8 necessiteu per aconseguir el millor rendiment, des d&#039;un bon sistema de monitoritzaci\u00f3 fins a un equip d&#039;instal\u00b7laci\u00f3 qualificat.\" \/>\n<meta name=\"robots\" content=\"index, follow, max-snippet:-1, max-image-preview:large, max-video-preview:-1\" \/>\n<link rel=\"canonical\" href=\"https:\/\/www.factorenergia.com\/ca\/blog\/autoconsum-electric\/que-cal-per-aprofitar-al-maxim-les-plaques-solars-duna-instal\u00b7lacio-dautoconsum\/\" \/>\n<meta name=\"twitter:card\" content=\"summary_large_image\" \/>\n<meta name=\"twitter:title\" content=\"Qu\u00e8 cal per aprofitar al m\u00e0xim les plaques solars d&#039;una instal\u00b7laci\u00f3 d&#039;autoconsum? | factorenergia\" \/>\n<meta name=\"twitter:description\" content=\"Aprofiteu al m\u00e0xim la instal\u00b7laci\u00f3 d&#039;autoconsum amb plaques solars. Descobriu qu\u00e8 necessiteu per aconseguir el millor rendiment, des d&#039;un bon sistema de monitoritzaci\u00f3 fins a un equip d&#039;instal\u00b7laci\u00f3 qualificat.\" \/>\n<meta name=\"twitter:creator\" content=\"@factorenergia\" \/>\n<meta name=\"twitter:site\" content=\"@factorenergia\" \/>\n<meta name=\"twitter:label1\" content=\"Written by\" \/>\n\t<meta name=\"twitter:data1\" content=\"Equipo Transici\u00f3n Energ\u00e9tica Factorenergia\" \/>\n\t<meta name=\"twitter:label2\" content=\"Est. reading time\" \/>\n\t<meta name=\"twitter:data2\" content=\"2 minutes\" \/>\n<script type=\"application\/ld+json\" class=\"yoast-schema-graph\">{\"@context\":\"https:\/\/schema.org\",\"@graph\":[{\"@type\":\"WebPage\",\"@id\":\"https:\/\/www.factorenergia.com\/ca\/blog\/autoconsum-electric\/que-cal-per-aprofitar-al-maxim-les-plaques-solars-duna-instal%c2%b7lacio-dautoconsum\/\",\"url\":\"https:\/\/www.factorenergia.com\/ca\/blog\/autoconsum-electric\/que-cal-per-aprofitar-al-maxim-les-plaques-solars-duna-instal%c2%b7lacio-dautoconsum\/\",\"name\":\"Qu\u00e8 cal per aprofitar al m\u00e0xim les plaques solars d'una instal\u00b7laci\u00f3 d'autoconsum? | factorenergia\",\"isPartOf\":{\"@id\":\"https:\/\/www.factorenergia.com\/es\/#website\"},\"datePublished\":\"2023-01-18T08:56:49+00:00\",\"dateModified\":\"2025-08-06T08:32:41+00:00\",\"author\":{\"@id\":\"https:\/\/www.factorenergia.com\/es\/#\/schema\/person\/dff9e4b6dc520720e3a37bdaaedc5841\"},\"description\":\"Aprofiteu al m\u00e0xim la instal\u00b7laci\u00f3 d'autoconsum amb plaques solars. Descobriu qu\u00e8 necessiteu per aconseguir el millor rendiment, des d'un bon sistema de monitoritzaci\u00f3 fins a un equip d'instal\u00b7laci\u00f3 qualificat.\",\"breadcrumb\":{\"@id\":\"https:\/\/www.factorenergia.com\/ca\/blog\/autoconsum-electric\/que-cal-per-aprofitar-al-maxim-les-plaques-solars-duna-instal%c2%b7lacio-dautoconsum\/#breadcrumb\"},\"inLanguage\":\"ca\",\"potentialAction\":[{\"@type\":\"ReadAction\",\"target\":[\"https:\/\/www.factorenergia.com\/ca\/blog\/autoconsum-electric\/que-cal-per-aprofitar-al-maxim-les-plaques-solars-duna-instal%c2%b7lacio-dautoconsum\/\"]}]},{\"@type\":\"BreadcrumbList\",\"@id\":\"https:\/\/www.factorenergia.com\/ca\/blog\/autoconsum-electric\/que-cal-per-aprofitar-al-maxim-les-plaques-solars-duna-instal%c2%b7lacio-dautoconsum\/#breadcrumb\",\"itemListElement\":[{\"@type\":\"ListItem\",\"position\":1,\"name\":\"Portada\",\"item\":\"https:\/\/www.factorenergia.com\/ca\/\"},{\"@type\":\"ListItem\",\"position\":2,\"name\":\"Qu\u00e8 cal per aprofitar al m\u00e0xim les plaques solars d&#8217;una instal\u00b7laci\u00f3 d&#8217;autoconsum?\"}]},{\"@type\":\"WebSite\",\"@id\":\"https:\/\/www.factorenergia.com\/es\/#website\",\"url\":\"https:\/\/www.factorenergia.com\/es\/\",\"name\":\"factorenergia\",\"description\":\"factorenergia\",\"potentialAction\":[{\"@type\":\"SearchAction\",\"target\":{\"@type\":\"EntryPoint\",\"urlTemplate\":\"https:\/\/www.factorenergia.com\/es\/?s={search_term_string}\"},\"query-input\":\"required name=search_term_string\"}],\"inLanguage\":\"ca\"},{\"@type\":\"Person\",\"@id\":\"https:\/\/www.factorenergia.com\/es\/#\/schema\/person\/dff9e4b6dc520720e3a37bdaaedc5841\",\"name\":\"Equipo Transici\u00f3n Energ\u00e9tica Factorenergia\",\"image\":{\"@type\":\"ImageObject\",\"inLanguage\":\"ca\",\"@id\":\"https:\/\/www.factorenergia.com\/es\/#\/schema\/person\/image\/\",\"url\":\"https:\/\/secure.gravatar.com\/avatar\/1b7c76bab80ee1c4261b06108874e24b?s=96&d=mm&r=g\",\"contentUrl\":\"https:\/\/secure.gravatar.com\/avatar\/1b7c76bab80ee1c4261b06108874e24b?s=96&d=mm&r=g\",\"caption\":\"Equipo Transici\u00f3n Energ\u00e9tica Factorenergia\"},\"description\":\"El equipo est\u00e1 formado por expertos en materia de Luz, Gas y Eficiencia Energ\u00e9tica, que conocen de primera mano las tendencias del mercado. Su experiencia en el sector les permite ofrecer las mejores soluciones energ\u00e9ticas y resolver las dudas planteadas por los clientes.\",\"sameAs\":[\"https:\/\/www.factorenergia.com\/es\/\",\"https:\/\/www.facebook.com\/factorenergiacom\",\"https:\/\/www.instagram.com\/factorenergia_com\/\",\"https:\/\/es.linkedin.com\/company\/factor-energia\",\"https:\/\/twitter.com\/factorenergia\",\"https:\/\/www.youtube.com\/c\/factorenergiacom\"],\"url\":\"https:\/\/www.factorenergia.com\/ca\/blog\/author\/marketing\/\"}]}<\/script>\n<!-- \/ Yoast SEO plugin. -->","yoast_head_json":{"title":"Qu\u00e8 cal per aprofitar al m\u00e0xim les plaques solars d'una instal\u00b7laci\u00f3 d'autoconsum? | factorenergia","description":"Aprofiteu al m\u00e0xim la instal\u00b7laci\u00f3 d'autoconsum amb plaques solars. Descobriu qu\u00e8 necessiteu per aconseguir el millor rendiment, des d'un bon sistema de monitoritzaci\u00f3 fins a un equip d'instal\u00b7laci\u00f3 qualificat.","robots":{"index":"index","follow":"follow","max-snippet":"max-snippet:-1","max-image-preview":"max-image-preview:large","max-video-preview":"max-video-preview:-1"},"canonical":"https:\/\/www.factorenergia.com\/ca\/blog\/autoconsum-electric\/que-cal-per-aprofitar-al-maxim-les-plaques-solars-duna-instal\u00b7lacio-dautoconsum\/","twitter_card":"summary_large_image","twitter_title":"Qu\u00e8 cal per aprofitar al m\u00e0xim les plaques solars d'una instal\u00b7laci\u00f3 d'autoconsum? | factorenergia","twitter_description":"Aprofiteu al m\u00e0xim la instal\u00b7laci\u00f3 d'autoconsum amb plaques solars. Descobriu qu\u00e8 necessiteu per aconseguir el millor rendiment, des d'un bon sistema de monitoritzaci\u00f3 fins a un equip d'instal\u00b7laci\u00f3 qualificat.","twitter_creator":"@factorenergia","twitter_site":"@factorenergia","twitter_misc":{"Written by":"Equipo Transici\u00f3n Energ\u00e9tica Factorenergia","Est. reading time":"2 minutes"},"schema":{"@context":"https:\/\/schema.org","@graph":[{"@type":"WebPage","@id":"https:\/\/www.factorenergia.com\/ca\/blog\/autoconsum-electric\/que-cal-per-aprofitar-al-maxim-les-plaques-solars-duna-instal%c2%b7lacio-dautoconsum\/","url":"https:\/\/www.factorenergia.com\/ca\/blog\/autoconsum-electric\/que-cal-per-aprofitar-al-maxim-les-plaques-solars-duna-instal%c2%b7lacio-dautoconsum\/","name":"Qu\u00e8 cal per aprofitar al m\u00e0xim les plaques solars d'una instal\u00b7laci\u00f3 d'autoconsum? | factorenergia","isPartOf":{"@id":"https:\/\/www.factorenergia.com\/es\/#website"},"datePublished":"2023-01-18T08:56:49+00:00","dateModified":"2025-08-06T08:32:41+00:00","author":{"@id":"https:\/\/www.factorenergia.com\/es\/#\/schema\/person\/dff9e4b6dc520720e3a37bdaaedc5841"},"description":"Aprofiteu al m\u00e0xim la instal\u00b7laci\u00f3 d'autoconsum amb plaques solars. Descobriu qu\u00e8 necessiteu per aconseguir el millor rendiment, des d'un bon sistema de monitoritzaci\u00f3 fins a un equip d'instal\u00b7laci\u00f3 qualificat.","breadcrumb":{"@id":"https:\/\/www.factorenergia.com\/ca\/blog\/autoconsum-electric\/que-cal-per-aprofitar-al-maxim-les-plaques-solars-duna-instal%c2%b7lacio-dautoconsum\/#breadcrumb"},"inLanguage":"ca","potentialAction":[{"@type":"ReadAction","target":["https:\/\/www.factorenergia.com\/ca\/blog\/autoconsum-electric\/que-cal-per-aprofitar-al-maxim-les-plaques-solars-duna-instal%c2%b7lacio-dautoconsum\/"]}]},{"@type":"BreadcrumbList","@id":"https:\/\/www.factorenergia.com\/ca\/blog\/autoconsum-electric\/que-cal-per-aprofitar-al-maxim-les-plaques-solars-duna-instal%c2%b7lacio-dautoconsum\/#breadcrumb","itemListElement":[{"@type":"ListItem","position":1,"name":"Portada","item":"https:\/\/www.factorenergia.com\/ca\/"},{"@type":"ListItem","position":2,"name":"Qu\u00e8 cal per aprofitar al m\u00e0xim les plaques solars d&#8217;una instal\u00b7laci\u00f3 d&#8217;autoconsum?"}]},{"@type":"WebSite","@id":"https:\/\/www.factorenergia.com\/es\/#website","url":"https:\/\/www.factorenergia.com\/es\/","name":"factorenergia","description":"factorenergia","potentialAction":[{"@type":"SearchAction","target":{"@type":"EntryPoint","urlTemplate":"https:\/\/www.factorenergia.com\/es\/?s={search_term_string}"},"query-input":"required name=search_term_string"}],"inLanguage":"ca"},{"@type":"Person","@id":"https:\/\/www.factorenergia.com\/es\/#\/schema\/person\/dff9e4b6dc520720e3a37bdaaedc5841","name":"Equipo Transici\u00f3n Energ\u00e9tica Factorenergia","image":{"@type":"ImageObject","inLanguage":"ca","@id":"https:\/\/www.factorenergia.com\/es\/#\/schema\/person\/image\/","url":"https:\/\/secure.gravatar.com\/avatar\/1b7c76bab80ee1c4261b06108874e24b?s=96&d=mm&r=g","contentUrl":"https:\/\/secure.gravatar.com\/avatar\/1b7c76bab80ee1c4261b06108874e24b?s=96&d=mm&r=g","caption":"Equipo Transici\u00f3n Energ\u00e9tica Factorenergia"},"description":"El equipo est\u00e1 formado por expertos en materia de Luz, Gas y Eficiencia Energ\u00e9tica, que conocen de primera mano las tendencias del mercado. Su experiencia en el sector les permite ofrecer las mejores soluciones energ\u00e9ticas y resolver las dudas planteadas por los clientes.","sameAs":["https:\/\/www.factorenergia.com\/es\/","https:\/\/www.facebook.com\/factorenergiacom","https:\/\/www.instagram.com\/factorenergia_com\/","https:\/\/es.linkedin.com\/company\/factor-energia","https:\/\/twitter.com\/factorenergia","https:\/\/www.youtube.com\/c\/factorenergiacom"],"url":"https:\/\/www.factorenergia.com\/ca\/blog\/author\/marketing\/"}]}},"_links":{"self":[{"href":"https:\/\/www.factorenergia.com\/ca\/wp-json\/wp\/v2\/posts\/17071"}],"collection":[{"href":"https:\/\/www.factorenergia.com\/ca\/wp-json\/wp\/v2\/posts"}],"about":[{"href":"https:\/\/www.factorenergia.com\/ca\/wp-json\/wp\/v2\/types\/post"}],"author":[{"embeddable":true,"href":"https:\/\/www.factorenergia.com\/ca\/wp-json\/wp\/v2\/users\/17"}],"replies":[{"embeddable":true,"href":"https:\/\/www.factorenergia.com\/ca\/wp-json\/wp\/v2\/comments?post=17071"}],"version-history":[{"count":2,"href":"https:\/\/www.factorenergia.com\/ca\/wp-json\/wp\/v2\/posts\/17071\/revisions"}],"predecessor-version":[{"id":29595,"href":"https:\/\/www.factorenergia.com\/ca\/wp-json\/wp\/v2\/posts\/17071\/revisions\/29595"}],"wp:attachment":[{"href":"https:\/\/www.factorenergia.com\/ca\/wp-json\/wp\/v2\/media?parent=17071"}],"wp:term":[{"taxonomy":"category","embeddable":true,"href":"https:\/\/www.factorenergia.com\/ca\/wp-json\/wp\/v2\/categories?post=17071"},{"taxonomy":"post_tag","embeddable":true,"href":"https:\/\/www.factorenergia.com\/ca\/wp-json\/wp\/v2\/tags?post=17071"}],"curies":[{"name":"wp","href":"https:\/\/api.w.org\/{rel}","templated":true}]}}