{"id":16918,"date":"2023-01-08T19:01:50","date_gmt":"2023-01-08T17:01:50","guid":{"rendered":"https:\/\/www.factorenergia.com\/ca\/?post_type=blog&#038;p=16918"},"modified":"2025-07-29T12:57:43","modified_gmt":"2025-07-29T10:57:43","slug":"casa-sostenible-2023","status":"publish","type":"post","link":"https:\/\/www.factorenergia.com\/ca\/blog\/eficiencia-energetica\/casa-sostenible-2023\/","title":{"rendered":"Com aconseguir una casa m\u00e9s sostenible en 2023?"},"content":{"rendered":"<p><span style=\"font-weight: 400;\">Cada vegada m\u00e9s persones estan disposades a fer una inversi\u00f3, en major o menor mesura, per aconseguir una casa m\u00e9s sostenible. Els motius? L&#8217;estalvi de diners, el confort, la millora de la salut, la protecci\u00f3 del medi ambient i l&#8217;increment del valor de revenda.<\/span><\/p>\n<h2>11 consells per a fer que casa teva sigui m\u00e9s sostenible<\/h2>\n<p><span style=\"font-weight: 400;\">Si desitges que el teu habitatge sigui m\u00e9s eficient i, per tant, m\u00e9s sostenible, segueix aquests consells:<\/span><\/p>\n<ul>\n<li>\n<h3>A\u00eflla el teu habitatge<\/h3>\n<\/li>\n<\/ul>\n<p><span style=\"font-weight: 400;\">A\u00efllar adequadament la teva llar pot ajudar a mantenir la temperatura interna i reduir el consum d&#8217;energia necess\u00e0ria per a escalfar o refredar la casa. Aix\u00f2 pot incloure a\u00efllament t\u00e8rmic en la teulada, en les parets i en el s\u00f2l.<\/span><\/p>\n<ul>\n<li>\n<h3>Instal\u00b7la sistemes d&#8217;energia renovable<\/h3>\n<\/li>\n<\/ul>\n<p><span style=\"font-weight: 400;\">Estudia la possibilitat d&#8217;instal\u00b7lar sistemes d&#8217;energia renovable, com <a href=\"https:\/\/www.factorenergia.com\/ca\/llars\/plaques-solars\/\" target=\"_blank\" rel=\"noopener\"><span>plaques solars per a\u00a0autoconsum<\/span><\/a><\/span><span style=\"font-weight: 400;\"><a href=\"https:\/\/www.factorenergia.com\/ca\/llars\/plaques-solars\/\" target=\"_blank\" rel=\"noopener\">\u00a0<\/a>o aerotermia, per a reduir la teva depend\u00e8ncia de l&#8217;energia derivada de combustibles f\u00f2ssils.<\/span><\/p>\n<ul>\n<li>\n<h3>Utilitza sensors de llum<\/h3>\n<\/li>\n<\/ul>\n<p><span style=\"font-weight: 400;\">Aquest tipus de dispositius s&#8217;encenen en la foscor en detectar pres\u00e8ncia, evitant haver d&#8217;encendre un interruptor per a uns segons, amb el que es redueix el consum d&#8217;energia.<\/span><\/p>\n<ul>\n<li>\n<h3>Tria un v\u00e0ter de doble desc\u00e0rrega<\/h3>\n<\/li>\n<\/ul>\n<p><span style=\"font-weight: 400;\">L&#8217;aigua \u00e9s un recurs limitat i segons l&#8217;OMS, <\/span><a href=\"https:\/\/www.who.int\/es\/news-room\/fact-sheets\/detail\/drinking-water\" target=\"_blank\" rel=\"noopener\"><span style=\"font-weight: 400;\">m\u00e9s de 2000 milions de persones viuen en pa\u00efsos amb escassetat d&#8217;aigua<\/span><\/a><span style=\"font-weight: 400;\">, per la qual cosa estalviar aigua \u00e9s fonamental. En triar un v\u00e0ter de doble desc\u00e0rrega pots decidir si vols que la cisterna gasti m\u00e9s o menys volum d&#8217;aigua.<\/span><\/p>\n<ul>\n<li>\n<h3>Recicla i redueix les escombraries<\/h3>\n<\/li>\n<\/ul>\n<p><span style=\"font-weight: 400;\">Apr\u00e8n a separar els teus residus i recicla el m\u00e0xim que puguis per a reduir la quantitat d&#8217;escombraries que arriba als abocadors. Tamb\u00e9 pots tractar de reduir la quantitat d&#8217;envasos i productes d&#8217;un sol \u00fas que uses en la teva llar.<\/span><\/p>\n<ul>\n<li>\n<h3>Usa productes de neteja ecol\u00f2gics<\/h3>\n<\/li>\n<\/ul>\n<p><span style=\"font-weight: 400;\">Els productes de neteja comuns sovint contenen qu\u00edmics t\u00f2xics que poden contaminar l&#8217;aire i l&#8217;aigua. Utilitza productes de neteja ecol\u00f2gics o fes els teus propis amb ingredients naturals.<\/span><\/p>\n<ul>\n<li>\n<h3>Compra productes de construcci\u00f3 i mobiliari sostenibles<\/h3>\n<\/li>\n<\/ul>\n<p><span style=\"font-weight: 400;\">En triar productes de construcci\u00f3 i mobles sostenibles, com a fusta certificada o productes fets de materials reciclats, pots contribuir a reduir la petjada de carboni de la teva llar.<\/span><\/p>\n<ul>\n<li>\n<h3>Estalvia energia<\/h3>\n<\/li>\n<\/ul>\n<p><span style=\"font-weight: 400;\">Pots usar <\/span><span style=\"font-weight: 400;\">bombetes LED<\/span><span style=\"font-weight: 400;\"> en lloc d\u2019incandescents, apagar les llums i els aparells electr\u00f2nics quan no s&#8217;estiguin utilitzant i fer \u00fas de term\u00f2stats programables per a regular la temperatura de casa teva.<\/span><\/p>\n<ul>\n<li>\n<h3>Planta arbres i altres plantes<\/h3>\n<\/li>\n<\/ul>\n<p><span style=\"font-weight: 400;\">Plantar arbres i altres plantes al teu jard\u00ed pot ajudar a absorbir el di\u00f2xid de carboni de l&#8217;atmosfera i millorar la qualitat de l&#8217;aire en el teu habitatge.<\/span><\/p>\n<ul>\n<li>\n<h3>Utilitza electrodom\u00e8stics i aparells d&#8217;alta efici\u00e8ncia energ\u00e8tica<\/h3>\n<\/li>\n<\/ul>\n<p><span style=\"font-weight: 400;\">En triar electrodom\u00e8stics i aparells que comptin amb una <\/span><a href=\"https:\/\/www.factorenergia.com\/ca\/blog\/apren-a-estalviar\/etiqueta-energetica-comprar-electrodomestics\/\"><span style=\"font-weight: 400;\">etiqueta d&#8217;alta efici\u00e8ncia energ\u00e8tica<\/span><\/a><span style=\"font-weight: 400;\">, pots reduir significativament el teu consum d&#8217;energia i estalviar diners en les teves factures de <\/span><a href=\"https:\/\/www.factorenergia.com\/ca\/llars\/tarifas\/\"><span style=\"font-weight: 400;\">llum<\/span><\/a><span style=\"font-weight: 400;\">.<\/span><\/p>\n<ul>\n<li>\n<h3>Redueix l&#8217;\u00fas de pl\u00e0stics<\/h3>\n<\/li>\n<\/ul>\n<p><span style=\"font-weight: 400;\">Tracta de reduir l&#8217;\u00fas de pl\u00e0stic en la teva llar, reutilitzant recipients i bosses, aix\u00ed com comprant productes que no estiguin envasats en pl\u00e0stic.<\/span><\/p>\n<h2>Estalvia energia instal\u00b7lant plaques solars amb Factorenergia<\/h2>\n<p><span style=\"font-weight: 400;\">Si vols reduir la teva factura de la llum i generar la teva pr\u00f2pia energia, opta per instal\u00b7lar plaques solars en el teu habitatge.<\/span><\/p>\n<p><span style=\"font-weight: 400;\">En <\/span><b>Factorenergia <\/b><span style=\"font-weight: 400;\">volem que aprofitis al m\u00e0xim tot el que produeixen els teus panells solars, per la qual cosa t&#8217;oferim el sistema de <\/span><a href=\"https:\/\/www.factorenergia.com\/ca\/plaques-solars\/bateria-virtual\/\"><span style=\"font-weight: 400;\">bateria virtual<\/span><\/a><span style=\"font-weight: 400;\">, que s&#8217;encarrega d&#8217;acumular tot l&#8217;excedent d&#8217;energia acumulat que no consumeixes al mes i compensar-lo en les teves pr\u00f2ximes factures.<\/span><\/p>\n<p><span style=\"font-weight: 400;\">Truca ara al <\/span><b>900 377 538<\/b><span style=\"font-weight: 400;\"> i demana un estudi gratu\u00eft sense comprom\u00eds!<\/span><\/p>\n","protected":false},"excerpt":{"rendered":"<p>Una casa sostenible \u00e9s aquella que tracta de minimitzar el seu impacte mediambiental i \u00e9s eficient en l&#8217;\u00fas de recursos com l&#8217;energia, l&#8217;aigua i els materials de construcci\u00f3.<\/p>\n","protected":false},"author":17,"featured_media":0,"comment_status":"open","ping_status":"closed","sticky":false,"template":"","format":"standard","meta":{"inline_featured_image":false,"footnotes":""},"categories":[56],"tags":[],"acf":{"fecha_de_la_entrada":"20230108","imagen_portada":16800,"categoria_blog":null,"tipo_de_distribuidora":null,"tiempo_lectura":"","banner_bool":false,"titulo_banner":"","texto_banner":"","texto_boton_banner":"","url_boton_banner":"","post_relacionados":[8710]},"yoast_head":"<!-- This site is optimized with the Yoast SEO plugin v22.2 - https:\/\/yoast.com\/wordpress\/plugins\/seo\/ -->\n<title>Com aconseguir una casa m\u00e9s sostenible en 2023? | factorenergia<\/title>\n<meta name=\"description\" content=\"Descobreix com aconseguir que casa teva sigui una llar m\u00e9s sostenible i estalvia en les teves factures de la llum.\" \/>\n<meta name=\"robots\" content=\"index, follow, max-snippet:-1, max-image-preview:large, max-video-preview:-1\" \/>\n<link rel=\"canonical\" href=\"https:\/\/www.factorenergia.com\/ca\/blog\/eficiencia-energetica\/casa-sostenible-2023\/\" \/>\n<meta name=\"twitter:card\" content=\"summary_large_image\" \/>\n<meta name=\"twitter:title\" content=\"Com aconseguir una casa m\u00e9s sostenible en 2023? | factorenergia\" \/>\n<meta name=\"twitter:description\" content=\"Descobreix com aconseguir que casa teva sigui una llar m\u00e9s sostenible i estalvia en les teves factures de la llum.\" \/>\n<meta name=\"twitter:creator\" content=\"@factorenergia\" \/>\n<meta name=\"twitter:site\" content=\"@factorenergia\" \/>\n<meta name=\"twitter:label1\" content=\"Written by\" \/>\n\t<meta name=\"twitter:data1\" content=\"Equipo Transici\u00f3n Energ\u00e9tica Factorenergia\" \/>\n\t<meta name=\"twitter:label2\" content=\"Est. reading time\" \/>\n\t<meta name=\"twitter:data2\" content=\"3 minutes\" \/>\n<script type=\"application\/ld+json\" class=\"yoast-schema-graph\">{\"@context\":\"https:\/\/schema.org\",\"@graph\":[{\"@type\":\"WebPage\",\"@id\":\"https:\/\/www.factorenergia.com\/ca\/blog\/eficiencia-energetica\/casa-sostenible-2023\/\",\"url\":\"https:\/\/www.factorenergia.com\/ca\/blog\/eficiencia-energetica\/casa-sostenible-2023\/\",\"name\":\"Com aconseguir una casa m\u00e9s sostenible en 2023? | factorenergia\",\"isPartOf\":{\"@id\":\"https:\/\/www.factorenergia.com\/es\/#website\"},\"datePublished\":\"2023-01-08T17:01:50+00:00\",\"dateModified\":\"2025-07-29T10:57:43+00:00\",\"author\":{\"@id\":\"https:\/\/www.factorenergia.com\/es\/#\/schema\/person\/dff9e4b6dc520720e3a37bdaaedc5841\"},\"description\":\"Descobreix com aconseguir que casa teva sigui una llar m\u00e9s sostenible i estalvia en les teves factures de la llum.\",\"breadcrumb\":{\"@id\":\"https:\/\/www.factorenergia.com\/ca\/blog\/eficiencia-energetica\/casa-sostenible-2023\/#breadcrumb\"},\"inLanguage\":\"ca\",\"potentialAction\":[{\"@type\":\"ReadAction\",\"target\":[\"https:\/\/www.factorenergia.com\/ca\/blog\/eficiencia-energetica\/casa-sostenible-2023\/\"]}]},{\"@type\":\"BreadcrumbList\",\"@id\":\"https:\/\/www.factorenergia.com\/ca\/blog\/eficiencia-energetica\/casa-sostenible-2023\/#breadcrumb\",\"itemListElement\":[{\"@type\":\"ListItem\",\"position\":1,\"name\":\"Portada\",\"item\":\"https:\/\/www.factorenergia.com\/ca\/\"},{\"@type\":\"ListItem\",\"position\":2,\"name\":\"Com aconseguir una casa m\u00e9s sostenible en 2023?\"}]},{\"@type\":\"WebSite\",\"@id\":\"https:\/\/www.factorenergia.com\/es\/#website\",\"url\":\"https:\/\/www.factorenergia.com\/es\/\",\"name\":\"factorenergia\",\"description\":\"factorenergia\",\"potentialAction\":[{\"@type\":\"SearchAction\",\"target\":{\"@type\":\"EntryPoint\",\"urlTemplate\":\"https:\/\/www.factorenergia.com\/es\/?s={search_term_string}\"},\"query-input\":\"required name=search_term_string\"}],\"inLanguage\":\"ca\"},{\"@type\":\"Person\",\"@id\":\"https:\/\/www.factorenergia.com\/es\/#\/schema\/person\/dff9e4b6dc520720e3a37bdaaedc5841\",\"name\":\"Equipo Transici\u00f3n Energ\u00e9tica Factorenergia\",\"image\":{\"@type\":\"ImageObject\",\"inLanguage\":\"ca\",\"@id\":\"https:\/\/www.factorenergia.com\/es\/#\/schema\/person\/image\/\",\"url\":\"https:\/\/secure.gravatar.com\/avatar\/1b7c76bab80ee1c4261b06108874e24b?s=96&d=mm&r=g\",\"contentUrl\":\"https:\/\/secure.gravatar.com\/avatar\/1b7c76bab80ee1c4261b06108874e24b?s=96&d=mm&r=g\",\"caption\":\"Equipo Transici\u00f3n Energ\u00e9tica Factorenergia\"},\"description\":\"El equipo est\u00e1 formado por expertos en materia de Luz, Gas y Eficiencia Energ\u00e9tica, que conocen de primera mano las tendencias del mercado. Su experiencia en el sector les permite ofrecer las mejores soluciones energ\u00e9ticas y resolver las dudas planteadas por los clientes.\",\"sameAs\":[\"https:\/\/www.factorenergia.com\/es\/\",\"https:\/\/www.facebook.com\/factorenergiacom\",\"https:\/\/www.instagram.com\/factorenergia_com\/\",\"https:\/\/es.linkedin.com\/company\/factor-energia\",\"https:\/\/twitter.com\/factorenergia\",\"https:\/\/www.youtube.com\/c\/factorenergiacom\"],\"url\":\"https:\/\/www.factorenergia.com\/ca\/blog\/author\/marketing\/\"}]}<\/script>\n<!-- \/ Yoast SEO plugin. -->","yoast_head_json":{"title":"Com aconseguir una casa m\u00e9s sostenible en 2023? | factorenergia","description":"Descobreix com aconseguir que casa teva sigui una llar m\u00e9s sostenible i estalvia en les teves factures de la llum.","robots":{"index":"index","follow":"follow","max-snippet":"max-snippet:-1","max-image-preview":"max-image-preview:large","max-video-preview":"max-video-preview:-1"},"canonical":"https:\/\/www.factorenergia.com\/ca\/blog\/eficiencia-energetica\/casa-sostenible-2023\/","twitter_card":"summary_large_image","twitter_title":"Com aconseguir una casa m\u00e9s sostenible en 2023? | factorenergia","twitter_description":"Descobreix com aconseguir que casa teva sigui una llar m\u00e9s sostenible i estalvia en les teves factures de la llum.","twitter_creator":"@factorenergia","twitter_site":"@factorenergia","twitter_misc":{"Written by":"Equipo Transici\u00f3n Energ\u00e9tica Factorenergia","Est. reading time":"3 minutes"},"schema":{"@context":"https:\/\/schema.org","@graph":[{"@type":"WebPage","@id":"https:\/\/www.factorenergia.com\/ca\/blog\/eficiencia-energetica\/casa-sostenible-2023\/","url":"https:\/\/www.factorenergia.com\/ca\/blog\/eficiencia-energetica\/casa-sostenible-2023\/","name":"Com aconseguir una casa m\u00e9s sostenible en 2023? | factorenergia","isPartOf":{"@id":"https:\/\/www.factorenergia.com\/es\/#website"},"datePublished":"2023-01-08T17:01:50+00:00","dateModified":"2025-07-29T10:57:43+00:00","author":{"@id":"https:\/\/www.factorenergia.com\/es\/#\/schema\/person\/dff9e4b6dc520720e3a37bdaaedc5841"},"description":"Descobreix com aconseguir que casa teva sigui una llar m\u00e9s sostenible i estalvia en les teves factures de la llum.","breadcrumb":{"@id":"https:\/\/www.factorenergia.com\/ca\/blog\/eficiencia-energetica\/casa-sostenible-2023\/#breadcrumb"},"inLanguage":"ca","potentialAction":[{"@type":"ReadAction","target":["https:\/\/www.factorenergia.com\/ca\/blog\/eficiencia-energetica\/casa-sostenible-2023\/"]}]},{"@type":"BreadcrumbList","@id":"https:\/\/www.factorenergia.com\/ca\/blog\/eficiencia-energetica\/casa-sostenible-2023\/#breadcrumb","itemListElement":[{"@type":"ListItem","position":1,"name":"Portada","item":"https:\/\/www.factorenergia.com\/ca\/"},{"@type":"ListItem","position":2,"name":"Com aconseguir una casa m\u00e9s sostenible en 2023?"}]},{"@type":"WebSite","@id":"https:\/\/www.factorenergia.com\/es\/#website","url":"https:\/\/www.factorenergia.com\/es\/","name":"factorenergia","description":"factorenergia","potentialAction":[{"@type":"SearchAction","target":{"@type":"EntryPoint","urlTemplate":"https:\/\/www.factorenergia.com\/es\/?s={search_term_string}"},"query-input":"required name=search_term_string"}],"inLanguage":"ca"},{"@type":"Person","@id":"https:\/\/www.factorenergia.com\/es\/#\/schema\/person\/dff9e4b6dc520720e3a37bdaaedc5841","name":"Equipo Transici\u00f3n Energ\u00e9tica Factorenergia","image":{"@type":"ImageObject","inLanguage":"ca","@id":"https:\/\/www.factorenergia.com\/es\/#\/schema\/person\/image\/","url":"https:\/\/secure.gravatar.com\/avatar\/1b7c76bab80ee1c4261b06108874e24b?s=96&d=mm&r=g","contentUrl":"https:\/\/secure.gravatar.com\/avatar\/1b7c76bab80ee1c4261b06108874e24b?s=96&d=mm&r=g","caption":"Equipo Transici\u00f3n Energ\u00e9tica Factorenergia"},"description":"El equipo est\u00e1 formado por expertos en materia de Luz, Gas y Eficiencia Energ\u00e9tica, que conocen de primera mano las tendencias del mercado. Su experiencia en el sector les permite ofrecer las mejores soluciones energ\u00e9ticas y resolver las dudas planteadas por los clientes.","sameAs":["https:\/\/www.factorenergia.com\/es\/","https:\/\/www.facebook.com\/factorenergiacom","https:\/\/www.instagram.com\/factorenergia_com\/","https:\/\/es.linkedin.com\/company\/factor-energia","https:\/\/twitter.com\/factorenergia","https:\/\/www.youtube.com\/c\/factorenergiacom"],"url":"https:\/\/www.factorenergia.com\/ca\/blog\/author\/marketing\/"}]}},"_links":{"self":[{"href":"https:\/\/www.factorenergia.com\/ca\/wp-json\/wp\/v2\/posts\/16918"}],"collection":[{"href":"https:\/\/www.factorenergia.com\/ca\/wp-json\/wp\/v2\/posts"}],"about":[{"href":"https:\/\/www.factorenergia.com\/ca\/wp-json\/wp\/v2\/types\/post"}],"author":[{"embeddable":true,"href":"https:\/\/www.factorenergia.com\/ca\/wp-json\/wp\/v2\/users\/17"}],"replies":[{"embeddable":true,"href":"https:\/\/www.factorenergia.com\/ca\/wp-json\/wp\/v2\/comments?post=16918"}],"version-history":[{"count":5,"href":"https:\/\/www.factorenergia.com\/ca\/wp-json\/wp\/v2\/posts\/16918\/revisions"}],"predecessor-version":[{"id":28839,"href":"https:\/\/www.factorenergia.com\/ca\/wp-json\/wp\/v2\/posts\/16918\/revisions\/28839"}],"acf:post":[{"embeddable":true,"href":"https:\/\/www.factorenergia.com\/ca\/wp-json\/wp\/v2\/posts\/8710"}],"wp:attachment":[{"href":"https:\/\/www.factorenergia.com\/ca\/wp-json\/wp\/v2\/media?parent=16918"}],"wp:term":[{"taxonomy":"category","embeddable":true,"href":"https:\/\/www.factorenergia.com\/ca\/wp-json\/wp\/v2\/categories?post=16918"},{"taxonomy":"post_tag","embeddable":true,"href":"https:\/\/www.factorenergia.com\/ca\/wp-json\/wp\/v2\/tags?post=16918"}],"curies":[{"name":"wp","href":"https:\/\/api.w.org\/{rel}","templated":true}]}}