{"id":14236,"date":"2022-10-14T09:00:03","date_gmt":"2022-10-14T07:00:03","guid":{"rendered":"https:\/\/www.factorenergia.com\/ca\/?post_type=blog&#038;p=14236"},"modified":"2025-08-06T11:13:41","modified_gmt":"2025-08-06T09:13:41","slug":"panells-solars-segona-residencia","status":"publish","type":"post","link":"https:\/\/www.factorenergia.com\/ca\/blog\/autoconsum-electric\/panells-solars-segona-residencia\/","title":{"rendered":"5 avantatges d&#8217;instal\u00b7lar panells solars en una segona resid\u00e8ncia"},"content":{"rendered":"<p>Ja sigui a la platja o a la muntanya, <strong>instal\u00b7lar panells solars en la teva segona resid\u00e8ncia<\/strong> et beneficia i molt. I \u00e9s que, encara que el teu consum sigui m\u00ednim, en la teva factura de la llum sempre haur\u00e0s de pagar la part que correspon a la pot\u00e8ncia contractada. Aix\u00ed que el millor \u00e9s trobar una soluci\u00f3 per a reduir el seu cost amb alternatives com l&#8217;<strong><a href=\"https:\/\/www.factorenergia.com\/ca\/llars\/plaques-solars\/\" target=\"_blank\" rel=\"noopener\">autoconsum fotovoltaic <\/a><\/strong>.<\/p>\n<h2>Com afecten les hores de llum i la radiaci\u00f3 solar per a crear energia?<\/h2>\n<p>Espanya \u00e9s un pa\u00eds privilegiat que compta amb una gran quantitat d&#8217;hores de llum, concretament <strong>2.500 hores de sol anuals<\/strong>, per la qual cosa instal\u00b7lar plaques solars sempre et sortir\u00e0 rendible, tant per al consum d&#8217;energia en el teu habitatge habitual o en la teva segona resid\u00e8ncia.<\/p>\n<p>\u00c9s cert que existeixen determinades zones del mapa on pot ser m\u00e9s eficient col\u00b7locar panells fotovoltaics pel fet que s\u00f3n llocs m\u00e9s assolellats. Aix\u00f2 \u00e9s aix\u00ed perqu\u00e8 com m\u00e9s al sud de la pen\u00ednsula ens trobem m\u00e9s a prop estarem de l&#8217;Equador i, per tant, els raigs incidiran de manera perpendicular, aportant m\u00e9s energia.<\/p>\n<p>Per\u00f2 recordem que <strong>el m\u00e9s important no \u00e9s la quantitat de sol que faci, sin\u00f3 de llum<\/strong>. Per tant, el primer pas \u00e9s consultar les hores de llum anuals que registra un municipi abans de realitzar una inversi\u00f3 d&#8217;autoconsum i determinar <a href=\"https:\/\/www.factorenergia.com\/ca\/plaques-solars-calcula\/\"><strong>el n\u00famero de plaques solars que necessites<\/strong>.<\/a><\/p>\n<h2>Quins s\u00f3n els avantatges d&#8217;instal\u00b7lar panells solars en la teva segona resid\u00e8ncia?<\/h2>\n<p>Si tens un segon habitatge en propietat t&#8217;interessa con\u00e8ixer tots els avantatges que t&#8217;ofereixen els panells solars:<\/p>\n<h3>Afegeix valor a la teva segona resid\u00e8ncia<\/h3>\n<p>Un dels motius pels quals moltes persones es decideixen per la compra d&#8217;un segon habitatge \u00e9s per la inversi\u00f3 a llarg termini. Per aquesta ra\u00f3, en cas de posar-la en lloguer o en venda, si comptes amb una instal\u00b7laci\u00f3 fotovoltaica revaloritzar\u00e0s el seu preu.<\/p>\n<h3>Aposta per l&#8217;energia renovable<\/h3>\n<p>La millor manera de reduir les emissions de CO\u2082 que a poc a poc van augmentant la temperatura del planeta, \u00e9s optar per solucions energ\u00e8tiques netes, com les plaques solars.<\/p>\n<h3>Redueix la teva factura d&#8217;electricitat amb la compensaci\u00f3 d&#8217;excedents i la bateria virtual<\/h3>\n<p>Oblida&#8217;t de pagar grans factures de la llum amb la teva instal\u00b7laci\u00f3 fotovoltaica. Gr\u00e0cies al sistema de <strong><a href=\"https:\/\/www.factorenergia.com\/ca\/blog\/autoconsum-electric\/compensacio-dexcedents-dautoconsum\/\">compensaci\u00f3 d&#8217;excedents<\/a><\/strong> pots abocar a la xarxa el\u00e8ctrica tota l&#8217;energia que les teves plaques generen de m\u00e9s i no consumeixes, i rebre una compensaci\u00f3 en la teva factura. I amb la <strong><a href=\"https:\/\/www.factorenergia.com\/ca\/blog\/autoconsum-electric\/bateria-virtual-autoconsum-compensa-els-teus-excedents\/\">bateria virtual<\/a><\/strong> pots emmagatzemar tota aquesta energia que produeixen els teus panells, per\u00f2 que no arribes a consumir en la teva segona resid\u00e8ncia, per la qual cosa se&#8217;t realitza un descompte en les teves pr\u00f2ximes factures.<\/p>\n<h3>Oblida&#8217;t de pagar despeses inesperades<\/h3>\n<p>Amb les plaques solars no haur\u00e0s de preocupar-te per les pujades i baixades dels preus de la llum. Aix\u00ed, podr\u00e0s encendre l&#8217;aire condicionat o la calefacci\u00f3 quan m\u00e9s el necessitis, sense pensar en el cost econ\u00f2mic, ja que els teus panells s&#8217;encarregaran de generar l&#8217;energia per al teu consum.<\/p>\n<h3>Amortitza la inversi\u00f3 en poc temps<\/h3>\n<p>Encara que el preu mitj\u00e0 d&#8217;una instal\u00b7laci\u00f3 sol estar entre els 4.000 \u20ac i 6.000 \u20ac, pots arribar a amortitzar el seu cost en un per\u00edode de 4 a 7 anys.\u00a0 <span>En el nostre article que tracta <a href=\"https:\/\/www.factorenergia.com\/ca\/blog\/autoconsum-electric\/quant-costa-instal%c2%b7lar-plaques-solars\/\"><\/a><a href=\"https:\/\/www.factorenergia.com\/ca\/blog\/autoconsum-electric\/quant-costa-instal%c2%b7lar-plaques-solars\/\" target=\"_blank\" rel=\"noopener\">quant costa instal\u00b7lar plaques solars<\/a> podr\u00e0s llegir m\u00e9s informaci\u00f3 <\/span>A m\u00e9s, actualment existeixen diferents tipus de <strong>subvencions perqu\u00e8 la teva inversi\u00f3 et surti m\u00e9s rendible<\/strong>. I <strong>en Factorenergia ens encarreguem de gestionar-les totes per tu<\/strong>.<\/p>\n<h2>Passa&#8217;t a l&#8217;energia solar amb Factorenergia<\/h2>\n<p>En <strong>Factorenergia<\/strong> som experts en autoconsum solar. Tant si vols comen\u00e7ar a generar la teva pr\u00f2pia energia en el teu habitatge habitual o en la teva segona resid\u00e8ncia, ens encarregarem de tot el proc\u00e9s, des del disseny fins a la instal\u00b7laci\u00f3.<\/p>\n<p>Si vols saber m\u00e9s, posa&#8217;t en contacte trucant al <strong>900 377 538<\/strong> o escriu-nos un correu a <a href=\"mailto:solar@factorenergia.com\">solar@factorenergia.com<\/a>. Comen\u00e7a a produir la teva pr\u00f2pia energia 100 % verda!<\/p>\n","protected":false},"excerpt":{"rendered":"<p>Si ja tens plaques solars en el teu habitatge i has observat com disminueix el teu consum d&#8217;electricitat, ara \u00e9s el moment d&#8217;instal\u00b7lar panells en la teva segona resid\u00e8ncia.<\/p>\n","protected":false},"author":17,"featured_media":0,"comment_status":"open","ping_status":"closed","sticky":false,"template":"","format":"standard","meta":{"inline_featured_image":false,"footnotes":""},"categories":[66],"tags":[],"acf":{"fecha_de_la_entrada":"20221014","imagen_portada":29608,"categoria_blog":null,"tipo_de_distribuidora":null,"tiempo_lectura":"","banner_bool":false,"titulo_banner":"","texto_banner":"","texto_boton_banner":"","url_boton_banner":"","post_relacionados":[7033,8710]},"yoast_head":"<!-- This site is optimized with the Yoast SEO plugin v22.2 - https:\/\/yoast.com\/wordpress\/plugins\/seo\/ -->\n<title>Panells solars en segona resid\u00e8ncia: 5 avantatges | factorenergia<\/title>\n<meta name=\"description\" content=\"Tens dubtes sobre instal\u00b7lar panells solars en la teva segona resid\u00e8ncia? Aqu\u00ed et donem 5 bones raons per les quals hauries de fer-ho.\" \/>\n<meta name=\"robots\" content=\"index, follow, max-snippet:-1, max-image-preview:large, max-video-preview:-1\" \/>\n<link rel=\"canonical\" href=\"https:\/\/www.factorenergia.com\/ca\/blog\/autoconsum-electric\/panells-solars-segona-residencia\/\" \/>\n<meta name=\"twitter:card\" content=\"summary_large_image\" \/>\n<meta name=\"twitter:title\" content=\"Panells solars en segona resid\u00e8ncia: 5 avantatges | factorenergia\" \/>\n<meta name=\"twitter:description\" content=\"Tens dubtes sobre instal\u00b7lar panells solars en la teva segona resid\u00e8ncia? Aqu\u00ed et donem 5 bones raons per les quals hauries de fer-ho.\" \/>\n<meta name=\"twitter:creator\" content=\"@factorenergia\" \/>\n<meta name=\"twitter:site\" content=\"@factorenergia\" \/>\n<meta name=\"twitter:label1\" content=\"Written by\" \/>\n\t<meta name=\"twitter:data1\" content=\"Equipo Transici\u00f3n Energ\u00e9tica Factorenergia\" \/>\n\t<meta name=\"twitter:label2\" content=\"Est. reading time\" \/>\n\t<meta name=\"twitter:data2\" content=\"3 minutes\" \/>\n<script type=\"application\/ld+json\" class=\"yoast-schema-graph\">{\"@context\":\"https:\/\/schema.org\",\"@graph\":[{\"@type\":\"WebPage\",\"@id\":\"https:\/\/www.factorenergia.com\/ca\/blog\/autoconsum-electric\/panells-solars-segona-residencia\/\",\"url\":\"https:\/\/www.factorenergia.com\/ca\/blog\/autoconsum-electric\/panells-solars-segona-residencia\/\",\"name\":\"Panells solars en segona resid\u00e8ncia: 5 avantatges | factorenergia\",\"isPartOf\":{\"@id\":\"https:\/\/www.factorenergia.com\/es\/#website\"},\"datePublished\":\"2022-10-14T07:00:03+00:00\",\"dateModified\":\"2025-08-06T09:13:41+00:00\",\"author\":{\"@id\":\"https:\/\/www.factorenergia.com\/es\/#\/schema\/person\/dff9e4b6dc520720e3a37bdaaedc5841\"},\"description\":\"Tens dubtes sobre instal\u00b7lar panells solars en la teva segona resid\u00e8ncia? Aqu\u00ed et donem 5 bones raons per les quals hauries de fer-ho.\",\"breadcrumb\":{\"@id\":\"https:\/\/www.factorenergia.com\/ca\/blog\/autoconsum-electric\/panells-solars-segona-residencia\/#breadcrumb\"},\"inLanguage\":\"ca\",\"potentialAction\":[{\"@type\":\"ReadAction\",\"target\":[\"https:\/\/www.factorenergia.com\/ca\/blog\/autoconsum-electric\/panells-solars-segona-residencia\/\"]}]},{\"@type\":\"BreadcrumbList\",\"@id\":\"https:\/\/www.factorenergia.com\/ca\/blog\/autoconsum-electric\/panells-solars-segona-residencia\/#breadcrumb\",\"itemListElement\":[{\"@type\":\"ListItem\",\"position\":1,\"name\":\"Portada\",\"item\":\"https:\/\/www.factorenergia.com\/ca\/\"},{\"@type\":\"ListItem\",\"position\":2,\"name\":\"5 avantatges d&#8217;instal\u00b7lar panells solars en una segona resid\u00e8ncia\"}]},{\"@type\":\"WebSite\",\"@id\":\"https:\/\/www.factorenergia.com\/es\/#website\",\"url\":\"https:\/\/www.factorenergia.com\/es\/\",\"name\":\"factorenergia\",\"description\":\"factorenergia\",\"potentialAction\":[{\"@type\":\"SearchAction\",\"target\":{\"@type\":\"EntryPoint\",\"urlTemplate\":\"https:\/\/www.factorenergia.com\/es\/?s={search_term_string}\"},\"query-input\":\"required name=search_term_string\"}],\"inLanguage\":\"ca\"},{\"@type\":\"Person\",\"@id\":\"https:\/\/www.factorenergia.com\/es\/#\/schema\/person\/dff9e4b6dc520720e3a37bdaaedc5841\",\"name\":\"Equipo Transici\u00f3n Energ\u00e9tica Factorenergia\",\"image\":{\"@type\":\"ImageObject\",\"inLanguage\":\"ca\",\"@id\":\"https:\/\/www.factorenergia.com\/es\/#\/schema\/person\/image\/\",\"url\":\"https:\/\/secure.gravatar.com\/avatar\/1b7c76bab80ee1c4261b06108874e24b?s=96&d=mm&r=g\",\"contentUrl\":\"https:\/\/secure.gravatar.com\/avatar\/1b7c76bab80ee1c4261b06108874e24b?s=96&d=mm&r=g\",\"caption\":\"Equipo Transici\u00f3n Energ\u00e9tica Factorenergia\"},\"description\":\"El equipo est\u00e1 formado por expertos en materia de Luz, Gas y Eficiencia Energ\u00e9tica, que conocen de primera mano las tendencias del mercado. Su experiencia en el sector les permite ofrecer las mejores soluciones energ\u00e9ticas y resolver las dudas planteadas por los clientes.\",\"sameAs\":[\"https:\/\/www.factorenergia.com\/es\/\",\"https:\/\/www.facebook.com\/factorenergiacom\",\"https:\/\/www.instagram.com\/factorenergia_com\/\",\"https:\/\/es.linkedin.com\/company\/factor-energia\",\"https:\/\/twitter.com\/factorenergia\",\"https:\/\/www.youtube.com\/c\/factorenergiacom\"],\"url\":\"https:\/\/www.factorenergia.com\/ca\/blog\/author\/marketing\/\"}]}<\/script>\n<!-- \/ Yoast SEO plugin. -->","yoast_head_json":{"title":"Panells solars en segona resid\u00e8ncia: 5 avantatges | factorenergia","description":"Tens dubtes sobre instal\u00b7lar panells solars en la teva segona resid\u00e8ncia? Aqu\u00ed et donem 5 bones raons per les quals hauries de fer-ho.","robots":{"index":"index","follow":"follow","max-snippet":"max-snippet:-1","max-image-preview":"max-image-preview:large","max-video-preview":"max-video-preview:-1"},"canonical":"https:\/\/www.factorenergia.com\/ca\/blog\/autoconsum-electric\/panells-solars-segona-residencia\/","twitter_card":"summary_large_image","twitter_title":"Panells solars en segona resid\u00e8ncia: 5 avantatges | factorenergia","twitter_description":"Tens dubtes sobre instal\u00b7lar panells solars en la teva segona resid\u00e8ncia? Aqu\u00ed et donem 5 bones raons per les quals hauries de fer-ho.","twitter_creator":"@factorenergia","twitter_site":"@factorenergia","twitter_misc":{"Written by":"Equipo Transici\u00f3n Energ\u00e9tica Factorenergia","Est. reading time":"3 minutes"},"schema":{"@context":"https:\/\/schema.org","@graph":[{"@type":"WebPage","@id":"https:\/\/www.factorenergia.com\/ca\/blog\/autoconsum-electric\/panells-solars-segona-residencia\/","url":"https:\/\/www.factorenergia.com\/ca\/blog\/autoconsum-electric\/panells-solars-segona-residencia\/","name":"Panells solars en segona resid\u00e8ncia: 5 avantatges | factorenergia","isPartOf":{"@id":"https:\/\/www.factorenergia.com\/es\/#website"},"datePublished":"2022-10-14T07:00:03+00:00","dateModified":"2025-08-06T09:13:41+00:00","author":{"@id":"https:\/\/www.factorenergia.com\/es\/#\/schema\/person\/dff9e4b6dc520720e3a37bdaaedc5841"},"description":"Tens dubtes sobre instal\u00b7lar panells solars en la teva segona resid\u00e8ncia? Aqu\u00ed et donem 5 bones raons per les quals hauries de fer-ho.","breadcrumb":{"@id":"https:\/\/www.factorenergia.com\/ca\/blog\/autoconsum-electric\/panells-solars-segona-residencia\/#breadcrumb"},"inLanguage":"ca","potentialAction":[{"@type":"ReadAction","target":["https:\/\/www.factorenergia.com\/ca\/blog\/autoconsum-electric\/panells-solars-segona-residencia\/"]}]},{"@type":"BreadcrumbList","@id":"https:\/\/www.factorenergia.com\/ca\/blog\/autoconsum-electric\/panells-solars-segona-residencia\/#breadcrumb","itemListElement":[{"@type":"ListItem","position":1,"name":"Portada","item":"https:\/\/www.factorenergia.com\/ca\/"},{"@type":"ListItem","position":2,"name":"5 avantatges d&#8217;instal\u00b7lar panells solars en una segona resid\u00e8ncia"}]},{"@type":"WebSite","@id":"https:\/\/www.factorenergia.com\/es\/#website","url":"https:\/\/www.factorenergia.com\/es\/","name":"factorenergia","description":"factorenergia","potentialAction":[{"@type":"SearchAction","target":{"@type":"EntryPoint","urlTemplate":"https:\/\/www.factorenergia.com\/es\/?s={search_term_string}"},"query-input":"required name=search_term_string"}],"inLanguage":"ca"},{"@type":"Person","@id":"https:\/\/www.factorenergia.com\/es\/#\/schema\/person\/dff9e4b6dc520720e3a37bdaaedc5841","name":"Equipo Transici\u00f3n Energ\u00e9tica Factorenergia","image":{"@type":"ImageObject","inLanguage":"ca","@id":"https:\/\/www.factorenergia.com\/es\/#\/schema\/person\/image\/","url":"https:\/\/secure.gravatar.com\/avatar\/1b7c76bab80ee1c4261b06108874e24b?s=96&d=mm&r=g","contentUrl":"https:\/\/secure.gravatar.com\/avatar\/1b7c76bab80ee1c4261b06108874e24b?s=96&d=mm&r=g","caption":"Equipo Transici\u00f3n Energ\u00e9tica Factorenergia"},"description":"El equipo est\u00e1 formado por expertos en materia de Luz, Gas y Eficiencia Energ\u00e9tica, que conocen de primera mano las tendencias del mercado. Su experiencia en el sector les permite ofrecer las mejores soluciones energ\u00e9ticas y resolver las dudas planteadas por los clientes.","sameAs":["https:\/\/www.factorenergia.com\/es\/","https:\/\/www.facebook.com\/factorenergiacom","https:\/\/www.instagram.com\/factorenergia_com\/","https:\/\/es.linkedin.com\/company\/factor-energia","https:\/\/twitter.com\/factorenergia","https:\/\/www.youtube.com\/c\/factorenergiacom"],"url":"https:\/\/www.factorenergia.com\/ca\/blog\/author\/marketing\/"}]}},"_links":{"self":[{"href":"https:\/\/www.factorenergia.com\/ca\/wp-json\/wp\/v2\/posts\/14236"}],"collection":[{"href":"https:\/\/www.factorenergia.com\/ca\/wp-json\/wp\/v2\/posts"}],"about":[{"href":"https:\/\/www.factorenergia.com\/ca\/wp-json\/wp\/v2\/types\/post"}],"author":[{"embeddable":true,"href":"https:\/\/www.factorenergia.com\/ca\/wp-json\/wp\/v2\/users\/17"}],"replies":[{"embeddable":true,"href":"https:\/\/www.factorenergia.com\/ca\/wp-json\/wp\/v2\/comments?post=14236"}],"version-history":[{"count":8,"href":"https:\/\/www.factorenergia.com\/ca\/wp-json\/wp\/v2\/posts\/14236\/revisions"}],"predecessor-version":[{"id":29610,"href":"https:\/\/www.factorenergia.com\/ca\/wp-json\/wp\/v2\/posts\/14236\/revisions\/29610"}],"acf:post":[{"embeddable":true,"href":"https:\/\/www.factorenergia.com\/ca\/wp-json\/wp\/v2\/posts\/8710"},{"embeddable":true,"href":"https:\/\/www.factorenergia.com\/ca\/wp-json\/wp\/v2\/posts\/7033"}],"wp:attachment":[{"href":"https:\/\/www.factorenergia.com\/ca\/wp-json\/wp\/v2\/media?parent=14236"}],"wp:term":[{"taxonomy":"category","embeddable":true,"href":"https:\/\/www.factorenergia.com\/ca\/wp-json\/wp\/v2\/categories?post=14236"},{"taxonomy":"post_tag","embeddable":true,"href":"https:\/\/www.factorenergia.com\/ca\/wp-json\/wp\/v2\/tags?post=14236"}],"curies":[{"name":"wp","href":"https:\/\/api.w.org\/{rel}","templated":true}]}}