{"id":14096,"date":"2022-09-06T09:00:50","date_gmt":"2022-09-06T07:00:50","guid":{"rendered":"https:\/\/www.factorenergia.com\/ca\/?post_type=blog&#038;p=14096"},"modified":"2025-08-04T11:37:24","modified_gmt":"2025-08-04T09:37:24","slug":"factorenergia-mes-barcelona","status":"publish","type":"post","link":"https:\/\/www.factorenergia.com\/ca\/blog\/noticies\/factorenergia-mes-barcelona\/","title":{"rendered":"Factorenergia se suma a MES Barcelona per a crear una ciutat m\u00e9s verda"},"content":{"rendered":"<p>L&#8217;Ajuntament de Barcelona ha homologat a Factorenergia com a empresa energ\u00e8tica inversora en <a href=\"https:\/\/ajuntament.barcelona.cat\/agenda2030\/es\/mesbarcelona\" target=\"_blank\" rel=\"noopener\">MES Barcelona<\/a>, un revolucionari pla per a l&#8217;acceleraci\u00f3 energ\u00e8tica que pret\u00e9n instal\u00b7lar plaques fotovoltaiques gratis en els edificis de la ciutat comtal.<\/p>\n<h2>En qu\u00e8 consisteix el projecte MES Barcelona?<\/h2>\n<p>MES Barcelona \u00e9s una iniciativa reconeguda, entre 70 models, per <a href=\"https:\/\/www.un.org\/es\/\" target=\"_blank\" rel=\"noopener\">L&#8217;Organizaci\u00f3 de les Nacions Unides (ONU)<\/a> com la col\u00b7laboraci\u00f3 p\u00fablic-privada m\u00e9s sostenible. El projecte, que s&#8217;emmarca dins de l&#8217;<a href=\"https:\/\/ajuntament.barcelona.cat\/agenda2030\/es\/mesbarcelona\/actualidad-mes-barcelona\/agenda-2030-objetivos-sociales-economicos-y-ambientales-de-los-proximos-diez-anos-1000939\">Agenda 2030<\/a>, t\u00e9 com a objectiu principal aconseguir una ciutat m\u00e9s neta amb la instal\u00b7laci\u00f3 de panells fotovoltaics en grans espais com a cobertes de naus industrials, per\u00f2 tamb\u00e9 en teulades d&#8217;edificis residencials i terrats.<\/p>\n<p>Tamb\u00e9 est\u00e0 previst impulsar l&#8217;energia renovable en aquells edificis que tinguin un consum energ\u00e8tic alt, com a centres esportius, hospitals o hotels, a m\u00e9s d&#8217;invertir en projectes innovadors dins del sector econ\u00f2mic de les <a href=\"https:\/\/www.factorenergia.com\/ca\/blog\/noticies\/energies-renovables-caracteristiques-tipus-i-nous-reptes\/\">energies renovables<\/a>.<\/p>\n<p>L&#8217;Ajuntament de Barcelona compta amb 50 M\u20ac que es destinaran als diferents projectes d&#8217;inversi\u00f3 presentats per les empreses homologades, un model del qual es podr\u00e0 beneficiar la ciutadania sense haver de realitzar cap aportaci\u00f3 econ\u00f2mica.<\/p>\n<h2>Qu\u00e8 ofereix Factorenergia a la iniciativa?<\/h2>\n<p>Factorenergia representa un agent clau en aquest projecte, ja que \u00e9s <a href=\"https:\/\/www.factorenergia.com\/ca\/noticias\/certificacio-ods-nacions-unides\/\">la primera companyia energ\u00e8tica espanyola a aconseguir la certificaci\u00f3 Sistema de Gesti\u00f3 de la RSC<\/a>, que s&#8217;alinea amb els ODS de l&#8217;ONU.<\/p>\n<p>Com a companyia inversora dins de la iniciativa, pret\u00e9n brindar solucions energ\u00e8tiques d&#8217;autoconsum com la instal\u00b7laci\u00f3 de plaques fotovoltaiques en cases unifamiliars, comunitats de propietaris, edificis p\u00fablics o zones d&#8217;esplai, entre d\u2019altres, aix\u00ed com l&#8217;acumulaci\u00f3 d&#8217;energia i punts de rec\u00e0rrega per als vehicles el\u00e8ctrics.<\/p>\n<p>Amb aquest pla, l&#8217;empresa assumir\u00e0 el 100% de la inversi\u00f3 i la recuperar\u00e0 gr\u00e0cies a la <a href=\"https:\/\/www.factorenergia.com\/ca\/plaques-solars\/excedents-autoconsum\/\">compensaci\u00f3 d&#8217;excedents d&#8217;energia<\/a> i els estalvis energ\u00e8tics que provinguin de les operacions finan\u00e7ades.<\/p>\n<h2>Com aconseguir plaques fotovoltaiques gratis?<\/h2>\n<p>Si tens un habitatge, comunitat de ve\u00efns, nau o local en propietat a Barcelona pots registrar-te en la <a href=\"https:\/\/inscripcions-ajuntament.barcelona.cat\/index.php\/341137\" target=\"_blank\" rel=\"noopener\">p\u00e0gina web de l&#8217;Ajuntament<\/a>. Despr\u00e9s d&#8217;emplenar la teva sol\u00b7licitud, les empreses energ\u00e8tiques, com Factorenergia, iniciaran un estudi per a comprovar la viabilitat del projecte d<a href=\"https:\/\/www.factorenergia.com\/ca\/llars\/plaques-solars\/\" target=\"_blank\" rel=\"noopener\">&#8216;instal\u00b7laci\u00f3 solar <span>d&#8217;autoconsum<\/span><\/a> o de rehabilitaci\u00f3 energ\u00e8tica del teu edifici i definiran unes condicions.<\/p>\n","protected":false},"excerpt":{"rendered":"<p>Mes Barcelona \u00e9s un instrument financer recolzat per l&#8217;Ajuntament de Barcelona que vol impulsar la generaci\u00f3 energ\u00e8tica a la ciutat a partir de la iniciativa privada.<\/p>\n","protected":false},"author":17,"featured_media":0,"comment_status":"closed","ping_status":"closed","sticky":false,"template":"","format":"standard","meta":{"inline_featured_image":false,"footnotes":""},"categories":[61],"tags":[],"acf":{"fecha_de_la_entrada":"20220906","imagen_portada":29167,"categoria_blog":null,"tipo_de_distribuidora":null,"tiempo_lectura":"","banner_bool":false,"titulo_banner":"","texto_banner":"","texto_boton_banner":"","url_boton_banner":"","post_relacionados":""},"yoast_head":"<!-- This site is optimized with the Yoast SEO plugin v22.2 - https:\/\/yoast.com\/wordpress\/plugins\/seo\/ -->\n<title>Factorenergia se suma a MES Barcelona | factorenergia<\/title>\n<meta name=\"description\" content=\"Factorenergia es converteix en companyia inversora dins del projecte MES Barcelona impulsat per l&#039;Ajuntament de Barcelona.\" \/>\n<meta name=\"robots\" content=\"index, follow, max-snippet:-1, max-image-preview:large, max-video-preview:-1\" \/>\n<link rel=\"canonical\" href=\"https:\/\/www.factorenergia.com\/ca\/blog\/noticies\/factorenergia-mes-barcelona\/\" \/>\n<meta name=\"twitter:card\" content=\"summary_large_image\" \/>\n<meta name=\"twitter:title\" content=\"Factorenergia se suma a MES Barcelona | factorenergia\" \/>\n<meta name=\"twitter:description\" content=\"Factorenergia es converteix en companyia inversora dins del projecte MES Barcelona impulsat per l&#039;Ajuntament de Barcelona.\" \/>\n<meta name=\"twitter:creator\" content=\"@factorenergia\" \/>\n<meta name=\"twitter:site\" content=\"@factorenergia\" \/>\n<meta name=\"twitter:label1\" content=\"Written by\" \/>\n\t<meta name=\"twitter:data1\" content=\"Equipo Transici\u00f3n Energ\u00e9tica Factorenergia\" \/>\n\t<meta name=\"twitter:label2\" content=\"Est. reading time\" \/>\n\t<meta name=\"twitter:data2\" content=\"2 minutes\" \/>\n<script type=\"application\/ld+json\" class=\"yoast-schema-graph\">{\"@context\":\"https:\/\/schema.org\",\"@graph\":[{\"@type\":\"WebPage\",\"@id\":\"https:\/\/www.factorenergia.com\/ca\/blog\/noticies\/factorenergia-mes-barcelona\/\",\"url\":\"https:\/\/www.factorenergia.com\/ca\/blog\/noticies\/factorenergia-mes-barcelona\/\",\"name\":\"Factorenergia se suma a MES Barcelona | factorenergia\",\"isPartOf\":{\"@id\":\"https:\/\/www.factorenergia.com\/es\/#website\"},\"datePublished\":\"2022-09-06T07:00:50+00:00\",\"dateModified\":\"2025-08-04T09:37:24+00:00\",\"author\":{\"@id\":\"https:\/\/www.factorenergia.com\/es\/#\/schema\/person\/dff9e4b6dc520720e3a37bdaaedc5841\"},\"description\":\"Factorenergia es converteix en companyia inversora dins del projecte MES Barcelona impulsat per l'Ajuntament de Barcelona.\",\"breadcrumb\":{\"@id\":\"https:\/\/www.factorenergia.com\/ca\/blog\/noticies\/factorenergia-mes-barcelona\/#breadcrumb\"},\"inLanguage\":\"ca\",\"potentialAction\":[{\"@type\":\"ReadAction\",\"target\":[\"https:\/\/www.factorenergia.com\/ca\/blog\/noticies\/factorenergia-mes-barcelona\/\"]}]},{\"@type\":\"BreadcrumbList\",\"@id\":\"https:\/\/www.factorenergia.com\/ca\/blog\/noticies\/factorenergia-mes-barcelona\/#breadcrumb\",\"itemListElement\":[{\"@type\":\"ListItem\",\"position\":1,\"name\":\"Portada\",\"item\":\"https:\/\/www.factorenergia.com\/ca\/\"},{\"@type\":\"ListItem\",\"position\":2,\"name\":\"Factorenergia se suma a MES Barcelona per a crear una ciutat m\u00e9s verda\"}]},{\"@type\":\"WebSite\",\"@id\":\"https:\/\/www.factorenergia.com\/es\/#website\",\"url\":\"https:\/\/www.factorenergia.com\/es\/\",\"name\":\"factorenergia\",\"description\":\"factorenergia\",\"potentialAction\":[{\"@type\":\"SearchAction\",\"target\":{\"@type\":\"EntryPoint\",\"urlTemplate\":\"https:\/\/www.factorenergia.com\/es\/?s={search_term_string}\"},\"query-input\":\"required name=search_term_string\"}],\"inLanguage\":\"ca\"},{\"@type\":\"Person\",\"@id\":\"https:\/\/www.factorenergia.com\/es\/#\/schema\/person\/dff9e4b6dc520720e3a37bdaaedc5841\",\"name\":\"Equipo Transici\u00f3n Energ\u00e9tica Factorenergia\",\"image\":{\"@type\":\"ImageObject\",\"inLanguage\":\"ca\",\"@id\":\"https:\/\/www.factorenergia.com\/es\/#\/schema\/person\/image\/\",\"url\":\"https:\/\/secure.gravatar.com\/avatar\/1b7c76bab80ee1c4261b06108874e24b?s=96&d=mm&r=g\",\"contentUrl\":\"https:\/\/secure.gravatar.com\/avatar\/1b7c76bab80ee1c4261b06108874e24b?s=96&d=mm&r=g\",\"caption\":\"Equipo Transici\u00f3n Energ\u00e9tica Factorenergia\"},\"description\":\"El equipo est\u00e1 formado por expertos en materia de Luz, Gas y Eficiencia Energ\u00e9tica, que conocen de primera mano las tendencias del mercado. Su experiencia en el sector les permite ofrecer las mejores soluciones energ\u00e9ticas y resolver las dudas planteadas por los clientes.\",\"sameAs\":[\"https:\/\/www.factorenergia.com\/es\/\",\"https:\/\/www.facebook.com\/factorenergiacom\",\"https:\/\/www.instagram.com\/factorenergia_com\/\",\"https:\/\/es.linkedin.com\/company\/factor-energia\",\"https:\/\/twitter.com\/factorenergia\",\"https:\/\/www.youtube.com\/c\/factorenergiacom\"],\"url\":\"https:\/\/www.factorenergia.com\/ca\/blog\/author\/marketing\/\"}]}<\/script>\n<!-- \/ Yoast SEO plugin. -->","yoast_head_json":{"title":"Factorenergia se suma a MES Barcelona | factorenergia","description":"Factorenergia es converteix en companyia inversora dins del projecte MES Barcelona impulsat per l'Ajuntament de Barcelona.","robots":{"index":"index","follow":"follow","max-snippet":"max-snippet:-1","max-image-preview":"max-image-preview:large","max-video-preview":"max-video-preview:-1"},"canonical":"https:\/\/www.factorenergia.com\/ca\/blog\/noticies\/factorenergia-mes-barcelona\/","twitter_card":"summary_large_image","twitter_title":"Factorenergia se suma a MES Barcelona | factorenergia","twitter_description":"Factorenergia es converteix en companyia inversora dins del projecte MES Barcelona impulsat per l'Ajuntament de Barcelona.","twitter_creator":"@factorenergia","twitter_site":"@factorenergia","twitter_misc":{"Written by":"Equipo Transici\u00f3n Energ\u00e9tica Factorenergia","Est. reading time":"2 minutes"},"schema":{"@context":"https:\/\/schema.org","@graph":[{"@type":"WebPage","@id":"https:\/\/www.factorenergia.com\/ca\/blog\/noticies\/factorenergia-mes-barcelona\/","url":"https:\/\/www.factorenergia.com\/ca\/blog\/noticies\/factorenergia-mes-barcelona\/","name":"Factorenergia se suma a MES Barcelona | factorenergia","isPartOf":{"@id":"https:\/\/www.factorenergia.com\/es\/#website"},"datePublished":"2022-09-06T07:00:50+00:00","dateModified":"2025-08-04T09:37:24+00:00","author":{"@id":"https:\/\/www.factorenergia.com\/es\/#\/schema\/person\/dff9e4b6dc520720e3a37bdaaedc5841"},"description":"Factorenergia es converteix en companyia inversora dins del projecte MES Barcelona impulsat per l'Ajuntament de Barcelona.","breadcrumb":{"@id":"https:\/\/www.factorenergia.com\/ca\/blog\/noticies\/factorenergia-mes-barcelona\/#breadcrumb"},"inLanguage":"ca","potentialAction":[{"@type":"ReadAction","target":["https:\/\/www.factorenergia.com\/ca\/blog\/noticies\/factorenergia-mes-barcelona\/"]}]},{"@type":"BreadcrumbList","@id":"https:\/\/www.factorenergia.com\/ca\/blog\/noticies\/factorenergia-mes-barcelona\/#breadcrumb","itemListElement":[{"@type":"ListItem","position":1,"name":"Portada","item":"https:\/\/www.factorenergia.com\/ca\/"},{"@type":"ListItem","position":2,"name":"Factorenergia se suma a MES Barcelona per a crear una ciutat m\u00e9s verda"}]},{"@type":"WebSite","@id":"https:\/\/www.factorenergia.com\/es\/#website","url":"https:\/\/www.factorenergia.com\/es\/","name":"factorenergia","description":"factorenergia","potentialAction":[{"@type":"SearchAction","target":{"@type":"EntryPoint","urlTemplate":"https:\/\/www.factorenergia.com\/es\/?s={search_term_string}"},"query-input":"required name=search_term_string"}],"inLanguage":"ca"},{"@type":"Person","@id":"https:\/\/www.factorenergia.com\/es\/#\/schema\/person\/dff9e4b6dc520720e3a37bdaaedc5841","name":"Equipo Transici\u00f3n Energ\u00e9tica Factorenergia","image":{"@type":"ImageObject","inLanguage":"ca","@id":"https:\/\/www.factorenergia.com\/es\/#\/schema\/person\/image\/","url":"https:\/\/secure.gravatar.com\/avatar\/1b7c76bab80ee1c4261b06108874e24b?s=96&d=mm&r=g","contentUrl":"https:\/\/secure.gravatar.com\/avatar\/1b7c76bab80ee1c4261b06108874e24b?s=96&d=mm&r=g","caption":"Equipo Transici\u00f3n Energ\u00e9tica Factorenergia"},"description":"El equipo est\u00e1 formado por expertos en materia de Luz, Gas y Eficiencia Energ\u00e9tica, que conocen de primera mano las tendencias del mercado. Su experiencia en el sector les permite ofrecer las mejores soluciones energ\u00e9ticas y resolver las dudas planteadas por los clientes.","sameAs":["https:\/\/www.factorenergia.com\/es\/","https:\/\/www.facebook.com\/factorenergiacom","https:\/\/www.instagram.com\/factorenergia_com\/","https:\/\/es.linkedin.com\/company\/factor-energia","https:\/\/twitter.com\/factorenergia","https:\/\/www.youtube.com\/c\/factorenergiacom"],"url":"https:\/\/www.factorenergia.com\/ca\/blog\/author\/marketing\/"}]}},"_links":{"self":[{"href":"https:\/\/www.factorenergia.com\/ca\/wp-json\/wp\/v2\/posts\/14096"}],"collection":[{"href":"https:\/\/www.factorenergia.com\/ca\/wp-json\/wp\/v2\/posts"}],"about":[{"href":"https:\/\/www.factorenergia.com\/ca\/wp-json\/wp\/v2\/types\/post"}],"author":[{"embeddable":true,"href":"https:\/\/www.factorenergia.com\/ca\/wp-json\/wp\/v2\/users\/17"}],"replies":[{"embeddable":true,"href":"https:\/\/www.factorenergia.com\/ca\/wp-json\/wp\/v2\/comments?post=14096"}],"version-history":[{"count":5,"href":"https:\/\/www.factorenergia.com\/ca\/wp-json\/wp\/v2\/posts\/14096\/revisions"}],"predecessor-version":[{"id":29169,"href":"https:\/\/www.factorenergia.com\/ca\/wp-json\/wp\/v2\/posts\/14096\/revisions\/29169"}],"wp:attachment":[{"href":"https:\/\/www.factorenergia.com\/ca\/wp-json\/wp\/v2\/media?parent=14096"}],"wp:term":[{"taxonomy":"category","embeddable":true,"href":"https:\/\/www.factorenergia.com\/ca\/wp-json\/wp\/v2\/categories?post=14096"},{"taxonomy":"post_tag","embeddable":true,"href":"https:\/\/www.factorenergia.com\/ca\/wp-json\/wp\/v2\/tags?post=14096"}],"curies":[{"name":"wp","href":"https:\/\/api.w.org\/{rel}","templated":true}]}}