{"id":13859,"date":"2023-06-20T12:10:34","date_gmt":"2023-06-20T10:10:34","guid":{"rendered":"https:\/\/www.factorenergia.com\/ca\/?post_type=blog&#038;p=13859"},"modified":"2025-07-01T16:00:45","modified_gmt":"2025-07-01T14:00:45","slug":"bateria-virtual-autoconsum-compensa-els-teus-excedents","status":"publish","type":"post","link":"https:\/\/www.factorenergia.com\/ca\/blog\/autoconsum-electric\/bateria-virtual-autoconsum-compensa-els-teus-excedents\/","title":{"rendered":"Bateria Virtual: Compensa el 100% dels teus excedents"},"content":{"rendered":"<p><span>\n<script type=\"text\/javascript\" id=\"auto-index\" async defer>\n\n      function indexContent(context){\n\n      var container = document.querySelector(context);\n\n      element = document.getElementById(\"accordion-index\");\n      var titles = Array.from(container.querySelectorAll(\"h2,h3\"));\n\n      for (var i = 0, l = titles.length; i < l; i++) {\n\n\t\tjQuery('#accordionIndex').show();\n\n        var tit = titles[i];\n\t\tvar newTitle = tit.textContent.toLowerCase().replace(\/[^a-zA-Z ]\/g, \"\").replace(\/\\s\/g, '-');\n\t\tvar numTag = Number(tit.tagName.replace(\/[^1-9]\/g, \"\"));\n\t\tvar tagWidth = (numTag*20);\n\n\t\tvar preText = '<span style=\"margin-left:' + tagWidth + 'px\"><\/span>';\n\n        tit.setAttribute(\"id\", newTitle);\n\t\tjQuery(tit).addClass('h-inline');\n\t\t\n\t\tvar toIndex = '<p class=\"h-inline\"><a class=\"blog-toindex\" href=\"#accordionIndex\"><span class=\"glyphicon glyphicon-chevron-up\" aria-hidden=\"true\"><\/span><\/a><\/p>';\n\n\t\tjQuery(toIndex).insertAfter(tit);\n\n        var node = document.createElement(\"LI\");                 \n        var link = document.createElement(\"A\");\n        var textnode = document.createTextNode(tit.textContent);\n\n        link.appendChild(textnode);\n        link.setAttribute(\"href\", '#' + newTitle);\n\t\t\/\/link.setAttribute(\"style\", \"margin-left:\" + tagWidth + \"px\");\n\t\tlink.setAttribute(\"class\", \"acc-h\" + numTag);\n        node.appendChild(link);\n\n        element.appendChild(node);\n\n      }\n    }\n\n    jQuery(document).ready(function(){\t\t\n\t\tindexContent(\".single-post-content\");\n\n\t\tjQuery(\".accordion-toggle\").click(function() {\n\t\t\tjQuery(this).toggleClass(\"open\");\n\t\t\tjQuery(\"#collapseIndex\").slideToggle(\"in\");\n\t\t});\n\t});\n\n\n<\/script>\n\n<style>\n\t.accordion-toggle{\n\t\tcursor:pointer;\n\t}\n\n\t#accordionIndex .panel-heading{\n\t\tmargin-bottom:0px;\n\t}\n\n\t.articulo ul, .articulo ol{\n\t\tmargin-bottom:auto;\n\t}\n\n\t.h-inline{\n\t\tdisplay: inline-flex;\n\t\tflex-wrap: wrap\n\t}\n\t#accordion-index{\n\t\tpadding-left:0px;\n\t}\n\t#accordion-index li a{\n\t\tdisplay:block;\n\t\tpadding-top:5px;\n\t}\n\n\t.acc-h2{\n\t\tmargin-left:0px;\n\t\tposition: relative;\n\t}\n\n\t.acc-h3{\n\t\tmargin-left:25px;\n\t}\n\n\t.acc-h3::before{\n\t\tcontent: \"\";\n\t\tbackground-color:var(--blue-light);\n\t\tmargin-left:-10px;\n\t\twidth: 7px;\n\t\theight: 7px;\n\t\tdisplay: inline-block;\n\t\ttext-align: center;\n\t\tborder-radius: 1000px;\n\t\tmargin-right: 10px;\n    \tmargin-bottom: 2px;\n\t}\n\n\t.acc-h4{\n\t\tmargin-left:40px;\n\t}\n\n\t.acc-h4::before{\n\t\tcontent: \"\";\n\t\tborder: 1px solid var(--blue-light);\n\t\tmargin-left:-5px;\n\t\twidth: 7px;\n\t\theight: 7px;\n\t\tdisplay: inline-block;\n\t\ttext-align: center;\n\t\tborder-radius: 100%;\n\t\tmargin-right: 10px;\n    \tmargin-bottom: 2px;\n\t}\n\n\t.acc-h3:hover::before{\n\t\tbackground-color: var(--blue-darkest);\n\t}\n\n\t.acc-h4:hover::before{\n\t\tborder-color: var(--blue-darkest);\n\t}\n\n\t@media (max-width: 992px){\n\t\t.acc-h2{\n\t\t\tmargin-left:0px;\n\t\t}\n\t\t.acc-h3{\n\t\t\tmargin-left:20px;\n\t\t}\n\t\t.acc-h4{\n\t\t\tmargin-left:40px;\n\t\t}\n\t}\n\n\t\/*\n\th2.h-inline:after,\n\th3.h-inline:after{\n\t\theight: 24px;\n\t\tcontent: \"\";\n\t\tdisplay: table-row;\n\t}*\/\n<\/style>\n\n<div id=\"table-accordion-index\">\n\t<div class=\"panel-group\" id=\"accordionIndex\">\n\t\t<div class=\"panel panel-default\">\n\t\t\t<div class=\"panel-heading\">\n\t\t\t\t<div class=\"panel-title open\"><div class=\"accordion-toggle\" data-toggle=\"collapse\" data-parent=\"#accordion\" aria-expanded=\"true\">\u00edndex<\/div><\/div>\n\t\t\t<\/div>\n\t\t\t<div id=\"collapseIndex\" class=\"panel-collapse collapse in\" aria-expanded=\"true\">\n\t\t\t\t<div class=\"panel-body\">\n\t\t\t\t\t<ul id=\"accordion-index\">\n\t\t\t\t\t<\/ul>\n\t\t\t\t<\/div>\n\t\t\t<\/div>\n\t\t<\/div>\n\t<\/div>\n<\/div><\/span><br \/>\n<span>Factorenergia<\/span><span>\u00a0ha fet un pas m\u00e9s. A m\u00e9s de compensar els teus <a href=\"https:\/\/www.factorenergia.com\/ca\/plaques-solars\/excedents-autoconsum\/\" title=\"preu dels excedents d'autoconsum\" target=\"_blank\" rel=\"noopener\">excedents al millor preu del mercat<\/a>, ara, t&#8217;oferim la gesti\u00f3 dels excedents amb <a href=\"https:\/\/www.factorenergia.com\/ca\/plaques-solars\/bateria-virtual\/\" title=\"Bateria virtual de plaques solars\" target=\"_blank\" rel=\"noopener\"><strong>Bateria Virtual.<\/strong><\/a><\/span><\/p>\n<p>&nbsp;<\/p>\n<p><span>Gr\u00e0cies a ella, podr\u00e0s acumular la\u00a0<\/span><span>energia<\/span><span>\u00a0sobrant no susceptible a ser compensada, per a utilitzar-la m\u00e9s endavant sense cap restricci\u00f3 temporal.<\/span><\/p>\n<p>&nbsp;<\/p>\n\n\t\t<div class='blog-cta' style=''>\n\t\t\t<p class='h4-style' style='margin-top: 0; margin-bottom: 10px;'><span>Vols estalviar a la teva factura de la llum amb la Bateria Virtual?<\/span><\/p>\n\t\t\t<a class='blog-cta-button primary-btn text-center solicitar-estudio' href='https:\/\/www.factorenergia.com\/ca\/bateria-virtual-plaques-solars\/'>Contracta ara<\/a>\n\t\t<\/div>\n<p>&nbsp;<\/p>\n<p><span>Fins ara l&#8217;\u00fanica manera d&#8217;aprofitar els teus excedents era gr\u00e0cies a la compensaci\u00f3 simplificada. Per\u00f2 t\u00e9 limitacions, ja que segons el que s&#8217;estableix en el <a href=\"https:\/\/www.boe.es\/buscar\/doc.php?lang=ca&amp;id=BOE-A-2019-5089\" title=\"Reial Decret 244\/2019\" target=\"_blank\" rel=\"noopener\">Reial decret 244\/2019<\/a> de 5 d&#8217;abril de 2019, el valor de l&#8217;energia mensual excedent\u00e0ria no podr\u00e0, en cap cas, ser superior al volum econ\u00f2mic de l&#8217;energia mensual consumida de la xarxa.<\/span><\/p>\n<p><span>\u00c9s per aix\u00f2, que per a poder aprofitar \u00edntegrament tota l&#8217;energia verda que produeixes amb la teva <a href=\"https:\/\/www.factorenergia.com\/ca\/plaques-solars\/instalacio\/\" title=\"instal\u00b7laci\u00f3 d'autoconsum\" target=\"_blank\" rel=\"noopener\">instal\u00b7laci\u00f3 solar d&#8217;autoconsum<\/a>, posem a la teva disposici\u00f3 la Bateria Virtual. Resolem els dubtes m\u00e9s freq\u00fcents:<\/span><br \/>\n<strong><\/strong><\/p>\n<div class=\"widget-form\">\r\n    \n<div class=\"wpcf7 no-js\" id=\"wpcf7-f21837-o1\" lang=\"es-ES\" dir=\"ltr\">\n<div class=\"screen-reader-response\"><p role=\"status\" aria-live=\"polite\" aria-atomic=\"true\"><\/p> <ul><\/ul><\/div>\n<form action=\"\/ca\/wp-json\/wp\/v2\/posts\/13859#wpcf7-f21837-o1\" method=\"post\" class=\"wpcf7-form init\" aria-label=\"Contact form\" novalidate=\"novalidate\" data-status=\"init\">\n<div style=\"display: none;\">\n<input type=\"hidden\" name=\"_wpcf7\" value=\"21837\" \/>\n<input type=\"hidden\" name=\"_wpcf7_version\" value=\"5.9\" \/>\n<input type=\"hidden\" name=\"_wpcf7_locale\" value=\"es_ES\" \/>\n<input type=\"hidden\" name=\"_wpcf7_unit_tag\" value=\"wpcf7-f21837-o1\" \/>\n<input type=\"hidden\" name=\"_wpcf7_container_post\" value=\"0\" \/>\n<input type=\"hidden\" name=\"_wpcf7_posted_data_hash\" value=\"\" \/>\n<input type=\"hidden\" name=\"_wpcf7_recaptcha_response\" value=\"\" \/>\n<\/div>\n<div class=\"widget-simple-form-ac\">\n\t<div class=\"header-ac\">\n\t\t<p>Aconsegueix el teu estudi gratu\u00eft\n\t\t<\/p>\n\t\t<div class=\"close-form\">\n\t\t\t<p>X\n\t\t\t<\/p>\n\t\t<\/div>\n\t<\/div>\n\t<div class=\"widget-form-ac-container\">\n\t\t<p class=\"subtitle-ac-form\">Amb les nostres Plaques Solars + Bateria Virtual, <span class=\"blue\">redueix a 0\u20ac el consum de la teva factura de la llum.<\/span> No et quedis sense el teu estudi gratis!\n\t\t<\/p>\n\t\t<div class=\"inputs-container\">\n\t\t\t<div class=\"input\">\n\t\t\t\t<p><span class=\"wpcf7-form-control-wrap\" data-name=\"name1\"><input size=\"40\" class=\"wpcf7-form-control wpcf7-text wpcf7-validates-as-required\" id=\"name\" aria-required=\"true\" aria-invalid=\"false\" placeholder=\"Nom\" value=\"\" type=\"text\" name=\"name1\" \/><\/span>\n\t\t\t\t<\/p>\n\t\t\t\t<div class=\"error\">\n\t\t\t\t\t<p><span role='alert' class='wpcf7-not-valid-tip'><\/span>\n\t\t\t\t\t<\/p>\n\t\t\t\t<\/div>\n\t\t\t<\/div>\n\t\t\t<div class=\"input\">\n\t\t\t\t<p><span class=\"wpcf7-form-control-wrap\" data-name=\"lastname\"><input size=\"40\" class=\"wpcf7-form-control wpcf7-text wpcf7-validates-as-required\" id=\"lastname\" aria-required=\"true\" aria-invalid=\"false\" placeholder=\"Cognom\" value=\"\" type=\"text\" name=\"lastname\" \/><\/span>\n\t\t\t\t<\/p>\n\t\t\t\t<div class=\"error\">\n\t\t\t\t\t<p><span role='alert' class='wpcf7-not-valid-tip'><\/span>\n\t\t\t\t\t<\/p>\n\t\t\t\t<\/div>\n\t\t\t<\/div>\n\t\t<\/div>\n\t\t<div class=\"inputs-container\">\n\t\t\t<div class=\"input\">\n\t\t\t\t<p><span class=\"wpcf7-form-control-wrap\" data-name=\"email\"><input size=\"40\" class=\"wpcf7-form-control wpcf7-email wpcf7-validates-as-required wpcf7-text wpcf7-validates-as-email\" aria-required=\"true\" aria-invalid=\"false\" placeholder=\"Email\" value=\"\" type=\"email\" name=\"email\" \/><\/span>\n\t\t\t\t<\/p>\n\t\t\t\t<div class=\"error\">\n\t\t\t\t\t<p><span role='alert' class='wpcf7-not-valid-tip'><\/span>\n\t\t\t\t\t<\/p>\n\t\t\t\t<\/div>\n\t\t\t<\/div>\n\t\t\t<div class=\"input\">\n\t\t\t\t<p><span class=\"wpcf7-form-control-wrap\" data-name=\"tel\"><input size=\"40\" class=\"wpcf7-form-control wpcf7-tel wpcf7-validates-as-required wpcf7-text wpcf7-validates-as-tel\" aria-required=\"true\" aria-invalid=\"false\" placeholder=\"Tel\u00e8fon\" value=\"\" type=\"tel\" name=\"tel\" \/><\/span>\n\t\t\t\t<\/p>\n\t\t\t\t<div class=\"error\">\n\t\t\t\t\t<p><span role='alert' class='wpcf7-not-valid-tip'><\/span>\n\t\t\t\t\t<\/p>\n\t\t\t\t<\/div>\n\t\t\t<\/div>\n\t\t<\/div>\n\t\t<p class=\"legal-text\">En enviar aquest formulari consent que les seves dades siguin tractades per FACTORENERGIA S.A., com a corresponsables, per a remetre-li ofertes i informaci\u00f3 comercial. Pot exercitar els seus drets conforme a l'indicat en la nostra <a href=\"\/ca\/privacidad\/\">Pol\u00edtica de privacitat.<\/a>\n\t\t<\/p>\n\t\t<div class=\"inputs-container\">\n\t\t\t<div class=\"button-submit\">\n\t\t\t\t<p><input class=\"wpcf7-form-control wpcf7-submit has-spinner primary-btn green-btn btn-submit\" type=\"submit\" value=\"Demana el teu estudi gratis\" \/>\n\t\t\t\t<\/p>\n\t\t\t<\/div>\n\t\t<\/div>\n\t<\/div>\n<\/div><div class=\"wpcf7-response-output\" aria-hidden=\"true\"><\/div>\n<\/form>\n<\/div>\n<\/div>\r\n\r\n<div class=\"widget-form-sended\" style=\"display: none\">\r\n    <h4><b>Ben fet!<\/b> Aquest \u00e9s el teu primer pas cap a la independ\u00e8ncia energ\u00e8tica.<\/h4>\r\n    <p>En un m\u00e0xim de 48 hores, un especialista es posar\u00e0 en contacte amb tu per a estudiar el teu cas, assessorar-te i oferir-te la millor soluci\u00f3 energ\u00e8tica.<\/p>\r\n    <div class=\"inputs-container\">\r\n        <div class=\"button-submit\">\r\n            <a class=\"primary-btn center otro-estudio green-btn\">\r\n                Demanar un altre estudi gratis            <\/a>\r\n        <\/div>\r\n        <div class=\"trustpilot-widget trust-widget-form-ac\" data-locale=\"es-ES\" data-template-id=\"5419b732fbfb950b10de65e5\" data-businessunit-id=\"5fd8ae6f2ead35000193bbae\" data-style-height=\"24px\" data-style-width=\"100%\" data-theme=\"light\" style=\"position: relative;\"><iframe title=\"Customer reviews powered by Trustpilot\" loading=\"auto\" src=\"https:\/\/widget.trustpilot.com\/trustboxes\/5419b732fbfb950b10de65e5\/index.html?templateId=5419b732fbfb950b10de65e5&amp;businessunitId=5fd8ae6f2ead35000193bbae#locale=es-ES&amp;styleHeight=24px&amp;styleWidth=100%25&amp;theme=light\" style=\"position: relative; height: 24px; width: 100%; border-style: none; display: block; overflow: hidden;\"><\/iframe><\/div>\r\n    <\/div>\r\n<\/div>\r\n\n<h2><strong>Com funciona la Bateria Virtual?<\/strong><\/h2>\n<p><span>La nostra Bateria Virtual actua com una guardiola que et permet guardar aquests excedents solars que la normativa de compensaci\u00f3 d&#8217;excedents actual impedeix.<\/span><\/p>\n<h3><b>Poden beneficiar-se dos subministraments diferents de la Bateria Virtual?<\/b><b><\/b><\/h3>\n<p><b>S\u00ed, ja \u00e9s possible amb la Bateria Virtual <\/b><b><i>Shared <\/i><\/b><b>de Factorenergia!<\/b><span style=\"font-weight: 400;\"> De manera gratu\u00efta i autom\u00e0tica, els clients poden acumular en ella els excedents sobrants i compensar-los en les factures de llum de <\/span><b>tots els subministraments de llum dels quals siguin titulars<\/b><span style=\"font-weight: 400;\"> (amb o sense autoconsum) i tinguin contractats amb nosaltres. Senzill i molt rendible.<\/span><br \/>\n\r\n<script type=\"text\/javascript\" async defer>\r\n\r\n    jQuery(document).ready(function(){\t\t\r\n\t\t\r\n\t});\r\n<\/script>\r\n\r\n<style>\r\n\t.block-interested_posts{\r\n        margin-top: 10px;\r\n        padding: 20px;\r\n        border: 2px solid #92C200;\r\n    }\r\n    .block-interested_posts ul{\r\n        margin-bottom:0px;\r\n    }\r\n    .block-interested_posts ul li{\r\n        margin-bottom:5px;\r\n    }\r\n    .block-interested_posts ul li a{\r\n        \/*color: #DF981E;*\/\r\n    }\r\n\r\n<\/style>\r\n\r\n<div class=\"block-interested_posts\">\r\n    <p><strong>Post que et poden interessar<\/strong><\/p>\r\n    <ul>\r\n                    <li><a href=\"https:\/\/www.factorenergia.com\/ca\/blog\/autoconsum-electric\/prosumidor-autoconsum\/\" title=\"Quina relaci\u00f3 t\u00e9 el prosumidor amb l&#8217;autoconsum?\">Quina relaci\u00f3 t\u00e9 el prosumidor amb l&#8217;autoconsum?<\/a><\/li>\r\n                    <li><a href=\"https:\/\/www.factorenergia.com\/ca\/blog\/autoconsum-electric\/quin-es-el-paper-del-prosumer-en-el-sistema-electric\/\" title=\"Quin \u00e9s el paper del prosumer en el sistema el\u00e8ctric?\">Quin \u00e9s el paper del prosumer en el sistema el\u00e8ctric?<\/a><\/li>\r\n            <\/ul>\t\r\n<\/div><\/p>\n<h3><b>Com a empresa puc beneficiar-me de la Bateria Virtual<\/b><b>?<\/b><\/h3>\n<p><span style=\"font-weight: 400;\">S\u00ed, la nostra Bateria Virtual <\/span><span style=\"font-weight: 400;\">est\u00e0 <\/span><b>a la disposici\u00f3 de tots els nostres clients<\/b><span style=\"font-weight: 400;\">; tant particulars, com a empreses i ind\u00fastria. Volem que tots puguin gaudir dels beneficis que ofereix.<\/span><\/p>\n<h3><b>Existeix un m\u00e0xim de subministraments en els quals poder compensar el saldo?<\/b><\/h3>\n<p><span style=\"font-weight: 400;\">No, amb la <strong>Bateria Virtual <\/strong><i><strong>Shared<\/strong> <\/i><\/span><span style=\"font-weight: 400;\">de Factorenergia pots compensar el saldo acumulat en la Bateria <\/span><b>en tants subministraments com siguis titular.<\/b><\/p>\n<h3><b>Puc perdre el saldo acumulat?<\/b><\/h3>\n<p><strong>El saldo disponible de la Bateria Virtual <\/strong><b>mai caduca i es guarda<\/b><span style=\"font-weight: 400;\">, si \u00e9s el cas, fins que el client el pugui utilitzar segons aplicaci\u00f3.<br \/>\n<\/span><span style=\"font-weight: 400;\">El saldo \u00fanicament es perdr\u00e0 en els seg\u00fcents casos:<\/span><\/p>\n<ul>\n<li><span style=\"font-weight: 400;\">&#8211;<\/span><b>Canvi a una altra companyia<\/b><span style=\"font-weight: 400;\"> comercialitzadora<\/span><\/li>\n<li><span style=\"font-weight: 400;\">Faci un <\/span><b>canvi de titular<\/b><\/li>\n<li><span style=\"font-weight: 400;\">Es doni de<\/span><b> baixa el subministrament de llum<\/b><\/li>\n<\/ul>\n<h3><b>Si tinc m\u00e9s d&#8217;un subministrament amb autoconsum com funciona la Bateria Virtual<\/b><b>?<\/b><\/h3>\n<p><span style=\"font-weight: 400;\">Si el client disposa de m\u00e9s d&#8217;un subministrament amb autoconsum, es forma<\/span><b> un \u00fanic saldo de Bateria Virtual per a aquest NIF<\/b><span style=\"font-weight: 400;\"> amb la suma del generat per part dels subministraments amb autoconsum.<\/span><\/p>\n<h3><b>Com funciona la compartici\u00f3 del saldo disponible amb la resta dels subministraments actius?<\/b><\/h3>\n<p><b>Funciona de manera autom\u00e0tica i en cascada,<\/b><span style=\"font-weight: 400;\"> \u00e9s a dir, el nostre sistema factura simult\u00e0niament tots els subministraments de llum susceptibles de rebre saldo de la Bateria Virtual<\/span><b>\u00a0<\/b><span style=\"font-weight: 400;\">que tingui el client\/titular.<\/span><\/p>\n<p><span style=\"font-weight: 400;\">D&#8217;aquesta manera la compartici\u00f3 es realitza de la seg\u00fcent manera:<\/span><\/p>\n<ol>\n<li style=\"font-weight: 400;\" aria-level=\"1\"><span style=\"font-weight: 400;\">Se simula la factura o factures que tenen autoconsum per si aquest mes ja genera saldo per a derivar.<\/span><\/li>\n<li style=\"font-weight: 400;\" aria-level=\"1\"><span style=\"font-weight: 400;\">Si hi ha saldo disponible, el sistema autom\u00e0ticament deriva al subministrament que detecti, el total del saldo disponible, o part, segons pugui aplicar en la factura, i aix\u00ed successivament<\/span><\/li>\n<\/ol>\n<h3><b>En quina ordre es realitza la compartici\u00f3?<\/b><\/h3>\n<p><span style=\"font-weight: 400;\">L&#8217;ordre i criteri en el qual es realitza la compartici\u00f3 del saldo de la Bateria Virtual<\/span><span style=\"font-weight: 400;\">, es regeix per la pot\u00e8ncia contractada. Primer el que tingui major pot\u00e8ncia en algun per\u00edode, i en cas d&#8217;empat, el que tingui m\u00e9s antiguitat.<\/span><\/p>\n<p><span style=\"font-weight: 400;\">S&#8217;ha de tenir en compte tamb\u00e9, que la compensaci\u00f3\/descompto que es realitza amb el saldo de la Bateria Virtual<\/span><span style=\"font-weight: 400;\">, nom\u00e9s es pot aplicar mitjan\u00e7ant la Compensaci\u00f3 Simplificada d&#8217;Excedents, i en l&#8217;import del terme d&#8217;energia.<\/span><\/p>\n<h3><strong>Els excedents s&#8217;emmagatzemen en kWh en la Bateria Virtual?<\/strong><\/h3>\n<p><span>No, en la Bateria Virtual s&#8217;emmagatzemen en el valor econ\u00f2mic (\u20ac) dels excedents no compensats.<\/span><br \/>\n\r\n<script type=\"text\/javascript\" async defer>\r\n\r\n    jQuery(document).ready(function(){\t\t\r\n\t\t\r\n\t});\r\n<\/script>\r\n\r\n<style>\r\n\t.block-interested_posts{\r\n        margin-top: 10px;\r\n        padding: 20px;\r\n        border: 2px solid #92C200;\r\n    }\r\n    .block-interested_posts ul{\r\n        margin-bottom:0px;\r\n    }\r\n    .block-interested_posts ul li{\r\n        margin-bottom:5px;\r\n    }\r\n    .block-interested_posts ul li a{\r\n        \/*color: #DF981E;*\/\r\n    }\r\n\r\n<\/style>\r\n\r\n<div class=\"block-interested_posts\">\r\n    <p><strong>Post que et poden interessar<\/strong><\/p>\r\n    <ul>\r\n                    <li><a href=\"https:\/\/www.factorenergia.com\/ca\/blog\/autoconsum-electric\/autoconsum-a-comunitats-de-propietaris\/\" title=\"Autoconsum en comunitats de propietaris: 5 aspectes a considerar\">Autoconsum en comunitats de propietaris: 5 aspectes a considerar<\/a><\/li>\r\n                    <li><a href=\"https:\/\/www.factorenergia.com\/ca\/blog\/autoconsum-electric\/dubtes-frequents-autoconsum-solar\/\" title=\"Els dubtes m\u00e9s freq\u00fcents sobre l&#8217;autoconsum solar\">Els dubtes m\u00e9s freq\u00fcents sobre l&#8217;autoconsum solar<\/a><\/li>\r\n                    <li><a href=\"https:\/\/www.factorenergia.com\/ca\/blog\/autoconsum-electric\/5-dubtes-compensacio-excedents\/\" title=\"Els 5 dubtes m\u00e9s freq\u00fcents sobre la compensaci\u00f3 d&#8217;excedents\">Els 5 dubtes m\u00e9s freq\u00fcents sobre la compensaci\u00f3 d&#8217;excedents<\/a><\/li>\r\n            <\/ul>\t\r\n<\/div><\/p>\n<h2><strong>Avantatges de les bateries virtuals<\/strong><\/h2>\n<ul>\n<li>Aconseguir\u00e0s estalviar al 100% en el consum d&#8217;energia<\/li>\n<li>Els teus excedents no caduquen mai<\/li>\n<li>Servei totalment gratu\u00eft<\/li>\n<li>Sense manteniment.<\/li>\n<\/ul>\n<h3><strong>Costos de l&#8217;autoconsum amb bateries virtuals<\/strong><\/h3>\n<p>A Factorenergia ens encarregarem de tot perqu\u00e8 la teva instal\u00b7laci\u00f3 de plaques solars estigui funcionant al m\u00e9s aviat possible, d&#8217;aix\u00f2 manera, tamb\u00e9 activem la teva Bateria Virtual <em>Shared<\/em> autom\u00e0ticament, i sense <strong>CAP COST addicional<\/strong>. Els teus excedents s\u00f3n teus i nom\u00e9s teus i no pretenem fer negoci amb ells.<\/p>\n<p><strong>Requereix manteniment la Bateria Virtual<\/strong>?<\/p>\n<p>La Bateria Virtual d&#8217;autoconsum <span>ofereix<\/span>\u00a0un altre avantatge, no requereix\u00a0manteniment. A difer\u00e8ncia de les bateries f\u00edsiques d&#8217;autoconsum, que tamb\u00e9 serveixen per a acumular l&#8217;energia dels panells solars, la Bateria Virtual, no ocupa espai,<strong> ni necessita un manteniment<\/strong>, ja que es tracta d&#8217;una guardiola solar digital.<br \/>\n<strong><br \/>\nCasos d&#8217;\u00e8xit de bateria virtual a Espanya<\/strong><\/p>\n<p>Tots aquells clients que fan el pas i instal\u00b7len plaques solars per a l&#8217;autoconsum en la seva llar, comencen a estalviar des del moment de la seva posada en marxa. A <span>Factorenergia<\/span>\u00a0ja s\u00f3n molts els que, a m\u00e9s de reduir el seu <strong>consum d&#8217;energia a\u00a00\u20ac\u00a0en la factura<\/strong>, continuen acumulant estalvi en la Bateria Virtual per a poder compensar-ho en l&#8217;import de la seva seg\u00fcent factura.<\/p>\n<p><a href=\"https:\/\/www.factorenergia.com\/wp-content\/uploads\/2020\/12\/1.jpg\"><picture><source srcset=\"https:\/\/www.factorenergia.com\/wp-content\/webp-express\/webp-images\/uploads\/2020\/12\/1-300x169.jpg.webp 300w, https:\/\/www.factorenergia.com\/wp-content\/webp-express\/webp-images\/uploads\/2020\/12\/1-1024x576.jpg.webp 1024w, https:\/\/www.factorenergia.com\/wp-content\/webp-express\/webp-images\/uploads\/2020\/12\/1-768x432.jpg.webp 768w, https:\/\/www.factorenergia.com\/wp-content\/webp-express\/webp-images\/uploads\/2020\/12\/1-1536x864.jpg.webp 1536w, https:\/\/www.factorenergia.com\/wp-content\/webp-express\/webp-images\/uploads\/2020\/12\/1-2048x1152.jpg.webp 2048w, https:\/\/www.factorenergia.com\/wp-content\/webp-express\/webp-images\/uploads\/2020\/12\/1-306x172.jpg.webp 306w, https:\/\/www.factorenergia.com\/wp-content\/webp-express\/webp-images\/uploads\/2020\/12\/1-90x51.jpg.webp 90w, https:\/\/www.factorenergia.com\/wp-content\/webp-express\/webp-images\/uploads\/2020\/12\/1-170x96.jpg.webp 170w, https:\/\/www.factorenergia.com\/wp-content\/webp-express\/webp-images\/uploads\/2020\/12\/1-640x360.jpg.webp 640w, https:\/\/www.factorenergia.com\/wp-content\/webp-express\/webp-images\/uploads\/2020\/12\/1-500x281.jpg.webp 500w\" sizes=\"(max-width: 683px) 100vw, 683px\" type=\"image\/webp\"><img loading=\"lazy\" decoding=\"async\" src=\"https:\/\/www.factorenergia.com\/wp-content\/uploads\/2020\/12\/1-300x169.jpg\" alt=\"autoconsum\" width=\"683\" height=\"385\" class=\"alignnone  wp-image-28359 webpexpress-processed\" srcset=\"https:\/\/www.factorenergia.com\/wp-content\/uploads\/2020\/12\/1-300x169.jpg 300w, https:\/\/www.factorenergia.com\/wp-content\/uploads\/2020\/12\/1-1024x576.jpg 1024w, https:\/\/www.factorenergia.com\/wp-content\/uploads\/2020\/12\/1-768x432.jpg 768w, https:\/\/www.factorenergia.com\/wp-content\/uploads\/2020\/12\/1-1536x864.jpg 1536w, https:\/\/www.factorenergia.com\/wp-content\/uploads\/2020\/12\/1-2048x1152.jpg 2048w, https:\/\/www.factorenergia.com\/wp-content\/uploads\/2020\/12\/1-306x172.jpg 306w, https:\/\/www.factorenergia.com\/wp-content\/uploads\/2020\/12\/1-90x51.jpg 90w, https:\/\/www.factorenergia.com\/wp-content\/uploads\/2020\/12\/1-170x96.jpg 170w, https:\/\/www.factorenergia.com\/wp-content\/uploads\/2020\/12\/1-640x360.jpg 640w, https:\/\/www.factorenergia.com\/wp-content\/uploads\/2020\/12\/1-500x281.jpg 500w\" sizes=\"(max-width: 683px) 100vw, 683px\"><\/picture><\/a><\/p>\n<p style=\"text-align: center;\">\n<p style=\"text-align: left;\">Un exemple de cas d&#8217;\u00e8xit \u00e9s el de la clienta Teresa B.F. que va realitzar una instal\u00b7laci\u00f3 de 6 plaques solars en la teulada del seu habitatge. Gr\u00e0cies a aix\u00f2, va reduir a <span>0\u20ac<\/span>\u00a0el consum d&#8217;energia de la seva factura el\u00e8ctrica amb la compensaci\u00f3 simplificada d&#8217;excedents i va acumular\u00a0<span>8,15\u20ac<\/span>\u00a0en la seva Bateria Virtual per a poder descomptar-los de la factura seg\u00fcent i continuar estalviant.<\/p>\n<h3><strong>Requisits per a donar d&#8217;alta la Bateria Virtual<\/strong><br \/>\n<span><\/span><\/h3>\n<p><span>Per a poder activar la Bateria Virtual\u00a0cal ser titular de, almenys, un subministrament de llum en <\/span><span>Factorenergia<\/span><span>\u00a0amb instal\u00b7laci\u00f3 d&#8217;autoconsum i compensaci\u00f3 simplificada d&#8217;excedents activa.<\/span><br \/>\n<span><div class=\"text-center center blog-cta\"><p>Instal&middot;la plaques solars amb Bateria Virtual inclosa!<\/p><a class=\"blog-cta primary-btn text-center solicitar-estudio\" target=\"_blank\" title=\"DEMANA EL TEU ESTUDI GRATIS\" href=\"https:\/\/www.factorenergia.com\/ca\/bateria-virtual-plaques-solars\/\">DEMANA EL TEU ESTUDI GRATIS<\/a><p><\/p><div style=\"display:none;\"><p>Instal&middot;la plaques solars amb Bateria Virtual inclosa!<\/p><\/div>\n\t\t\t<script type='text\/javascript'>\n\t\t\t\tjQuery('.solicitar-estudio').click(function(){\t\t\t\t\t\t\t\t\t\n\t\t\t\t\tdataLayer.push({'language': 'ca'});\n\t\t\t\t\tdataLayer.push({'post_id': '13859'});\n\t\t\t\t\tdataLayer.push({'cat_type': 'bv'});\n\t\t\t\t});\n\t\t\t<\/script>\n\t\t<\/div><br\/><\/span><br \/>\n<span>Rendibilitza els teus excedents no compensats amb la nostra Bateria Virtual trucant al 900 649 028 o escrivint-nos atc@factorenergia.com\u00a0 .<\/span><\/p>\n","protected":false},"excerpt":{"rendered":"<p>Treure-li el m\u00e0xim partit a les teves plaques solars amb la Bateria Virtual de Factorenergia. Ara ja podr\u00e0s compensar al 100% els teus excedents.<\/p>\n","protected":false},"author":17,"featured_media":0,"comment_status":"open","ping_status":"closed","sticky":false,"template":"","format":"standard","meta":{"inline_featured_image":false,"footnotes":""},"categories":[66],"tags":[],"acf":{"fecha_de_la_entrada":"20220712","imagen_portada":28370,"categoria_blog":null,"tipo_de_distribuidora":null,"tiempo_lectura":"","banner_bool":false,"titulo_banner":"","texto_banner":"","texto_boton_banner":"","url_boton_banner":"","post_relacionados":[7033,8710]},"yoast_head":"<!-- This site is optimized with the Yoast SEO plugin v22.2 - https:\/\/yoast.com\/wordpress\/plugins\/seo\/ -->\n<title>Bateria Virtual: Compensa els excedents | factorenergia<\/title>\n<meta name=\"description\" content=\"Treure-li el m\u00e0xim partit a les teves plaques solars amb la Bateria Virtual d&#039;autoconsum de Factorenergia. Compensa al 100% els excedents.\" \/>\n<meta name=\"robots\" content=\"index, follow, max-snippet:-1, max-image-preview:large, max-video-preview:-1\" \/>\n<link rel=\"canonical\" href=\"https:\/\/www.factorenergia.com\/ca\/blog\/autoconsum-electric\/bateria-virtual-autoconsum-compensa-els-teus-excedents\/\" \/>\n<meta name=\"twitter:card\" content=\"summary_large_image\" \/>\n<meta name=\"twitter:title\" content=\"Bateria Virtual: Compensa els excedents | factorenergia\" \/>\n<meta name=\"twitter:description\" content=\"Treure-li el m\u00e0xim partit a les teves plaques solars amb la Bateria Virtual d&#039;autoconsum de Factorenergia. Compensa al 100% els excedents.\" \/>\n<meta name=\"twitter:image\" content=\"https:\/\/www.factorenergia.com\/wp-content\/uploads\/2020\/12\/1-300x169.jpg\" \/>\n<meta name=\"twitter:creator\" content=\"@factorenergia\" \/>\n<meta name=\"twitter:site\" content=\"@factorenergia\" \/>\n<meta name=\"twitter:label1\" content=\"Written by\" \/>\n\t<meta name=\"twitter:data1\" content=\"Equipo Transici\u00f3n Energ\u00e9tica Factorenergia\" \/>\n\t<meta name=\"twitter:label2\" content=\"Est. reading time\" \/>\n\t<meta name=\"twitter:data2\" content=\"5 minutes\" \/>\n<script type=\"application\/ld+json\" class=\"yoast-schema-graph\">{\"@context\":\"https:\/\/schema.org\",\"@graph\":[{\"@type\":\"WebPage\",\"@id\":\"https:\/\/www.factorenergia.com\/ca\/blog\/autoconsum-electric\/bateria-virtual-autoconsum-compensa-els-teus-excedents\/\",\"url\":\"https:\/\/www.factorenergia.com\/ca\/blog\/autoconsum-electric\/bateria-virtual-autoconsum-compensa-els-teus-excedents\/\",\"name\":\"Bateria Virtual: Compensa els excedents | factorenergia\",\"isPartOf\":{\"@id\":\"https:\/\/www.factorenergia.com\/es\/#website\"},\"primaryImageOfPage\":{\"@id\":\"https:\/\/www.factorenergia.com\/ca\/blog\/autoconsum-electric\/bateria-virtual-autoconsum-compensa-els-teus-excedents\/#primaryimage\"},\"image\":{\"@id\":\"https:\/\/www.factorenergia.com\/ca\/blog\/autoconsum-electric\/bateria-virtual-autoconsum-compensa-els-teus-excedents\/#primaryimage\"},\"thumbnailUrl\":\"https:\/\/www.factorenergia.com\/wp-content\/uploads\/2020\/12\/1-300x169.jpg\",\"datePublished\":\"2023-06-20T10:10:34+00:00\",\"dateModified\":\"2025-07-01T14:00:45+00:00\",\"author\":{\"@id\":\"https:\/\/www.factorenergia.com\/es\/#\/schema\/person\/dff9e4b6dc520720e3a37bdaaedc5841\"},\"description\":\"Treure-li el m\u00e0xim partit a les teves plaques solars amb la Bateria Virtual d'autoconsum de Factorenergia. Compensa al 100% els excedents.\",\"breadcrumb\":{\"@id\":\"https:\/\/www.factorenergia.com\/ca\/blog\/autoconsum-electric\/bateria-virtual-autoconsum-compensa-els-teus-excedents\/#breadcrumb\"},\"inLanguage\":\"ca\",\"potentialAction\":[{\"@type\":\"ReadAction\",\"target\":[\"https:\/\/www.factorenergia.com\/ca\/blog\/autoconsum-electric\/bateria-virtual-autoconsum-compensa-els-teus-excedents\/\"]}]},{\"@type\":\"ImageObject\",\"inLanguage\":\"ca\",\"@id\":\"https:\/\/www.factorenergia.com\/ca\/blog\/autoconsum-electric\/bateria-virtual-autoconsum-compensa-els-teus-excedents\/#primaryimage\",\"url\":\"https:\/\/www.factorenergia.com\/wp-content\/uploads\/2020\/12\/1-300x169.jpg\",\"contentUrl\":\"https:\/\/www.factorenergia.com\/wp-content\/uploads\/2020\/12\/1-300x169.jpg\"},{\"@type\":\"BreadcrumbList\",\"@id\":\"https:\/\/www.factorenergia.com\/ca\/blog\/autoconsum-electric\/bateria-virtual-autoconsum-compensa-els-teus-excedents\/#breadcrumb\",\"itemListElement\":[{\"@type\":\"ListItem\",\"position\":1,\"name\":\"Portada\",\"item\":\"https:\/\/www.factorenergia.com\/ca\/\"},{\"@type\":\"ListItem\",\"position\":2,\"name\":\"Bateria Virtual: Compensa el 100% dels teus excedents\"}]},{\"@type\":\"WebSite\",\"@id\":\"https:\/\/www.factorenergia.com\/es\/#website\",\"url\":\"https:\/\/www.factorenergia.com\/es\/\",\"name\":\"factorenergia\",\"description\":\"factorenergia\",\"potentialAction\":[{\"@type\":\"SearchAction\",\"target\":{\"@type\":\"EntryPoint\",\"urlTemplate\":\"https:\/\/www.factorenergia.com\/es\/?s={search_term_string}\"},\"query-input\":\"required name=search_term_string\"}],\"inLanguage\":\"ca\"},{\"@type\":\"Person\",\"@id\":\"https:\/\/www.factorenergia.com\/es\/#\/schema\/person\/dff9e4b6dc520720e3a37bdaaedc5841\",\"name\":\"Equipo Transici\u00f3n Energ\u00e9tica Factorenergia\",\"image\":{\"@type\":\"ImageObject\",\"inLanguage\":\"ca\",\"@id\":\"https:\/\/www.factorenergia.com\/es\/#\/schema\/person\/image\/\",\"url\":\"https:\/\/secure.gravatar.com\/avatar\/1b7c76bab80ee1c4261b06108874e24b?s=96&d=mm&r=g\",\"contentUrl\":\"https:\/\/secure.gravatar.com\/avatar\/1b7c76bab80ee1c4261b06108874e24b?s=96&d=mm&r=g\",\"caption\":\"Equipo Transici\u00f3n Energ\u00e9tica Factorenergia\"},\"description\":\"El equipo est\u00e1 formado por expertos en materia de Luz, Gas y Eficiencia Energ\u00e9tica, que conocen de primera mano las tendencias del mercado. Su experiencia en el sector les permite ofrecer las mejores soluciones energ\u00e9ticas y resolver las dudas planteadas por los clientes.\",\"sameAs\":[\"https:\/\/www.factorenergia.com\/es\/\",\"https:\/\/www.facebook.com\/factorenergiacom\",\"https:\/\/www.instagram.com\/factorenergia_com\/\",\"https:\/\/es.linkedin.com\/company\/factor-energia\",\"https:\/\/twitter.com\/factorenergia\",\"https:\/\/www.youtube.com\/c\/factorenergiacom\"],\"url\":\"https:\/\/www.factorenergia.com\/ca\/blog\/author\/marketing\/\"}]}<\/script>\n<!-- \/ Yoast SEO plugin. -->","yoast_head_json":{"title":"Bateria Virtual: Compensa els excedents | factorenergia","description":"Treure-li el m\u00e0xim partit a les teves plaques solars amb la Bateria Virtual d'autoconsum de Factorenergia. Compensa al 100% els excedents.","robots":{"index":"index","follow":"follow","max-snippet":"max-snippet:-1","max-image-preview":"max-image-preview:large","max-video-preview":"max-video-preview:-1"},"canonical":"https:\/\/www.factorenergia.com\/ca\/blog\/autoconsum-electric\/bateria-virtual-autoconsum-compensa-els-teus-excedents\/","twitter_card":"summary_large_image","twitter_title":"Bateria Virtual: Compensa els excedents | factorenergia","twitter_description":"Treure-li el m\u00e0xim partit a les teves plaques solars amb la Bateria Virtual d'autoconsum de Factorenergia. Compensa al 100% els excedents.","twitter_image":"https:\/\/www.factorenergia.com\/wp-content\/uploads\/2020\/12\/1-300x169.jpg","twitter_creator":"@factorenergia","twitter_site":"@factorenergia","twitter_misc":{"Written by":"Equipo Transici\u00f3n Energ\u00e9tica Factorenergia","Est. reading time":"5 minutes"},"schema":{"@context":"https:\/\/schema.org","@graph":[{"@type":"WebPage","@id":"https:\/\/www.factorenergia.com\/ca\/blog\/autoconsum-electric\/bateria-virtual-autoconsum-compensa-els-teus-excedents\/","url":"https:\/\/www.factorenergia.com\/ca\/blog\/autoconsum-electric\/bateria-virtual-autoconsum-compensa-els-teus-excedents\/","name":"Bateria Virtual: Compensa els excedents | factorenergia","isPartOf":{"@id":"https:\/\/www.factorenergia.com\/es\/#website"},"primaryImageOfPage":{"@id":"https:\/\/www.factorenergia.com\/ca\/blog\/autoconsum-electric\/bateria-virtual-autoconsum-compensa-els-teus-excedents\/#primaryimage"},"image":{"@id":"https:\/\/www.factorenergia.com\/ca\/blog\/autoconsum-electric\/bateria-virtual-autoconsum-compensa-els-teus-excedents\/#primaryimage"},"thumbnailUrl":"https:\/\/www.factorenergia.com\/wp-content\/uploads\/2020\/12\/1-300x169.jpg","datePublished":"2023-06-20T10:10:34+00:00","dateModified":"2025-07-01T14:00:45+00:00","author":{"@id":"https:\/\/www.factorenergia.com\/es\/#\/schema\/person\/dff9e4b6dc520720e3a37bdaaedc5841"},"description":"Treure-li el m\u00e0xim partit a les teves plaques solars amb la Bateria Virtual d'autoconsum de Factorenergia. Compensa al 100% els excedents.","breadcrumb":{"@id":"https:\/\/www.factorenergia.com\/ca\/blog\/autoconsum-electric\/bateria-virtual-autoconsum-compensa-els-teus-excedents\/#breadcrumb"},"inLanguage":"ca","potentialAction":[{"@type":"ReadAction","target":["https:\/\/www.factorenergia.com\/ca\/blog\/autoconsum-electric\/bateria-virtual-autoconsum-compensa-els-teus-excedents\/"]}]},{"@type":"ImageObject","inLanguage":"ca","@id":"https:\/\/www.factorenergia.com\/ca\/blog\/autoconsum-electric\/bateria-virtual-autoconsum-compensa-els-teus-excedents\/#primaryimage","url":"https:\/\/www.factorenergia.com\/wp-content\/uploads\/2020\/12\/1-300x169.jpg","contentUrl":"https:\/\/www.factorenergia.com\/wp-content\/uploads\/2020\/12\/1-300x169.jpg"},{"@type":"BreadcrumbList","@id":"https:\/\/www.factorenergia.com\/ca\/blog\/autoconsum-electric\/bateria-virtual-autoconsum-compensa-els-teus-excedents\/#breadcrumb","itemListElement":[{"@type":"ListItem","position":1,"name":"Portada","item":"https:\/\/www.factorenergia.com\/ca\/"},{"@type":"ListItem","position":2,"name":"Bateria Virtual: Compensa el 100% dels teus excedents"}]},{"@type":"WebSite","@id":"https:\/\/www.factorenergia.com\/es\/#website","url":"https:\/\/www.factorenergia.com\/es\/","name":"factorenergia","description":"factorenergia","potentialAction":[{"@type":"SearchAction","target":{"@type":"EntryPoint","urlTemplate":"https:\/\/www.factorenergia.com\/es\/?s={search_term_string}"},"query-input":"required name=search_term_string"}],"inLanguage":"ca"},{"@type":"Person","@id":"https:\/\/www.factorenergia.com\/es\/#\/schema\/person\/dff9e4b6dc520720e3a37bdaaedc5841","name":"Equipo Transici\u00f3n Energ\u00e9tica Factorenergia","image":{"@type":"ImageObject","inLanguage":"ca","@id":"https:\/\/www.factorenergia.com\/es\/#\/schema\/person\/image\/","url":"https:\/\/secure.gravatar.com\/avatar\/1b7c76bab80ee1c4261b06108874e24b?s=96&d=mm&r=g","contentUrl":"https:\/\/secure.gravatar.com\/avatar\/1b7c76bab80ee1c4261b06108874e24b?s=96&d=mm&r=g","caption":"Equipo Transici\u00f3n Energ\u00e9tica Factorenergia"},"description":"El equipo est\u00e1 formado por expertos en materia de Luz, Gas y Eficiencia Energ\u00e9tica, que conocen de primera mano las tendencias del mercado. Su experiencia en el sector les permite ofrecer las mejores soluciones energ\u00e9ticas y resolver las dudas planteadas por los clientes.","sameAs":["https:\/\/www.factorenergia.com\/es\/","https:\/\/www.facebook.com\/factorenergiacom","https:\/\/www.instagram.com\/factorenergia_com\/","https:\/\/es.linkedin.com\/company\/factor-energia","https:\/\/twitter.com\/factorenergia","https:\/\/www.youtube.com\/c\/factorenergiacom"],"url":"https:\/\/www.factorenergia.com\/ca\/blog\/author\/marketing\/"}]}},"_links":{"self":[{"href":"https:\/\/www.factorenergia.com\/ca\/wp-json\/wp\/v2\/posts\/13859"}],"collection":[{"href":"https:\/\/www.factorenergia.com\/ca\/wp-json\/wp\/v2\/posts"}],"about":[{"href":"https:\/\/www.factorenergia.com\/ca\/wp-json\/wp\/v2\/types\/post"}],"author":[{"embeddable":true,"href":"https:\/\/www.factorenergia.com\/ca\/wp-json\/wp\/v2\/users\/17"}],"replies":[{"embeddable":true,"href":"https:\/\/www.factorenergia.com\/ca\/wp-json\/wp\/v2\/comments?post=13859"}],"version-history":[{"count":23,"href":"https:\/\/www.factorenergia.com\/ca\/wp-json\/wp\/v2\/posts\/13859\/revisions"}],"predecessor-version":[{"id":28372,"href":"https:\/\/www.factorenergia.com\/ca\/wp-json\/wp\/v2\/posts\/13859\/revisions\/28372"}],"acf:post":[{"embeddable":true,"href":"https:\/\/www.factorenergia.com\/ca\/wp-json\/wp\/v2\/posts\/8710"},{"embeddable":true,"href":"https:\/\/www.factorenergia.com\/ca\/wp-json\/wp\/v2\/posts\/7033"}],"wp:attachment":[{"href":"https:\/\/www.factorenergia.com\/ca\/wp-json\/wp\/v2\/media?parent=13859"}],"wp:term":[{"taxonomy":"category","embeddable":true,"href":"https:\/\/www.factorenergia.com\/ca\/wp-json\/wp\/v2\/categories?post=13859"},{"taxonomy":"post_tag","embeddable":true,"href":"https:\/\/www.factorenergia.com\/ca\/wp-json\/wp\/v2\/tags?post=13859"}],"curies":[{"name":"wp","href":"https:\/\/api.w.org\/{rel}","templated":true}]}}