{"id":13569,"date":"2022-06-23T09:00:56","date_gmt":"2022-06-23T07:00:56","guid":{"rendered":"https:\/\/www.factorenergia.com\/ca\/?post_type=blog&#038;p=13569"},"modified":"2025-07-30T18:19:19","modified_gmt":"2025-07-30T16:19:19","slug":"rendiment-plaques-solars","status":"publish","type":"post","link":"https:\/\/www.factorenergia.com\/ca\/blog\/autoconsum-electric\/rendiment-plaques-solars\/","title":{"rendered":"Quin \u00e9s el rendiment de les plaques solars a l&#8217;estiu i a l&#8217;hivern?"},"content":{"rendered":"<p><span>\n<script type=\"text\/javascript\" id=\"auto-index\" async defer>\n\n      function indexContent(context){\n\n      var container = document.querySelector(context);\n\n      element = document.getElementById(\"accordion-index\");\n      var titles = Array.from(container.querySelectorAll(\"h2,h3,h4\"));\n\n      for (var i = 0, l = titles.length; i < l; i++) {\n\n\t\tjQuery('#accordionIndex').show();\n\n        var tit = titles[i];\n\t\tvar newTitle = tit.textContent.toLowerCase().replace(\/[^a-zA-Z ]\/g, \"\").replace(\/\\s\/g, '-');\n\t\tvar numTag = Number(tit.tagName.replace(\/[^1-9]\/g, \"\"));\n\t\tvar tagWidth = (numTag*20);\n\n\t\tvar preText = '<span style=\"margin-left:' + tagWidth + 'px\"><\/span>';\n\n        tit.setAttribute(\"id\", newTitle);\n\t\tjQuery(tit).addClass('h-inline');\n\t\t\n\t\tvar toIndex = '<p class=\"h-inline\"><a class=\"blog-toindex\" href=\"#accordionIndex\"><span class=\"glyphicon glyphicon-chevron-up\" aria-hidden=\"true\"><\/span><\/a><\/p>';\n\n\t\tjQuery(toIndex).insertAfter(tit);\n\n        var node = document.createElement(\"LI\");                 \n        var link = document.createElement(\"A\");\n        var textnode = document.createTextNode(tit.textContent);\n\n        link.appendChild(textnode);\n        link.setAttribute(\"href\", '#' + newTitle);\n\t\t\/\/link.setAttribute(\"style\", \"margin-left:\" + tagWidth + \"px\");\n\t\tlink.setAttribute(\"class\", \"acc-h\" + numTag);\n        node.appendChild(link);\n\n        element.appendChild(node);\n\n      }\n    }\n\n    jQuery(document).ready(function(){\t\t\n\t\tindexContent(\".single-post-content\");\n\n\t\tjQuery(\".accordion-toggle\").click(function() {\n\t\t\tjQuery(this).toggleClass(\"open\");\n\t\t\tjQuery(\"#collapseIndex\").slideToggle(\"in\");\n\t\t});\n\t});\n\n\n<\/script>\n\n<style>\n\t.accordion-toggle{\n\t\tcursor:pointer;\n\t}\n\n\t#accordionIndex .panel-heading{\n\t\tmargin-bottom:0px;\n\t}\n\n\t.articulo ul, .articulo ol{\n\t\tmargin-bottom:auto;\n\t}\n\n\t.h-inline{\n\t\tdisplay: inline-flex;\n\t\tflex-wrap: wrap\n\t}\n\t#accordion-index{\n\t\tpadding-left:0px;\n\t}\n\t#accordion-index li a{\n\t\tdisplay:block;\n\t\tpadding-top:5px;\n\t}\n\n\t.acc-h2{\n\t\tmargin-left:0px;\n\t\tposition: relative;\n\t}\n\n\t.acc-h3{\n\t\tmargin-left:25px;\n\t}\n\n\t.acc-h3::before{\n\t\tcontent: \"\";\n\t\tbackground-color:var(--blue-light);\n\t\tmargin-left:-10px;\n\t\twidth: 7px;\n\t\theight: 7px;\n\t\tdisplay: inline-block;\n\t\ttext-align: center;\n\t\tborder-radius: 1000px;\n\t\tmargin-right: 10px;\n    \tmargin-bottom: 2px;\n\t}\n\n\t.acc-h4{\n\t\tmargin-left:40px;\n\t}\n\n\t.acc-h4::before{\n\t\tcontent: \"\";\n\t\tborder: 1px solid var(--blue-light);\n\t\tmargin-left:-5px;\n\t\twidth: 7px;\n\t\theight: 7px;\n\t\tdisplay: inline-block;\n\t\ttext-align: center;\n\t\tborder-radius: 100%;\n\t\tmargin-right: 10px;\n    \tmargin-bottom: 2px;\n\t}\n\n\t.acc-h3:hover::before{\n\t\tbackground-color: var(--blue-darkest);\n\t}\n\n\t.acc-h4:hover::before{\n\t\tborder-color: var(--blue-darkest);\n\t}\n\n\t@media (max-width: 992px){\n\t\t.acc-h2{\n\t\t\tmargin-left:0px;\n\t\t}\n\t\t.acc-h3{\n\t\t\tmargin-left:20px;\n\t\t}\n\t\t.acc-h4{\n\t\t\tmargin-left:40px;\n\t\t}\n\t}\n\n\t\/*\n\th2.h-inline:after,\n\th3.h-inline:after{\n\t\theight: 24px;\n\t\tcontent: \"\";\n\t\tdisplay: table-row;\n\t}*\/\n<\/style>\n\n<div id=\"table-accordion-index\">\n\t<div class=\"panel-group\" id=\"accordionIndex\">\n\t\t<div class=\"panel panel-default\">\n\t\t\t<div class=\"panel-heading\">\n\t\t\t\t<div class=\"panel-title open\"><div class=\"accordion-toggle\" data-toggle=\"collapse\" data-parent=\"#accordion\" aria-expanded=\"true\">\u00edndex<\/div><\/div>\n\t\t\t<\/div>\n\t\t\t<div id=\"collapseIndex\" class=\"panel-collapse collapse in\" aria-expanded=\"true\">\n\t\t\t\t<div class=\"panel-body\">\n\t\t\t\t\t<ul id=\"accordion-index\">\n\t\t\t\t\t<\/ul>\n\t\t\t\t<\/div>\n\t\t\t<\/div>\n\t\t<\/div>\n\t<\/div>\n<\/div><\/span><\/p>\n<h2><strong>Quin rendiment t\u00e9 un panell solar?\u00a0<\/strong><\/h2>\n<p>El <strong>panell solar t\u00e9 un rendiment constant<\/strong> durant tot l&#8217;any, tant a l&#8217;estiu com a l&#8217;hivern. \u00c9s a dir, encara que fora estigui nevant, les teves plaques continuen absorbint la llum.<\/p>\n<p>Igual que quan esquiem ens posem protecci\u00f3 solar, fins i tot en dies ennuvolats, perqu\u00e8 existeix la possibilitat que ens cremem, ocorre el mateix amb les plaques fotovoltaiques.<\/p>\n<p>A m\u00e9s, l&#8217;energia que generi una <a href=\"https:\/\/www.factorenergia.com\/ca\/llars\/plaques-solars\/\"><\/a><a href=\"https:\/\/www.factorenergia.com\/ca\/llars\/plaques-solars\/\" target=\"_blank\" rel=\"noopener\">instal\u00b7laci\u00f3 fotovoltaica <span>d&#8217;autoconsum<\/span><\/a>\u00a0tamb\u00e9 dependr\u00e0 de quantes quantes plaques solars tinguis en la teva teulada.<\/p>\n<p>Segons la Red El\u00e9ctrica de Espa\u00f1a (REE), el consum de kWh que una llar realitza en un mes \u00e9s de 270 kWh aproximadament, la qual cosa equivaldria a uns 3.272 kWh\/any.<\/p>\n<h3><strong>Qu\u00e8 pot afectar al rendiment de les plaques solars?\u00a0<\/strong><\/h3>\n<p>Encara que hem comentat que un <strong>panell solar mai pot tenir un rendiment zero<\/strong>, existeixen alguns factors que poden variar l&#8217;energia que generen.<\/p>\n<ul>\n<li><strong>Els materials:<\/strong> com tot, la qualitat \u00e9s important, aix\u00ed que si inverteixes en unes bones plaques fotovoltaiques, millor ser\u00e0 la seva efici\u00e8ncia i allargar\u00e0s la seva vida \u00fatil.<\/li>\n<\/ul>\n<p>A m\u00e9s, pots amortitzar aquesta inversi\u00f3 amb la <a href=\"https:\/\/www.factorenergia.com\/ca\/blog\/autoconsum-electric\/compensacio-excedents-autoconsum\/\" title=\"compensaci\u00f3 d'excedents d'autoconsum\" target=\"_blank\" rel=\"noopener\">compensaci\u00f3 d&#8217;excedents<\/a>.<\/p>\n<ul>\n<li><strong>La inclinaci\u00f3 i l&#8217;angle de la teulada:<\/strong> si el teu habitatge est\u00e0 <strong>orientat al sud<\/strong> (angle azimutal 180\u00b0), captar\u00e0 millor els raigs del sol.<\/li>\n<\/ul>\n<p>En el cas que estigui mirant al nord, es pot realitzar la instal\u00b7laci\u00f3 en una altra part de la casa com la fa\u00e7ana. Respecte a l&#8217;angle, el millor \u00e9s aquell que t\u00e9 entre 30 i 40 graus.<\/p>\n<ul>\n<li><strong>El clima:<\/strong> els panells solars estan dissenyats per a captar la m\u00e0xima energia del sol, no obstant aix\u00f2, els factors meteorol\u00f2gics poden fer variar el rendiment. S&#8217;estima que la temperatura ideal es troba en els 25 \u00b0C.<\/li>\n<li><strong>La ubicaci\u00f3 geogr\u00e0fica:<\/strong> Espanya \u00e9s un dels pa\u00efsos amb m\u00e9s hores de sol d&#8217;Europa, per\u00f2 les plaques solars generen una energia diferent segons on es trobin.<\/li>\n<li><strong>El manteniment:<\/strong> una vegada tinguis instal\u00b7lats els panells solars en la teva teulada haur\u00e0s de revisar-los per a netejar-los o substituir peces que s&#8217;hagin deteriorat.<\/li>\n<\/ul>\n\r\n<script type=\"text\/javascript\" async defer>\r\n\r\n    jQuery(document).ready(function(){\t\t\r\n\t\t\r\n\t});\r\n<\/script>\r\n\r\n<style>\r\n\t.block-interested_posts{\r\n        margin-top: 10px;\r\n        padding: 20px;\r\n        border: 2px solid #92C200;\r\n    }\r\n    .block-interested_posts ul{\r\n        margin-bottom:0px;\r\n    }\r\n    .block-interested_posts ul li{\r\n        margin-bottom:5px;\r\n    }\r\n    .block-interested_posts ul li a{\r\n        \/*color: #DF981E;*\/\r\n    }\r\n\r\n<\/style>\r\n\r\n<div class=\"block-interested_posts\">\r\n    <p><strong>Post que et poden interessar<\/strong><\/p>\r\n    <ul>\r\n                    <li><a href=\"https:\/\/www.factorenergia.com\/ca\/blog\/autoconsum-electric\/quants-watts-produeix-una-placa-solar\/\" title=\"Quants watts produeix una placa solar?\">Quants watts produeix una placa solar?<\/a><\/li>\r\n                    <li><a href=\"https:\/\/www.factorenergia.com\/ca\/blog\/autoconsum-electric\/instal%c2%b7lar-plaques-solars-es-rendible\/\" title=\"6 motius pels quals instal\u00b7lar plaques solars \u00e9s rendible\">6 motius pels quals instal\u00b7lar plaques solars \u00e9s rendible<\/a><\/li>\r\n            <\/ul>\t\r\n<\/div>\n<h3><strong>\u00c9s rendible instal\u00b7lar panells solars en llocs amb climes freds?<\/strong><\/h3>\n<p>S\u00ed, el <strong>rendiment de les plaques solars a l&#8217;hivern continua sent suficient<\/strong> per a proveir una llar perqu\u00e8 no es t\u00e9 en compte la calor sin\u00f3 la llum.<\/p>\n<p>\u00c9s cert que existeix una <strong>disminuci\u00f3 de la seva producci\u00f3 d&#8217;un 30-40 %<\/strong>, per\u00f2 continuen funcionant malgrat que es produeixin fortes pluges o nevades. Per exemple, a Noruega, encara que \u00e9s un pa\u00eds fred, compta amb moltes cases i edificis amb panells fotovoltaics.<\/p>\n<p>Per aix\u00f2, independentment de la zona on visquis, les plaques solars s\u00f3n una inversi\u00f3 a llarg termini i <strong>durant l&#8217;hivern tamb\u00e9 estar\u00e0s amortitzant<\/strong> el seu cost.<\/p>\n<p><span><div class=\"widget-form\">\r\n    \n<div class=\"wpcf7 no-js\" id=\"wpcf7-f21837-o1\" lang=\"es-ES\" dir=\"ltr\">\n<div class=\"screen-reader-response\"><p role=\"status\" aria-live=\"polite\" aria-atomic=\"true\"><\/p> <ul><\/ul><\/div>\n<form action=\"\/ca\/wp-json\/wp\/v2\/posts\/13569#wpcf7-f21837-o1\" method=\"post\" class=\"wpcf7-form init\" aria-label=\"Contact form\" novalidate=\"novalidate\" data-status=\"init\">\n<div style=\"display: none;\">\n<input type=\"hidden\" name=\"_wpcf7\" value=\"21837\" \/>\n<input type=\"hidden\" name=\"_wpcf7_version\" value=\"5.9\" \/>\n<input type=\"hidden\" name=\"_wpcf7_locale\" value=\"es_ES\" \/>\n<input type=\"hidden\" name=\"_wpcf7_unit_tag\" value=\"wpcf7-f21837-o1\" \/>\n<input type=\"hidden\" name=\"_wpcf7_container_post\" value=\"0\" \/>\n<input type=\"hidden\" name=\"_wpcf7_posted_data_hash\" value=\"\" \/>\n<input type=\"hidden\" name=\"_wpcf7_recaptcha_response\" value=\"\" \/>\n<\/div>\n<div class=\"widget-simple-form-ac\">\n\t<div class=\"header-ac\">\n\t\t<p>Aconsegueix el teu estudi gratu\u00eft\n\t\t<\/p>\n\t\t<div class=\"close-form\">\n\t\t\t<p>X\n\t\t\t<\/p>\n\t\t<\/div>\n\t<\/div>\n\t<div class=\"widget-form-ac-container\">\n\t\t<p class=\"subtitle-ac-form\">Amb les nostres Plaques Solars + Bateria Virtual, <span class=\"blue\">redueix a 0\u20ac el consum de la teva factura de la llum.<\/span> No et quedis sense el teu estudi gratis!\n\t\t<\/p>\n\t\t<div class=\"inputs-container\">\n\t\t\t<div class=\"input\">\n\t\t\t\t<p><span class=\"wpcf7-form-control-wrap\" data-name=\"name1\"><input size=\"40\" class=\"wpcf7-form-control wpcf7-text wpcf7-validates-as-required\" id=\"name\" aria-required=\"true\" aria-invalid=\"false\" placeholder=\"Nom\" value=\"\" type=\"text\" name=\"name1\" \/><\/span>\n\t\t\t\t<\/p>\n\t\t\t\t<div class=\"error\">\n\t\t\t\t\t<p><span role='alert' class='wpcf7-not-valid-tip'><\/span>\n\t\t\t\t\t<\/p>\n\t\t\t\t<\/div>\n\t\t\t<\/div>\n\t\t\t<div class=\"input\">\n\t\t\t\t<p><span class=\"wpcf7-form-control-wrap\" data-name=\"lastname\"><input size=\"40\" class=\"wpcf7-form-control wpcf7-text wpcf7-validates-as-required\" id=\"lastname\" aria-required=\"true\" aria-invalid=\"false\" placeholder=\"Cognom\" value=\"\" type=\"text\" name=\"lastname\" \/><\/span>\n\t\t\t\t<\/p>\n\t\t\t\t<div class=\"error\">\n\t\t\t\t\t<p><span role='alert' class='wpcf7-not-valid-tip'><\/span>\n\t\t\t\t\t<\/p>\n\t\t\t\t<\/div>\n\t\t\t<\/div>\n\t\t<\/div>\n\t\t<div class=\"inputs-container\">\n\t\t\t<div class=\"input\">\n\t\t\t\t<p><span class=\"wpcf7-form-control-wrap\" data-name=\"email\"><input size=\"40\" class=\"wpcf7-form-control wpcf7-email wpcf7-validates-as-required wpcf7-text wpcf7-validates-as-email\" aria-required=\"true\" aria-invalid=\"false\" placeholder=\"Email\" value=\"\" type=\"email\" name=\"email\" \/><\/span>\n\t\t\t\t<\/p>\n\t\t\t\t<div class=\"error\">\n\t\t\t\t\t<p><span role='alert' class='wpcf7-not-valid-tip'><\/span>\n\t\t\t\t\t<\/p>\n\t\t\t\t<\/div>\n\t\t\t<\/div>\n\t\t\t<div class=\"input\">\n\t\t\t\t<p><span class=\"wpcf7-form-control-wrap\" data-name=\"tel\"><input size=\"40\" class=\"wpcf7-form-control wpcf7-tel wpcf7-validates-as-required wpcf7-text wpcf7-validates-as-tel\" aria-required=\"true\" aria-invalid=\"false\" placeholder=\"Tel\u00e8fon\" value=\"\" type=\"tel\" name=\"tel\" \/><\/span>\n\t\t\t\t<\/p>\n\t\t\t\t<div class=\"error\">\n\t\t\t\t\t<p><span role='alert' class='wpcf7-not-valid-tip'><\/span>\n\t\t\t\t\t<\/p>\n\t\t\t\t<\/div>\n\t\t\t<\/div>\n\t\t<\/div>\n\t\t<p class=\"legal-text\">En enviar aquest formulari consent que les seves dades siguin tractades per FACTORENERGIA S.A., com a corresponsables, per a remetre-li ofertes i informaci\u00f3 comercial. Pot exercitar els seus drets conforme a l'indicat en la nostra <a href=\"\/ca\/privacidad\/\">Pol\u00edtica de privacitat.<\/a>\n\t\t<\/p>\n\t\t<div class=\"inputs-container\">\n\t\t\t<div class=\"button-submit\">\n\t\t\t\t<p><input class=\"wpcf7-form-control wpcf7-submit has-spinner primary-btn green-btn btn-submit\" type=\"submit\" value=\"Demana el teu estudi gratis\" \/>\n\t\t\t\t<\/p>\n\t\t\t<\/div>\n\t\t<\/div>\n\t<\/div>\n<\/div><div class=\"wpcf7-response-output\" aria-hidden=\"true\"><\/div>\n<\/form>\n<\/div>\n<\/div>\r\n\r\n<div class=\"widget-form-sended\" style=\"display: none\">\r\n    <h4><b>Ben fet!<\/b> Aquest \u00e9s el teu primer pas cap a la independ\u00e8ncia energ\u00e8tica.<\/h4>\r\n    <p>En un m\u00e0xim de 48 hores, un especialista es posar\u00e0 en contacte amb tu per a estudiar el teu cas, assessorar-te i oferir-te la millor soluci\u00f3 energ\u00e8tica.<\/p>\r\n    <div class=\"inputs-container\">\r\n        <div class=\"button-submit\">\r\n            <a class=\"primary-btn center otro-estudio green-btn\">\r\n                Demanar un altre estudi gratis            <\/a>\r\n        <\/div>\r\n        <div class=\"trustpilot-widget trust-widget-form-ac\" data-locale=\"es-ES\" data-template-id=\"5419b732fbfb950b10de65e5\" data-businessunit-id=\"5fd8ae6f2ead35000193bbae\" data-style-height=\"24px\" data-style-width=\"100%\" data-theme=\"light\" style=\"position: relative;\"><iframe title=\"Customer reviews powered by Trustpilot\" loading=\"auto\" src=\"https:\/\/widget.trustpilot.com\/trustboxes\/5419b732fbfb950b10de65e5\/index.html?templateId=5419b732fbfb950b10de65e5&amp;businessunitId=5fd8ae6f2ead35000193bbae#locale=es-ES&amp;styleHeight=24px&amp;styleWidth=100%25&amp;theme=light\" style=\"position: relative; height: 24px; width: 100%; border-style: none; display: block; overflow: hidden;\"><\/iframe><\/div>\r\n    <\/div>\r\n<\/div>\r\n<\/span><\/p>\n<p>A m\u00e9s, amb la <a href=\"https:\/\/www.factorenergia.com\/ca\/blog\/autoconsum-electric\/avantatges-de-lautoconsum\/\" target=\"_blank\" rel=\"noopener\"><span>instal\u00b7laci\u00f3 solar per a l&#8217;autoconsum <\/span><\/a>podr\u00e0s estalviar en la teva factura el\u00e8ctrica, durant els gaireb\u00e9 25 anys que solen durar, aix\u00ed com reduir la teva petjada de carboni.<\/p>\n<h3><strong>Quin \u00e9s el rendiment de les plaques solars a Espanya?\u00a0<\/strong><\/h3>\n<p>Si ens fixem a Espanya <strong>el rendiment varia depenent de la zona geogr\u00e0fica<\/strong>:<\/p>\n<ul>\n<li>Andalusia, illes Can\u00e0ries i M\u00farcia s\u00f3n els punts amb major irradiaci\u00f3 solar.<\/li>\n<li>El centre de la pen\u00ednsula i les illes Balears compten amb un rendiment mitj\u00e0.<\/li>\n<li>Gal\u00edcia, Pa\u00eds Basc, Ast\u00faries i La Rioja s\u00f3n les prov\u00edncies amb menys hores de sol a l&#8217;any.<\/li>\n<\/ul>\n<h2><strong>Quant costa instal\u00b7lar panells fotovoltaics?<\/strong><\/h2>\n<p>El preu mitj\u00e0 d&#8217;una instal\u00b7laci\u00f3 sol estar entre els 4.000 \u20ac i 6.000 \u20ac i amb <strong>factorenergia<\/strong> la pots finan\u00e7ar fins a 120 mesos.<\/p>\n<p>Vols apostar per les energies renovables? Truca&#8217;ns al 900 377 538 o escriu-nos a <a href=\"mailto:solar@factorenergia.com\" target=\"_blank\" rel=\"nofollow noopener\">solar@factorenergia.com<\/a>. Calcularem <a href=\"https:\/\/www.factorenergia.com\/ca\/plaques-solars-calcula\/\"><\/a><a href=\"https:\/\/www.factorenergia.com\/ca\/plaques-solars-calcula\/\" title=\"Calcula quantes plaques solars necessites\" target=\"_blank\" rel=\"noopener\">quantes plaques solars necessites<\/a> i t&#8217;enviarem un pressupost personalitzat.<\/p>\n","protected":false},"excerpt":{"rendered":"<p>Quan parlem d&#8217;autoconsum existeixen uns certs dubtes relacionats amb el rendiment de les plaques solars.<\/p>\n<p>Quan arriba el fred, els dies s&#8217;escurcen i plou m\u00e9s, es tendeix a pensar que les plaques fotovoltaiques no generen tanta energia com a l&#8217;estiu. Vols saber la resposta? Continua llegint i ho descobrir\u00e0s.<\/p>\n","protected":false},"author":17,"featured_media":0,"comment_status":"open","ping_status":"closed","sticky":false,"template":"","format":"standard","meta":{"inline_featured_image":false,"footnotes":""},"categories":[66],"tags":[],"acf":{"fecha_de_la_entrada":"20220623","imagen_portada":29021,"categoria_blog":null,"tipo_de_distribuidora":null,"tiempo_lectura":"","banner_bool":false,"titulo_banner":"","texto_banner":"","texto_boton_banner":"","url_boton_banner":"","post_relacionados":""},"yoast_head":"<!-- This site is optimized with the Yoast SEO plugin v22.2 - https:\/\/yoast.com\/wordpress\/plugins\/seo\/ -->\n<title>Quin \u00e9s el rendiment de les plaques solars? | factorenergia<\/title>\n<meta name=\"description\" content=\"El rendiment de les plaques solars t\u00e9 a veure amb la llum i no amb el sol, per aix\u00f2 es genera energia tot l&#039;any, t&#039;ho expliquem al blog.\" \/>\n<meta name=\"robots\" content=\"index, follow, max-snippet:-1, max-image-preview:large, max-video-preview:-1\" \/>\n<link rel=\"canonical\" href=\"https:\/\/www.factorenergia.com\/ca\/blog\/autoconsum-electric\/rendiment-plaques-solars\/\" \/>\n<meta name=\"twitter:card\" content=\"summary_large_image\" \/>\n<meta name=\"twitter:title\" content=\"Quin \u00e9s el rendiment de les plaques solars? | factorenergia\" \/>\n<meta name=\"twitter:description\" content=\"El rendiment de les plaques solars t\u00e9 a veure amb la llum i no amb el sol, per aix\u00f2 es genera energia tot l&#039;any, t&#039;ho expliquem al blog.\" \/>\n<meta name=\"twitter:creator\" content=\"@factorenergia\" \/>\n<meta name=\"twitter:site\" content=\"@factorenergia\" \/>\n<meta name=\"twitter:label1\" content=\"Written by\" \/>\n\t<meta name=\"twitter:data1\" content=\"Equipo Transici\u00f3n Energ\u00e9tica Factorenergia\" \/>\n\t<meta name=\"twitter:label2\" content=\"Est. reading time\" \/>\n\t<meta name=\"twitter:data2\" content=\"3 minutes\" \/>\n<script type=\"application\/ld+json\" class=\"yoast-schema-graph\">{\"@context\":\"https:\/\/schema.org\",\"@graph\":[{\"@type\":\"WebPage\",\"@id\":\"https:\/\/www.factorenergia.com\/ca\/blog\/autoconsum-electric\/rendiment-plaques-solars\/\",\"url\":\"https:\/\/www.factorenergia.com\/ca\/blog\/autoconsum-electric\/rendiment-plaques-solars\/\",\"name\":\"Quin \u00e9s el rendiment de les plaques solars? | factorenergia\",\"isPartOf\":{\"@id\":\"https:\/\/www.factorenergia.com\/es\/#website\"},\"datePublished\":\"2022-06-23T07:00:56+00:00\",\"dateModified\":\"2025-07-30T16:19:19+00:00\",\"author\":{\"@id\":\"https:\/\/www.factorenergia.com\/es\/#\/schema\/person\/dff9e4b6dc520720e3a37bdaaedc5841\"},\"description\":\"El rendiment de les plaques solars t\u00e9 a veure amb la llum i no amb el sol, per aix\u00f2 es genera energia tot l'any, t'ho expliquem al blog.\",\"breadcrumb\":{\"@id\":\"https:\/\/www.factorenergia.com\/ca\/blog\/autoconsum-electric\/rendiment-plaques-solars\/#breadcrumb\"},\"inLanguage\":\"ca\",\"potentialAction\":[{\"@type\":\"ReadAction\",\"target\":[\"https:\/\/www.factorenergia.com\/ca\/blog\/autoconsum-electric\/rendiment-plaques-solars\/\"]}]},{\"@type\":\"BreadcrumbList\",\"@id\":\"https:\/\/www.factorenergia.com\/ca\/blog\/autoconsum-electric\/rendiment-plaques-solars\/#breadcrumb\",\"itemListElement\":[{\"@type\":\"ListItem\",\"position\":1,\"name\":\"Portada\",\"item\":\"https:\/\/www.factorenergia.com\/ca\/\"},{\"@type\":\"ListItem\",\"position\":2,\"name\":\"Quin \u00e9s el rendiment de les plaques solars a l&#8217;estiu i a l&#8217;hivern?\"}]},{\"@type\":\"WebSite\",\"@id\":\"https:\/\/www.factorenergia.com\/es\/#website\",\"url\":\"https:\/\/www.factorenergia.com\/es\/\",\"name\":\"factorenergia\",\"description\":\"factorenergia\",\"potentialAction\":[{\"@type\":\"SearchAction\",\"target\":{\"@type\":\"EntryPoint\",\"urlTemplate\":\"https:\/\/www.factorenergia.com\/es\/?s={search_term_string}\"},\"query-input\":\"required name=search_term_string\"}],\"inLanguage\":\"ca\"},{\"@type\":\"Person\",\"@id\":\"https:\/\/www.factorenergia.com\/es\/#\/schema\/person\/dff9e4b6dc520720e3a37bdaaedc5841\",\"name\":\"Equipo Transici\u00f3n Energ\u00e9tica Factorenergia\",\"image\":{\"@type\":\"ImageObject\",\"inLanguage\":\"ca\",\"@id\":\"https:\/\/www.factorenergia.com\/es\/#\/schema\/person\/image\/\",\"url\":\"https:\/\/secure.gravatar.com\/avatar\/1b7c76bab80ee1c4261b06108874e24b?s=96&d=mm&r=g\",\"contentUrl\":\"https:\/\/secure.gravatar.com\/avatar\/1b7c76bab80ee1c4261b06108874e24b?s=96&d=mm&r=g\",\"caption\":\"Equipo Transici\u00f3n Energ\u00e9tica Factorenergia\"},\"description\":\"El equipo est\u00e1 formado por expertos en materia de Luz, Gas y Eficiencia Energ\u00e9tica, que conocen de primera mano las tendencias del mercado. Su experiencia en el sector les permite ofrecer las mejores soluciones energ\u00e9ticas y resolver las dudas planteadas por los clientes.\",\"sameAs\":[\"https:\/\/www.factorenergia.com\/es\/\",\"https:\/\/www.facebook.com\/factorenergiacom\",\"https:\/\/www.instagram.com\/factorenergia_com\/\",\"https:\/\/es.linkedin.com\/company\/factor-energia\",\"https:\/\/twitter.com\/factorenergia\",\"https:\/\/www.youtube.com\/c\/factorenergiacom\"],\"url\":\"https:\/\/www.factorenergia.com\/ca\/blog\/author\/marketing\/\"}]}<\/script>\n<!-- \/ Yoast SEO plugin. -->","yoast_head_json":{"title":"Quin \u00e9s el rendiment de les plaques solars? | factorenergia","description":"El rendiment de les plaques solars t\u00e9 a veure amb la llum i no amb el sol, per aix\u00f2 es genera energia tot l'any, t'ho expliquem al blog.","robots":{"index":"index","follow":"follow","max-snippet":"max-snippet:-1","max-image-preview":"max-image-preview:large","max-video-preview":"max-video-preview:-1"},"canonical":"https:\/\/www.factorenergia.com\/ca\/blog\/autoconsum-electric\/rendiment-plaques-solars\/","twitter_card":"summary_large_image","twitter_title":"Quin \u00e9s el rendiment de les plaques solars? | factorenergia","twitter_description":"El rendiment de les plaques solars t\u00e9 a veure amb la llum i no amb el sol, per aix\u00f2 es genera energia tot l'any, t'ho expliquem al blog.","twitter_creator":"@factorenergia","twitter_site":"@factorenergia","twitter_misc":{"Written by":"Equipo Transici\u00f3n Energ\u00e9tica Factorenergia","Est. reading time":"3 minutes"},"schema":{"@context":"https:\/\/schema.org","@graph":[{"@type":"WebPage","@id":"https:\/\/www.factorenergia.com\/ca\/blog\/autoconsum-electric\/rendiment-plaques-solars\/","url":"https:\/\/www.factorenergia.com\/ca\/blog\/autoconsum-electric\/rendiment-plaques-solars\/","name":"Quin \u00e9s el rendiment de les plaques solars? | factorenergia","isPartOf":{"@id":"https:\/\/www.factorenergia.com\/es\/#website"},"datePublished":"2022-06-23T07:00:56+00:00","dateModified":"2025-07-30T16:19:19+00:00","author":{"@id":"https:\/\/www.factorenergia.com\/es\/#\/schema\/person\/dff9e4b6dc520720e3a37bdaaedc5841"},"description":"El rendiment de les plaques solars t\u00e9 a veure amb la llum i no amb el sol, per aix\u00f2 es genera energia tot l'any, t'ho expliquem al blog.","breadcrumb":{"@id":"https:\/\/www.factorenergia.com\/ca\/blog\/autoconsum-electric\/rendiment-plaques-solars\/#breadcrumb"},"inLanguage":"ca","potentialAction":[{"@type":"ReadAction","target":["https:\/\/www.factorenergia.com\/ca\/blog\/autoconsum-electric\/rendiment-plaques-solars\/"]}]},{"@type":"BreadcrumbList","@id":"https:\/\/www.factorenergia.com\/ca\/blog\/autoconsum-electric\/rendiment-plaques-solars\/#breadcrumb","itemListElement":[{"@type":"ListItem","position":1,"name":"Portada","item":"https:\/\/www.factorenergia.com\/ca\/"},{"@type":"ListItem","position":2,"name":"Quin \u00e9s el rendiment de les plaques solars a l&#8217;estiu i a l&#8217;hivern?"}]},{"@type":"WebSite","@id":"https:\/\/www.factorenergia.com\/es\/#website","url":"https:\/\/www.factorenergia.com\/es\/","name":"factorenergia","description":"factorenergia","potentialAction":[{"@type":"SearchAction","target":{"@type":"EntryPoint","urlTemplate":"https:\/\/www.factorenergia.com\/es\/?s={search_term_string}"},"query-input":"required name=search_term_string"}],"inLanguage":"ca"},{"@type":"Person","@id":"https:\/\/www.factorenergia.com\/es\/#\/schema\/person\/dff9e4b6dc520720e3a37bdaaedc5841","name":"Equipo Transici\u00f3n Energ\u00e9tica Factorenergia","image":{"@type":"ImageObject","inLanguage":"ca","@id":"https:\/\/www.factorenergia.com\/es\/#\/schema\/person\/image\/","url":"https:\/\/secure.gravatar.com\/avatar\/1b7c76bab80ee1c4261b06108874e24b?s=96&d=mm&r=g","contentUrl":"https:\/\/secure.gravatar.com\/avatar\/1b7c76bab80ee1c4261b06108874e24b?s=96&d=mm&r=g","caption":"Equipo Transici\u00f3n Energ\u00e9tica Factorenergia"},"description":"El equipo est\u00e1 formado por expertos en materia de Luz, Gas y Eficiencia Energ\u00e9tica, que conocen de primera mano las tendencias del mercado. Su experiencia en el sector les permite ofrecer las mejores soluciones energ\u00e9ticas y resolver las dudas planteadas por los clientes.","sameAs":["https:\/\/www.factorenergia.com\/es\/","https:\/\/www.facebook.com\/factorenergiacom","https:\/\/www.instagram.com\/factorenergia_com\/","https:\/\/es.linkedin.com\/company\/factor-energia","https:\/\/twitter.com\/factorenergia","https:\/\/www.youtube.com\/c\/factorenergiacom"],"url":"https:\/\/www.factorenergia.com\/ca\/blog\/author\/marketing\/"}]}},"_links":{"self":[{"href":"https:\/\/www.factorenergia.com\/ca\/wp-json\/wp\/v2\/posts\/13569"}],"collection":[{"href":"https:\/\/www.factorenergia.com\/ca\/wp-json\/wp\/v2\/posts"}],"about":[{"href":"https:\/\/www.factorenergia.com\/ca\/wp-json\/wp\/v2\/types\/post"}],"author":[{"embeddable":true,"href":"https:\/\/www.factorenergia.com\/ca\/wp-json\/wp\/v2\/users\/17"}],"replies":[{"embeddable":true,"href":"https:\/\/www.factorenergia.com\/ca\/wp-json\/wp\/v2\/comments?post=13569"}],"version-history":[{"count":8,"href":"https:\/\/www.factorenergia.com\/ca\/wp-json\/wp\/v2\/posts\/13569\/revisions"}],"predecessor-version":[{"id":29023,"href":"https:\/\/www.factorenergia.com\/ca\/wp-json\/wp\/v2\/posts\/13569\/revisions\/29023"}],"wp:attachment":[{"href":"https:\/\/www.factorenergia.com\/ca\/wp-json\/wp\/v2\/media?parent=13569"}],"wp:term":[{"taxonomy":"category","embeddable":true,"href":"https:\/\/www.factorenergia.com\/ca\/wp-json\/wp\/v2\/categories?post=13569"},{"taxonomy":"post_tag","embeddable":true,"href":"https:\/\/www.factorenergia.com\/ca\/wp-json\/wp\/v2\/tags?post=13569"}],"curies":[{"name":"wp","href":"https:\/\/api.w.org\/{rel}","templated":true}]}}