{"id":12738,"date":"2022-01-25T11:57:01","date_gmt":"2022-01-25T09:57:01","guid":{"rendered":"https:\/\/www.factorenergia.com\/ca\/?post_type=blog&#038;p=12738"},"modified":"2025-08-06T13:14:20","modified_gmt":"2025-08-06T11:14:20","slug":"origen-electricitat-que-consumeixes","status":"publish","type":"post","link":"https:\/\/www.factorenergia.com\/ca\/blog\/enten-la-factura-de-la-llum\/origen-electricitat-que-consumeixes\/","title":{"rendered":"Saps quin \u00e9s l&#8217;origen de l&#8217;electricitat que consumeixes?"},"content":{"rendered":"<p><span>\n<script type=\"text\/javascript\" id=\"auto-index\" async defer>\n\n      function indexContent(context){\n\n      var container = document.querySelector(context);\n\n      element = document.getElementById(\"accordion-index\");\n      var titles = Array.from(container.querySelectorAll(\"h2,h3,h4\"));\n\n      for (var i = 0, l = titles.length; i < l; i++) {\n\n\t\tjQuery('#accordionIndex').show();\n\n        var tit = titles[i];\n\t\tvar newTitle = tit.textContent.toLowerCase().replace(\/[^a-zA-Z ]\/g, \"\").replace(\/\\s\/g, '-');\n\t\tvar numTag = Number(tit.tagName.replace(\/[^1-9]\/g, \"\"));\n\t\tvar tagWidth = (numTag*20);\n\n\t\tvar preText = '<span style=\"margin-left:' + tagWidth + 'px\"><\/span>';\n\n        tit.setAttribute(\"id\", newTitle);\n\t\tjQuery(tit).addClass('h-inline');\n\t\t\n\t\tvar toIndex = '<p class=\"h-inline\"><a class=\"blog-toindex\" href=\"#accordionIndex\"><span class=\"glyphicon glyphicon-chevron-up\" aria-hidden=\"true\"><\/span><\/a><\/p>';\n\n\t\tjQuery(toIndex).insertAfter(tit);\n\n        var node = document.createElement(\"LI\");                 \n        var link = document.createElement(\"A\");\n        var textnode = document.createTextNode(tit.textContent);\n\n        link.appendChild(textnode);\n        link.setAttribute(\"href\", '#' + newTitle);\n\t\t\/\/link.setAttribute(\"style\", \"margin-left:\" + tagWidth + \"px\");\n\t\tlink.setAttribute(\"class\", \"acc-h\" + numTag);\n        node.appendChild(link);\n\n        element.appendChild(node);\n\n      }\n    }\n\n    jQuery(document).ready(function(){\t\t\n\t\tindexContent(\".single-post-content\");\n\n\t\tjQuery(\".accordion-toggle\").click(function() {\n\t\t\tjQuery(this).toggleClass(\"open\");\n\t\t\tjQuery(\"#collapseIndex\").slideToggle(\"in\");\n\t\t});\n\t});\n\n\n<\/script>\n\n<style>\n\t.accordion-toggle{\n\t\tcursor:pointer;\n\t}\n\n\t#accordionIndex .panel-heading{\n\t\tmargin-bottom:0px;\n\t}\n\n\t.articulo ul, .articulo ol{\n\t\tmargin-bottom:auto;\n\t}\n\n\t.h-inline{\n\t\tdisplay: inline-flex;\n\t\tflex-wrap: wrap\n\t}\n\t#accordion-index{\n\t\tpadding-left:0px;\n\t}\n\t#accordion-index li a{\n\t\tdisplay:block;\n\t\tpadding-top:5px;\n\t}\n\n\t.acc-h2{\n\t\tmargin-left:0px;\n\t\tposition: relative;\n\t}\n\n\t.acc-h3{\n\t\tmargin-left:25px;\n\t}\n\n\t.acc-h3::before{\n\t\tcontent: \"\";\n\t\tbackground-color:var(--blue-light);\n\t\tmargin-left:-10px;\n\t\twidth: 7px;\n\t\theight: 7px;\n\t\tdisplay: inline-block;\n\t\ttext-align: center;\n\t\tborder-radius: 1000px;\n\t\tmargin-right: 10px;\n    \tmargin-bottom: 2px;\n\t}\n\n\t.acc-h4{\n\t\tmargin-left:40px;\n\t}\n\n\t.acc-h4::before{\n\t\tcontent: \"\";\n\t\tborder: 1px solid var(--blue-light);\n\t\tmargin-left:-5px;\n\t\twidth: 7px;\n\t\theight: 7px;\n\t\tdisplay: inline-block;\n\t\ttext-align: center;\n\t\tborder-radius: 100%;\n\t\tmargin-right: 10px;\n    \tmargin-bottom: 2px;\n\t}\n\n\t.acc-h3:hover::before{\n\t\tbackground-color: var(--blue-darkest);\n\t}\n\n\t.acc-h4:hover::before{\n\t\tborder-color: var(--blue-darkest);\n\t}\n\n\t@media (max-width: 992px){\n\t\t.acc-h2{\n\t\t\tmargin-left:0px;\n\t\t}\n\t\t.acc-h3{\n\t\t\tmargin-left:20px;\n\t\t}\n\t\t.acc-h4{\n\t\t\tmargin-left:40px;\n\t\t}\n\t}\n\n\t\/*\n\th2.h-inline:after,\n\th3.h-inline:after{\n\t\theight: 24px;\n\t\tcontent: \"\";\n\t\tdisplay: table-row;\n\t}*\/\n<\/style>\n\n<div id=\"table-accordion-index\">\n\t<div class=\"panel-group\" id=\"accordionIndex\">\n\t\t<div class=\"panel panel-default\">\n\t\t\t<div class=\"panel-heading\">\n\t\t\t\t<div class=\"panel-title open\"><div class=\"accordion-toggle\" data-toggle=\"collapse\" data-parent=\"#accordion\" aria-expanded=\"true\">\u00edndex<\/div><\/div>\n\t\t\t<\/div>\n\t\t\t<div id=\"collapseIndex\" class=\"panel-collapse collapse in\" aria-expanded=\"true\">\n\t\t\t\t<div class=\"panel-body\">\n\t\t\t\t\t<ul id=\"accordion-index\">\n\t\t\t\t\t<\/ul>\n\t\t\t\t<\/div>\n\t\t\t<\/div>\n\t\t<\/div>\n\t<\/div>\n<\/div><\/span><\/p>\n<h2><b>El proc\u00e9s de generaci\u00f3 de l\u2019electricitat<\/b><\/h2>\n<p><span style=\"font-weight: 400;\">L&#8217;electricitat, com \u00e9s una energia secund\u00e0ria, no es troba disponible a la natura. Per poder-la utilitzar \u00e9s necessari transformar les energies prim\u00e0ries com el petroli, el gas natural, el carb\u00f3, la radiaci\u00f3 solar, la for\u00e7a e\u00f2lica o la mareomotriu en electricitat. El proc\u00e9s de transformaci\u00f3, d\u2019una energia o una altra, varia considerablement. A m\u00e9s, el seu impacte en el medi ambient tamb\u00e9 \u00e9s m\u00e9s gran depenent del tipus de proc\u00e9s f\u00edsic o qu\u00edmic que s&#8217;utilitzi per la seva obtenci\u00f3.<\/span><\/p>\n<p><b><\/b><\/p>\n<ul>\n<li aria-level=\"1\">\n<h3><b>Energia termoel\u00e8ctrica<\/b><\/h3>\n<\/li>\n<\/ul>\n<p><span style=\"font-weight: 400;\">L&#8217;energia termoel\u00e8ctrica \u00e9s la que fa servir calor per generar electricitat. Les primeres mat\u00e8ries per obtenir aquest tipus d&#8217;energia s\u00f3n el petroli o el carb\u00f3. Les centrals termoel\u00e8ctriques s\u00f3n les encarregades de produir electricitat a partir de la calor que generen durant la combusti\u00f3 d\u2019aquestes dos materies. Es tracta, doncs, d&#8217;una energia provinent de combustibles f\u00f2ssils.<\/span><\/p>\n<p><b><\/b><\/p>\n<ul>\n<li aria-level=\"1\">\n<h3><b>Energia nuclear<\/b><\/h3>\n<\/li>\n<\/ul>\n<p><span style=\"font-weight: 400;\">Les <\/span><a href=\"https:\/\/www.factorenergia.com\/ca\/blog\/enten-la-factura-de-la-llum\/el-paper-de-les-centrals-nuclears\/\" title=\"les centrals nuclears i l'energia el\u00e8ctrica\" target=\"_blank\" rel=\"noopener\"><span style=\"font-weight: 400;\">centrals nuclears<\/span><\/a><span style=\"font-weight: 400;\"> produeixen energia mitjan\u00e7ant un proc\u00e9s de fissi\u00f3 nuclear. El seu origen prov\u00e9 dels anys setanta i des d&#8217;aquell moment, han estat una gran soluci\u00f3 per cobrir la gran demanda energ\u00e8tica. Actualment s&#8217;est\u00e0 prescindint d&#8217;aquest tipus d&#8217;energia, ja que s&#8217;est\u00e0 apostant per energies d&#8217;origen renovable.<\/span><\/p>\n\r\n<script type=\"text\/javascript\" async defer>\r\n\r\n    jQuery(document).ready(function(){\t\t\r\n\t\t\r\n\t});\r\n<\/script>\r\n\r\n<style>\r\n\t.block-interested_posts{\r\n        margin-top: 10px;\r\n        padding: 20px;\r\n        border: 2px solid #92C200;\r\n    }\r\n    .block-interested_posts ul{\r\n        margin-bottom:0px;\r\n    }\r\n    .block-interested_posts ul li{\r\n        margin-bottom:5px;\r\n    }\r\n    .block-interested_posts ul li a{\r\n        \/*color: #DF981E;*\/\r\n    }\r\n\r\n<\/style>\r\n\r\n<div class=\"block-interested_posts\">\r\n    <p><strong>Post que et poden interessar<\/strong><\/p>\r\n    <ul>\r\n                    <li><a href=\"https:\/\/www.factorenergia.com\/ca\/blog\/histories-positives\/como-es-produeix-electricitat\/\" title=\"Com es produeix l&#8217;electricitat que arriba a casa nostra?\">Com es produeix l&#8217;electricitat que arriba a casa nostra?<\/a><\/li>\r\n                    <li><a href=\"https:\/\/www.factorenergia.com\/ca\/blog\/enten-la-factura-de-la-llum\/distribuidora-electrica-o-comercialitzadora-electrica\/\" title=\"Distribu\u00efdores i comercialitzadores el\u00e8ctriques: en qu\u00e8 es diferencien\">Distribu\u00efdores i comercialitzadores el\u00e8ctriques: en qu\u00e8 es diferencien<\/a><\/li>\r\n            <\/ul>\t\r\n<\/div>\n<p><b><\/b><\/p>\n<ul>\n<li aria-level=\"1\">\n<h3><b>Energia e\u00f2lica<\/b><\/h3>\n<\/li>\n<\/ul>\n<p><span style=\"font-weight: 400;\">L&#8217;<\/span><a href=\"https:\/\/www.factorenergia.com\/ca\/blog\/eficiencia-energetica\/energia-eolica-com-funciona-i-avantatges-i-desavantatges\/\" title=\"l'energia e\u00f2lica per generar electricitat\" target=\"_blank\" rel=\"noopener\"><span style=\"font-weight: 400;\">energia e\u00f2lica<\/span><\/a><span style=\"font-weight: 400;\"> est\u00e0 catalogada com una font d&#8217;energia neta i es produeix mitjan\u00e7ant l&#8217;\u00fas de molins e\u00f2lics que incorporen turbines i alternadors capa\u00e7os de generar directament l&#8217;electricitat. La producci\u00f3 d&#8217;energia e\u00f2lica a Espanya canvia d&#8217;una comunitat aut\u00f2noma a una altra. Segons <\/span><a href=\"https:\/\/es.statista.com\/estadisticas\/1004129\/potencia-eolica-instalada-por-region-en-espana\/\" title=\"energia e\u00f2lica per regions a Espanya\" target=\"_blank\" rel=\"noopener\"><span style=\"font-weight: 400;\">dades de l\u2019empresa Statista<\/span><\/a><span style=\"font-weight: 400;\">, Castella i Lle\u00f3 va ser la comunitat amb m\u00e9s pres\u00e8ncia d&#8217;energia e\u00f2lica amb una pot\u00e8ncia instal\u00b7lada de 6.270 megawatts el 2020.<\/span><\/p>\n<p><b><\/b><\/p>\n<ul>\n<li aria-level=\"1\">\n<h3><b>Energ\u00eda hidroel\u00e8ctrica<\/b><\/h3>\n<\/li>\n<\/ul>\n<p><span style=\"font-weight: 400;\">L&#8217;energia provinent de l&#8217;aprofitament de salts d&#8217;aigua o corrents d&#8217;aigua es coneix amb el nom d&#8217;<\/span><a href=\"https:\/\/www.factorenergia.com\/ca\/blog\/eficiencia-energetica\/energia-renovable-hidraulica-ca\/\" title=\"l'energia hidr\u00e0ulica per generar electricitat\" target=\"_blank\" rel=\"noopener\"><span style=\"font-weight: 400;\">energia hidr\u00e0ulica<\/span><\/a><span style=\"font-weight: 400;\"> i tamb\u00e9 es considera una <\/span><a href=\"https:\/\/www.factorenergia.com\/ca\/blog\/noticies\/energies-renovables-caracteristiques-tipus-i-nous-reptes\/\" title=\"caracter\u00edstiques de les energies renovables\" target=\"_blank\" rel=\"noopener\"><span style=\"font-weight: 400;\">energia renovable<\/span><\/a><span style=\"font-weight: 400;\">. Les centrals hidroel\u00e8ctriques s\u00f3n les encarregades de produir energia d&#8217;aquest tipus mitjan\u00e7ant el moviment de turbines connectades a un alternador.<\/span><\/p>\n<p><span style=\"font-weight: 400;\">\u00a0<\/span><\/p>\n<ul>\n<li aria-level=\"1\">\n<h3><b>Energia solar<\/b><\/h3>\n<\/li>\n<\/ul>\n<p><span style=\"font-weight: 400;\">L&#8217;energia provinent del sol \u00e9s una de les fonts d&#8217;energia verda m\u00e9s grans de que disposa Espanya. Hi ha dos tipus d\u2019<\/span><a href=\"https:\/\/www.factorenergia.com\/ca\/blog\/autoconsum-electric\/energia-solar-tot-el-que-has-de-saber\/\" title=\"l'energia solar\" target=\"_blank\" rel=\"noopener\"><span style=\"font-weight: 400;\">energia solar<\/span><\/a><span style=\"font-weight: 400;\"> en base a la t\u00e8cnica de producci\u00f3: l\u2019energia solar t\u00e8rmica i l\u2019energia solar fotovoltaica. L&#8217;energia t\u00e8rmica captura la radiaci\u00f3 solar mitjan\u00e7ant col\u00b7lectors i posteriorment, la converteix en calor. L&#8217;energia solar fotovoltaica, a difer\u00e8ncia de la t\u00e8rmica, obt\u00e9 directament l&#8217;electricitat a partir de la radiaci\u00f3 solar.<\/span><span><div class=\"widget-form\">\r\n    \n<div class=\"wpcf7 no-js\" id=\"wpcf7-f21837-o1\" lang=\"es-ES\" dir=\"ltr\">\n<div class=\"screen-reader-response\"><p role=\"status\" aria-live=\"polite\" aria-atomic=\"true\"><\/p> <ul><\/ul><\/div>\n<form action=\"\/ca\/wp-json\/wp\/v2\/posts\/12738#wpcf7-f21837-o1\" method=\"post\" class=\"wpcf7-form init\" aria-label=\"Contact form\" novalidate=\"novalidate\" data-status=\"init\">\n<div style=\"display: none;\">\n<input type=\"hidden\" name=\"_wpcf7\" value=\"21837\" \/>\n<input type=\"hidden\" name=\"_wpcf7_version\" value=\"5.9\" \/>\n<input type=\"hidden\" name=\"_wpcf7_locale\" value=\"es_ES\" \/>\n<input type=\"hidden\" name=\"_wpcf7_unit_tag\" value=\"wpcf7-f21837-o1\" \/>\n<input type=\"hidden\" name=\"_wpcf7_container_post\" value=\"0\" \/>\n<input type=\"hidden\" name=\"_wpcf7_posted_data_hash\" value=\"\" \/>\n<input type=\"hidden\" name=\"_wpcf7_recaptcha_response\" value=\"\" \/>\n<\/div>\n<div class=\"widget-simple-form-ac\">\n\t<div class=\"header-ac\">\n\t\t<p>Aconsegueix el teu estudi gratu\u00eft\n\t\t<\/p>\n\t\t<div class=\"close-form\">\n\t\t\t<p>X\n\t\t\t<\/p>\n\t\t<\/div>\n\t<\/div>\n\t<div class=\"widget-form-ac-container\">\n\t\t<p class=\"subtitle-ac-form\">Amb les nostres Plaques Solars + Bateria Virtual, <span class=\"blue\">redueix a 0\u20ac el consum de la teva factura de la llum.<\/span> No et quedis sense el teu estudi gratis!\n\t\t<\/p>\n\t\t<div class=\"inputs-container\">\n\t\t\t<div class=\"input\">\n\t\t\t\t<p><span class=\"wpcf7-form-control-wrap\" data-name=\"name1\"><input size=\"40\" class=\"wpcf7-form-control wpcf7-text wpcf7-validates-as-required\" id=\"name\" aria-required=\"true\" aria-invalid=\"false\" placeholder=\"Nom\" value=\"\" type=\"text\" name=\"name1\" \/><\/span>\n\t\t\t\t<\/p>\n\t\t\t\t<div class=\"error\">\n\t\t\t\t\t<p><span role='alert' class='wpcf7-not-valid-tip'><\/span>\n\t\t\t\t\t<\/p>\n\t\t\t\t<\/div>\n\t\t\t<\/div>\n\t\t\t<div class=\"input\">\n\t\t\t\t<p><span class=\"wpcf7-form-control-wrap\" data-name=\"lastname\"><input size=\"40\" class=\"wpcf7-form-control wpcf7-text wpcf7-validates-as-required\" id=\"lastname\" aria-required=\"true\" aria-invalid=\"false\" placeholder=\"Cognom\" value=\"\" type=\"text\" name=\"lastname\" \/><\/span>\n\t\t\t\t<\/p>\n\t\t\t\t<div class=\"error\">\n\t\t\t\t\t<p><span role='alert' class='wpcf7-not-valid-tip'><\/span>\n\t\t\t\t\t<\/p>\n\t\t\t\t<\/div>\n\t\t\t<\/div>\n\t\t<\/div>\n\t\t<div class=\"inputs-container\">\n\t\t\t<div class=\"input\">\n\t\t\t\t<p><span class=\"wpcf7-form-control-wrap\" data-name=\"email\"><input size=\"40\" class=\"wpcf7-form-control wpcf7-email wpcf7-validates-as-required wpcf7-text wpcf7-validates-as-email\" aria-required=\"true\" aria-invalid=\"false\" placeholder=\"Email\" value=\"\" type=\"email\" name=\"email\" \/><\/span>\n\t\t\t\t<\/p>\n\t\t\t\t<div class=\"error\">\n\t\t\t\t\t<p><span role='alert' class='wpcf7-not-valid-tip'><\/span>\n\t\t\t\t\t<\/p>\n\t\t\t\t<\/div>\n\t\t\t<\/div>\n\t\t\t<div class=\"input\">\n\t\t\t\t<p><span class=\"wpcf7-form-control-wrap\" data-name=\"tel\"><input size=\"40\" class=\"wpcf7-form-control wpcf7-tel wpcf7-validates-as-required wpcf7-text wpcf7-validates-as-tel\" aria-required=\"true\" aria-invalid=\"false\" placeholder=\"Tel\u00e8fon\" value=\"\" type=\"tel\" name=\"tel\" \/><\/span>\n\t\t\t\t<\/p>\n\t\t\t\t<div class=\"error\">\n\t\t\t\t\t<p><span role='alert' class='wpcf7-not-valid-tip'><\/span>\n\t\t\t\t\t<\/p>\n\t\t\t\t<\/div>\n\t\t\t<\/div>\n\t\t<\/div>\n\t\t<p class=\"legal-text\">En enviar aquest formulari consent que les seves dades siguin tractades per FACTORENERGIA S.A., com a corresponsables, per a remetre-li ofertes i informaci\u00f3 comercial. Pot exercitar els seus drets conforme a l'indicat en la nostra <a href=\"\/ca\/privacidad\/\">Pol\u00edtica de privacitat.<\/a>\n\t\t<\/p>\n\t\t<div class=\"inputs-container\">\n\t\t\t<div class=\"button-submit\">\n\t\t\t\t<p><input class=\"wpcf7-form-control wpcf7-submit has-spinner primary-btn green-btn btn-submit\" type=\"submit\" value=\"Demana el teu estudi gratis\" \/>\n\t\t\t\t<\/p>\n\t\t\t<\/div>\n\t\t<\/div>\n\t<\/div>\n<\/div><div class=\"wpcf7-response-output\" aria-hidden=\"true\"><\/div>\n<\/form>\n<\/div>\n<\/div>\r\n\r\n<div class=\"widget-form-sended\" style=\"display: none\">\r\n    <h4><b>Ben fet!<\/b> Aquest \u00e9s el teu primer pas cap a la independ\u00e8ncia energ\u00e8tica.<\/h4>\r\n    <p>En un m\u00e0xim de 48 hores, un especialista es posar\u00e0 en contacte amb tu per a estudiar el teu cas, assessorar-te i oferir-te la millor soluci\u00f3 energ\u00e8tica.<\/p>\r\n    <div class=\"inputs-container\">\r\n        <div class=\"button-submit\">\r\n            <a class=\"primary-btn center otro-estudio green-btn\">\r\n                Demanar un altre estudi gratis            <\/a>\r\n        <\/div>\r\n        <div class=\"trustpilot-widget trust-widget-form-ac\" data-locale=\"es-ES\" data-template-id=\"5419b732fbfb950b10de65e5\" data-businessunit-id=\"5fd8ae6f2ead35000193bbae\" data-style-height=\"24px\" data-style-width=\"100%\" data-theme=\"light\" style=\"position: relative;\"><iframe title=\"Customer reviews powered by Trustpilot\" loading=\"auto\" src=\"https:\/\/widget.trustpilot.com\/trustboxes\/5419b732fbfb950b10de65e5\/index.html?templateId=5419b732fbfb950b10de65e5&amp;businessunitId=5fd8ae6f2ead35000193bbae#locale=es-ES&amp;styleHeight=24px&amp;styleWidth=100%25&amp;theme=light\" style=\"position: relative; height: 24px; width: 100%; border-style: none; display: block; overflow: hidden;\"><\/iframe><\/div>\r\n    <\/div>\r\n<\/div>\r\n<\/span><\/p>\n<p>&nbsp;<\/p>\n<h2><b>Factorenergia subministra electricitat renovable\u00a0<\/b><\/h2>\n<p><span style=\"font-weight: 400;\">Factorenergia, \u00e9s una comercialitzadora de llum compromesa amb l&#8217;origen de la seva energia i \u00e9s per aix\u00f2, que ofereix als seus clients la possibilitat de comptar amb un subministrament el\u00e8ctric procedent d&#8217;energia verda certificada per la CNMC (Comissi\u00f3 Nacional del Mercat i la Compet\u00e8ncia) . A m\u00e9s, de subministrar energia 100% d&#8217;origen renovable, l&#8217;empresa est\u00e0 immersa en diferents projectes de generaci\u00f3 d&#8217;energia verda mitjan\u00e7ant la creaci\u00f3 de la seva filial <\/span><a href=\"https:\/\/www.factorenergia.com\/ca\/blog\/noticies\/factor-energia-generacion-ca\/\" title=\"Factor Energ\u00eda Generaci\u00f3n\" target=\"_blank\" rel=\"noopener\"><span style=\"font-weight: 400;\">Factor Energ\u00eda Generaci\u00f3n<\/span><\/a><span style=\"font-weight: 400;\">.<\/span><\/p>\n<p><span style=\"font-weight: 400;\">Finalment, \u00e9s important destacar que Factorenergia ha estat la primera energ\u00e8tica espanyola que ha aconseguit la certificaci\u00f3 de <\/span><a href=\"https:\/\/www.factorenergia.com\/ca\/noticias\/certificacio-ods-nacions-unides\/\" title=\"Certificaci\u00f3 ODS\" target=\"_blank\" rel=\"noopener\"><span style=\"font-weight: 400;\">compliment amb els ODS de les Nacions Unides<\/span><\/a><span style=\"font-weight: 400;\"> a nivell de sostenibilitat, medi ambient i estalvi energ\u00e8tic. Si vols gaudir d&#8217;energia neta i d&#8217;origen renovable, no ho dubtis! Escull una empresa compromesa amb el medi ambient i alineada amb l&#8217;<\/span><a href=\"https:\/\/www.factorenergia.com\/ca\/blog\/noticies\/objectius-agenda-2030\/\" title=\"objectius de l'agenda 2030\" target=\"_blank\" rel=\"noopener\"><span style=\"font-weight: 400;\">agenda 2030<\/span><\/a><span style=\"font-weight: 400;\">.<\/span><\/p>\n","protected":false},"excerpt":{"rendered":"<p>L&#8217;electricitat que consumeixes es produeix mitjan\u00e7ant la generaci\u00f3 d&#8217;un mix energ\u00e8tic en que participen diferents tecnologies de producci\u00f3 el\u00e8ctrica. Per\u00f2, quin \u00e9s l&#8217;origen de l&#8217;electricitat i quina proporci\u00f3 del mix energ\u00e8tic consumeixes a casa teva? Si vols con\u00e8ixer d&#8217;on procedeix l&#8217;energia que fas servir cada dia, Segueix llegint!<\/p>\n","protected":false},"author":17,"featured_media":0,"comment_status":"open","ping_status":"closed","sticky":false,"template":"","format":"standard","meta":{"inline_featured_image":false,"footnotes":""},"categories":[57],"tags":[],"acf":{"fecha_de_la_entrada":"20220125","imagen_portada":29710,"categoria_blog":null,"tipo_de_distribuidora":null,"tiempo_lectura":"","banner_bool":false,"titulo_banner":"","texto_banner":"","texto_boton_banner":"","url_boton_banner":"","post_relacionados":""},"yoast_head":"<!-- This site is optimized with the Yoast SEO plugin v22.2 - https:\/\/yoast.com\/wordpress\/plugins\/seo\/ -->\n<title>L&#039;origen de l&#039;electricitat que consumim | factorenergia<\/title>\n<meta name=\"description\" content=\"L&#039;electricitat que consumeixes es produeix de la generaci\u00f3 d&#039;un mix energ\u00e8tic . Si vols con\u00e8ixer d&#039;on procedeix. Segueix llegint!\" \/>\n<meta name=\"robots\" content=\"index, follow, max-snippet:-1, max-image-preview:large, max-video-preview:-1\" \/>\n<link rel=\"canonical\" href=\"https:\/\/www.factorenergia.com\/ca\/blog\/enten-la-factura-de-la-llum\/origen-electricitat-que-consumeixes\/\" \/>\n<meta name=\"twitter:card\" content=\"summary_large_image\" \/>\n<meta name=\"twitter:title\" content=\"L&#039;origen de l&#039;electricitat que consumim | factorenergia\" \/>\n<meta name=\"twitter:description\" content=\"L&#039;electricitat que consumeixes es produeix de la generaci\u00f3 d&#039;un mix energ\u00e8tic . Si vols con\u00e8ixer d&#039;on procedeix. Segueix llegint!\" \/>\n<meta name=\"twitter:creator\" content=\"@factorenergia\" \/>\n<meta name=\"twitter:site\" content=\"@factorenergia\" \/>\n<meta name=\"twitter:label1\" content=\"Written by\" \/>\n\t<meta name=\"twitter:data1\" content=\"Equipo Transici\u00f3n Energ\u00e9tica Factorenergia\" \/>\n\t<meta name=\"twitter:label2\" content=\"Est. reading time\" \/>\n\t<meta name=\"twitter:data2\" content=\"3 minutes\" \/>\n<script type=\"application\/ld+json\" class=\"yoast-schema-graph\">{\"@context\":\"https:\/\/schema.org\",\"@graph\":[{\"@type\":\"WebPage\",\"@id\":\"https:\/\/www.factorenergia.com\/ca\/blog\/enten-la-factura-de-la-llum\/origen-electricitat-que-consumeixes\/\",\"url\":\"https:\/\/www.factorenergia.com\/ca\/blog\/enten-la-factura-de-la-llum\/origen-electricitat-que-consumeixes\/\",\"name\":\"L'origen de l'electricitat que consumim | factorenergia\",\"isPartOf\":{\"@id\":\"https:\/\/www.factorenergia.com\/es\/#website\"},\"datePublished\":\"2022-01-25T09:57:01+00:00\",\"dateModified\":\"2025-08-06T11:14:20+00:00\",\"author\":{\"@id\":\"https:\/\/www.factorenergia.com\/es\/#\/schema\/person\/dff9e4b6dc520720e3a37bdaaedc5841\"},\"description\":\"L'electricitat que consumeixes es produeix de la generaci\u00f3 d'un mix energ\u00e8tic . Si vols con\u00e8ixer d'on procedeix. Segueix llegint!\",\"breadcrumb\":{\"@id\":\"https:\/\/www.factorenergia.com\/ca\/blog\/enten-la-factura-de-la-llum\/origen-electricitat-que-consumeixes\/#breadcrumb\"},\"inLanguage\":\"ca\",\"potentialAction\":[{\"@type\":\"ReadAction\",\"target\":[\"https:\/\/www.factorenergia.com\/ca\/blog\/enten-la-factura-de-la-llum\/origen-electricitat-que-consumeixes\/\"]}]},{\"@type\":\"BreadcrumbList\",\"@id\":\"https:\/\/www.factorenergia.com\/ca\/blog\/enten-la-factura-de-la-llum\/origen-electricitat-que-consumeixes\/#breadcrumb\",\"itemListElement\":[{\"@type\":\"ListItem\",\"position\":1,\"name\":\"Portada\",\"item\":\"https:\/\/www.factorenergia.com\/ca\/\"},{\"@type\":\"ListItem\",\"position\":2,\"name\":\"Saps quin \u00e9s l&#8217;origen de l&#8217;electricitat que consumeixes?\"}]},{\"@type\":\"WebSite\",\"@id\":\"https:\/\/www.factorenergia.com\/es\/#website\",\"url\":\"https:\/\/www.factorenergia.com\/es\/\",\"name\":\"factorenergia\",\"description\":\"factorenergia\",\"potentialAction\":[{\"@type\":\"SearchAction\",\"target\":{\"@type\":\"EntryPoint\",\"urlTemplate\":\"https:\/\/www.factorenergia.com\/es\/?s={search_term_string}\"},\"query-input\":\"required name=search_term_string\"}],\"inLanguage\":\"ca\"},{\"@type\":\"Person\",\"@id\":\"https:\/\/www.factorenergia.com\/es\/#\/schema\/person\/dff9e4b6dc520720e3a37bdaaedc5841\",\"name\":\"Equipo Transici\u00f3n Energ\u00e9tica Factorenergia\",\"image\":{\"@type\":\"ImageObject\",\"inLanguage\":\"ca\",\"@id\":\"https:\/\/www.factorenergia.com\/es\/#\/schema\/person\/image\/\",\"url\":\"https:\/\/secure.gravatar.com\/avatar\/1b7c76bab80ee1c4261b06108874e24b?s=96&d=mm&r=g\",\"contentUrl\":\"https:\/\/secure.gravatar.com\/avatar\/1b7c76bab80ee1c4261b06108874e24b?s=96&d=mm&r=g\",\"caption\":\"Equipo Transici\u00f3n Energ\u00e9tica Factorenergia\"},\"description\":\"El equipo est\u00e1 formado por expertos en materia de Luz, Gas y Eficiencia Energ\u00e9tica, que conocen de primera mano las tendencias del mercado. Su experiencia en el sector les permite ofrecer las mejores soluciones energ\u00e9ticas y resolver las dudas planteadas por los clientes.\",\"sameAs\":[\"https:\/\/www.factorenergia.com\/es\/\",\"https:\/\/www.facebook.com\/factorenergiacom\",\"https:\/\/www.instagram.com\/factorenergia_com\/\",\"https:\/\/es.linkedin.com\/company\/factor-energia\",\"https:\/\/twitter.com\/factorenergia\",\"https:\/\/www.youtube.com\/c\/factorenergiacom\"],\"url\":\"https:\/\/www.factorenergia.com\/ca\/blog\/author\/marketing\/\"}]}<\/script>\n<!-- \/ Yoast SEO plugin. -->","yoast_head_json":{"title":"L'origen de l'electricitat que consumim | factorenergia","description":"L'electricitat que consumeixes es produeix de la generaci\u00f3 d'un mix energ\u00e8tic . Si vols con\u00e8ixer d'on procedeix. Segueix llegint!","robots":{"index":"index","follow":"follow","max-snippet":"max-snippet:-1","max-image-preview":"max-image-preview:large","max-video-preview":"max-video-preview:-1"},"canonical":"https:\/\/www.factorenergia.com\/ca\/blog\/enten-la-factura-de-la-llum\/origen-electricitat-que-consumeixes\/","twitter_card":"summary_large_image","twitter_title":"L'origen de l'electricitat que consumim | factorenergia","twitter_description":"L'electricitat que consumeixes es produeix de la generaci\u00f3 d'un mix energ\u00e8tic . Si vols con\u00e8ixer d'on procedeix. Segueix llegint!","twitter_creator":"@factorenergia","twitter_site":"@factorenergia","twitter_misc":{"Written by":"Equipo Transici\u00f3n Energ\u00e9tica Factorenergia","Est. reading time":"3 minutes"},"schema":{"@context":"https:\/\/schema.org","@graph":[{"@type":"WebPage","@id":"https:\/\/www.factorenergia.com\/ca\/blog\/enten-la-factura-de-la-llum\/origen-electricitat-que-consumeixes\/","url":"https:\/\/www.factorenergia.com\/ca\/blog\/enten-la-factura-de-la-llum\/origen-electricitat-que-consumeixes\/","name":"L'origen de l'electricitat que consumim | factorenergia","isPartOf":{"@id":"https:\/\/www.factorenergia.com\/es\/#website"},"datePublished":"2022-01-25T09:57:01+00:00","dateModified":"2025-08-06T11:14:20+00:00","author":{"@id":"https:\/\/www.factorenergia.com\/es\/#\/schema\/person\/dff9e4b6dc520720e3a37bdaaedc5841"},"description":"L'electricitat que consumeixes es produeix de la generaci\u00f3 d'un mix energ\u00e8tic . Si vols con\u00e8ixer d'on procedeix. Segueix llegint!","breadcrumb":{"@id":"https:\/\/www.factorenergia.com\/ca\/blog\/enten-la-factura-de-la-llum\/origen-electricitat-que-consumeixes\/#breadcrumb"},"inLanguage":"ca","potentialAction":[{"@type":"ReadAction","target":["https:\/\/www.factorenergia.com\/ca\/blog\/enten-la-factura-de-la-llum\/origen-electricitat-que-consumeixes\/"]}]},{"@type":"BreadcrumbList","@id":"https:\/\/www.factorenergia.com\/ca\/blog\/enten-la-factura-de-la-llum\/origen-electricitat-que-consumeixes\/#breadcrumb","itemListElement":[{"@type":"ListItem","position":1,"name":"Portada","item":"https:\/\/www.factorenergia.com\/ca\/"},{"@type":"ListItem","position":2,"name":"Saps quin \u00e9s l&#8217;origen de l&#8217;electricitat que consumeixes?"}]},{"@type":"WebSite","@id":"https:\/\/www.factorenergia.com\/es\/#website","url":"https:\/\/www.factorenergia.com\/es\/","name":"factorenergia","description":"factorenergia","potentialAction":[{"@type":"SearchAction","target":{"@type":"EntryPoint","urlTemplate":"https:\/\/www.factorenergia.com\/es\/?s={search_term_string}"},"query-input":"required name=search_term_string"}],"inLanguage":"ca"},{"@type":"Person","@id":"https:\/\/www.factorenergia.com\/es\/#\/schema\/person\/dff9e4b6dc520720e3a37bdaaedc5841","name":"Equipo Transici\u00f3n Energ\u00e9tica Factorenergia","image":{"@type":"ImageObject","inLanguage":"ca","@id":"https:\/\/www.factorenergia.com\/es\/#\/schema\/person\/image\/","url":"https:\/\/secure.gravatar.com\/avatar\/1b7c76bab80ee1c4261b06108874e24b?s=96&d=mm&r=g","contentUrl":"https:\/\/secure.gravatar.com\/avatar\/1b7c76bab80ee1c4261b06108874e24b?s=96&d=mm&r=g","caption":"Equipo Transici\u00f3n Energ\u00e9tica Factorenergia"},"description":"El equipo est\u00e1 formado por expertos en materia de Luz, Gas y Eficiencia Energ\u00e9tica, que conocen de primera mano las tendencias del mercado. Su experiencia en el sector les permite ofrecer las mejores soluciones energ\u00e9ticas y resolver las dudas planteadas por los clientes.","sameAs":["https:\/\/www.factorenergia.com\/es\/","https:\/\/www.facebook.com\/factorenergiacom","https:\/\/www.instagram.com\/factorenergia_com\/","https:\/\/es.linkedin.com\/company\/factor-energia","https:\/\/twitter.com\/factorenergia","https:\/\/www.youtube.com\/c\/factorenergiacom"],"url":"https:\/\/www.factorenergia.com\/ca\/blog\/author\/marketing\/"}]}},"_links":{"self":[{"href":"https:\/\/www.factorenergia.com\/ca\/wp-json\/wp\/v2\/posts\/12738"}],"collection":[{"href":"https:\/\/www.factorenergia.com\/ca\/wp-json\/wp\/v2\/posts"}],"about":[{"href":"https:\/\/www.factorenergia.com\/ca\/wp-json\/wp\/v2\/types\/post"}],"author":[{"embeddable":true,"href":"https:\/\/www.factorenergia.com\/ca\/wp-json\/wp\/v2\/users\/17"}],"replies":[{"embeddable":true,"href":"https:\/\/www.factorenergia.com\/ca\/wp-json\/wp\/v2\/comments?post=12738"}],"version-history":[{"count":3,"href":"https:\/\/www.factorenergia.com\/ca\/wp-json\/wp\/v2\/posts\/12738\/revisions"}],"predecessor-version":[{"id":29712,"href":"https:\/\/www.factorenergia.com\/ca\/wp-json\/wp\/v2\/posts\/12738\/revisions\/29712"}],"wp:attachment":[{"href":"https:\/\/www.factorenergia.com\/ca\/wp-json\/wp\/v2\/media?parent=12738"}],"wp:term":[{"taxonomy":"category","embeddable":true,"href":"https:\/\/www.factorenergia.com\/ca\/wp-json\/wp\/v2\/categories?post=12738"},{"taxonomy":"post_tag","embeddable":true,"href":"https:\/\/www.factorenergia.com\/ca\/wp-json\/wp\/v2\/tags?post=12738"}],"curies":[{"name":"wp","href":"https:\/\/api.w.org\/{rel}","templated":true}]}}