{"id":12734,"date":"2022-02-03T11:45:25","date_gmt":"2022-02-03T09:45:25","guid":{"rendered":"https:\/\/www.factorenergia.com\/ca\/?post_type=blog&#038;p=12734"},"modified":"2025-08-06T13:06:49","modified_gmt":"2025-08-06T11:06:49","slug":"quina-potencia-llum-contractar-per-casa-teva","status":"publish","type":"post","link":"https:\/\/www.factorenergia.com\/ca\/blog\/enten-la-factura-de-la-llum\/quina-potencia-llum-contractar-per-casa-teva\/","title":{"rendered":"Quina pot\u00e8ncia de llum contractar per a casa teva o negoci?"},"content":{"rendered":"<p><span>\n<script type=\"text\/javascript\" id=\"auto-index\" async defer>\n\n      function indexContent(context){\n\n      var container = document.querySelector(context);\n\n      element = document.getElementById(\"accordion-index\");\n      var titles = Array.from(container.querySelectorAll(\"h2,h3,h4\"));\n\n      for (var i = 0, l = titles.length; i < l; i++) {\n\n\t\tjQuery('#accordionIndex').show();\n\n        var tit = titles[i];\n\t\tvar newTitle = tit.textContent.toLowerCase().replace(\/[^a-zA-Z ]\/g, \"\").replace(\/\\s\/g, '-');\n\t\tvar numTag = Number(tit.tagName.replace(\/[^1-9]\/g, \"\"));\n\t\tvar tagWidth = (numTag*20);\n\n\t\tvar preText = '<span style=\"margin-left:' + tagWidth + 'px\"><\/span>';\n\n        tit.setAttribute(\"id\", newTitle);\n\t\tjQuery(tit).addClass('h-inline');\n\t\t\n\t\tvar toIndex = '<p class=\"h-inline\"><a class=\"blog-toindex\" href=\"#accordionIndex\"><span class=\"glyphicon glyphicon-chevron-up\" aria-hidden=\"true\"><\/span><\/a><\/p>';\n\n\t\tjQuery(toIndex).insertAfter(tit);\n\n        var node = document.createElement(\"LI\");                 \n        var link = document.createElement(\"A\");\n        var textnode = document.createTextNode(tit.textContent);\n\n        link.appendChild(textnode);\n        link.setAttribute(\"href\", '#' + newTitle);\n\t\t\/\/link.setAttribute(\"style\", \"margin-left:\" + tagWidth + \"px\");\n\t\tlink.setAttribute(\"class\", \"acc-h\" + numTag);\n        node.appendChild(link);\n\n        element.appendChild(node);\n\n      }\n    }\n\n    jQuery(document).ready(function(){\t\t\n\t\tindexContent(\".single-post-content\");\n\n\t\tjQuery(\".accordion-toggle\").click(function() {\n\t\t\tjQuery(this).toggleClass(\"open\");\n\t\t\tjQuery(\"#collapseIndex\").slideToggle(\"in\");\n\t\t});\n\t});\n\n\n<\/script>\n\n<style>\n\t.accordion-toggle{\n\t\tcursor:pointer;\n\t}\n\n\t#accordionIndex .panel-heading{\n\t\tmargin-bottom:0px;\n\t}\n\n\t.articulo ul, .articulo ol{\n\t\tmargin-bottom:auto;\n\t}\n\n\t.h-inline{\n\t\tdisplay: inline-flex;\n\t\tflex-wrap: wrap\n\t}\n\t#accordion-index{\n\t\tpadding-left:0px;\n\t}\n\t#accordion-index li a{\n\t\tdisplay:block;\n\t\tpadding-top:5px;\n\t}\n\n\t.acc-h2{\n\t\tmargin-left:0px;\n\t\tposition: relative;\n\t}\n\n\t.acc-h3{\n\t\tmargin-left:25px;\n\t}\n\n\t.acc-h3::before{\n\t\tcontent: \"\";\n\t\tbackground-color:var(--blue-light);\n\t\tmargin-left:-10px;\n\t\twidth: 7px;\n\t\theight: 7px;\n\t\tdisplay: inline-block;\n\t\ttext-align: center;\n\t\tborder-radius: 1000px;\n\t\tmargin-right: 10px;\n    \tmargin-bottom: 2px;\n\t}\n\n\t.acc-h4{\n\t\tmargin-left:40px;\n\t}\n\n\t.acc-h4::before{\n\t\tcontent: \"\";\n\t\tborder: 1px solid var(--blue-light);\n\t\tmargin-left:-5px;\n\t\twidth: 7px;\n\t\theight: 7px;\n\t\tdisplay: inline-block;\n\t\ttext-align: center;\n\t\tborder-radius: 100%;\n\t\tmargin-right: 10px;\n    \tmargin-bottom: 2px;\n\t}\n\n\t.acc-h3:hover::before{\n\t\tbackground-color: var(--blue-darkest);\n\t}\n\n\t.acc-h4:hover::before{\n\t\tborder-color: var(--blue-darkest);\n\t}\n\n\t@media (max-width: 992px){\n\t\t.acc-h2{\n\t\t\tmargin-left:0px;\n\t\t}\n\t\t.acc-h3{\n\t\t\tmargin-left:20px;\n\t\t}\n\t\t.acc-h4{\n\t\t\tmargin-left:40px;\n\t\t}\n\t}\n\n\t\/*\n\th2.h-inline:after,\n\th3.h-inline:after{\n\t\theight: 24px;\n\t\tcontent: \"\";\n\t\tdisplay: table-row;\n\t}*\/\n<\/style>\n\n<div id=\"table-accordion-index\">\n\t<div class=\"panel-group\" id=\"accordionIndex\">\n\t\t<div class=\"panel panel-default\">\n\t\t\t<div class=\"panel-heading\">\n\t\t\t\t<div class=\"panel-title open\"><div class=\"accordion-toggle\" data-toggle=\"collapse\" data-parent=\"#accordion\" aria-expanded=\"true\">\u00edndex<\/div><\/div>\n\t\t\t<\/div>\n\t\t\t<div id=\"collapseIndex\" class=\"panel-collapse collapse in\" aria-expanded=\"true\">\n\t\t\t\t<div class=\"panel-body\">\n\t\t\t\t\t<ul id=\"accordion-index\">\n\t\t\t\t\t<\/ul>\n\t\t\t\t<\/div>\n\t\t\t<\/div>\n\t\t<\/div>\n\t<\/div>\n<\/div><\/span><\/p>\n<h2><b>Entendre la pot\u00e8ncia el\u00e8ctrica<\/b><\/h2>\n<p><span style=\"font-weight: 400;\">La <\/span><a href=\"https:\/\/www.factorenergia.com\/ca\/blog\/enten-la-factura-de-la-llum\/diferencia-entre-potencia-electrica-i-energia\/\" title=\"difen\u00e8ncia entre pot\u00e8ncia el\u00e8ctrica i energia el\u00e8ctrica\" target=\"_blank\" rel=\"noopener\"><span style=\"font-weight: 400;\">pot\u00e8ncia el\u00e8ctrica<\/span><\/a><span style=\"font-weight: 400;\"> consisteix en el nombre de quilowatts (kW) dels quals disposes al teu subministrament i determina quants aparells el\u00e8ctrics pots tenir connectats alhora. D&#8217;aquesta manera, \u00e9s un valor num\u00e8ric que d\u00f3na al consumidor una idea del nombre d&#8217;aparells que pot connectar simult\u00e0niament sense que salti l&#8217;Interruptor de Control de Pot\u00e8ncia (ICP) situat al quadre de llum o <\/span><a href=\"https:\/\/www.factorenergia.com\/ca\/blog\/enten-la-factura-de-la-llum\/llegir-comptador-de-llum\/\" title=\"com llegir el comptador de la llum\" target=\"_blank\" rel=\"noopener\"><span style=\"font-weight: 400;\">comptador digital<\/span><\/a><span style=\"font-weight: 400;\">.<\/span><\/p>\n<p><span style=\"font-weight: 400;\">Es tracta d&#8217;un concepte que apareix a les factures amb el nom de terme fix i que s&#8217;estableix quan es contracta el servei de la llum. La facturaci\u00f3 de la pot\u00e8ncia es realitza per kW contractat al dia i est\u00e0 dividida en dos trams o per\u00edodes (Vall i Punta). \u00c9s possible contractar la mateixa pot\u00e8ncia per a totes les franges hor\u00e0ries del dia o b\u00e9 establir dos trams de pot\u00e8ncia.<\/span><\/p>\n<p>&nbsp;<\/p>\n<h3><b>Calcular la pot\u00e8ncia el\u00e8ctrica<\/b><\/h3>\n<p><span style=\"font-weight: 400;\">Davant el dubte de com calcular la pot\u00e8ncia el\u00e8ctrica de casa teva o negoci, et recomanem que facis una estimaci\u00f3 del consum mitj\u00e0 dels teus electrodom\u00e8stics. Aix\u00f2 ho pots fer amb l&#8217;ajuda d&#8217;un electricista autoritzat o manualment. Si decideixes fer-ho manualment, haur\u00e0s d&#8217;endollar els aparells el\u00e8ctrics i registrar la pot\u00e8ncia que utilitza cadascun d\u2019ells amb l&#8217;ajuda d&#8217;un mesurador el\u00e8ctric.<\/span><\/p>\n<p><span style=\"font-weight: 400;\">Els mesuradors el\u00e8ctrics s\u00f3n ideals per quantificar amb precisi\u00f3 i en temps real la pot\u00e8ncia dels teus dispositius el\u00e8ctrics. Pots emmagatzemar un gran nombre de registres i aix\u00ed sabr\u00e0s quanta energia gasta cada electrodom\u00e8stic o casa teva en la seva totalitat. Adquirint un d&#8217;aquests mesuradors el\u00e8ctrics, tindr\u00e0s controlada la pot\u00e8ncia necess\u00e0ria per a casa teva o negoci.<\/span><\/p>\n\r\n<script type=\"text\/javascript\" async defer>\r\n\r\n    jQuery(document).ready(function(){\t\t\r\n\t\t\r\n\t});\r\n<\/script>\r\n\r\n<style>\r\n\t.block-interested_posts{\r\n        margin-top: 10px;\r\n        padding: 20px;\r\n        border: 2px solid #92C200;\r\n    }\r\n    .block-interested_posts ul{\r\n        margin-bottom:0px;\r\n    }\r\n    .block-interested_posts ul li{\r\n        margin-bottom:5px;\r\n    }\r\n    .block-interested_posts ul li a{\r\n        \/*color: #DF981E;*\/\r\n    }\r\n\r\n<\/style>\r\n\r\n<div class=\"block-interested_posts\">\r\n    <p><strong>Post que et poden interessar<\/strong><\/p>\r\n    <ul>\r\n                    <li><a href=\"https:\/\/www.factorenergia.com\/ca\/blog\/apren-a-estalviar\/consells-per-estalviar-energia-casa\/\" title=\"55 Consells per a estalviar energia a casa\">55 Consells per a estalviar energia a casa<\/a><\/li>\r\n                    <li><a href=\"https:\/\/www.factorenergia.com\/ca\/blog\/enten-la-factura-de-la-llum\/llegir-comptador-de-llum\/\" title=\"Apr\u00e8n a llegir el teu comptador de llum i estalvia a la teva factura\">Apr\u00e8n a llegir el teu comptador de llum i estalvia a la teva factura<\/a><\/li>\r\n            <\/ul>\t\r\n<\/div>\n<p>&nbsp;<\/p>\n<h3><b>Disminuir o augmentar la pot\u00e8ncia<\/b><\/h3>\n<p><span style=\"font-weight: 400;\">Quan tinguis calculada la pot\u00e8ncia de la teva llar o negoci pots plantejar-te si et conv\u00e9 disminuir o augmentar la pot\u00e8ncia. Si consideres que cal fer una modificaci\u00f3 de la teva pot\u00e8ncia contractada pots canviar-la de forma senzilla posant-te en contacte amb la teva comercialitzadora.<\/span><\/p>\n<p><span style=\"font-weight: 400;\">\u00c9s important recordar que les comercialitzadores accepten per llei <\/span><b>dos canvis de pot\u00e8ncia gratu\u00efts<\/b><span style=\"font-weight: 400;\"> entre l&#8217;1 de juny del 2021 i el 31 de maig del 2022, com un factor excepcional. Passada aquesta data, o si se superen els 2 canvis de pot\u00e8ncia, els canvis tenen un cost. Aquest se&#8217;t facturar\u00e0 en el seg\u00fcent rebut despr\u00e9s del canvi, tant si puges com si baixes la pot\u00e8ncia. Si la baixes, trobar\u00e0s a la factura que se&#8217;t cobra en concepte de &#8220;drets d&#8217;enganxament&#8221; i &#8220;drets d&#8217;extensi\u00f3 i d&#8217;acc\u00e9s&#8221; per al cost de pujar la teva pot\u00e8ncia.<\/span><\/p>\n<p><span style=\"font-weight: 400;\">Recorda que si ets un client de factorenergia i necessites un canvi de pot\u00e8ncia el pots sol\u00b7licitar al tel\u00e8fon <\/span><b>900 646 028<\/b><span style=\"font-weight: 400;\">. Es tracta d&#8217;una gesti\u00f3 molt senzilla. <\/span><span style=\"font-weight: 400;\">\u00a0<\/span><\/p>\n<p>&nbsp;<\/p>\n<h3><b>A Factorenergia t&#8217;ajudem a escollir la tarifa de llum correcta\u00a0<\/b><\/h3>\n<p><span style=\"font-weight: 400;\">Un cop tinguis estimada la pot\u00e8ncia de casa teva o negoci, ja sigui mitjan\u00e7ant un electricista o b\u00e9 de forma manual, \u00e9s important escollir una tarifa de llum adequada al teu consum. A Factorenergia disposem d&#8217;<\/span><a href=\"https:\/\/www.factorenergia.com\/ca\/llars\/tarifas\/\" title=\"tarifes de llum\" target=\"_blank\" rel=\"noopener\"><span style=\"font-weight: 400;\">una tarifa de llum fixa i variable<\/span><\/a><span style=\"font-weight: 400;\">. En tots dos casos el preu de la pot\u00e8ncia contractada tindr\u00e0 dos trams (Vall i Punta).<\/span><\/p>\n<div class=\"text-center center blog-cta\"><p>Canvia't a factorenergia i estalvia un 12'5% a la Factura de la Llum ... Per Sempre!<\/p><a class=\"blog-cta primary-btn text-center solicitar-estudio\" target=\"_blank\" title=\"Truca Gratis o Contracta Online en 2 min\" href=\"https:\/\/www.factorenergia.com\/ca\/canvia-de-companyia\/\">Truca Gratis o Contracta Online en 2 min<\/a><p><\/p><div style=\"display:none;\"><p>Canvia't a factorenergia i estalvia un 12'5% a la Factura de la Llum ... Per Sempre!<\/p><\/div>\n\t\t\t<script type='text\/javascript'>\n\t\t\t\tjQuery('.solicitar-estudio').click(function(){\t\t\t\t\t\t\t\t\t\n\t\t\t\t\tdataLayer.push({'language': 'ca'});\n\t\t\t\t\tdataLayer.push({'post_id': '12734'});\n\t\t\t\t\tdataLayer.push({'cat_type': 'luz'});\n\t\t\t\t});\n\t\t\t<\/script>\n\t\t<\/div><br\/>\n<p><span style=\"font-weight: 400;\">Si est\u00e0s pensant en estalviar en la teva factura, potser t&#8217;interessi la nostra <\/span><a href=\"https:\/\/www.factorenergia.com\/ca\/llars\/tarifas\/preu-variable\/\" title=\"tarifa de llum per hores\" target=\"_blank\" rel=\"noopener\"><span style=\"font-weight: 400;\">tarifa de llum per hores<\/span><\/a><span style=\"font-weight: 400;\"> ja que et permetr\u00e0 estalviar-te el cost financer que suposa garantir un preu fix per a tot l&#8217;any. En qualsevol cas, et recomanem que si tens dubtes sobre quina tarifa escollir et posis en contacte amb nosaltres a trav\u00e9s del tel\u00e8fon <\/span><b>900 850 000<\/b><span style=\"font-weight: 400;\">.<\/span><\/p>\n<p>&nbsp;<\/p>\n","protected":false},"excerpt":{"rendered":"<p>Si t&#8217;est\u00e0s preguntant com pots calcular la pot\u00e8ncia \u00f2ptima per a la teva llar o negoci i aix\u00ed evitar sobrecostos a la teva factura, Segueix llegint! En aquest post t&#8217;expliquem la f\u00f3rmula que has de seguir per contractar la pot\u00e8ncia adequada de casa teva o negoci sense que et saltin els ploms.<\/p>\n","protected":false},"author":17,"featured_media":0,"comment_status":"open","ping_status":"closed","sticky":false,"template":"","format":"standard","meta":{"inline_featured_image":false,"footnotes":""},"categories":[57],"tags":[],"acf":{"fecha_de_la_entrada":"20220203","imagen_portada":29704,"categoria_blog":null,"tipo_de_distribuidora":null,"tiempo_lectura":"","banner_bool":false,"titulo_banner":"","texto_banner":"","texto_boton_banner":"","url_boton_banner":"","post_relacionados":""},"yoast_head":"<!-- This site is optimized with the Yoast SEO plugin v22.2 - https:\/\/yoast.com\/wordpress\/plugins\/seo\/ -->\n<title>Quina pot\u00e8ncia de llum contractar? | factorenergia<\/title>\n<meta name=\"description\" content=\"Si t&#039;est\u00e0s preguntant com pots calcular la pot\u00e8ncia \u00f2ptima per a la teva llar o negoci i aix\u00ed evitar sobrecostos a la teva factura, Segueix llegint!\" \/>\n<meta name=\"robots\" content=\"index, follow, max-snippet:-1, max-image-preview:large, max-video-preview:-1\" \/>\n<link rel=\"canonical\" href=\"https:\/\/www.factorenergia.com\/ca\/blog\/enten-la-factura-de-la-llum\/quina-potencia-llum-contractar-per-casa-teva\/\" \/>\n<meta name=\"twitter:card\" content=\"summary_large_image\" \/>\n<meta name=\"twitter:title\" content=\"Quina pot\u00e8ncia de llum contractar? | factorenergia\" \/>\n<meta name=\"twitter:description\" content=\"Si t&#039;est\u00e0s preguntant com pots calcular la pot\u00e8ncia \u00f2ptima per a la teva llar o negoci i aix\u00ed evitar sobrecostos a la teva factura, Segueix llegint!\" \/>\n<meta name=\"twitter:creator\" content=\"@factorenergia\" \/>\n<meta name=\"twitter:site\" content=\"@factorenergia\" \/>\n<meta name=\"twitter:label1\" content=\"Written by\" \/>\n\t<meta name=\"twitter:data1\" content=\"Equipo Transici\u00f3n Energ\u00e9tica Factorenergia\" \/>\n\t<meta name=\"twitter:label2\" content=\"Est. reading time\" \/>\n\t<meta name=\"twitter:data2\" content=\"3 minutes\" \/>\n<script type=\"application\/ld+json\" class=\"yoast-schema-graph\">{\"@context\":\"https:\/\/schema.org\",\"@graph\":[{\"@type\":\"WebPage\",\"@id\":\"https:\/\/www.factorenergia.com\/ca\/blog\/enten-la-factura-de-la-llum\/quina-potencia-llum-contractar-per-casa-teva\/\",\"url\":\"https:\/\/www.factorenergia.com\/ca\/blog\/enten-la-factura-de-la-llum\/quina-potencia-llum-contractar-per-casa-teva\/\",\"name\":\"Quina pot\u00e8ncia de llum contractar? | factorenergia\",\"isPartOf\":{\"@id\":\"https:\/\/www.factorenergia.com\/es\/#website\"},\"datePublished\":\"2022-02-03T09:45:25+00:00\",\"dateModified\":\"2025-08-06T11:06:49+00:00\",\"author\":{\"@id\":\"https:\/\/www.factorenergia.com\/es\/#\/schema\/person\/dff9e4b6dc520720e3a37bdaaedc5841\"},\"description\":\"Si t'est\u00e0s preguntant com pots calcular la pot\u00e8ncia \u00f2ptima per a la teva llar o negoci i aix\u00ed evitar sobrecostos a la teva factura, Segueix llegint!\",\"breadcrumb\":{\"@id\":\"https:\/\/www.factorenergia.com\/ca\/blog\/enten-la-factura-de-la-llum\/quina-potencia-llum-contractar-per-casa-teva\/#breadcrumb\"},\"inLanguage\":\"ca\",\"potentialAction\":[{\"@type\":\"ReadAction\",\"target\":[\"https:\/\/www.factorenergia.com\/ca\/blog\/enten-la-factura-de-la-llum\/quina-potencia-llum-contractar-per-casa-teva\/\"]}]},{\"@type\":\"BreadcrumbList\",\"@id\":\"https:\/\/www.factorenergia.com\/ca\/blog\/enten-la-factura-de-la-llum\/quina-potencia-llum-contractar-per-casa-teva\/#breadcrumb\",\"itemListElement\":[{\"@type\":\"ListItem\",\"position\":1,\"name\":\"Portada\",\"item\":\"https:\/\/www.factorenergia.com\/ca\/\"},{\"@type\":\"ListItem\",\"position\":2,\"name\":\"Quina pot\u00e8ncia de llum contractar per a casa teva o negoci?\"}]},{\"@type\":\"WebSite\",\"@id\":\"https:\/\/www.factorenergia.com\/es\/#website\",\"url\":\"https:\/\/www.factorenergia.com\/es\/\",\"name\":\"factorenergia\",\"description\":\"factorenergia\",\"potentialAction\":[{\"@type\":\"SearchAction\",\"target\":{\"@type\":\"EntryPoint\",\"urlTemplate\":\"https:\/\/www.factorenergia.com\/es\/?s={search_term_string}\"},\"query-input\":\"required name=search_term_string\"}],\"inLanguage\":\"ca\"},{\"@type\":\"Person\",\"@id\":\"https:\/\/www.factorenergia.com\/es\/#\/schema\/person\/dff9e4b6dc520720e3a37bdaaedc5841\",\"name\":\"Equipo Transici\u00f3n Energ\u00e9tica Factorenergia\",\"image\":{\"@type\":\"ImageObject\",\"inLanguage\":\"ca\",\"@id\":\"https:\/\/www.factorenergia.com\/es\/#\/schema\/person\/image\/\",\"url\":\"https:\/\/secure.gravatar.com\/avatar\/1b7c76bab80ee1c4261b06108874e24b?s=96&d=mm&r=g\",\"contentUrl\":\"https:\/\/secure.gravatar.com\/avatar\/1b7c76bab80ee1c4261b06108874e24b?s=96&d=mm&r=g\",\"caption\":\"Equipo Transici\u00f3n Energ\u00e9tica Factorenergia\"},\"description\":\"El equipo est\u00e1 formado por expertos en materia de Luz, Gas y Eficiencia Energ\u00e9tica, que conocen de primera mano las tendencias del mercado. Su experiencia en el sector les permite ofrecer las mejores soluciones energ\u00e9ticas y resolver las dudas planteadas por los clientes.\",\"sameAs\":[\"https:\/\/www.factorenergia.com\/es\/\",\"https:\/\/www.facebook.com\/factorenergiacom\",\"https:\/\/www.instagram.com\/factorenergia_com\/\",\"https:\/\/es.linkedin.com\/company\/factor-energia\",\"https:\/\/twitter.com\/factorenergia\",\"https:\/\/www.youtube.com\/c\/factorenergiacom\"],\"url\":\"https:\/\/www.factorenergia.com\/ca\/blog\/author\/marketing\/\"}]}<\/script>\n<!-- \/ Yoast SEO plugin. -->","yoast_head_json":{"title":"Quina pot\u00e8ncia de llum contractar? | factorenergia","description":"Si t'est\u00e0s preguntant com pots calcular la pot\u00e8ncia \u00f2ptima per a la teva llar o negoci i aix\u00ed evitar sobrecostos a la teva factura, Segueix llegint!","robots":{"index":"index","follow":"follow","max-snippet":"max-snippet:-1","max-image-preview":"max-image-preview:large","max-video-preview":"max-video-preview:-1"},"canonical":"https:\/\/www.factorenergia.com\/ca\/blog\/enten-la-factura-de-la-llum\/quina-potencia-llum-contractar-per-casa-teva\/","twitter_card":"summary_large_image","twitter_title":"Quina pot\u00e8ncia de llum contractar? | factorenergia","twitter_description":"Si t'est\u00e0s preguntant com pots calcular la pot\u00e8ncia \u00f2ptima per a la teva llar o negoci i aix\u00ed evitar sobrecostos a la teva factura, Segueix llegint!","twitter_creator":"@factorenergia","twitter_site":"@factorenergia","twitter_misc":{"Written by":"Equipo Transici\u00f3n Energ\u00e9tica Factorenergia","Est. reading time":"3 minutes"},"schema":{"@context":"https:\/\/schema.org","@graph":[{"@type":"WebPage","@id":"https:\/\/www.factorenergia.com\/ca\/blog\/enten-la-factura-de-la-llum\/quina-potencia-llum-contractar-per-casa-teva\/","url":"https:\/\/www.factorenergia.com\/ca\/blog\/enten-la-factura-de-la-llum\/quina-potencia-llum-contractar-per-casa-teva\/","name":"Quina pot\u00e8ncia de llum contractar? | factorenergia","isPartOf":{"@id":"https:\/\/www.factorenergia.com\/es\/#website"},"datePublished":"2022-02-03T09:45:25+00:00","dateModified":"2025-08-06T11:06:49+00:00","author":{"@id":"https:\/\/www.factorenergia.com\/es\/#\/schema\/person\/dff9e4b6dc520720e3a37bdaaedc5841"},"description":"Si t'est\u00e0s preguntant com pots calcular la pot\u00e8ncia \u00f2ptima per a la teva llar o negoci i aix\u00ed evitar sobrecostos a la teva factura, Segueix llegint!","breadcrumb":{"@id":"https:\/\/www.factorenergia.com\/ca\/blog\/enten-la-factura-de-la-llum\/quina-potencia-llum-contractar-per-casa-teva\/#breadcrumb"},"inLanguage":"ca","potentialAction":[{"@type":"ReadAction","target":["https:\/\/www.factorenergia.com\/ca\/blog\/enten-la-factura-de-la-llum\/quina-potencia-llum-contractar-per-casa-teva\/"]}]},{"@type":"BreadcrumbList","@id":"https:\/\/www.factorenergia.com\/ca\/blog\/enten-la-factura-de-la-llum\/quina-potencia-llum-contractar-per-casa-teva\/#breadcrumb","itemListElement":[{"@type":"ListItem","position":1,"name":"Portada","item":"https:\/\/www.factorenergia.com\/ca\/"},{"@type":"ListItem","position":2,"name":"Quina pot\u00e8ncia de llum contractar per a casa teva o negoci?"}]},{"@type":"WebSite","@id":"https:\/\/www.factorenergia.com\/es\/#website","url":"https:\/\/www.factorenergia.com\/es\/","name":"factorenergia","description":"factorenergia","potentialAction":[{"@type":"SearchAction","target":{"@type":"EntryPoint","urlTemplate":"https:\/\/www.factorenergia.com\/es\/?s={search_term_string}"},"query-input":"required name=search_term_string"}],"inLanguage":"ca"},{"@type":"Person","@id":"https:\/\/www.factorenergia.com\/es\/#\/schema\/person\/dff9e4b6dc520720e3a37bdaaedc5841","name":"Equipo Transici\u00f3n Energ\u00e9tica Factorenergia","image":{"@type":"ImageObject","inLanguage":"ca","@id":"https:\/\/www.factorenergia.com\/es\/#\/schema\/person\/image\/","url":"https:\/\/secure.gravatar.com\/avatar\/1b7c76bab80ee1c4261b06108874e24b?s=96&d=mm&r=g","contentUrl":"https:\/\/secure.gravatar.com\/avatar\/1b7c76bab80ee1c4261b06108874e24b?s=96&d=mm&r=g","caption":"Equipo Transici\u00f3n Energ\u00e9tica Factorenergia"},"description":"El equipo est\u00e1 formado por expertos en materia de Luz, Gas y Eficiencia Energ\u00e9tica, que conocen de primera mano las tendencias del mercado. Su experiencia en el sector les permite ofrecer las mejores soluciones energ\u00e9ticas y resolver las dudas planteadas por los clientes.","sameAs":["https:\/\/www.factorenergia.com\/es\/","https:\/\/www.facebook.com\/factorenergiacom","https:\/\/www.instagram.com\/factorenergia_com\/","https:\/\/es.linkedin.com\/company\/factor-energia","https:\/\/twitter.com\/factorenergia","https:\/\/www.youtube.com\/c\/factorenergiacom"],"url":"https:\/\/www.factorenergia.com\/ca\/blog\/author\/marketing\/"}]}},"_links":{"self":[{"href":"https:\/\/www.factorenergia.com\/ca\/wp-json\/wp\/v2\/posts\/12734"}],"collection":[{"href":"https:\/\/www.factorenergia.com\/ca\/wp-json\/wp\/v2\/posts"}],"about":[{"href":"https:\/\/www.factorenergia.com\/ca\/wp-json\/wp\/v2\/types\/post"}],"author":[{"embeddable":true,"href":"https:\/\/www.factorenergia.com\/ca\/wp-json\/wp\/v2\/users\/17"}],"replies":[{"embeddable":true,"href":"https:\/\/www.factorenergia.com\/ca\/wp-json\/wp\/v2\/comments?post=12734"}],"version-history":[{"count":3,"href":"https:\/\/www.factorenergia.com\/ca\/wp-json\/wp\/v2\/posts\/12734\/revisions"}],"predecessor-version":[{"id":29706,"href":"https:\/\/www.factorenergia.com\/ca\/wp-json\/wp\/v2\/posts\/12734\/revisions\/29706"}],"wp:attachment":[{"href":"https:\/\/www.factorenergia.com\/ca\/wp-json\/wp\/v2\/media?parent=12734"}],"wp:term":[{"taxonomy":"category","embeddable":true,"href":"https:\/\/www.factorenergia.com\/ca\/wp-json\/wp\/v2\/categories?post=12734"},{"taxonomy":"post_tag","embeddable":true,"href":"https:\/\/www.factorenergia.com\/ca\/wp-json\/wp\/v2\/tags?post=12734"}],"curies":[{"name":"wp","href":"https:\/\/api.w.org\/{rel}","templated":true}]}}