{"id":12715,"date":"2022-02-28T17:54:18","date_gmt":"2022-02-28T15:54:18","guid":{"rendered":"https:\/\/www.factorenergia.com\/ca\/?post_type=blog&#038;p=12715"},"modified":"2025-08-06T11:22:23","modified_gmt":"2025-08-06T09:22:23","slug":"autoconsum-a-comunitats-de-propietaris","status":"publish","type":"post","link":"https:\/\/www.factorenergia.com\/ca\/blog\/autoconsum-electric\/autoconsum-a-comunitats-de-propietaris\/","title":{"rendered":"Autoconsum en comunitats de propietaris: 5 aspectes a considerar"},"content":{"rendered":"<p><span>\n<script type=\"text\/javascript\" id=\"auto-index\" async defer>\n\n      function indexContent(context){\n\n      var container = document.querySelector(context);\n\n      element = document.getElementById(\"accordion-index\");\n      var titles = Array.from(container.querySelectorAll(\"h2,h3,h4\"));\n\n      for (var i = 0, l = titles.length; i < l; i++) {\n\n\t\tjQuery('#accordionIndex').show();\n\n        var tit = titles[i];\n\t\tvar newTitle = tit.textContent.toLowerCase().replace(\/[^a-zA-Z ]\/g, \"\").replace(\/\\s\/g, '-');\n\t\tvar numTag = Number(tit.tagName.replace(\/[^1-9]\/g, \"\"));\n\t\tvar tagWidth = (numTag*20);\n\n\t\tvar preText = '<span style=\"margin-left:' + tagWidth + 'px\"><\/span>';\n\n        tit.setAttribute(\"id\", newTitle);\n\t\tjQuery(tit).addClass('h-inline');\n\t\t\n\t\tvar toIndex = '<p class=\"h-inline\"><a class=\"blog-toindex\" href=\"#accordionIndex\"><span class=\"glyphicon glyphicon-chevron-up\" aria-hidden=\"true\"><\/span><\/a><\/p>';\n\n\t\tjQuery(toIndex).insertAfter(tit);\n\n        var node = document.createElement(\"LI\");                 \n        var link = document.createElement(\"A\");\n        var textnode = document.createTextNode(tit.textContent);\n\n        link.appendChild(textnode);\n        link.setAttribute(\"href\", '#' + newTitle);\n\t\t\/\/link.setAttribute(\"style\", \"margin-left:\" + tagWidth + \"px\");\n\t\tlink.setAttribute(\"class\", \"acc-h\" + numTag);\n        node.appendChild(link);\n\n        element.appendChild(node);\n\n      }\n    }\n\n    jQuery(document).ready(function(){\t\t\n\t\tindexContent(\".single-post-content\");\n\n\t\tjQuery(\".accordion-toggle\").click(function() {\n\t\t\tjQuery(this).toggleClass(\"open\");\n\t\t\tjQuery(\"#collapseIndex\").slideToggle(\"in\");\n\t\t});\n\t});\n\n\n<\/script>\n\n<style>\n\t.accordion-toggle{\n\t\tcursor:pointer;\n\t}\n\n\t#accordionIndex .panel-heading{\n\t\tmargin-bottom:0px;\n\t}\n\n\t.articulo ul, .articulo ol{\n\t\tmargin-bottom:auto;\n\t}\n\n\t.h-inline{\n\t\tdisplay: inline-flex;\n\t\tflex-wrap: wrap\n\t}\n\t#accordion-index{\n\t\tpadding-left:0px;\n\t}\n\t#accordion-index li a{\n\t\tdisplay:block;\n\t\tpadding-top:5px;\n\t}\n\n\t.acc-h2{\n\t\tmargin-left:0px;\n\t\tposition: relative;\n\t}\n\n\t.acc-h3{\n\t\tmargin-left:25px;\n\t}\n\n\t.acc-h3::before{\n\t\tcontent: \"\";\n\t\tbackground-color:var(--blue-light);\n\t\tmargin-left:-10px;\n\t\twidth: 7px;\n\t\theight: 7px;\n\t\tdisplay: inline-block;\n\t\ttext-align: center;\n\t\tborder-radius: 1000px;\n\t\tmargin-right: 10px;\n    \tmargin-bottom: 2px;\n\t}\n\n\t.acc-h4{\n\t\tmargin-left:40px;\n\t}\n\n\t.acc-h4::before{\n\t\tcontent: \"\";\n\t\tborder: 1px solid var(--blue-light);\n\t\tmargin-left:-5px;\n\t\twidth: 7px;\n\t\theight: 7px;\n\t\tdisplay: inline-block;\n\t\ttext-align: center;\n\t\tborder-radius: 100%;\n\t\tmargin-right: 10px;\n    \tmargin-bottom: 2px;\n\t}\n\n\t.acc-h3:hover::before{\n\t\tbackground-color: var(--blue-darkest);\n\t}\n\n\t.acc-h4:hover::before{\n\t\tborder-color: var(--blue-darkest);\n\t}\n\n\t@media (max-width: 992px){\n\t\t.acc-h2{\n\t\t\tmargin-left:0px;\n\t\t}\n\t\t.acc-h3{\n\t\t\tmargin-left:20px;\n\t\t}\n\t\t.acc-h4{\n\t\t\tmargin-left:40px;\n\t\t}\n\t}\n\n\t\/*\n\th2.h-inline:after,\n\th3.h-inline:after{\n\t\theight: 24px;\n\t\tcontent: \"\";\n\t\tdisplay: table-row;\n\t}*\/\n<\/style>\n\n<div id=\"table-accordion-index\">\n\t<div class=\"panel-group\" id=\"accordionIndex\">\n\t\t<div class=\"panel panel-default\">\n\t\t\t<div class=\"panel-heading\">\n\t\t\t\t<div class=\"panel-title open\"><div class=\"accordion-toggle\" data-toggle=\"collapse\" data-parent=\"#accordion\" aria-expanded=\"true\">\u00edndex<\/div><\/div>\n\t\t\t<\/div>\n\t\t\t<div id=\"collapseIndex\" class=\"panel-collapse collapse in\" aria-expanded=\"true\">\n\t\t\t\t<div class=\"panel-body\">\n\t\t\t\t\t<ul id=\"accordion-index\">\n\t\t\t\t\t<\/ul>\n\t\t\t\t<\/div>\n\t\t\t<\/div>\n\t\t<\/div>\n\t<\/div>\n<\/div><\/span><\/p>\n<h2>Passos per instal\u00b7lar plaques solars a comunitats de propietaris<\/h2>\n<h3><b>1.La llei d\u00f3na suport a l&#8217;autoconsum col\u00b7lectiu\u00a0\u00a0\u00a0<\/b><\/h3>\n<p><span style=\"font-weight: 400;\">La legislaci\u00f3 actual est\u00e0 a favor de l&#8217;autoconsum col\u00b7lectiu i des que es va aprovar el <\/span><a href=\"https:\/\/www.boe.es\/diario_boe\/txt.php?id=BOE-A-2019-5089\" title=\"Reial Decret 244\/2019\" target=\"_blank\" rel=\"nofollow noopener\"><span style=\"font-weight: 400;\">Reial decret 244\/2019<\/span><\/a><span style=\"font-weight: 400;\"> pel qual es regulen les condicions administratives, t\u00e8cniques i econ\u00f2miques de l&#8217;autoconsum d&#8217;energia el\u00e8ctrica, van quedar establertes les bases per desenvolupar l&#8217;autoconsum individual i el col\u00b7lectiu. A m\u00e9s, en aquest Reial decret tamb\u00e9 es preveu el mecanisme que compensa el d\u00e8ficit de l&#8217;<a href=\"https:\/\/www.factorenergia.com\/ca\/llars\/autoconsum\/\" target=\"_blank\" rel=\"noopener\">autoconsum<\/a> i l&#8217;excedent de les instal\u00b7lacions. Per tant, la llei empara l&#8217;<a href=\"https:\/\/www.factorenergia.com\/ca\/blog\/autoconsum-electric\/es-poden-posar-plaques-solars-en-un-pis\/\"><\/a><a href=\"https:\/\/www.factorenergia.com\/ca\/blog\/autoconsum-electric\/es-poden-posar-plaques-solars-en-un-pis\/\" target=\"_blank\" rel=\"noopener\">autoconsum col\u00b7lectiu<\/a> i estableix una classificaci\u00f3 per a les diferents modalitats d&#8217;<\/span><a href=\"https:\/\/www.factorenergia.com\/ca\/blog\/autoconsum-electric\/5-dubtes-compensacio-excedents\/\" title=\"autoconsum amb compensaci\u00f3 d'excedents\" target=\"_blank\" rel=\"noopener\"><span style=\"font-weight: 400;\">autoconsum amb excedents acollits a compensaci\u00f3<\/span><\/a><span style=\"font-weight: 400;\">.<\/span><\/p>\n<p>&nbsp;<\/p>\n<h3><b>2. L&#8217;estudi de viabilitat \u00e9s imprescindible<\/b><\/h3>\n<p><span style=\"font-weight: 400;\">Abans de realitzar una instal\u00b7laci\u00f3 de panells fotovoltaics a una comunitat de propietaris \u00e9s imprescindible analitzar els perfils de consum que tenen els residents a l&#8217;edifici, \u00e9s a dir la despesa energ\u00e8tica individual de cada habitatge. Tamb\u00e9 \u00e9s important avaluar quin \u00e9s el nivell de despesa d&#8217;enllumenat de les zones comunit\u00e0ries (ascensors, garatges, escales, etc.). Per fer aquest c\u00e0lcul de demanda energ\u00e8tica, a m\u00e9s de revisar el codi <\/span><a href=\"https:\/\/www.factorenergia.com\/ca\/blog\/enten-la-factura-de-la-llum\/que-es-cups\/\" title=\"qu\u00e8 \u00e9s el CUPS?\" target=\"_blank\" rel=\"noopener\"><span style=\"font-weight: 400;\">CUPS<\/span><\/a><span style=\"font-weight: 400;\"> a nivell individual i col\u00b7lectiu, cal establir un pla de viabilitat de les demandes energ\u00e8tiques futures. Per exemple, \u00e9s important avaluar si hi ha ve\u00efns interessats a adquirir un cotxe el\u00e8ctric ja que en aquest cas s&#8217;haurien de tenir en compte certs <\/span><a href=\"https:\/\/www.factorenergia.com\/ca\/blog\/mobilitat-electrica\/requisits-punt-recarrega-vehicle-electric-quan-vius-a-un-pis\/\" title=\"requisits per a un punt de rec\u00e0rrega\" target=\"_blank\" rel=\"noopener\"><span style=\"font-weight: 400;\">requisits que comporta instal\u00b7lar un punt de rec\u00e0rrega de vehicle el\u00e8ctric<\/span><\/a><span style=\"font-weight: 400;\">.<\/span><\/p>\n<p>&nbsp;<\/p>\n<h3><b>3.Un acord de projecte tancat a junta<\/b><\/h3>\n<p><span style=\"font-weight: 400;\">Un cop fet l&#8217;estudi t\u00e8cnic i presentada la proposta de viabilitat de la instal\u00b7laci\u00f3 fotovoltaica, \u00e9s indispensable arribar a un acord privat entre tots els propietaris de l&#8217;edifici donant per v\u00e0lid el projecte. Tot i que fer una instal\u00b7laci\u00f3 fotovoltaica compartida est\u00e0 catalogada com una obra menor, \u00e9s important comptar amb l&#8217;aprovaci\u00f3 majorit\u00e0ria de la junta de ve\u00efns ja que la instal\u00b7laci\u00f3 compartida ha de ser finan\u00e7ada en parts proporcionals. A m\u00e9s, en cas de necessitar signar un pr\u00e9stec \u00e9s important que tamb\u00e9 s&#8217;hagi donat el vistiplau per solucionar la part financera.<\/span><\/p>\n\r\n<script type=\"text\/javascript\" async defer>\r\n\r\n    jQuery(document).ready(function(){\t\t\r\n\t\t\r\n\t});\r\n<\/script>\r\n\r\n<style>\r\n\t.block-interested_posts{\r\n        margin-top: 10px;\r\n        padding: 20px;\r\n        border: 2px solid #92C200;\r\n    }\r\n    .block-interested_posts ul{\r\n        margin-bottom:0px;\r\n    }\r\n    .block-interested_posts ul li{\r\n        margin-bottom:5px;\r\n    }\r\n    .block-interested_posts ul li a{\r\n        \/*color: #DF981E;*\/\r\n    }\r\n\r\n<\/style>\r\n\r\n<div class=\"block-interested_posts\">\r\n    <p><strong>Post que et poden interessar<\/strong><\/p>\r\n    <ul>\r\n                    <li><a href=\"https:\/\/www.factorenergia.com\/ca\/blog\/autoconsum-electric\/dubtes-frequents-autoconsum-solar\/\" title=\"Els dubtes m\u00e9s freq\u00fcents sobre l&#8217;autoconsum solar\">Els dubtes m\u00e9s freq\u00fcents sobre l&#8217;autoconsum solar<\/a><\/li>\r\n                    <li><a href=\"https:\/\/www.factorenergia.com\/ca\/blog\/autoconsum-electric\/quant-costa-instal%c2%b7lar-plaques-solars\/\" title=\"Quant costa instal\u00b7lar plaques solars?\">Quant costa instal\u00b7lar plaques solars?<\/a><\/li>\r\n            <\/ul>\t\r\n<\/div>\n<p>&nbsp;<\/p>\n<h3><b>4.Instal\u00b7laci\u00f3 i posada en marxa del projecte<\/b><\/h3>\n<p><span style=\"font-weight: 400;\">L&#8217;empresa encarregada de fer l&#8217;estudi de viabilitat sol ser l&#8217;encarregada de fer la instal\u00b7laci\u00f3 de les plaques fotovoltaiques. En general, a les comunitats de ve\u00efns, les plaques tendeixen a col\u00b7locar-se a cobertes o terrasses. La mateixa empresa que hagi realitzat l\u2019estudi de viabilitat ser\u00e0, per norma general, la que s\u2019encarregui de procedir a instal\u00b7lar les infraestructures dels panells, realitzar les connexions el\u00e8ctriques comunit\u00e0ries i individuals i tramitar tots els permisos necessaris davant les entitats locals. A m\u00e9s, les empreses com a factorenergia que s&#8217;encarreguen de la instal\u00b7laci\u00f3, tamb\u00e9 contemplen la monitoritzaci\u00f3 i seguiment del projecte. La fase posterior a la instal\u00b7laci\u00f3 \u00e9s una etapa molt important per mesurar el rendiment de les plaques i la seva producci\u00f3 i, per tant, \u00e9s un servei que est\u00e0 incl\u00f2s a factorenergia.<\/span><\/p>\n<p>&nbsp;<\/p>\n<h3><b>5.Estalvi a la factura per sobrants energ\u00e8tics<\/b><\/h3>\n<p><span style=\"font-weight: 400;\">Un altre dels avantatges que implica fer una instal\u00b7laci\u00f3 fotovoltaica d&#8217;\u00fas compartit \u00e9s l&#8217;estalvi que s&#8217;obt\u00e9 a la factura mitjan\u00e7ant la compensaci\u00f3 simplificada d&#8217;excedents. Aquelles comunitats que compten amb una instal\u00b7laci\u00f3 fotovoltaica per a autoconsum menor a 100 kW, correctament legalitzada i amb un punt de subministrament contractat amb factorenergia, poden beneficiar-se d&#8217;un abonament a la factura quan produeixin m\u00e9s energia de la que consumeixen. Aquesta <\/span><a href=\"https:\/\/www.factorenergia.com\/ca\/blog\/autoconsum-electric\/millor-preu-de-compensacio-excedents\/\" title=\"preus per compensaci\u00f3 d'excedents d'autoconsum\" target=\"_blank\" rel=\"noopener\"><span style=\"font-weight: 400;\">compensaci\u00f3 que aplica factorenergia<\/span><\/a><span style=\"font-weight: 400;\">, es veur\u00e0 reflectida a la factura de llum, com a estalvi addicional.<\/span><br \/>\n<span><div class=\"widget-form\">\r\n    \n<div class=\"wpcf7 no-js\" id=\"wpcf7-f21837-o1\" lang=\"es-ES\" dir=\"ltr\">\n<div class=\"screen-reader-response\"><p role=\"status\" aria-live=\"polite\" aria-atomic=\"true\"><\/p> <ul><\/ul><\/div>\n<form action=\"\/ca\/wp-json\/wp\/v2\/posts\/12715#wpcf7-f21837-o1\" method=\"post\" class=\"wpcf7-form init\" aria-label=\"Contact form\" novalidate=\"novalidate\" data-status=\"init\">\n<div style=\"display: none;\">\n<input type=\"hidden\" name=\"_wpcf7\" value=\"21837\" \/>\n<input type=\"hidden\" name=\"_wpcf7_version\" value=\"5.9\" \/>\n<input type=\"hidden\" name=\"_wpcf7_locale\" value=\"es_ES\" \/>\n<input type=\"hidden\" name=\"_wpcf7_unit_tag\" value=\"wpcf7-f21837-o1\" \/>\n<input type=\"hidden\" name=\"_wpcf7_container_post\" value=\"0\" \/>\n<input type=\"hidden\" name=\"_wpcf7_posted_data_hash\" value=\"\" \/>\n<input type=\"hidden\" name=\"_wpcf7_recaptcha_response\" value=\"\" \/>\n<\/div>\n<div class=\"widget-simple-form-ac\">\n\t<div class=\"header-ac\">\n\t\t<p>Aconsegueix el teu estudi gratu\u00eft\n\t\t<\/p>\n\t\t<div class=\"close-form\">\n\t\t\t<p>X\n\t\t\t<\/p>\n\t\t<\/div>\n\t<\/div>\n\t<div class=\"widget-form-ac-container\">\n\t\t<p class=\"subtitle-ac-form\">Amb les nostres Plaques Solars + Bateria Virtual, <span class=\"blue\">redueix a 0\u20ac el consum de la teva factura de la llum.<\/span> No et quedis sense el teu estudi gratis!\n\t\t<\/p>\n\t\t<div class=\"inputs-container\">\n\t\t\t<div class=\"input\">\n\t\t\t\t<p><span class=\"wpcf7-form-control-wrap\" data-name=\"name1\"><input size=\"40\" class=\"wpcf7-form-control wpcf7-text wpcf7-validates-as-required\" id=\"name\" aria-required=\"true\" aria-invalid=\"false\" placeholder=\"Nom\" value=\"\" type=\"text\" name=\"name1\" \/><\/span>\n\t\t\t\t<\/p>\n\t\t\t\t<div class=\"error\">\n\t\t\t\t\t<p><span role='alert' class='wpcf7-not-valid-tip'><\/span>\n\t\t\t\t\t<\/p>\n\t\t\t\t<\/div>\n\t\t\t<\/div>\n\t\t\t<div class=\"input\">\n\t\t\t\t<p><span class=\"wpcf7-form-control-wrap\" data-name=\"lastname\"><input size=\"40\" class=\"wpcf7-form-control wpcf7-text wpcf7-validates-as-required\" id=\"lastname\" aria-required=\"true\" aria-invalid=\"false\" placeholder=\"Cognom\" value=\"\" type=\"text\" name=\"lastname\" \/><\/span>\n\t\t\t\t<\/p>\n\t\t\t\t<div class=\"error\">\n\t\t\t\t\t<p><span role='alert' class='wpcf7-not-valid-tip'><\/span>\n\t\t\t\t\t<\/p>\n\t\t\t\t<\/div>\n\t\t\t<\/div>\n\t\t<\/div>\n\t\t<div class=\"inputs-container\">\n\t\t\t<div class=\"input\">\n\t\t\t\t<p><span class=\"wpcf7-form-control-wrap\" data-name=\"email\"><input size=\"40\" class=\"wpcf7-form-control wpcf7-email wpcf7-validates-as-required wpcf7-text wpcf7-validates-as-email\" aria-required=\"true\" aria-invalid=\"false\" placeholder=\"Email\" value=\"\" type=\"email\" name=\"email\" \/><\/span>\n\t\t\t\t<\/p>\n\t\t\t\t<div class=\"error\">\n\t\t\t\t\t<p><span role='alert' class='wpcf7-not-valid-tip'><\/span>\n\t\t\t\t\t<\/p>\n\t\t\t\t<\/div>\n\t\t\t<\/div>\n\t\t\t<div class=\"input\">\n\t\t\t\t<p><span class=\"wpcf7-form-control-wrap\" data-name=\"tel\"><input size=\"40\" class=\"wpcf7-form-control wpcf7-tel wpcf7-validates-as-required wpcf7-text wpcf7-validates-as-tel\" aria-required=\"true\" aria-invalid=\"false\" placeholder=\"Tel\u00e8fon\" value=\"\" type=\"tel\" name=\"tel\" \/><\/span>\n\t\t\t\t<\/p>\n\t\t\t\t<div class=\"error\">\n\t\t\t\t\t<p><span role='alert' class='wpcf7-not-valid-tip'><\/span>\n\t\t\t\t\t<\/p>\n\t\t\t\t<\/div>\n\t\t\t<\/div>\n\t\t<\/div>\n\t\t<p class=\"legal-text\">En enviar aquest formulari consent que les seves dades siguin tractades per FACTORENERGIA S.A., com a corresponsables, per a remetre-li ofertes i informaci\u00f3 comercial. Pot exercitar els seus drets conforme a l'indicat en la nostra <a href=\"\/ca\/privacidad\/\">Pol\u00edtica de privacitat.<\/a>\n\t\t<\/p>\n\t\t<div class=\"inputs-container\">\n\t\t\t<div class=\"button-submit\">\n\t\t\t\t<p><input class=\"wpcf7-form-control wpcf7-submit has-spinner primary-btn green-btn btn-submit\" type=\"submit\" value=\"Demana el teu estudi gratis\" \/>\n\t\t\t\t<\/p>\n\t\t\t<\/div>\n\t\t<\/div>\n\t<\/div>\n<\/div><div class=\"wpcf7-response-output\" aria-hidden=\"true\"><\/div>\n<\/form>\n<\/div>\n<\/div>\r\n\r\n<div class=\"widget-form-sended\" style=\"display: none\">\r\n    <h4><b>Ben fet!<\/b> Aquest \u00e9s el teu primer pas cap a la independ\u00e8ncia energ\u00e8tica.<\/h4>\r\n    <p>En un m\u00e0xim de 48 hores, un especialista es posar\u00e0 en contacte amb tu per a estudiar el teu cas, assessorar-te i oferir-te la millor soluci\u00f3 energ\u00e8tica.<\/p>\r\n    <div class=\"inputs-container\">\r\n        <div class=\"button-submit\">\r\n            <a class=\"primary-btn center otro-estudio green-btn\">\r\n                Demanar un altre estudi gratis            <\/a>\r\n        <\/div>\r\n        <div class=\"trustpilot-widget trust-widget-form-ac\" data-locale=\"es-ES\" data-template-id=\"5419b732fbfb950b10de65e5\" data-businessunit-id=\"5fd8ae6f2ead35000193bbae\" data-style-height=\"24px\" data-style-width=\"100%\" data-theme=\"light\" style=\"position: relative;\"><iframe title=\"Customer reviews powered by Trustpilot\" loading=\"auto\" src=\"https:\/\/widget.trustpilot.com\/trustboxes\/5419b732fbfb950b10de65e5\/index.html?templateId=5419b732fbfb950b10de65e5&amp;businessunitId=5fd8ae6f2ead35000193bbae#locale=es-ES&amp;styleHeight=24px&amp;styleWidth=100%25&amp;theme=light\" style=\"position: relative; height: 24px; width: 100%; border-style: none; display: block; overflow: hidden;\"><\/iframe><\/div>\r\n    <\/div>\r\n<\/div>\r\n<\/span><\/p>\n<p>&nbsp;<\/p>\n<h2><b>El teu projecte d&#8217;autoconsum compartit amb factorenergia<\/b><\/h2>\n<p><span style=\"font-weight: 400;\">Les comunitats de propietaris tenen una gran oportunitat al seu abast per aconseguir que els seus habitatges siguin molt m\u00e9s eficients a nivell energ\u00e8tic, sostenibles i alhora estalviar a la factura el\u00e8ctrica. Enderrocar les barreres que hi ha a l&#8217;autoconsum compartit i aconseguir que tot aquest proc\u00e9s sigui senzill per als propietaris que viuen en un bloc de pisos, \u00e9s un dels objectius de factorenergia. Per aix\u00f2, si est\u00e0s interessat que preparem un projecte per a la teva comunitat sense cost, et recomanem posar-te en contacte amb nosaltres i enviar un correu electr\u00f2nic a aaff@factorenergia.com. Ens ocupem del teu projecte d&#8217;inici a fi per tal que la teva comunitat pugui comen\u00e7ar a produir energia 100% renovable!\u00a0<\/span><\/p>\n<p>&nbsp;<\/p>\n","protected":false},"excerpt":{"rendered":"<p>L&#8217;autoconsum col\u00b7lectiu \u00e9s un dels grans reptes al que s&#8217;enfronten les comunitats de ve\u00efns ubicades en nuclis urbans. Aquells que viuen en un pis i no tenen espai a casa seva per fer una instal\u00b7laci\u00f3 de plaques solars fotovoltaiques, poden a partir d&#8217;ara, accedir a l&#8217;autoconsum compartit. \u00a1Viure en un pis i generar la teva pr\u00f2pia electricitat no \u00e9s incompatible! Aquests s\u00f3n els 5 aspectes que has de tenir en compte:<\/p>\n","protected":false},"author":17,"featured_media":0,"comment_status":"open","ping_status":"closed","sticky":false,"template":"","format":"standard","meta":{"inline_featured_image":false,"footnotes":""},"categories":[66],"tags":[],"acf":{"fecha_de_la_entrada":"20220228","imagen_portada":29617,"categoria_blog":null,"tipo_de_distribuidora":null,"tiempo_lectura":"","banner_bool":false,"titulo_banner":"","texto_banner":"","texto_boton_banner":"","url_boton_banner":"","post_relacionados":""},"yoast_head":"<!-- This site is optimized with the Yoast SEO plugin v22.2 - https:\/\/yoast.com\/wordpress\/plugins\/seo\/ -->\n<title>Plaques solars a comunitats de propietaris | factorenergia<\/title>\n<meta name=\"description\" content=\"T&#039;expliquem els factors a tenir en compte a l&#039;hora d&#039;instal\u00b7lar plaques solars a una comunitat de propietaris. Benvinguts a l&#039;autoconsum compartit.\" \/>\n<meta name=\"robots\" content=\"index, follow, max-snippet:-1, max-image-preview:large, max-video-preview:-1\" \/>\n<link rel=\"canonical\" href=\"https:\/\/www.factorenergia.com\/ca\/blog\/autoconsum-electric\/autoconsum-a-comunitats-de-propietaris\/\" \/>\n<meta name=\"twitter:card\" content=\"summary_large_image\" \/>\n<meta name=\"twitter:title\" content=\"Plaques solars a comunitats de propietaris | factorenergia\" \/>\n<meta name=\"twitter:description\" content=\"T&#039;expliquem els factors a tenir en compte a l&#039;hora d&#039;instal\u00b7lar plaques solars a una comunitat de propietaris. Benvinguts a l&#039;autoconsum compartit.\" \/>\n<meta name=\"twitter:creator\" content=\"@factorenergia\" \/>\n<meta name=\"twitter:site\" content=\"@factorenergia\" \/>\n<meta name=\"twitter:label1\" content=\"Written by\" \/>\n\t<meta name=\"twitter:data1\" content=\"Equipo Transici\u00f3n Energ\u00e9tica Factorenergia\" \/>\n\t<meta name=\"twitter:label2\" content=\"Est. reading time\" \/>\n\t<meta name=\"twitter:data2\" content=\"4 minutes\" \/>\n<script type=\"application\/ld+json\" class=\"yoast-schema-graph\">{\"@context\":\"https:\/\/schema.org\",\"@graph\":[{\"@type\":\"WebPage\",\"@id\":\"https:\/\/www.factorenergia.com\/ca\/blog\/autoconsum-electric\/autoconsum-a-comunitats-de-propietaris\/\",\"url\":\"https:\/\/www.factorenergia.com\/ca\/blog\/autoconsum-electric\/autoconsum-a-comunitats-de-propietaris\/\",\"name\":\"Plaques solars a comunitats de propietaris | factorenergia\",\"isPartOf\":{\"@id\":\"https:\/\/www.factorenergia.com\/es\/#website\"},\"datePublished\":\"2022-02-28T15:54:18+00:00\",\"dateModified\":\"2025-08-06T09:22:23+00:00\",\"author\":{\"@id\":\"https:\/\/www.factorenergia.com\/es\/#\/schema\/person\/dff9e4b6dc520720e3a37bdaaedc5841\"},\"description\":\"T'expliquem els factors a tenir en compte a l'hora d'instal\u00b7lar plaques solars a una comunitat de propietaris. Benvinguts a l'autoconsum compartit.\",\"breadcrumb\":{\"@id\":\"https:\/\/www.factorenergia.com\/ca\/blog\/autoconsum-electric\/autoconsum-a-comunitats-de-propietaris\/#breadcrumb\"},\"inLanguage\":\"ca\",\"potentialAction\":[{\"@type\":\"ReadAction\",\"target\":[\"https:\/\/www.factorenergia.com\/ca\/blog\/autoconsum-electric\/autoconsum-a-comunitats-de-propietaris\/\"]}]},{\"@type\":\"BreadcrumbList\",\"@id\":\"https:\/\/www.factorenergia.com\/ca\/blog\/autoconsum-electric\/autoconsum-a-comunitats-de-propietaris\/#breadcrumb\",\"itemListElement\":[{\"@type\":\"ListItem\",\"position\":1,\"name\":\"Portada\",\"item\":\"https:\/\/www.factorenergia.com\/ca\/\"},{\"@type\":\"ListItem\",\"position\":2,\"name\":\"Autoconsum en comunitats de propietaris: 5 aspectes a considerar\"}]},{\"@type\":\"WebSite\",\"@id\":\"https:\/\/www.factorenergia.com\/es\/#website\",\"url\":\"https:\/\/www.factorenergia.com\/es\/\",\"name\":\"factorenergia\",\"description\":\"factorenergia\",\"potentialAction\":[{\"@type\":\"SearchAction\",\"target\":{\"@type\":\"EntryPoint\",\"urlTemplate\":\"https:\/\/www.factorenergia.com\/es\/?s={search_term_string}\"},\"query-input\":\"required name=search_term_string\"}],\"inLanguage\":\"ca\"},{\"@type\":\"Person\",\"@id\":\"https:\/\/www.factorenergia.com\/es\/#\/schema\/person\/dff9e4b6dc520720e3a37bdaaedc5841\",\"name\":\"Equipo Transici\u00f3n Energ\u00e9tica Factorenergia\",\"image\":{\"@type\":\"ImageObject\",\"inLanguage\":\"ca\",\"@id\":\"https:\/\/www.factorenergia.com\/es\/#\/schema\/person\/image\/\",\"url\":\"https:\/\/secure.gravatar.com\/avatar\/1b7c76bab80ee1c4261b06108874e24b?s=96&d=mm&r=g\",\"contentUrl\":\"https:\/\/secure.gravatar.com\/avatar\/1b7c76bab80ee1c4261b06108874e24b?s=96&d=mm&r=g\",\"caption\":\"Equipo Transici\u00f3n Energ\u00e9tica Factorenergia\"},\"description\":\"El equipo est\u00e1 formado por expertos en materia de Luz, Gas y Eficiencia Energ\u00e9tica, que conocen de primera mano las tendencias del mercado. Su experiencia en el sector les permite ofrecer las mejores soluciones energ\u00e9ticas y resolver las dudas planteadas por los clientes.\",\"sameAs\":[\"https:\/\/www.factorenergia.com\/es\/\",\"https:\/\/www.facebook.com\/factorenergiacom\",\"https:\/\/www.instagram.com\/factorenergia_com\/\",\"https:\/\/es.linkedin.com\/company\/factor-energia\",\"https:\/\/twitter.com\/factorenergia\",\"https:\/\/www.youtube.com\/c\/factorenergiacom\"],\"url\":\"https:\/\/www.factorenergia.com\/ca\/blog\/author\/marketing\/\"}]}<\/script>\n<!-- \/ Yoast SEO plugin. -->","yoast_head_json":{"title":"Plaques solars a comunitats de propietaris | factorenergia","description":"T'expliquem els factors a tenir en compte a l'hora d'instal\u00b7lar plaques solars a una comunitat de propietaris. Benvinguts a l'autoconsum compartit.","robots":{"index":"index","follow":"follow","max-snippet":"max-snippet:-1","max-image-preview":"max-image-preview:large","max-video-preview":"max-video-preview:-1"},"canonical":"https:\/\/www.factorenergia.com\/ca\/blog\/autoconsum-electric\/autoconsum-a-comunitats-de-propietaris\/","twitter_card":"summary_large_image","twitter_title":"Plaques solars a comunitats de propietaris | factorenergia","twitter_description":"T'expliquem els factors a tenir en compte a l'hora d'instal\u00b7lar plaques solars a una comunitat de propietaris. Benvinguts a l'autoconsum compartit.","twitter_creator":"@factorenergia","twitter_site":"@factorenergia","twitter_misc":{"Written by":"Equipo Transici\u00f3n Energ\u00e9tica Factorenergia","Est. reading time":"4 minutes"},"schema":{"@context":"https:\/\/schema.org","@graph":[{"@type":"WebPage","@id":"https:\/\/www.factorenergia.com\/ca\/blog\/autoconsum-electric\/autoconsum-a-comunitats-de-propietaris\/","url":"https:\/\/www.factorenergia.com\/ca\/blog\/autoconsum-electric\/autoconsum-a-comunitats-de-propietaris\/","name":"Plaques solars a comunitats de propietaris | factorenergia","isPartOf":{"@id":"https:\/\/www.factorenergia.com\/es\/#website"},"datePublished":"2022-02-28T15:54:18+00:00","dateModified":"2025-08-06T09:22:23+00:00","author":{"@id":"https:\/\/www.factorenergia.com\/es\/#\/schema\/person\/dff9e4b6dc520720e3a37bdaaedc5841"},"description":"T'expliquem els factors a tenir en compte a l'hora d'instal\u00b7lar plaques solars a una comunitat de propietaris. Benvinguts a l'autoconsum compartit.","breadcrumb":{"@id":"https:\/\/www.factorenergia.com\/ca\/blog\/autoconsum-electric\/autoconsum-a-comunitats-de-propietaris\/#breadcrumb"},"inLanguage":"ca","potentialAction":[{"@type":"ReadAction","target":["https:\/\/www.factorenergia.com\/ca\/blog\/autoconsum-electric\/autoconsum-a-comunitats-de-propietaris\/"]}]},{"@type":"BreadcrumbList","@id":"https:\/\/www.factorenergia.com\/ca\/blog\/autoconsum-electric\/autoconsum-a-comunitats-de-propietaris\/#breadcrumb","itemListElement":[{"@type":"ListItem","position":1,"name":"Portada","item":"https:\/\/www.factorenergia.com\/ca\/"},{"@type":"ListItem","position":2,"name":"Autoconsum en comunitats de propietaris: 5 aspectes a considerar"}]},{"@type":"WebSite","@id":"https:\/\/www.factorenergia.com\/es\/#website","url":"https:\/\/www.factorenergia.com\/es\/","name":"factorenergia","description":"factorenergia","potentialAction":[{"@type":"SearchAction","target":{"@type":"EntryPoint","urlTemplate":"https:\/\/www.factorenergia.com\/es\/?s={search_term_string}"},"query-input":"required name=search_term_string"}],"inLanguage":"ca"},{"@type":"Person","@id":"https:\/\/www.factorenergia.com\/es\/#\/schema\/person\/dff9e4b6dc520720e3a37bdaaedc5841","name":"Equipo Transici\u00f3n Energ\u00e9tica Factorenergia","image":{"@type":"ImageObject","inLanguage":"ca","@id":"https:\/\/www.factorenergia.com\/es\/#\/schema\/person\/image\/","url":"https:\/\/secure.gravatar.com\/avatar\/1b7c76bab80ee1c4261b06108874e24b?s=96&d=mm&r=g","contentUrl":"https:\/\/secure.gravatar.com\/avatar\/1b7c76bab80ee1c4261b06108874e24b?s=96&d=mm&r=g","caption":"Equipo Transici\u00f3n Energ\u00e9tica Factorenergia"},"description":"El equipo est\u00e1 formado por expertos en materia de Luz, Gas y Eficiencia Energ\u00e9tica, que conocen de primera mano las tendencias del mercado. Su experiencia en el sector les permite ofrecer las mejores soluciones energ\u00e9ticas y resolver las dudas planteadas por los clientes.","sameAs":["https:\/\/www.factorenergia.com\/es\/","https:\/\/www.facebook.com\/factorenergiacom","https:\/\/www.instagram.com\/factorenergia_com\/","https:\/\/es.linkedin.com\/company\/factor-energia","https:\/\/twitter.com\/factorenergia","https:\/\/www.youtube.com\/c\/factorenergiacom"],"url":"https:\/\/www.factorenergia.com\/ca\/blog\/author\/marketing\/"}]}},"_links":{"self":[{"href":"https:\/\/www.factorenergia.com\/ca\/wp-json\/wp\/v2\/posts\/12715"}],"collection":[{"href":"https:\/\/www.factorenergia.com\/ca\/wp-json\/wp\/v2\/posts"}],"about":[{"href":"https:\/\/www.factorenergia.com\/ca\/wp-json\/wp\/v2\/types\/post"}],"author":[{"embeddable":true,"href":"https:\/\/www.factorenergia.com\/ca\/wp-json\/wp\/v2\/users\/17"}],"replies":[{"embeddable":true,"href":"https:\/\/www.factorenergia.com\/ca\/wp-json\/wp\/v2\/comments?post=12715"}],"version-history":[{"count":4,"href":"https:\/\/www.factorenergia.com\/ca\/wp-json\/wp\/v2\/posts\/12715\/revisions"}],"predecessor-version":[{"id":29619,"href":"https:\/\/www.factorenergia.com\/ca\/wp-json\/wp\/v2\/posts\/12715\/revisions\/29619"}],"wp:attachment":[{"href":"https:\/\/www.factorenergia.com\/ca\/wp-json\/wp\/v2\/media?parent=12715"}],"wp:term":[{"taxonomy":"category","embeddable":true,"href":"https:\/\/www.factorenergia.com\/ca\/wp-json\/wp\/v2\/categories?post=12715"},{"taxonomy":"post_tag","embeddable":true,"href":"https:\/\/www.factorenergia.com\/ca\/wp-json\/wp\/v2\/tags?post=12715"}],"curies":[{"name":"wp","href":"https:\/\/api.w.org\/{rel}","templated":true}]}}