{"id":11975,"date":"2021-12-10T13:17:53","date_gmt":"2021-12-10T11:17:53","guid":{"rendered":"https:\/\/www.factorenergia.com\/ca\/?post_type=blog&#038;p=11975"},"modified":"2025-08-06T11:26:10","modified_gmt":"2025-08-06T09:26:10","slug":"5-dubtes-compensacio-excedents","status":"publish","type":"post","link":"https:\/\/www.factorenergia.com\/ca\/blog\/autoconsum-electric\/5-dubtes-compensacio-excedents\/","title":{"rendered":"Els 5 dubtes m\u00e9s freq\u00fcents sobre la compensaci\u00f3 d&#8217;excedents"},"content":{"rendered":"<p><span>\n<script type=\"text\/javascript\" id=\"auto-index\" async defer>\n\n      function indexContent(context){\n\n      var container = document.querySelector(context);\n\n      element = document.getElementById(\"accordion-index\");\n      var titles = Array.from(container.querySelectorAll(\"h2,h3\"));\n\n      for (var i = 0, l = titles.length; i < l; i++) {\n\n\t\tjQuery('#accordionIndex').show();\n\n        var tit = titles[i];\n\t\tvar newTitle = tit.textContent.toLowerCase().replace(\/[^a-zA-Z ]\/g, \"\").replace(\/\\s\/g, '-');\n\t\tvar numTag = Number(tit.tagName.replace(\/[^1-9]\/g, \"\"));\n\t\tvar tagWidth = (numTag*20);\n\n\t\tvar preText = '<span style=\"margin-left:' + tagWidth + 'px\"><\/span>';\n\n        tit.setAttribute(\"id\", newTitle);\n\t\tjQuery(tit).addClass('h-inline');\n\t\t\n\t\tvar toIndex = '<p class=\"h-inline\"><a class=\"blog-toindex\" href=\"#accordionIndex\"><span class=\"glyphicon glyphicon-chevron-up\" aria-hidden=\"true\"><\/span><\/a><\/p>';\n\n\t\tjQuery(toIndex).insertAfter(tit);\n\n        var node = document.createElement(\"LI\");                 \n        var link = document.createElement(\"A\");\n        var textnode = document.createTextNode(tit.textContent);\n\n        link.appendChild(textnode);\n        link.setAttribute(\"href\", '#' + newTitle);\n\t\t\/\/link.setAttribute(\"style\", \"margin-left:\" + tagWidth + \"px\");\n\t\tlink.setAttribute(\"class\", \"acc-h\" + numTag);\n        node.appendChild(link);\n\n        element.appendChild(node);\n\n      }\n    }\n\n    jQuery(document).ready(function(){\t\t\n\t\tindexContent(\".single-post-content\");\n\n\t\tjQuery(\".accordion-toggle\").click(function() {\n\t\t\tjQuery(this).toggleClass(\"open\");\n\t\t\tjQuery(\"#collapseIndex\").slideToggle(\"in\");\n\t\t});\n\t});\n\n\n<\/script>\n\n<style>\n\t.accordion-toggle{\n\t\tcursor:pointer;\n\t}\n\n\t#accordionIndex .panel-heading{\n\t\tmargin-bottom:0px;\n\t}\n\n\t.articulo ul, .articulo ol{\n\t\tmargin-bottom:auto;\n\t}\n\n\t.h-inline{\n\t\tdisplay: inline-flex;\n\t\tflex-wrap: wrap\n\t}\n\t#accordion-index{\n\t\tpadding-left:0px;\n\t}\n\t#accordion-index li a{\n\t\tdisplay:block;\n\t\tpadding-top:5px;\n\t}\n\n\t.acc-h2{\n\t\tmargin-left:0px;\n\t\tposition: relative;\n\t}\n\n\t.acc-h3{\n\t\tmargin-left:25px;\n\t}\n\n\t.acc-h3::before{\n\t\tcontent: \"\";\n\t\tbackground-color:var(--blue-light);\n\t\tmargin-left:-10px;\n\t\twidth: 7px;\n\t\theight: 7px;\n\t\tdisplay: inline-block;\n\t\ttext-align: center;\n\t\tborder-radius: 1000px;\n\t\tmargin-right: 10px;\n    \tmargin-bottom: 2px;\n\t}\n\n\t.acc-h4{\n\t\tmargin-left:40px;\n\t}\n\n\t.acc-h4::before{\n\t\tcontent: \"\";\n\t\tborder: 1px solid var(--blue-light);\n\t\tmargin-left:-5px;\n\t\twidth: 7px;\n\t\theight: 7px;\n\t\tdisplay: inline-block;\n\t\ttext-align: center;\n\t\tborder-radius: 100%;\n\t\tmargin-right: 10px;\n    \tmargin-bottom: 2px;\n\t}\n\n\t.acc-h3:hover::before{\n\t\tbackground-color: var(--blue-darkest);\n\t}\n\n\t.acc-h4:hover::before{\n\t\tborder-color: var(--blue-darkest);\n\t}\n\n\t@media (max-width: 992px){\n\t\t.acc-h2{\n\t\t\tmargin-left:0px;\n\t\t}\n\t\t.acc-h3{\n\t\t\tmargin-left:20px;\n\t\t}\n\t\t.acc-h4{\n\t\t\tmargin-left:40px;\n\t\t}\n\t}\n\n\t\/*\n\th2.h-inline:after,\n\th3.h-inline:after{\n\t\theight: 24px;\n\t\tcontent: \"\";\n\t\tdisplay: table-row;\n\t}*\/\n<\/style>\n\n<div id=\"table-accordion-index\">\n\t<div class=\"panel-group\" id=\"accordionIndex\">\n\t\t<div class=\"panel panel-default\">\n\t\t\t<div class=\"panel-heading\">\n\t\t\t\t<div class=\"panel-title open\"><div class=\"accordion-toggle\" data-toggle=\"collapse\" data-parent=\"#accordion\" aria-expanded=\"true\">\u00edndex<\/div><\/div>\n\t\t\t<\/div>\n\t\t\t<div id=\"collapseIndex\" class=\"panel-collapse collapse in\" aria-expanded=\"true\">\n\t\t\t\t<div class=\"panel-body\">\n\t\t\t\t\t<ul id=\"accordion-index\">\n\t\t\t\t\t<\/ul>\n\t\t\t\t<\/div>\n\t\t\t<\/div>\n\t\t<\/div>\n\t<\/div>\n<\/div><\/span><\/p>\n<h2>Dubtes a la compensaci\u00f3 d&#8217;excedents<\/h2>\n<h3 style=\"font-size: 20px !important; color: #777777;\"><strong>1. Quins requisits cal complir?\u00a0\u00a0<\/strong><\/h3>\n<p style=\"text-align: justify;\">Per poder gaudir de la <a href=\"https:\/\/www.factorenergia.com\/ca\/plaques-solars\/excedents-autoconsum\/\" title=\"compensaci\u00f3 d'excedents d'autoconsum\" target=\"_blank\" rel=\"noopener\">compensaci\u00f3 d&#8217;excedents d&#8217;autoconsum<\/a> , cal complir tres requisits: que la<strong> font d&#8217;energia sigui renovable<\/strong>, que la <strong>pot\u00e8ncia instal\u00b7lada no sobrepassi els 100kW<\/strong>, aix\u00ed com que es disposi d&#8217;un <strong>contracte de subministrament associat a una comercialitzadora d&#8217;energia<\/strong> i la instal\u00b7laci\u00f3 d&#8217;autoconsum estigui legalitzada en aquella modalitat. Complint aquests quatre criteris, \u00e9s possible comen\u00e7ar a gaudir de la Compensaci\u00f3 Simplificada d&#8217;Excedents (CSE) i de l&#8217;estalvi que porta associada.<\/p>\n<h3 style=\"font-size: 20px !important; color: #777777;\"><strong>2. Es tracta d&#8217;una venda d&#8217;energia?\u00a0\u00a0<\/strong><\/h3>\n<p style=\"text-align: justify;\">Moltes persones creuen que la compensaci\u00f3 d&#8217;excedents \u00e9s una venda d&#8217;energia i aix\u00f2 \u00e9s incorrecte. Un cop s&#8217;abasteix la llar i s&#8217;aboca l&#8217;energia sobrant a la xarxa, el client veur\u00e0 aquesta energia compensada com un estalvi addicional a la factura de la llum. En aquest cas, el que es veur\u00e0 redu\u00eft a la factura \u00e9s la part corresponent a l&#8217;autoconsum, <strong>de cap manera la factura no pot arribar a zero<\/strong>. Per tant, encara que s&#8217;observar\u00e0 un estalvi notable a la factura, no \u00e9s una venda d&#8217;energia.<\/p>\n<h3 style=\"font-size: 20px !important; color: #777777;\"><strong>3. A quin valor es compensen els excedents?\u00a0\u00a0<\/strong><\/h3>\n<p style=\"text-align: justify;\">L&#8217;import al que es compensen els kWh excedentaris, va en funci\u00f3 del preu horari que marca el mercat diari (preu indexat) i que es troba publicat a l&#8217;<a href=\"https:\/\/www.omie.es\/\" title=\"Operador del Mercat El\u00e8ctric\" target=\"_blank\" rel=\"nofollow noopener\">OMIE<\/a> (Operador de Mercat El\u00e8ctric). \u00c9s per aix\u00f2 que el valor dels excedents pot ser diferent cada mes. No obstant aix\u00f2, encara que es compensa en funci\u00f3 del preu indexat de mercat, cada comercialitzadora pot escollir si compensa un preu m\u00e9s gran o menor en base als seus costos de gesti\u00f3 \u00e9s a dir, el seu marge de benefici. En el cas de factorenergia, el seu <strong>\u00fanic marge de benefici \u00e9s de -0,003 \u20ac\/kWh<\/strong> i el preu de compensaci\u00f3 durant el mes de novembre ha estat de <strong>18 c\u00e8ntims de \u20ac\/kWh de mitjana<\/strong>.<strong><br \/>\n<\/strong><\/p>\n\r\n<script type=\"text\/javascript\" async defer>\r\n\r\n    jQuery(document).ready(function(){\t\t\r\n\t\t\r\n\t});\r\n<\/script>\r\n\r\n<style>\r\n\t.block-interested_posts{\r\n        margin-top: 10px;\r\n        padding: 20px;\r\n        border: 2px solid #92C200;\r\n    }\r\n    .block-interested_posts ul{\r\n        margin-bottom:0px;\r\n    }\r\n    .block-interested_posts ul li{\r\n        margin-bottom:5px;\r\n    }\r\n    .block-interested_posts ul li a{\r\n        \/*color: #DF981E;*\/\r\n    }\r\n\r\n<\/style>\r\n\r\n<div class=\"block-interested_posts\">\r\n    <p><strong>Post que et poden interessar<\/strong><\/p>\r\n    <ul>\r\n                    <li><a href=\"https:\/\/www.factorenergia.com\/ca\/blog\/autoconsum-electric\/bateria-virtual-autoconsum-compensa-els-teus-excedents\/\" title=\"Bateria Virtual: Compensa el 100% dels teus excedents\">Bateria Virtual: Compensa el 100% dels teus excedents<\/a><\/li>\r\n                    <li><a href=\"https:\/\/www.factorenergia.com\/ca\/blog\/autoconsum-electric\/panells-solars-segona-residencia\/\" title=\"5 avantatges d&#8217;instal\u00b7lar panells solars en una segona resid\u00e8ncia\">5 avantatges d&#8217;instal\u00b7lar panells solars en una segona resid\u00e8ncia<\/a><\/li>\r\n            <\/ul>\t\r\n<\/div>\n<h3 style=\"font-size: 20px !important; color: #777777;\"><strong>4. \u00c9s necessari fer algun tipus de gesti\u00f3?\u00a0\u00a0<\/strong><\/h3>\n<p style=\"text-align: justify;\">Per poder vendre l&#8217;energia sobrant dels panells solars, cal <strong>que l&#8217;habitatge estigui connectat a la xarxa el\u00e8ctrica<\/strong> i que s&#8217;hagi <strong>contractat una tarifa de llum que inclogui la venda d&#8217;energia sobrant<\/strong>. A m\u00e9s de l&#8217;anterior, l&#8217;usuari haur\u00e0 de donar-se d&#8217;alta com a productor d&#8217;energies renovables i registrar un contracte de compensaci\u00f3 per excedents d&#8217;autoconsum a una empresa comercialitzadora d\u2019energia. Els autoconsumidors que s\u00f3n clients de factorenergia no s&#8217;han de preocupar per aquests tr\u00e0mits, ja que la nostra comercialitzadora els realitza directament per aquests tr\u00e0mits.<\/p>\n<h3 style=\"font-size: 20px !important; color: #777777;\"><strong>5. Hi ha un l\u00edmit de compensaci\u00f3?\u00a0\u00a0<\/strong><\/h3>\n<p style=\"text-align: justify;\">Segons el que estableix el Reial decret 244\/2019 de 5 d\u2019abril de 2019, el valor de l\u2019energia mensual excedent\u00e0ria <strong>no podr\u00e0, en cap cas, ser superior al volum econ\u00f2mic de l\u2019energia mensual consumida de la xarxa.<\/strong><\/p>\n<h2 style=\"font-size: 20px !important; color: #777777;\"><strong>Estalvia amb la compensaci\u00f3 d&#8217;excedents de Factorenergia!\u00a0\u00a0<\/strong><\/h2>\n<p style=\"text-align: justify;\">Ara que ja tens resposta als 5 dubtes m\u00e9s freq\u00fcents sobre la compensaci\u00f3 d&#8217;excedents, pot ser que t&#8217;estiguis preguntant quant pots estalviar amb la instal\u00b7laci\u00f3 d&#8217;un sistema fotovoltaic a casa teva. Per fer una estimaci\u00f3 exacta de l&#8217;estalvi \u00e9s recomanable que parlis amb un dels nostres experts energ\u00e8tics, ells faran <strong>un estudi gratu\u00eft<\/strong> del teu habitatge o comunitat de ve\u00efns i t&#8217;informaran de quina \u00e9s la millor opci\u00f3 per a tu.<\/p>\n<p style=\"text-align: justify;\">Pots posar-te en contacte amb ells al <strong>tel\u00e8fon gratu\u00eft 900 850 000<\/strong> o a <a href=\"mailto:cse@factorenergia.com\" title=\"enviar email a factorenergia - compensaci\u00f3 d'excedents\" target=\"_blank\" rel=\"nofollow noopener\">cse@factorenergia.com<\/a> A m\u00e9s, recorda que pots gaudir del nostre preu de compensaci\u00f3 d&#8217;excedents tant si ja tens plaques solars a casa teva com si no en tens. No ho dubtis estalvia al m\u00e0xim a la teva factura passant-te a l\u2019autoconsum i amb la nostra compensaci\u00f3 d&#8217;excedents!<\/p>\n<ul><\/ul>\n<ul><\/ul>\n","protected":false},"excerpt":{"rendered":"<p>Els autoconsumidors, a m\u00e9s de gaudir de produir la seva pr\u00f2pia energia, poden aprofitar per reduir la factura de la llum quan produeixen m\u00e9s energia de la consumeixen. Quan es generen aquests excedents d&#8217;energia solar, aquests, tenen la possibilitat de tornar a abocar aquesta energia sobrant a la xarxa i ser compensats. Aquest proc\u00e9s, permet a l&#8217;usuari gaudir d&#8217;un estalvi addicional a la seva factura de llum. Si ets un nou autoconsumidor o est\u00e0s en proc\u00e9s de ser-ho, \u00a1en aquest post resolem els 5 dubtes m\u00e9s freq\u00fcents sobre la compensaci\u00f3 d&#8217;excedents!  <\/p>\n","protected":false},"author":17,"featured_media":0,"comment_status":"open","ping_status":"closed","sticky":false,"template":"","format":"standard","meta":{"inline_featured_image":false,"footnotes":""},"categories":[66],"tags":[],"acf":{"fecha_de_la_entrada":"20211210","imagen_portada":29620,"categoria_blog":null,"tipo_de_distribuidora":null,"tiempo_lectura":"","banner_bool":false,"titulo_banner":"","texto_banner":"","texto_boton_banner":"","url_boton_banner":"","post_relacionados":""},"yoast_head":"<!-- This site is optimized with the Yoast SEO plugin v22.2 - https:\/\/yoast.com\/wordpress\/plugins\/seo\/ -->\n<title>Dubtes sobre la compensaci\u00f3 d&#039;excedents - factorenergia<\/title>\n<meta name=\"description\" content=\"Sabies que si ets autoconsumidor pots gaudir d&#039;un estalvi addicional a la factura de la llum? Resolem 5 dubtes sobre la compensaci\u00f3 d&#039;excedents.\" \/>\n<meta name=\"robots\" content=\"index, follow, max-snippet:-1, max-image-preview:large, max-video-preview:-1\" \/>\n<link rel=\"canonical\" href=\"https:\/\/www.factorenergia.com\/ca\/blog\/autoconsum-electric\/5-dubtes-compensacio-excedents\/\" \/>\n<meta name=\"twitter:card\" content=\"summary_large_image\" \/>\n<meta name=\"twitter:title\" content=\"Dubtes sobre la compensaci\u00f3 d&#039;excedents - factorenergia\" \/>\n<meta name=\"twitter:description\" content=\"Sabies que si ets autoconsumidor pots gaudir d&#039;un estalvi addicional a la factura de la llum? Resolem 5 dubtes sobre la compensaci\u00f3 d&#039;excedents.\" \/>\n<meta name=\"twitter:creator\" content=\"@factorenergia\" \/>\n<meta name=\"twitter:site\" content=\"@factorenergia\" \/>\n<meta name=\"twitter:label1\" content=\"Written by\" \/>\n\t<meta name=\"twitter:data1\" content=\"Equipo Transici\u00f3n Energ\u00e9tica Factorenergia\" \/>\n\t<meta name=\"twitter:label2\" content=\"Est. reading time\" \/>\n\t<meta name=\"twitter:data2\" content=\"3 minutes\" \/>\n<script type=\"application\/ld+json\" class=\"yoast-schema-graph\">{\"@context\":\"https:\/\/schema.org\",\"@graph\":[{\"@type\":\"WebPage\",\"@id\":\"https:\/\/www.factorenergia.com\/ca\/blog\/autoconsum-electric\/5-dubtes-compensacio-excedents\/\",\"url\":\"https:\/\/www.factorenergia.com\/ca\/blog\/autoconsum-electric\/5-dubtes-compensacio-excedents\/\",\"name\":\"Dubtes sobre la compensaci\u00f3 d'excedents - factorenergia\",\"isPartOf\":{\"@id\":\"https:\/\/www.factorenergia.com\/es\/#website\"},\"datePublished\":\"2021-12-10T11:17:53+00:00\",\"dateModified\":\"2025-08-06T09:26:10+00:00\",\"author\":{\"@id\":\"https:\/\/www.factorenergia.com\/es\/#\/schema\/person\/dff9e4b6dc520720e3a37bdaaedc5841\"},\"description\":\"Sabies que si ets autoconsumidor pots gaudir d'un estalvi addicional a la factura de la llum? Resolem 5 dubtes sobre la compensaci\u00f3 d'excedents.\",\"breadcrumb\":{\"@id\":\"https:\/\/www.factorenergia.com\/ca\/blog\/autoconsum-electric\/5-dubtes-compensacio-excedents\/#breadcrumb\"},\"inLanguage\":\"ca\",\"potentialAction\":[{\"@type\":\"ReadAction\",\"target\":[\"https:\/\/www.factorenergia.com\/ca\/blog\/autoconsum-electric\/5-dubtes-compensacio-excedents\/\"]}]},{\"@type\":\"BreadcrumbList\",\"@id\":\"https:\/\/www.factorenergia.com\/ca\/blog\/autoconsum-electric\/5-dubtes-compensacio-excedents\/#breadcrumb\",\"itemListElement\":[{\"@type\":\"ListItem\",\"position\":1,\"name\":\"Portada\",\"item\":\"https:\/\/www.factorenergia.com\/ca\/\"},{\"@type\":\"ListItem\",\"position\":2,\"name\":\"Els 5 dubtes m\u00e9s freq\u00fcents sobre la compensaci\u00f3 d&#8217;excedents\"}]},{\"@type\":\"WebSite\",\"@id\":\"https:\/\/www.factorenergia.com\/es\/#website\",\"url\":\"https:\/\/www.factorenergia.com\/es\/\",\"name\":\"factorenergia\",\"description\":\"factorenergia\",\"potentialAction\":[{\"@type\":\"SearchAction\",\"target\":{\"@type\":\"EntryPoint\",\"urlTemplate\":\"https:\/\/www.factorenergia.com\/es\/?s={search_term_string}\"},\"query-input\":\"required name=search_term_string\"}],\"inLanguage\":\"ca\"},{\"@type\":\"Person\",\"@id\":\"https:\/\/www.factorenergia.com\/es\/#\/schema\/person\/dff9e4b6dc520720e3a37bdaaedc5841\",\"name\":\"Equipo Transici\u00f3n Energ\u00e9tica Factorenergia\",\"image\":{\"@type\":\"ImageObject\",\"inLanguage\":\"ca\",\"@id\":\"https:\/\/www.factorenergia.com\/es\/#\/schema\/person\/image\/\",\"url\":\"https:\/\/secure.gravatar.com\/avatar\/1b7c76bab80ee1c4261b06108874e24b?s=96&d=mm&r=g\",\"contentUrl\":\"https:\/\/secure.gravatar.com\/avatar\/1b7c76bab80ee1c4261b06108874e24b?s=96&d=mm&r=g\",\"caption\":\"Equipo Transici\u00f3n Energ\u00e9tica Factorenergia\"},\"description\":\"El equipo est\u00e1 formado por expertos en materia de Luz, Gas y Eficiencia Energ\u00e9tica, que conocen de primera mano las tendencias del mercado. Su experiencia en el sector les permite ofrecer las mejores soluciones energ\u00e9ticas y resolver las dudas planteadas por los clientes.\",\"sameAs\":[\"https:\/\/www.factorenergia.com\/es\/\",\"https:\/\/www.facebook.com\/factorenergiacom\",\"https:\/\/www.instagram.com\/factorenergia_com\/\",\"https:\/\/es.linkedin.com\/company\/factor-energia\",\"https:\/\/twitter.com\/factorenergia\",\"https:\/\/www.youtube.com\/c\/factorenergiacom\"],\"url\":\"https:\/\/www.factorenergia.com\/ca\/blog\/author\/marketing\/\"}]}<\/script>\n<!-- \/ Yoast SEO plugin. -->","yoast_head_json":{"title":"Dubtes sobre la compensaci\u00f3 d'excedents - factorenergia","description":"Sabies que si ets autoconsumidor pots gaudir d'un estalvi addicional a la factura de la llum? Resolem 5 dubtes sobre la compensaci\u00f3 d'excedents.","robots":{"index":"index","follow":"follow","max-snippet":"max-snippet:-1","max-image-preview":"max-image-preview:large","max-video-preview":"max-video-preview:-1"},"canonical":"https:\/\/www.factorenergia.com\/ca\/blog\/autoconsum-electric\/5-dubtes-compensacio-excedents\/","twitter_card":"summary_large_image","twitter_title":"Dubtes sobre la compensaci\u00f3 d'excedents - factorenergia","twitter_description":"Sabies que si ets autoconsumidor pots gaudir d'un estalvi addicional a la factura de la llum? Resolem 5 dubtes sobre la compensaci\u00f3 d'excedents.","twitter_creator":"@factorenergia","twitter_site":"@factorenergia","twitter_misc":{"Written by":"Equipo Transici\u00f3n Energ\u00e9tica Factorenergia","Est. reading time":"3 minutes"},"schema":{"@context":"https:\/\/schema.org","@graph":[{"@type":"WebPage","@id":"https:\/\/www.factorenergia.com\/ca\/blog\/autoconsum-electric\/5-dubtes-compensacio-excedents\/","url":"https:\/\/www.factorenergia.com\/ca\/blog\/autoconsum-electric\/5-dubtes-compensacio-excedents\/","name":"Dubtes sobre la compensaci\u00f3 d'excedents - factorenergia","isPartOf":{"@id":"https:\/\/www.factorenergia.com\/es\/#website"},"datePublished":"2021-12-10T11:17:53+00:00","dateModified":"2025-08-06T09:26:10+00:00","author":{"@id":"https:\/\/www.factorenergia.com\/es\/#\/schema\/person\/dff9e4b6dc520720e3a37bdaaedc5841"},"description":"Sabies que si ets autoconsumidor pots gaudir d'un estalvi addicional a la factura de la llum? Resolem 5 dubtes sobre la compensaci\u00f3 d'excedents.","breadcrumb":{"@id":"https:\/\/www.factorenergia.com\/ca\/blog\/autoconsum-electric\/5-dubtes-compensacio-excedents\/#breadcrumb"},"inLanguage":"ca","potentialAction":[{"@type":"ReadAction","target":["https:\/\/www.factorenergia.com\/ca\/blog\/autoconsum-electric\/5-dubtes-compensacio-excedents\/"]}]},{"@type":"BreadcrumbList","@id":"https:\/\/www.factorenergia.com\/ca\/blog\/autoconsum-electric\/5-dubtes-compensacio-excedents\/#breadcrumb","itemListElement":[{"@type":"ListItem","position":1,"name":"Portada","item":"https:\/\/www.factorenergia.com\/ca\/"},{"@type":"ListItem","position":2,"name":"Els 5 dubtes m\u00e9s freq\u00fcents sobre la compensaci\u00f3 d&#8217;excedents"}]},{"@type":"WebSite","@id":"https:\/\/www.factorenergia.com\/es\/#website","url":"https:\/\/www.factorenergia.com\/es\/","name":"factorenergia","description":"factorenergia","potentialAction":[{"@type":"SearchAction","target":{"@type":"EntryPoint","urlTemplate":"https:\/\/www.factorenergia.com\/es\/?s={search_term_string}"},"query-input":"required name=search_term_string"}],"inLanguage":"ca"},{"@type":"Person","@id":"https:\/\/www.factorenergia.com\/es\/#\/schema\/person\/dff9e4b6dc520720e3a37bdaaedc5841","name":"Equipo Transici\u00f3n Energ\u00e9tica Factorenergia","image":{"@type":"ImageObject","inLanguage":"ca","@id":"https:\/\/www.factorenergia.com\/es\/#\/schema\/person\/image\/","url":"https:\/\/secure.gravatar.com\/avatar\/1b7c76bab80ee1c4261b06108874e24b?s=96&d=mm&r=g","contentUrl":"https:\/\/secure.gravatar.com\/avatar\/1b7c76bab80ee1c4261b06108874e24b?s=96&d=mm&r=g","caption":"Equipo Transici\u00f3n Energ\u00e9tica Factorenergia"},"description":"El equipo est\u00e1 formado por expertos en materia de Luz, Gas y Eficiencia Energ\u00e9tica, que conocen de primera mano las tendencias del mercado. Su experiencia en el sector les permite ofrecer las mejores soluciones energ\u00e9ticas y resolver las dudas planteadas por los clientes.","sameAs":["https:\/\/www.factorenergia.com\/es\/","https:\/\/www.facebook.com\/factorenergiacom","https:\/\/www.instagram.com\/factorenergia_com\/","https:\/\/es.linkedin.com\/company\/factor-energia","https:\/\/twitter.com\/factorenergia","https:\/\/www.youtube.com\/c\/factorenergiacom"],"url":"https:\/\/www.factorenergia.com\/ca\/blog\/author\/marketing\/"}]}},"_links":{"self":[{"href":"https:\/\/www.factorenergia.com\/ca\/wp-json\/wp\/v2\/posts\/11975"}],"collection":[{"href":"https:\/\/www.factorenergia.com\/ca\/wp-json\/wp\/v2\/posts"}],"about":[{"href":"https:\/\/www.factorenergia.com\/ca\/wp-json\/wp\/v2\/types\/post"}],"author":[{"embeddable":true,"href":"https:\/\/www.factorenergia.com\/ca\/wp-json\/wp\/v2\/users\/17"}],"replies":[{"embeddable":true,"href":"https:\/\/www.factorenergia.com\/ca\/wp-json\/wp\/v2\/comments?post=11975"}],"version-history":[{"count":5,"href":"https:\/\/www.factorenergia.com\/ca\/wp-json\/wp\/v2\/posts\/11975\/revisions"}],"predecessor-version":[{"id":29622,"href":"https:\/\/www.factorenergia.com\/ca\/wp-json\/wp\/v2\/posts\/11975\/revisions\/29622"}],"wp:attachment":[{"href":"https:\/\/www.factorenergia.com\/ca\/wp-json\/wp\/v2\/media?parent=11975"}],"wp:term":[{"taxonomy":"category","embeddable":true,"href":"https:\/\/www.factorenergia.com\/ca\/wp-json\/wp\/v2\/categories?post=11975"},{"taxonomy":"post_tag","embeddable":true,"href":"https:\/\/www.factorenergia.com\/ca\/wp-json\/wp\/v2\/tags?post=11975"}],"curies":[{"name":"wp","href":"https:\/\/api.w.org\/{rel}","templated":true}]}}