{"id":11609,"date":"2021-11-18T15:32:32","date_gmt":"2021-11-18T13:32:32","guid":{"rendered":"https:\/\/www.factorenergia.com\/ca\/?post_type=blog&#038;p=11609"},"modified":"2025-08-06T13:47:08","modified_gmt":"2025-08-06T11:47:08","slug":"com-carregar-teu-cotxe-electric-amb-plaques-solars","status":"publish","type":"post","link":"https:\/\/www.factorenergia.com\/ca\/blog\/mobilitat-electrica\/com-carregar-teu-cotxe-electric-amb-plaques-solars\/","title":{"rendered":"Com carregar el teu cotxe el\u00e8ctric amb plaques solars?"},"content":{"rendered":"<h2 style=\"font-size: 20px !important; color: #777777;\"><strong>1. Com funciona la c\u00e0rrega del cotxe el\u00e8ctric amb plaques solars?\u00a0<\/strong><\/h2>\n<p style=\"text-align: justify;\">El funcionament de c\u00e0rrega del vehicle el\u00e8ctric mitjan\u00e7ant un sistema de plaques fotovoltaiques \u00e9s senzill, ja que la seva c\u00e0rrega es realitza directament des de la instal\u00b7laci\u00f3 de casa teva. El que s\u00ed que has de tenir en compte per fer la c\u00e0rrega de forma efectiva, \u00e9s la quantitat d&#8217;electricitat i hores de c\u00e0rrega que necessita el teu cotxe. En aquest cas, haur\u00e0s de realitzar una estimaci\u00f3 de quanta electricitat necessitar\u00e0 el teu vehicle per poder circular considerant quants quilowatts\/hora (kWh) s\u00f3n necessaris per cada 100km. Per aix\u00f2, \u00e9s important con\u00e8ixer quina \u00e9s la pot\u00e8ncia que tens contractada a casa teva i assegurar-te que la teva instal\u00b7laci\u00f3 fotovoltaica podr\u00e0 generar suficient electricitat tant per a la llar com per carregar el cotxe el\u00e8ctric. Per norma general, s\u201festima que la pot\u00e8ncia mitjana duna llar oscil\u00b7la entre els 4-5 kW i que la c\u00e0rrega d\u2019un vehicle el\u00e8ctric durant 1 hora, pot proporcionar uns 200km d\u2019autonomia.<\/p>\n<h2 style=\"font-size: 20px !important; color: #777777;\"><strong>2. Es possible fer c\u00e0rregues amb energia excedent\u00e0ria?<\/strong><\/h2>\n<p style=\"text-align: justify;\">Els sobrants energ\u00e8tics produ\u00efts per les plaques solars, un cop prove\u00efda la teva llar, s\u00f3n una opci\u00f3 excel\u00b7lent per carregar el vehicle el\u00e8ctric. En comptes d&#8217;abocar l&#8217;energia sobrant a la xarxa, la pots utilitzar per carregar el cotxe el\u00e8ctric, fet que et permetr\u00e0 aconseguir un gran estalvi a la factura el\u00e8ctrica. A m\u00e9s, si encara generessis m\u00e9s sobrants despr\u00e9s de l&#8217;abastament energ\u00e8tic de la teva llar i la c\u00e0rrega del teu vehicle el\u00e8ctric, Factorenergia et compensa el valor dels excedents al preu indexat de mercat. Actualment, a Factorenergia compensem l&#8217;excedent a tots els nostres clients al millor preu de mercat. El mes d&#8217;octubre passat, vam compensar 0,19\u20ac\/Kwh, el preu m\u00e9s alt de mercat. Gr\u00e0cies a aix\u00f2, els usuaris poden gaudir d&#8217;aquesta <a href=\"https:\/\/www.factorenergia.com\/ca\/blog\/autoconsum-electric\/millor-preu-de-compensacio-excedents\/\">compensaci\u00f3 pels seus excedents<\/a> com a estalvi addicional a la factura mensual de la llum.<\/p>\n<h2 style=\"font-size: 20px !important; color: #777777;\"><strong>Hi ha limitacions quan es carrega el cotxe el\u00e8ctric amb plaques solars?<\/strong><\/h2>\n<ul>\n<li><strong>Temps de c\u00e0rrega<\/strong><\/li>\n<\/ul>\n<p style=\"text-align: justify;\">Les limitacions m\u00e9s grans de carregar el cotxe el\u00e8ctric amb plaques solars, estan relacionades amb el temps de c\u00e0rrega. Els cotxes h\u00edbrids amb bateries d&#8217;entre 10 i 15 kW es carreguen en un temps menor que els d&#8217;entre 60 i 100 kW. Per aix\u00f2, \u00e9s important considerar el model de vehicle i preguntar al fabricant quant de temps de c\u00e0rrega necessita aquest model en concret.<\/p>\n<ul>\n<li><strong>Dies ennuvolats<\/strong><\/li>\n<\/ul>\n<p style=\"text-align: justify;\">Les hores de m\u00e9s llum s\u00f3n les m\u00e9s adequades per realitzar la c\u00e0rrega del teu vehicle. Per aix\u00f2, quan els dies s\u00f3n m\u00e9s plujosos o hi ha poca llum solar cal rec\u00f3rrer a la rec\u00e0rrega del vehicle mitjan\u00e7ant la xarxa el\u00e8ctrica. Les <a href=\"https:\/\/www.factorenergia.com\/ca\/llars\/plaques-solars\/\" title=\"Autoconsum amb plaques solars\" target=\"_blank\" rel=\"noopener\">instal\u00b7lacions fotovoltaiques d&#8217;autoconsum<\/a> connectades a la xarxa el\u00e8ctrica, subministren al punt de c\u00e0rrega, l&#8217;electricitat que necessita el vehicle per a la rec\u00e0rrega.<\/p>\n<h2 style=\"font-size: 20px !important; color: #777777;\"><strong>Em puc beneficiar d&#8217;alguna ajuda?<\/strong><\/h2>\n<p>Les ajudes tant a l&#8217;autoconsum com al vehicle el\u00e8ctric, han augmentat a la darrera \u00e8poca i per tant, et pots beneficiar de diversos tipus d&#8217;ajudes:<\/p>\n<ul>\n<li><strong>Ajudes a l\u2019autoconsum<\/strong><\/li>\n<\/ul>\n<p style=\"text-align: justify;\">El mes de juny passat es van aprovar 1.320 milions d&#8217;euros per a autoconsum, bateries i climatitzaci\u00f3 renovable. Les comunitats i les ciutats aut\u00f2nomes s\u00f3n les encarregades de distribuir aquests ajuts per tot el territori nacional fins al 2023. Aquestes l\u00ednies d&#8217;ajudes, dirigides espec\u00edficament a autoconsum i emmagatzematge, hauran de comprometre un 80% del pressupost inicial durant el primer any. Per tant, actualment, \u00e9s un bon moment per sol\u00b7licitar-les.<\/p>\n<ul>\n<li><strong>Plan MOVES III<\/strong><\/li>\n<\/ul>\n<p style=\"text-align: justify;\">Despr\u00e9s de l&#8217;\u00e8xit del Pla MOVES I i del Pla MOVES II arriba el Pla MOVES III. Aquest programa d&#8217;ajuts que ja va per la tercera edici\u00f3, pret\u00e9n incentivar l&#8217;adquisici\u00f3 de vehicles sense emissions i la creaci\u00f3 de punts de c\u00e0rrega. Els descomptes del Pla MOVES III inclouen: Fins a 7.000\u20ac de descompte per a la compra de cotxes el\u00e8ctrics (sense vehicle per fer xatarrar l&#8217;ajuda seria de fins a 4.500\u20ac). Totes les adquisicions de vehicles amb data factura posterior al 10 d&#8217;abril de 2021 s&#8217;hi poden acollir. En el cas de les empreses, s\u00f3n els concessionaris els encarregats de sol\u00b7licitar els ajuts al Pla MOVES III. Els particulars i aut\u00f2noms poden sol\u00b7licitar les ajudes fent clic <a href=\"https:\/\/www.idae.es\/index.php\/ayudas-y-financiacion\/para-movilidad-y-vehiculos\/programa-moves-iii\">aqu\u00ed<\/a>.<\/p>\n<ul>\n<li><strong>Fons Next Generation<\/strong><\/li>\n<\/ul>\n<p style=\"text-align: justify;\">El Govern disposa de 4.295 milions d&#8217;euros per a l&#8217;automoci\u00f3 espanyola i els anir\u00e0 injectant fins al 2023 mitjan\u00e7ant el Projecte Estrat\u00e8gic per a la Recuperaci\u00f3 i Transformaci\u00f3 Econ\u00f2mica (PERTE). Una part d&#8217;aquests fons van destinats als Plans MOVES III per a l&#8217;adquisici\u00f3 de vehicles el\u00e8ctrics i la implantaci\u00f3 de punts de c\u00e0rrega, comentats anteriorment, i l&#8217;altra (300 milions) al <a href=\"https:\/\/www.factorenergia.com\/ca\/blog\/mobilitat-electrica\/moves-singulares-ii-laccelerador-necessitava-vehicle-electric-espanya\/\">plan Moves Proyectos Singulares<\/a> que pret\u00e9n incentivar la ind\u00fastria per al desenvolupament de projectes de mobilitat sostenible.<\/p>\n<h2 style=\"font-size: 20px !important; color: #777777;\"><strong>Factorenergia: El teu assessor <\/strong>energ\u00e8tic de confian\u00e7a<\/h2>\n<p style=\"text-align: justify;\">Tant si ja disposes d&#8217;una instal\u00b7laci\u00f3 de plaques fotovoltaiques a casa teva com si est\u00e0s pensant en adquirir-les despr\u00e9s de comprar un vehicle el\u00e8ctric, \u00e9s important que comptis amb l&#8217;ajuda d&#8217;un assessor energ\u00e8tic per aconseguir el m\u00e0xim estalvi a la teva factura i instal\u00b7laci\u00f3. A Factorenergia, t&#8217;ajudem amb tots els dubtes que puguis tenir sobre la c\u00e0rrega de vehicles el\u00e8ctrics mitjan\u00e7ant plaques solars i fins i tot realitzarem per tu totes les gestions relacionades amb ajuts i subvencions. Demana assessorament d&#8217;un dels nostres experts energ\u00e8tics al 900 377 538 o escriu-nos a <a href=\"mailto:carreteraelectrica@factorenergia.com\">carreteraelectrica@factorenergia.com<\/a>. Comen\u00e7a a estalviar sent respectu\u00f3s amb el medi ambient!<\/p>\n","protected":false},"excerpt":{"rendered":"<p>T&#8217;imagines poder carregar el teu cotxe el\u00e8ctric amb plaques solars? Aix\u00f2, avui dia \u00e9s una realitat! Per esvair tots els teus dubtes, en aquest post t&#8217;expliquem tots els detalls sobre com pots fer rec\u00e0rregues del teu vehicle amb energia renovable, provinent d&#8217;excedents, a casa teva.<\/p>\n","protected":false},"author":17,"featured_media":0,"comment_status":"open","ping_status":"closed","sticky":false,"template":"","format":"standard","meta":{"inline_featured_image":false,"footnotes":""},"categories":[64],"tags":[],"acf":{"fecha_de_la_entrada":"20211118","imagen_portada":29740,"categoria_blog":null,"tipo_de_distribuidora":null,"tiempo_lectura":"","banner_bool":false,"titulo_banner":"","texto_banner":"","texto_boton_banner":"","url_boton_banner":"","post_relacionados":""},"yoast_head":"<!-- This site is optimized with the Yoast SEO plugin v22.2 - https:\/\/yoast.com\/wordpress\/plugins\/seo\/ -->\n<title>Com carregar el teu cotxe el\u00e8ctric amb plaques solars? | Factorenergia<\/title>\n<meta name=\"description\" content=\"Sabies que \u00e9s possible carregar el teu cotxe el\u00e8ctric amb plaques solars mitjan\u00e7ant energia excendent\u00e0ria provinent de la teva instalaci\u00f3 fotovoltaica?\" \/>\n<meta name=\"robots\" content=\"index, follow, max-snippet:-1, max-image-preview:large, max-video-preview:-1\" \/>\n<link rel=\"canonical\" href=\"https:\/\/www.factorenergia.com\/ca\/blog\/mobilitat-electrica\/com-carregar-teu-cotxe-electric-amb-plaques-solars\/\" \/>\n<meta name=\"twitter:card\" content=\"summary_large_image\" \/>\n<meta name=\"twitter:title\" content=\"Com carregar el teu cotxe el\u00e8ctric amb plaques solars? | Factorenergia\" \/>\n<meta name=\"twitter:description\" content=\"Sabies que \u00e9s possible carregar el teu cotxe el\u00e8ctric amb plaques solars mitjan\u00e7ant energia excendent\u00e0ria provinent de la teva instalaci\u00f3 fotovoltaica?\" \/>\n<meta name=\"twitter:creator\" content=\"@factorenergia\" \/>\n<meta name=\"twitter:site\" content=\"@factorenergia\" \/>\n<meta name=\"twitter:label1\" content=\"Written by\" \/>\n\t<meta name=\"twitter:data1\" content=\"Equipo Transici\u00f3n Energ\u00e9tica Factorenergia\" \/>\n\t<meta name=\"twitter:label2\" content=\"Est. reading time\" \/>\n\t<meta name=\"twitter:data2\" content=\"4 minutes\" \/>\n<script type=\"application\/ld+json\" class=\"yoast-schema-graph\">{\"@context\":\"https:\/\/schema.org\",\"@graph\":[{\"@type\":\"WebPage\",\"@id\":\"https:\/\/www.factorenergia.com\/ca\/blog\/mobilitat-electrica\/com-carregar-teu-cotxe-electric-amb-plaques-solars\/\",\"url\":\"https:\/\/www.factorenergia.com\/ca\/blog\/mobilitat-electrica\/com-carregar-teu-cotxe-electric-amb-plaques-solars\/\",\"name\":\"Com carregar el teu cotxe el\u00e8ctric amb plaques solars? | Factorenergia\",\"isPartOf\":{\"@id\":\"https:\/\/www.factorenergia.com\/es\/#website\"},\"datePublished\":\"2021-11-18T13:32:32+00:00\",\"dateModified\":\"2025-08-06T11:47:08+00:00\",\"author\":{\"@id\":\"https:\/\/www.factorenergia.com\/es\/#\/schema\/person\/dff9e4b6dc520720e3a37bdaaedc5841\"},\"description\":\"Sabies que \u00e9s possible carregar el teu cotxe el\u00e8ctric amb plaques solars mitjan\u00e7ant energia excendent\u00e0ria provinent de la teva instalaci\u00f3 fotovoltaica?\",\"breadcrumb\":{\"@id\":\"https:\/\/www.factorenergia.com\/ca\/blog\/mobilitat-electrica\/com-carregar-teu-cotxe-electric-amb-plaques-solars\/#breadcrumb\"},\"inLanguage\":\"ca\",\"potentialAction\":[{\"@type\":\"ReadAction\",\"target\":[\"https:\/\/www.factorenergia.com\/ca\/blog\/mobilitat-electrica\/com-carregar-teu-cotxe-electric-amb-plaques-solars\/\"]}]},{\"@type\":\"BreadcrumbList\",\"@id\":\"https:\/\/www.factorenergia.com\/ca\/blog\/mobilitat-electrica\/com-carregar-teu-cotxe-electric-amb-plaques-solars\/#breadcrumb\",\"itemListElement\":[{\"@type\":\"ListItem\",\"position\":1,\"name\":\"Portada\",\"item\":\"https:\/\/www.factorenergia.com\/ca\/\"},{\"@type\":\"ListItem\",\"position\":2,\"name\":\"Com carregar el teu cotxe el\u00e8ctric amb plaques solars?\"}]},{\"@type\":\"WebSite\",\"@id\":\"https:\/\/www.factorenergia.com\/es\/#website\",\"url\":\"https:\/\/www.factorenergia.com\/es\/\",\"name\":\"factorenergia\",\"description\":\"factorenergia\",\"potentialAction\":[{\"@type\":\"SearchAction\",\"target\":{\"@type\":\"EntryPoint\",\"urlTemplate\":\"https:\/\/www.factorenergia.com\/es\/?s={search_term_string}\"},\"query-input\":\"required name=search_term_string\"}],\"inLanguage\":\"ca\"},{\"@type\":\"Person\",\"@id\":\"https:\/\/www.factorenergia.com\/es\/#\/schema\/person\/dff9e4b6dc520720e3a37bdaaedc5841\",\"name\":\"Equipo Transici\u00f3n Energ\u00e9tica Factorenergia\",\"image\":{\"@type\":\"ImageObject\",\"inLanguage\":\"ca\",\"@id\":\"https:\/\/www.factorenergia.com\/es\/#\/schema\/person\/image\/\",\"url\":\"https:\/\/secure.gravatar.com\/avatar\/1b7c76bab80ee1c4261b06108874e24b?s=96&d=mm&r=g\",\"contentUrl\":\"https:\/\/secure.gravatar.com\/avatar\/1b7c76bab80ee1c4261b06108874e24b?s=96&d=mm&r=g\",\"caption\":\"Equipo Transici\u00f3n Energ\u00e9tica Factorenergia\"},\"description\":\"El equipo est\u00e1 formado por expertos en materia de Luz, Gas y Eficiencia Energ\u00e9tica, que conocen de primera mano las tendencias del mercado. Su experiencia en el sector les permite ofrecer las mejores soluciones energ\u00e9ticas y resolver las dudas planteadas por los clientes.\",\"sameAs\":[\"https:\/\/www.factorenergia.com\/es\/\",\"https:\/\/www.facebook.com\/factorenergiacom\",\"https:\/\/www.instagram.com\/factorenergia_com\/\",\"https:\/\/es.linkedin.com\/company\/factor-energia\",\"https:\/\/twitter.com\/factorenergia\",\"https:\/\/www.youtube.com\/c\/factorenergiacom\"],\"url\":\"https:\/\/www.factorenergia.com\/ca\/blog\/author\/marketing\/\"}]}<\/script>\n<!-- \/ Yoast SEO plugin. -->","yoast_head_json":{"title":"Com carregar el teu cotxe el\u00e8ctric amb plaques solars? | Factorenergia","description":"Sabies que \u00e9s possible carregar el teu cotxe el\u00e8ctric amb plaques solars mitjan\u00e7ant energia excendent\u00e0ria provinent de la teva instalaci\u00f3 fotovoltaica?","robots":{"index":"index","follow":"follow","max-snippet":"max-snippet:-1","max-image-preview":"max-image-preview:large","max-video-preview":"max-video-preview:-1"},"canonical":"https:\/\/www.factorenergia.com\/ca\/blog\/mobilitat-electrica\/com-carregar-teu-cotxe-electric-amb-plaques-solars\/","twitter_card":"summary_large_image","twitter_title":"Com carregar el teu cotxe el\u00e8ctric amb plaques solars? | Factorenergia","twitter_description":"Sabies que \u00e9s possible carregar el teu cotxe el\u00e8ctric amb plaques solars mitjan\u00e7ant energia excendent\u00e0ria provinent de la teva instalaci\u00f3 fotovoltaica?","twitter_creator":"@factorenergia","twitter_site":"@factorenergia","twitter_misc":{"Written by":"Equipo Transici\u00f3n Energ\u00e9tica Factorenergia","Est. reading time":"4 minutes"},"schema":{"@context":"https:\/\/schema.org","@graph":[{"@type":"WebPage","@id":"https:\/\/www.factorenergia.com\/ca\/blog\/mobilitat-electrica\/com-carregar-teu-cotxe-electric-amb-plaques-solars\/","url":"https:\/\/www.factorenergia.com\/ca\/blog\/mobilitat-electrica\/com-carregar-teu-cotxe-electric-amb-plaques-solars\/","name":"Com carregar el teu cotxe el\u00e8ctric amb plaques solars? | Factorenergia","isPartOf":{"@id":"https:\/\/www.factorenergia.com\/es\/#website"},"datePublished":"2021-11-18T13:32:32+00:00","dateModified":"2025-08-06T11:47:08+00:00","author":{"@id":"https:\/\/www.factorenergia.com\/es\/#\/schema\/person\/dff9e4b6dc520720e3a37bdaaedc5841"},"description":"Sabies que \u00e9s possible carregar el teu cotxe el\u00e8ctric amb plaques solars mitjan\u00e7ant energia excendent\u00e0ria provinent de la teva instalaci\u00f3 fotovoltaica?","breadcrumb":{"@id":"https:\/\/www.factorenergia.com\/ca\/blog\/mobilitat-electrica\/com-carregar-teu-cotxe-electric-amb-plaques-solars\/#breadcrumb"},"inLanguage":"ca","potentialAction":[{"@type":"ReadAction","target":["https:\/\/www.factorenergia.com\/ca\/blog\/mobilitat-electrica\/com-carregar-teu-cotxe-electric-amb-plaques-solars\/"]}]},{"@type":"BreadcrumbList","@id":"https:\/\/www.factorenergia.com\/ca\/blog\/mobilitat-electrica\/com-carregar-teu-cotxe-electric-amb-plaques-solars\/#breadcrumb","itemListElement":[{"@type":"ListItem","position":1,"name":"Portada","item":"https:\/\/www.factorenergia.com\/ca\/"},{"@type":"ListItem","position":2,"name":"Com carregar el teu cotxe el\u00e8ctric amb plaques solars?"}]},{"@type":"WebSite","@id":"https:\/\/www.factorenergia.com\/es\/#website","url":"https:\/\/www.factorenergia.com\/es\/","name":"factorenergia","description":"factorenergia","potentialAction":[{"@type":"SearchAction","target":{"@type":"EntryPoint","urlTemplate":"https:\/\/www.factorenergia.com\/es\/?s={search_term_string}"},"query-input":"required name=search_term_string"}],"inLanguage":"ca"},{"@type":"Person","@id":"https:\/\/www.factorenergia.com\/es\/#\/schema\/person\/dff9e4b6dc520720e3a37bdaaedc5841","name":"Equipo Transici\u00f3n Energ\u00e9tica Factorenergia","image":{"@type":"ImageObject","inLanguage":"ca","@id":"https:\/\/www.factorenergia.com\/es\/#\/schema\/person\/image\/","url":"https:\/\/secure.gravatar.com\/avatar\/1b7c76bab80ee1c4261b06108874e24b?s=96&d=mm&r=g","contentUrl":"https:\/\/secure.gravatar.com\/avatar\/1b7c76bab80ee1c4261b06108874e24b?s=96&d=mm&r=g","caption":"Equipo Transici\u00f3n Energ\u00e9tica Factorenergia"},"description":"El equipo est\u00e1 formado por expertos en materia de Luz, Gas y Eficiencia Energ\u00e9tica, que conocen de primera mano las tendencias del mercado. Su experiencia en el sector les permite ofrecer las mejores soluciones energ\u00e9ticas y resolver las dudas planteadas por los clientes.","sameAs":["https:\/\/www.factorenergia.com\/es\/","https:\/\/www.facebook.com\/factorenergiacom","https:\/\/www.instagram.com\/factorenergia_com\/","https:\/\/es.linkedin.com\/company\/factor-energia","https:\/\/twitter.com\/factorenergia","https:\/\/www.youtube.com\/c\/factorenergiacom"],"url":"https:\/\/www.factorenergia.com\/ca\/blog\/author\/marketing\/"}]}},"_links":{"self":[{"href":"https:\/\/www.factorenergia.com\/ca\/wp-json\/wp\/v2\/posts\/11609"}],"collection":[{"href":"https:\/\/www.factorenergia.com\/ca\/wp-json\/wp\/v2\/posts"}],"about":[{"href":"https:\/\/www.factorenergia.com\/ca\/wp-json\/wp\/v2\/types\/post"}],"author":[{"embeddable":true,"href":"https:\/\/www.factorenergia.com\/ca\/wp-json\/wp\/v2\/users\/17"}],"replies":[{"embeddable":true,"href":"https:\/\/www.factorenergia.com\/ca\/wp-json\/wp\/v2\/comments?post=11609"}],"version-history":[{"count":4,"href":"https:\/\/www.factorenergia.com\/ca\/wp-json\/wp\/v2\/posts\/11609\/revisions"}],"predecessor-version":[{"id":29745,"href":"https:\/\/www.factorenergia.com\/ca\/wp-json\/wp\/v2\/posts\/11609\/revisions\/29745"}],"wp:attachment":[{"href":"https:\/\/www.factorenergia.com\/ca\/wp-json\/wp\/v2\/media?parent=11609"}],"wp:term":[{"taxonomy":"category","embeddable":true,"href":"https:\/\/www.factorenergia.com\/ca\/wp-json\/wp\/v2\/categories?post=11609"},{"taxonomy":"post_tag","embeddable":true,"href":"https:\/\/www.factorenergia.com\/ca\/wp-json\/wp\/v2\/tags?post=11609"}],"curies":[{"name":"wp","href":"https:\/\/api.w.org\/{rel}","templated":true}]}}