{"id":11384,"date":"2021-10-05T18:18:08","date_gmt":"2021-10-05T16:18:08","guid":{"rendered":"https:\/\/www.factorenergia.com\/ca\/?post_type=blog&#038;p=11384"},"modified":"2025-07-02T11:38:22","modified_gmt":"2025-07-02T09:38:22","slug":"nou-etiquetatge-energetic-llum","status":"publish","type":"post","link":"https:\/\/www.factorenergia.com\/ca\/blog\/eficiencia-energetica\/nou-etiquetatge-energetic-llum\/","title":{"rendered":"Descobreix el nou etiquetatge energ\u00e8tic per il\u00b7luminaci\u00f3"},"content":{"rendered":"<p><span>\n<script type=\"text\/javascript\" id=\"auto-index\" async defer>\n\n      function indexContent(context){\n\n      var container = document.querySelector(context);\n\n      element = document.getElementById(\"accordion-index\");\n      var titles = Array.from(container.querySelectorAll(\"h2,h3,h4\"));\n\n      for (var i = 0, l = titles.length; i < l; i++) {\n\n\t\tjQuery('#accordionIndex').show();\n\n        var tit = titles[i];\n\t\tvar newTitle = tit.textContent.toLowerCase().replace(\/[^a-zA-Z ]\/g, \"\").replace(\/\\s\/g, '-');\n\t\tvar numTag = Number(tit.tagName.replace(\/[^1-9]\/g, \"\"));\n\t\tvar tagWidth = (numTag*20);\n\n\t\tvar preText = '<span style=\"margin-left:' + tagWidth + 'px\"><\/span>';\n\n        tit.setAttribute(\"id\", newTitle);\n\t\tjQuery(tit).addClass('h-inline');\n\t\t\n\t\tvar toIndex = '<p class=\"h-inline\"><a class=\"blog-toindex\" href=\"#accordionIndex\"><span class=\"glyphicon glyphicon-chevron-up\" aria-hidden=\"true\"><\/span><\/a><\/p>';\n\n\t\tjQuery(toIndex).insertAfter(tit);\n\n        var node = document.createElement(\"LI\");                 \n        var link = document.createElement(\"A\");\n        var textnode = document.createTextNode(tit.textContent);\n\n        link.appendChild(textnode);\n        link.setAttribute(\"href\", '#' + newTitle);\n\t\t\/\/link.setAttribute(\"style\", \"margin-left:\" + tagWidth + \"px\");\n\t\tlink.setAttribute(\"class\", \"acc-h\" + numTag);\n        node.appendChild(link);\n\n        element.appendChild(node);\n\n      }\n    }\n\n    jQuery(document).ready(function(){\t\t\n\t\tindexContent(\".single-post-content\");\n\n\t\tjQuery(\".accordion-toggle\").click(function() {\n\t\t\tjQuery(this).toggleClass(\"open\");\n\t\t\tjQuery(\"#collapseIndex\").slideToggle(\"in\");\n\t\t});\n\t});\n\n\n<\/script>\n\n<style>\n\t.accordion-toggle{\n\t\tcursor:pointer;\n\t}\n\n\t#accordionIndex .panel-heading{\n\t\tmargin-bottom:0px;\n\t}\n\n\t.articulo ul, .articulo ol{\n\t\tmargin-bottom:auto;\n\t}\n\n\t.h-inline{\n\t\tdisplay: inline-flex;\n\t\tflex-wrap: wrap\n\t}\n\t#accordion-index{\n\t\tpadding-left:0px;\n\t}\n\t#accordion-index li a{\n\t\tdisplay:block;\n\t\tpadding-top:5px;\n\t}\n\n\t.acc-h2{\n\t\tmargin-left:0px;\n\t\tposition: relative;\n\t}\n\n\t.acc-h3{\n\t\tmargin-left:25px;\n\t}\n\n\t.acc-h3::before{\n\t\tcontent: \"\";\n\t\tbackground-color:var(--blue-light);\n\t\tmargin-left:-10px;\n\t\twidth: 7px;\n\t\theight: 7px;\n\t\tdisplay: inline-block;\n\t\ttext-align: center;\n\t\tborder-radius: 1000px;\n\t\tmargin-right: 10px;\n    \tmargin-bottom: 2px;\n\t}\n\n\t.acc-h4{\n\t\tmargin-left:40px;\n\t}\n\n\t.acc-h4::before{\n\t\tcontent: \"\";\n\t\tborder: 1px solid var(--blue-light);\n\t\tmargin-left:-5px;\n\t\twidth: 7px;\n\t\theight: 7px;\n\t\tdisplay: inline-block;\n\t\ttext-align: center;\n\t\tborder-radius: 100%;\n\t\tmargin-right: 10px;\n    \tmargin-bottom: 2px;\n\t}\n\n\t.acc-h3:hover::before{\n\t\tbackground-color: var(--blue-darkest);\n\t}\n\n\t.acc-h4:hover::before{\n\t\tborder-color: var(--blue-darkest);\n\t}\n\n\t@media (max-width: 992px){\n\t\t.acc-h2{\n\t\t\tmargin-left:0px;\n\t\t}\n\t\t.acc-h3{\n\t\t\tmargin-left:20px;\n\t\t}\n\t\t.acc-h4{\n\t\t\tmargin-left:40px;\n\t\t}\n\t}\n\n\t\/*\n\th2.h-inline:after,\n\th3.h-inline:after{\n\t\theight: 24px;\n\t\tcontent: \"\";\n\t\tdisplay: table-row;\n\t}*\/\n<\/style>\n\n<div id=\"table-accordion-index\">\n\t<div class=\"panel-group\" id=\"accordionIndex\">\n\t\t<div class=\"panel panel-default\">\n\t\t\t<div class=\"panel-heading\">\n\t\t\t\t<div class=\"panel-title open\"><div class=\"accordion-toggle\" data-toggle=\"collapse\" data-parent=\"#accordion\" aria-expanded=\"true\">\u00edndex<\/div><\/div>\n\t\t\t<\/div>\n\t\t\t<div id=\"collapseIndex\" class=\"panel-collapse collapse in\" aria-expanded=\"true\">\n\t\t\t\t<div class=\"panel-body\">\n\t\t\t\t\t<ul id=\"accordion-index\">\n\t\t\t\t\t<\/ul>\n\t\t\t\t<\/div>\n\t\t\t<\/div>\n\t\t<\/div>\n\t<\/div>\n<\/div><\/span><\/p>\n<h2 style=\"font-size: 20px !important; color: #777777;\"><strong>Per qu\u00e8 s&#8217;utiliza un nou etiquetatge?<\/strong><\/h2>\n<p style=\"text-align: justify;\">Les noves etiquetes d&#8217;efici\u00e8ncia energ\u00e8tica per a il\u00b7luminaci\u00f3 s\u00f3n el resultat d&#8217;una iniciativa de la Comissi\u00f3 Europea coneguda amb el nom <a href=\"https:\/\/www.label2020.eu\/\" title=\"iniciativa europea Label 2020\" target=\"_blank\" rel=\"noopener\">Label 2020<\/a>. Aquest projecte, que es desenvolupa en 15 pa\u00efsos europeu i el Regne Unit, t\u00e9 com a objectiu facilitar la transici\u00f3 d&#8217;un nou etiquetatge energ\u00e8tic i estimular els consumidors a triar productes amb millor rendiment energ\u00e8tic. Aix\u00ed mateix, tamb\u00e9 persegueix incentivar els fabricants a que millorin els seus productes aplicant principis d&#8217;innovaci\u00f3 i sostenibilitat.<\/p>\n<p style=\"text-align: justify;\">Tenint en compte que la millora de l&#8217;efici\u00e8ncia energ\u00e8tica \u00e9s un dels pilars de la transici\u00f3 cap a una economia baixa en emissions, el Ministeri per a la Transici\u00f3 Ecol\u00f2gica i Repte Demogr\u00e0fic (MITECO) va impulsar l&#8217;entrada del nou etiquetatge energ\u00e8tic de fonts d&#8217;il\u00b7luminaci\u00f3 (bombetes i llums) l\u20191 de setembre passat de 2021.<\/p>\n<h3 style=\"font-size: 20px !important; color: #777777;\"><strong>Quins s\u00f3n els canvis de la nova etiqueta?<\/strong><\/h3>\n<p><a href=\"https:\/\/www.factorenergia.com\/wp-content\/uploads\/2025\/06\/aparato-que-consume.jpg\"><picture><source srcset=\"https:\/\/www.factorenergia.com\/wp-content\/webp-express\/webp-images\/uploads\/2025\/06\/aparato-que-consume-300x169.jpg.webp 300w, https:\/\/www.factorenergia.com\/wp-content\/webp-express\/webp-images\/uploads\/2025\/06\/aparato-que-consume-1024x576.jpg.webp 1024w, https:\/\/www.factorenergia.com\/wp-content\/webp-express\/webp-images\/uploads\/2025\/06\/aparato-que-consume-768x432.jpg.webp 768w, https:\/\/www.factorenergia.com\/wp-content\/webp-express\/webp-images\/uploads\/2025\/06\/aparato-que-consume-1536x864.jpg.webp 1536w, https:\/\/www.factorenergia.com\/wp-content\/webp-express\/webp-images\/uploads\/2025\/06\/aparato-que-consume-2048x1152.jpg.webp 2048w, https:\/\/www.factorenergia.com\/wp-content\/webp-express\/webp-images\/uploads\/2025\/06\/aparato-que-consume-306x172.jpg.webp 306w, https:\/\/www.factorenergia.com\/wp-content\/webp-express\/webp-images\/uploads\/2025\/06\/aparato-que-consume-90x51.jpg.webp 90w, https:\/\/www.factorenergia.com\/wp-content\/webp-express\/webp-images\/uploads\/2025\/06\/aparato-que-consume-170x96.jpg.webp 170w, https:\/\/www.factorenergia.com\/wp-content\/webp-express\/webp-images\/uploads\/2025\/06\/aparato-que-consume-640x360.jpg.webp 640w, https:\/\/www.factorenergia.com\/wp-content\/webp-express\/webp-images\/uploads\/2025\/06\/aparato-que-consume-500x281.jpg.webp 500w\" sizes=\"(max-width: 696px) 100vw, 696px\" type=\"image\/webp\"><img loading=\"lazy\" decoding=\"async\" src=\"https:\/\/www.factorenergia.com\/wp-content\/uploads\/2025\/06\/aparato-que-consume-300x169.jpg\" alt=\"\" width=\"696\" height=\"392\" class=\"alignnone  wp-image-28253 webpexpress-processed\" srcset=\"https:\/\/www.factorenergia.com\/wp-content\/uploads\/2025\/06\/aparato-que-consume-300x169.jpg 300w, https:\/\/www.factorenergia.com\/wp-content\/uploads\/2025\/06\/aparato-que-consume-1024x576.jpg 1024w, https:\/\/www.factorenergia.com\/wp-content\/uploads\/2025\/06\/aparato-que-consume-768x432.jpg 768w, https:\/\/www.factorenergia.com\/wp-content\/uploads\/2025\/06\/aparato-que-consume-1536x864.jpg 1536w, https:\/\/www.factorenergia.com\/wp-content\/uploads\/2025\/06\/aparato-que-consume-2048x1152.jpg 2048w, https:\/\/www.factorenergia.com\/wp-content\/uploads\/2025\/06\/aparato-que-consume-306x172.jpg 306w, https:\/\/www.factorenergia.com\/wp-content\/uploads\/2025\/06\/aparato-que-consume-90x51.jpg 90w, https:\/\/www.factorenergia.com\/wp-content\/uploads\/2025\/06\/aparato-que-consume-170x96.jpg 170w, https:\/\/www.factorenergia.com\/wp-content\/uploads\/2025\/06\/aparato-que-consume-640x360.jpg 640w, https:\/\/www.factorenergia.com\/wp-content\/uploads\/2025\/06\/aparato-que-consume-500x281.jpg 500w\" sizes=\"(max-width: 696px) 100vw, 696px\"><\/picture><\/a><\/p>\n<p style=\"text-align: justify;\">La nova etiqueta est\u00e0 pensada per ajudar els consumidors a triar productes m\u00e9s eficients i \u00e9s per aix\u00f2 que simplifica les categories. D&#8217;aquesta manera, s&#8217;eliminen les classes energ\u00e8tiques A +, A ++ i A +++, i s&#8217;estableix una escala de classificaci\u00f3 que va de la A a la G, on la A s&#8217;assigna als productes de menor consum i major efici\u00e8ncia energ\u00e8tica, i la G als de major consum i menor efici\u00e8ncia energ\u00e8tica. D&#8217;aquesta manera, l&#8217;etiqueta mantindr\u00e0 set classes diferents. La classe A \u00e9s l&#8217;\u00fanica categoria que quedar\u00e0 deserta i es reservar\u00e0 per a futures millores tecnol\u00f2giques. Per tant, els consumidors trobaran que la classe B \u00e9s la que t\u00e9 millor puntuaci\u00f3.<\/p>\n<p style=\"text-align: justify;\">Com a novetat, cada etiqueta incorpora un codi QR exclusiu amb m\u00e9s informaci\u00f3 per al consumidor. D&#8217;aquesta manera, el consumidor pot accedir a consultar, de forma senzilla a trav\u00e9s del seu Smartphone, les caracter\u00edstiques i dades espec\u00edfiques de cada model dins d&#8217;una nova base de dades a escala europea denominada EPREL (European Product Database for Energy Labelling).<\/p>\n<h3 style=\"font-size: 20px !important; color: #777777;\"><strong>Per qu\u00e8 el nou etiquetatge beneficia el consumidor?<\/strong><\/h3>\n<p style=\"text-align: justify;\">El 12% del consum el\u00e8ctric d&#8217;un habitatge es destina a la il\u00b7luminaci\u00f3 segons dades de l&#8217;Institut per a la Diversificaci\u00f3 i Estalvi de l&#8217;Energia (IDAE). \u00c9s per aix\u00f2, que les decisions d&#8217;efici\u00e8ncia energ\u00e8tica que pren un usuari en aquest \u00e0mbit, suposen un important estalvi en la seva factura. Un exemple per a il\u00b7luminaci\u00f3 eficient, \u00e9s l&#8217;\u00fas de bombetes LED, ja que aquestes consumeixen entre un 90-30% menys d&#8217;energia que les convencionals i la seva vida \u00fatil pot arribar a assolir els 20 anys.<\/p>\n<p style=\"text-align: justify;\">La nova etiqueta energ\u00e8tica, conviur\u00e0 amb l&#8217;etiqueta antiga fins el 31 de maig de 2022 i nom\u00e9s es trobar\u00e0 a productes discontinuats que no se seguiran produint.<\/p>\n<h3 style=\"font-size: 20px !important; color: #777777;\"><strong>Estalvia a la teva tarifa el\u00e8ctrica amb Factorenergia<\/strong><\/h3>\n<p style=\"text-align: justify;\">Com has pogut observar hi ha petits detalls que poden ajudar-te a reduir el consum energ\u00e8tic de la teva llar. La selecci\u00f3 de fonts d&#8217;il\u00b7luminaci\u00f3 d&#8217;elevada efici\u00e8ncia energ\u00e8tica \u00e9s una d&#8217;elles, per\u00f2 tamb\u00e9 ho \u00e9s la tarifa el\u00e8ctrica que tri\u00efs per casa teva. A Factorenergia disposem d&#8217;una <a href=\"https:\/\/www.factorenergia.com\/ca\/llum\/tarifa-fixa\/\" title=\"tarifa fixa de llum\" target=\"_blank\" rel=\"noopener\">tarifa fixa<\/a> i una altra <a href=\"https:\/\/www.factorenergia.com\/ca\/llum\/tarifa-variable\/\" title=\"tarifa de llum variable\" target=\"_blank\" rel=\"noopener\">variable<\/a>, perqu\u00e8 tri\u00efs la que millor s&#8217;adapta a les teves necessitats. Pots contractar la teva tarifa de forma senzilla a trav\u00e9s del <a href=\"https:\/\/alta.factorenergia.com\/ca\/\" title=\"donar-se d'alta a factorenergia\" target=\"_blank\" rel=\"noopener\">web<\/a>, en tan sols 2 minuts, o b\u00e9 trucant a al tel\u00e8fon 900 850 000. No esperis m\u00e9s i passa&#8217;t a Factorenergia!<\/p>\n","protected":false},"excerpt":{"rendered":"<p>Ja ha passat un mes des que l&#8217;1 de setembre va entrar en vigor el nou etiquetatge d&#8217;il\u00b7luminaci\u00f3 per a l\u00e0mpades i bombetes. Si vols con\u00e8ixer quines modificacions s&#8217;han produ\u00eft en les etiquetes, i com interpretar aquests canvis per escollir llumin\u00e0ries de menor consum energ\u00e8tic, segueix llegint!<\/p>\n","protected":false},"author":17,"featured_media":0,"comment_status":"open","ping_status":"closed","sticky":false,"template":"","format":"standard","meta":{"inline_featured_image":false,"footnotes":""},"categories":[56],"tags":[],"acf":{"fecha_de_la_entrada":"20211005","imagen_portada":28380,"categoria_blog":null,"tipo_de_distribuidora":null,"tiempo_lectura":"","banner_bool":false,"titulo_banner":"","texto_banner":"","texto_boton_banner":"","url_boton_banner":"","post_relacionados":""},"yoast_head":"<!-- This site is optimized with the Yoast SEO plugin v22.2 - https:\/\/yoast.com\/wordpress\/plugins\/seo\/ -->\n<title>Noves etiquetes d&#039;efici\u00e8ncia energ\u00e8tica - factorenergia<\/title>\n<meta name=\"description\" content=\"El nou etiquetatge energ\u00e8tic de l\u00e1mpades i bombetes va entrar en vigor l&#039;1 de setembre de 2021. T&#039;expliquem tots els detalls a aquest post!\" \/>\n<meta name=\"robots\" content=\"index, follow, max-snippet:-1, max-image-preview:large, max-video-preview:-1\" \/>\n<link rel=\"canonical\" href=\"https:\/\/www.factorenergia.com\/ca\/blog\/eficiencia-energetica\/nou-etiquetatge-energetic-llum\/\" \/>\n<meta name=\"twitter:card\" content=\"summary_large_image\" \/>\n<meta name=\"twitter:title\" content=\"Noves etiquetes d&#039;efici\u00e8ncia energ\u00e8tica - factorenergia\" \/>\n<meta name=\"twitter:description\" content=\"El nou etiquetatge energ\u00e8tic de l\u00e1mpades i bombetes va entrar en vigor l&#039;1 de setembre de 2021. T&#039;expliquem tots els detalls a aquest post!\" \/>\n<meta name=\"twitter:image\" content=\"https:\/\/www.factorenergia.com\/wp-content\/uploads\/2025\/06\/aparato-que-consume-300x169.jpg\" \/>\n<meta name=\"twitter:creator\" content=\"@factorenergia\" \/>\n<meta name=\"twitter:site\" content=\"@factorenergia\" \/>\n<meta name=\"twitter:label1\" content=\"Written by\" \/>\n\t<meta name=\"twitter:data1\" content=\"Equipo Transici\u00f3n Energ\u00e9tica Factorenergia\" \/>\n\t<meta name=\"twitter:label2\" content=\"Est. reading time\" \/>\n\t<meta name=\"twitter:data2\" content=\"3 minutes\" \/>\n<script type=\"application\/ld+json\" class=\"yoast-schema-graph\">{\"@context\":\"https:\/\/schema.org\",\"@graph\":[{\"@type\":\"WebPage\",\"@id\":\"https:\/\/www.factorenergia.com\/ca\/blog\/eficiencia-energetica\/nou-etiquetatge-energetic-llum\/\",\"url\":\"https:\/\/www.factorenergia.com\/ca\/blog\/eficiencia-energetica\/nou-etiquetatge-energetic-llum\/\",\"name\":\"Noves etiquetes d'efici\u00e8ncia energ\u00e8tica - factorenergia\",\"isPartOf\":{\"@id\":\"https:\/\/www.factorenergia.com\/es\/#website\"},\"primaryImageOfPage\":{\"@id\":\"https:\/\/www.factorenergia.com\/ca\/blog\/eficiencia-energetica\/nou-etiquetatge-energetic-llum\/#primaryimage\"},\"image\":{\"@id\":\"https:\/\/www.factorenergia.com\/ca\/blog\/eficiencia-energetica\/nou-etiquetatge-energetic-llum\/#primaryimage\"},\"thumbnailUrl\":\"https:\/\/www.factorenergia.com\/wp-content\/uploads\/2025\/06\/aparato-que-consume-300x169.jpg\",\"datePublished\":\"2021-10-05T16:18:08+00:00\",\"dateModified\":\"2025-07-02T09:38:22+00:00\",\"author\":{\"@id\":\"https:\/\/www.factorenergia.com\/es\/#\/schema\/person\/dff9e4b6dc520720e3a37bdaaedc5841\"},\"description\":\"El nou etiquetatge energ\u00e8tic de l\u00e1mpades i bombetes va entrar en vigor l'1 de setembre de 2021. T'expliquem tots els detalls a aquest post!\",\"breadcrumb\":{\"@id\":\"https:\/\/www.factorenergia.com\/ca\/blog\/eficiencia-energetica\/nou-etiquetatge-energetic-llum\/#breadcrumb\"},\"inLanguage\":\"ca\",\"potentialAction\":[{\"@type\":\"ReadAction\",\"target\":[\"https:\/\/www.factorenergia.com\/ca\/blog\/eficiencia-energetica\/nou-etiquetatge-energetic-llum\/\"]}]},{\"@type\":\"ImageObject\",\"inLanguage\":\"ca\",\"@id\":\"https:\/\/www.factorenergia.com\/ca\/blog\/eficiencia-energetica\/nou-etiquetatge-energetic-llum\/#primaryimage\",\"url\":\"https:\/\/www.factorenergia.com\/wp-content\/uploads\/2025\/06\/aparato-que-consume-300x169.jpg\",\"contentUrl\":\"https:\/\/www.factorenergia.com\/wp-content\/uploads\/2025\/06\/aparato-que-consume-300x169.jpg\"},{\"@type\":\"BreadcrumbList\",\"@id\":\"https:\/\/www.factorenergia.com\/ca\/blog\/eficiencia-energetica\/nou-etiquetatge-energetic-llum\/#breadcrumb\",\"itemListElement\":[{\"@type\":\"ListItem\",\"position\":1,\"name\":\"Portada\",\"item\":\"https:\/\/www.factorenergia.com\/ca\/\"},{\"@type\":\"ListItem\",\"position\":2,\"name\":\"Descobreix el nou etiquetatge energ\u00e8tic per il\u00b7luminaci\u00f3\"}]},{\"@type\":\"WebSite\",\"@id\":\"https:\/\/www.factorenergia.com\/es\/#website\",\"url\":\"https:\/\/www.factorenergia.com\/es\/\",\"name\":\"factorenergia\",\"description\":\"factorenergia\",\"potentialAction\":[{\"@type\":\"SearchAction\",\"target\":{\"@type\":\"EntryPoint\",\"urlTemplate\":\"https:\/\/www.factorenergia.com\/es\/?s={search_term_string}\"},\"query-input\":\"required name=search_term_string\"}],\"inLanguage\":\"ca\"},{\"@type\":\"Person\",\"@id\":\"https:\/\/www.factorenergia.com\/es\/#\/schema\/person\/dff9e4b6dc520720e3a37bdaaedc5841\",\"name\":\"Equipo Transici\u00f3n Energ\u00e9tica Factorenergia\",\"image\":{\"@type\":\"ImageObject\",\"inLanguage\":\"ca\",\"@id\":\"https:\/\/www.factorenergia.com\/es\/#\/schema\/person\/image\/\",\"url\":\"https:\/\/secure.gravatar.com\/avatar\/1b7c76bab80ee1c4261b06108874e24b?s=96&d=mm&r=g\",\"contentUrl\":\"https:\/\/secure.gravatar.com\/avatar\/1b7c76bab80ee1c4261b06108874e24b?s=96&d=mm&r=g\",\"caption\":\"Equipo Transici\u00f3n Energ\u00e9tica Factorenergia\"},\"description\":\"El equipo est\u00e1 formado por expertos en materia de Luz, Gas y Eficiencia Energ\u00e9tica, que conocen de primera mano las tendencias del mercado. Su experiencia en el sector les permite ofrecer las mejores soluciones energ\u00e9ticas y resolver las dudas planteadas por los clientes.\",\"sameAs\":[\"https:\/\/www.factorenergia.com\/es\/\",\"https:\/\/www.facebook.com\/factorenergiacom\",\"https:\/\/www.instagram.com\/factorenergia_com\/\",\"https:\/\/es.linkedin.com\/company\/factor-energia\",\"https:\/\/twitter.com\/factorenergia\",\"https:\/\/www.youtube.com\/c\/factorenergiacom\"],\"url\":\"https:\/\/www.factorenergia.com\/ca\/blog\/author\/marketing\/\"}]}<\/script>\n<!-- \/ Yoast SEO plugin. -->","yoast_head_json":{"title":"Noves etiquetes d'efici\u00e8ncia energ\u00e8tica - factorenergia","description":"El nou etiquetatge energ\u00e8tic de l\u00e1mpades i bombetes va entrar en vigor l'1 de setembre de 2021. T'expliquem tots els detalls a aquest post!","robots":{"index":"index","follow":"follow","max-snippet":"max-snippet:-1","max-image-preview":"max-image-preview:large","max-video-preview":"max-video-preview:-1"},"canonical":"https:\/\/www.factorenergia.com\/ca\/blog\/eficiencia-energetica\/nou-etiquetatge-energetic-llum\/","twitter_card":"summary_large_image","twitter_title":"Noves etiquetes d'efici\u00e8ncia energ\u00e8tica - factorenergia","twitter_description":"El nou etiquetatge energ\u00e8tic de l\u00e1mpades i bombetes va entrar en vigor l'1 de setembre de 2021. T'expliquem tots els detalls a aquest post!","twitter_image":"https:\/\/www.factorenergia.com\/wp-content\/uploads\/2025\/06\/aparato-que-consume-300x169.jpg","twitter_creator":"@factorenergia","twitter_site":"@factorenergia","twitter_misc":{"Written by":"Equipo Transici\u00f3n Energ\u00e9tica Factorenergia","Est. reading time":"3 minutes"},"schema":{"@context":"https:\/\/schema.org","@graph":[{"@type":"WebPage","@id":"https:\/\/www.factorenergia.com\/ca\/blog\/eficiencia-energetica\/nou-etiquetatge-energetic-llum\/","url":"https:\/\/www.factorenergia.com\/ca\/blog\/eficiencia-energetica\/nou-etiquetatge-energetic-llum\/","name":"Noves etiquetes d'efici\u00e8ncia energ\u00e8tica - factorenergia","isPartOf":{"@id":"https:\/\/www.factorenergia.com\/es\/#website"},"primaryImageOfPage":{"@id":"https:\/\/www.factorenergia.com\/ca\/blog\/eficiencia-energetica\/nou-etiquetatge-energetic-llum\/#primaryimage"},"image":{"@id":"https:\/\/www.factorenergia.com\/ca\/blog\/eficiencia-energetica\/nou-etiquetatge-energetic-llum\/#primaryimage"},"thumbnailUrl":"https:\/\/www.factorenergia.com\/wp-content\/uploads\/2025\/06\/aparato-que-consume-300x169.jpg","datePublished":"2021-10-05T16:18:08+00:00","dateModified":"2025-07-02T09:38:22+00:00","author":{"@id":"https:\/\/www.factorenergia.com\/es\/#\/schema\/person\/dff9e4b6dc520720e3a37bdaaedc5841"},"description":"El nou etiquetatge energ\u00e8tic de l\u00e1mpades i bombetes va entrar en vigor l'1 de setembre de 2021. T'expliquem tots els detalls a aquest post!","breadcrumb":{"@id":"https:\/\/www.factorenergia.com\/ca\/blog\/eficiencia-energetica\/nou-etiquetatge-energetic-llum\/#breadcrumb"},"inLanguage":"ca","potentialAction":[{"@type":"ReadAction","target":["https:\/\/www.factorenergia.com\/ca\/blog\/eficiencia-energetica\/nou-etiquetatge-energetic-llum\/"]}]},{"@type":"ImageObject","inLanguage":"ca","@id":"https:\/\/www.factorenergia.com\/ca\/blog\/eficiencia-energetica\/nou-etiquetatge-energetic-llum\/#primaryimage","url":"https:\/\/www.factorenergia.com\/wp-content\/uploads\/2025\/06\/aparato-que-consume-300x169.jpg","contentUrl":"https:\/\/www.factorenergia.com\/wp-content\/uploads\/2025\/06\/aparato-que-consume-300x169.jpg"},{"@type":"BreadcrumbList","@id":"https:\/\/www.factorenergia.com\/ca\/blog\/eficiencia-energetica\/nou-etiquetatge-energetic-llum\/#breadcrumb","itemListElement":[{"@type":"ListItem","position":1,"name":"Portada","item":"https:\/\/www.factorenergia.com\/ca\/"},{"@type":"ListItem","position":2,"name":"Descobreix el nou etiquetatge energ\u00e8tic per il\u00b7luminaci\u00f3"}]},{"@type":"WebSite","@id":"https:\/\/www.factorenergia.com\/es\/#website","url":"https:\/\/www.factorenergia.com\/es\/","name":"factorenergia","description":"factorenergia","potentialAction":[{"@type":"SearchAction","target":{"@type":"EntryPoint","urlTemplate":"https:\/\/www.factorenergia.com\/es\/?s={search_term_string}"},"query-input":"required name=search_term_string"}],"inLanguage":"ca"},{"@type":"Person","@id":"https:\/\/www.factorenergia.com\/es\/#\/schema\/person\/dff9e4b6dc520720e3a37bdaaedc5841","name":"Equipo Transici\u00f3n Energ\u00e9tica Factorenergia","image":{"@type":"ImageObject","inLanguage":"ca","@id":"https:\/\/www.factorenergia.com\/es\/#\/schema\/person\/image\/","url":"https:\/\/secure.gravatar.com\/avatar\/1b7c76bab80ee1c4261b06108874e24b?s=96&d=mm&r=g","contentUrl":"https:\/\/secure.gravatar.com\/avatar\/1b7c76bab80ee1c4261b06108874e24b?s=96&d=mm&r=g","caption":"Equipo Transici\u00f3n Energ\u00e9tica Factorenergia"},"description":"El equipo est\u00e1 formado por expertos en materia de Luz, Gas y Eficiencia Energ\u00e9tica, que conocen de primera mano las tendencias del mercado. Su experiencia en el sector les permite ofrecer las mejores soluciones energ\u00e9ticas y resolver las dudas planteadas por los clientes.","sameAs":["https:\/\/www.factorenergia.com\/es\/","https:\/\/www.facebook.com\/factorenergiacom","https:\/\/www.instagram.com\/factorenergia_com\/","https:\/\/es.linkedin.com\/company\/factor-energia","https:\/\/twitter.com\/factorenergia","https:\/\/www.youtube.com\/c\/factorenergiacom"],"url":"https:\/\/www.factorenergia.com\/ca\/blog\/author\/marketing\/"}]}},"_links":{"self":[{"href":"https:\/\/www.factorenergia.com\/ca\/wp-json\/wp\/v2\/posts\/11384"}],"collection":[{"href":"https:\/\/www.factorenergia.com\/ca\/wp-json\/wp\/v2\/posts"}],"about":[{"href":"https:\/\/www.factorenergia.com\/ca\/wp-json\/wp\/v2\/types\/post"}],"author":[{"embeddable":true,"href":"https:\/\/www.factorenergia.com\/ca\/wp-json\/wp\/v2\/users\/17"}],"replies":[{"embeddable":true,"href":"https:\/\/www.factorenergia.com\/ca\/wp-json\/wp\/v2\/comments?post=11384"}],"version-history":[{"count":5,"href":"https:\/\/www.factorenergia.com\/ca\/wp-json\/wp\/v2\/posts\/11384\/revisions"}],"predecessor-version":[{"id":28384,"href":"https:\/\/www.factorenergia.com\/ca\/wp-json\/wp\/v2\/posts\/11384\/revisions\/28384"}],"wp:attachment":[{"href":"https:\/\/www.factorenergia.com\/ca\/wp-json\/wp\/v2\/media?parent=11384"}],"wp:term":[{"taxonomy":"category","embeddable":true,"href":"https:\/\/www.factorenergia.com\/ca\/wp-json\/wp\/v2\/categories?post=11384"},{"taxonomy":"post_tag","embeddable":true,"href":"https:\/\/www.factorenergia.com\/ca\/wp-json\/wp\/v2\/tags?post=11384"}],"curies":[{"name":"wp","href":"https:\/\/api.w.org\/{rel}","templated":true}]}}