{"id":11319,"date":"2021-09-22T16:12:49","date_gmt":"2021-09-22T14:12:49","guid":{"rendered":"https:\/\/www.factorenergia.com\/ca\/?post_type=blog&#038;p=11319"},"modified":"2025-08-06T11:27:49","modified_gmt":"2025-08-06T09:27:49","slug":"millor-preu-de-compensacio-excedents","status":"publish","type":"post","link":"https:\/\/www.factorenergia.com\/ca\/blog\/autoconsum-electric\/millor-preu-de-compensacio-excedents\/","title":{"rendered":"Aplicant el millor preu de compensaci\u00f3 des del mes de juny"},"content":{"rendered":"<p><span>\n<script type=\"text\/javascript\" id=\"auto-index\" async defer>\n\n      function indexContent(context){\n\n      var container = document.querySelector(context);\n\n      element = document.getElementById(\"accordion-index\");\n      var titles = Array.from(container.querySelectorAll(\"h2,h3,h4\"));\n\n      for (var i = 0, l = titles.length; i < l; i++) {\n\n\t\tjQuery('#accordionIndex').show();\n\n        var tit = titles[i];\n\t\tvar newTitle = tit.textContent.toLowerCase().replace(\/[^a-zA-Z ]\/g, \"\").replace(\/\\s\/g, '-');\n\t\tvar numTag = Number(tit.tagName.replace(\/[^1-9]\/g, \"\"));\n\t\tvar tagWidth = (numTag*20);\n\n\t\tvar preText = '<span style=\"margin-left:' + tagWidth + 'px\"><\/span>';\n\n        tit.setAttribute(\"id\", newTitle);\n\t\tjQuery(tit).addClass('h-inline');\n\t\t\n\t\tvar toIndex = '<p class=\"h-inline\"><a class=\"blog-toindex\" href=\"#accordionIndex\"><span class=\"glyphicon glyphicon-chevron-up\" aria-hidden=\"true\"><\/span><\/a><\/p>';\n\n\t\tjQuery(toIndex).insertAfter(tit);\n\n        var node = document.createElement(\"LI\");                 \n        var link = document.createElement(\"A\");\n        var textnode = document.createTextNode(tit.textContent);\n\n        link.appendChild(textnode);\n        link.setAttribute(\"href\", '#' + newTitle);\n\t\t\/\/link.setAttribute(\"style\", \"margin-left:\" + tagWidth + \"px\");\n\t\tlink.setAttribute(\"class\", \"acc-h\" + numTag);\n        node.appendChild(link);\n\n        element.appendChild(node);\n\n      }\n    }\n\n    jQuery(document).ready(function(){\t\t\n\t\tindexContent(\".single-post-content\");\n\n\t\tjQuery(\".accordion-toggle\").click(function() {\n\t\t\tjQuery(this).toggleClass(\"open\");\n\t\t\tjQuery(\"#collapseIndex\").slideToggle(\"in\");\n\t\t});\n\t});\n\n\n<\/script>\n\n<style>\n\t.accordion-toggle{\n\t\tcursor:pointer;\n\t}\n\n\t#accordionIndex .panel-heading{\n\t\tmargin-bottom:0px;\n\t}\n\n\t.articulo ul, .articulo ol{\n\t\tmargin-bottom:auto;\n\t}\n\n\t.h-inline{\n\t\tdisplay: inline-flex;\n\t\tflex-wrap: wrap\n\t}\n\t#accordion-index{\n\t\tpadding-left:0px;\n\t}\n\t#accordion-index li a{\n\t\tdisplay:block;\n\t\tpadding-top:5px;\n\t}\n\n\t.acc-h2{\n\t\tmargin-left:0px;\n\t\tposition: relative;\n\t}\n\n\t.acc-h3{\n\t\tmargin-left:25px;\n\t}\n\n\t.acc-h3::before{\n\t\tcontent: \"\";\n\t\tbackground-color:var(--blue-light);\n\t\tmargin-left:-10px;\n\t\twidth: 7px;\n\t\theight: 7px;\n\t\tdisplay: inline-block;\n\t\ttext-align: center;\n\t\tborder-radius: 1000px;\n\t\tmargin-right: 10px;\n    \tmargin-bottom: 2px;\n\t}\n\n\t.acc-h4{\n\t\tmargin-left:40px;\n\t}\n\n\t.acc-h4::before{\n\t\tcontent: \"\";\n\t\tborder: 1px solid var(--blue-light);\n\t\tmargin-left:-5px;\n\t\twidth: 7px;\n\t\theight: 7px;\n\t\tdisplay: inline-block;\n\t\ttext-align: center;\n\t\tborder-radius: 100%;\n\t\tmargin-right: 10px;\n    \tmargin-bottom: 2px;\n\t}\n\n\t.acc-h3:hover::before{\n\t\tbackground-color: var(--blue-darkest);\n\t}\n\n\t.acc-h4:hover::before{\n\t\tborder-color: var(--blue-darkest);\n\t}\n\n\t@media (max-width: 992px){\n\t\t.acc-h2{\n\t\t\tmargin-left:0px;\n\t\t}\n\t\t.acc-h3{\n\t\t\tmargin-left:20px;\n\t\t}\n\t\t.acc-h4{\n\t\t\tmargin-left:40px;\n\t\t}\n\t}\n\n\t\/*\n\th2.h-inline:after,\n\th3.h-inline:after{\n\t\theight: 24px;\n\t\tcontent: \"\";\n\t\tdisplay: table-row;\n\t}*\/\n<\/style>\n\n<div id=\"table-accordion-index\">\n\t<div class=\"panel-group\" id=\"accordionIndex\">\n\t\t<div class=\"panel panel-default\">\n\t\t\t<div class=\"panel-heading\">\n\t\t\t\t<div class=\"panel-title open\"><div class=\"accordion-toggle\" data-toggle=\"collapse\" data-parent=\"#accordion\" aria-expanded=\"true\">\u00edndex<\/div><\/div>\n\t\t\t<\/div>\n\t\t\t<div id=\"collapseIndex\" class=\"panel-collapse collapse in\" aria-expanded=\"true\">\n\t\t\t\t<div class=\"panel-body\">\n\t\t\t\t\t<ul id=\"accordion-index\">\n\t\t\t\t\t<\/ul>\n\t\t\t\t<\/div>\n\t\t\t<\/div>\n\t\t<\/div>\n\t<\/div>\n<\/div><\/span><\/p>\n<p style=\"text-align: left;\">Des que va entrar en vigor la <a href=\"https:\/\/www.factorenergia.com\/ca\/plaques-solars\/excedents-autoconsum\/\" title=\"compensaci\u00f3 d'excedents d'autoconsum\" target=\"_blank\" rel=\"noopener\">compensaci\u00f3 d&#8217;excedents d&#8217;autoconsum<\/a> mitjan\u00e7ant el <a href=\"https:\/\/www.boe.es\/buscar\/doc.php?id=BOE-A-2019-5089\" title=\"Reial Decret 244\/2019\" target=\"_blank\" rel=\"noopener\">Reial Decret 244\/2019<\/a>, els consumidors que van instal\u00b7lar plaques fotovoltaiques a la seva llar, estan gaudint d&#8217;una reducci\u00f3 a la seva factura de la llum.<\/p>\n<p>&nbsp;<\/p>\n<p style=\"text-align: left;\">Gr\u00e0cies als sobrants energ\u00e8tics produ\u00efts per les seves plaques solars, un cop prove\u00efda la seva llar, aquesta energia sobrant s&#8217;aboca a la xarxa transformant-se en una compensaci\u00f3 econ\u00f2mica que acaba repercutint a la teva factura de llum.<\/p>\n<h2 style=\"color: #777777; font-size: 20px !important; text-align: left;\"><strong>Com compensa Factorenergia els excedents?<\/strong><\/h2>\n<p style=\"text-align: left;\">Factorenergia aplica la seva pol\u00edtica de compensaci\u00f3 simplificada d&#8217;excedents a l&#8217;<a href=\"https:\/\/www.factorenergia.com\/ca\/llars\/plaques-solars\/\" target=\"_blank\" rel=\"noopener\">autoconsum fotovoltaic<\/a> quan el consumidor aboca energia a la xarxa que no ha estat consumida i per aix\u00f2, els nostres clients obtenen una reducci\u00f3 en la seva factura.<\/p>\n<p>&nbsp;<\/p>\n<p style=\"text-align: left;\">\u00c9s important destacar que el m\u00e8tode de compensaci\u00f3 no es tracta de venda d&#8217;energia el\u00e8ctrica, sin\u00f3 d&#8217;un estalvi econ\u00f2mic amb el que comercialitzadores com la nostra, compensen a aquells clients que produeixen m\u00e9s energia de la que consumeixen.<\/p>\n<p>&nbsp;<\/p>\n<p style=\"text-align: left;\">Aquesta compensaci\u00f3 aplicada per Factorenergia, es veur\u00e0 reflectida a la teva factura de la llum a manera d&#8217;estalvi addicional. El valor d&#8217;aquesta compensaci\u00f3, ser\u00e0 sempre en funci\u00f3 del preu indexat de mercat.<\/p>\n<p>&nbsp;<\/p>\n<p style=\"text-align: left;\">El preu pel que Factorenergia compensa els kWh excedentaris als clients va en funci\u00f3 del preu horari que marca el mercat diari (preu indexat). La variaci\u00f3 i hist\u00f2rics d&#8217;aquest preu es pot consultar al web publica de OMIE (Operador de Mercat El\u00e8ctric, <a href=\"https:\/\/www.omie.es\/\" title=\"hist\u00f2ric de preus de compensaci\u00f3 d'excedents\" target=\"_blank\" rel=\"noopener\">www.omie.es<\/a>).<\/p>\n<p>&nbsp;<\/p>\n<p style=\"text-align: left;\">D&#8217;aquesta manera, el nostre equip calcular\u00e0 cada mes el preu a compensar en la factura tenint en compte la seg\u00fcent formula:<\/p>\n<p><a href=\"https:\/\/www.factorenergia.com\/wp-content\/uploads\/2021\/09\/cat.png\" target=\"_blank\" rel=\"noopener\"><picture><source srcset=\"https:\/\/www.factorenergia.com\/wp-content\/webp-express\/webp-images\/uploads\/2021\/09\/cat.png.webp\" type=\"image\/webp\"><img loading=\"lazy\" decoding=\"async\" src=\"https:\/\/www.factorenergia.com\/wp-content\/uploads\/2021\/09\/cat.png\" alt=\"f\u00f3rmula del preu de l'energia excedentaria\" class=\"alignnone wp-image-11331 size-full webpexpress-processed\" title=\"f\u00f3rmula per a calcular el preu dels excedents d'autoconsum\" width=\"700\" height=\"320\"><\/picture><\/a><\/p>\n<h3 style=\"color: #777777; font-size: 20px !important; text-align: left;\"><strong>Per qu\u00e8 el valor dels excedents varia mensualment?<\/strong><\/h3>\n<p style=\"text-align: left;\">La variaci\u00f3 del preu de la compensaci\u00f3 d&#8217;excedents varia de forma hor\u00e0ria depenent de el preu que t\u00e9 l&#8217;energia en el mercat i \u00e9s per aix\u00f2, que el valor dels excedents pot ser diferent cada mes.<\/p>\n<p>&nbsp;<\/p>\n<p style=\"text-align: left;\">A m\u00e9s, \u00e9s important tenir en compte que els excedents generats a trav\u00e9s del teu sistema fotovoltaic, sempre es compensaran a un preu inferior al qu\u00e8 tu est\u00e0s pagant per l&#8217;energia procedent de la xarxa a causa dels peatges que cal satisfer per l&#8217;\u00fas de la xarxa de distribuci\u00f3.<\/p>\n<p><span>\r\n<script type=\"text\/javascript\" async defer>\r\n\r\n    jQuery(document).ready(function(){\t\t\r\n\t\t\r\n\t});\r\n<\/script>\r\n\r\n<style>\r\n\t.block-interested_posts{\r\n        margin-top: 10px;\r\n        padding: 20px;\r\n        border: 2px solid #92C200;\r\n    }\r\n    .block-interested_posts ul{\r\n        margin-bottom:0px;\r\n    }\r\n    .block-interested_posts ul li{\r\n        margin-bottom:5px;\r\n    }\r\n    .block-interested_posts ul li a{\r\n        \/*color: #DF981E;*\/\r\n    }\r\n\r\n<\/style>\r\n\r\n<div class=\"block-interested_posts\">\r\n    <p><strong>Post que et poden interessar<\/strong><\/p>\r\n    <ul>\r\n                    <li><a href=\"https:\/\/www.factorenergia.com\/ca\/blog\/autoconsum-electric\/rendiment-plaques-solars\/\" title=\"Quin \u00e9s el rendiment de les plaques solars a l&#8217;estiu i a l&#8217;hivern?\">Quin \u00e9s el rendiment de les plaques solars a l&#8217;estiu i a l&#8217;hivern?<\/a><\/li>\r\n                    <li><a href=\"https:\/\/www.factorenergia.com\/ca\/blog\/autoconsum-electric\/instal%c2%b7lar-plaques-solars-es-rendible\/\" title=\"6 motius pels quals instal\u00b7lar plaques solars \u00e9s rendible\">6 motius pels quals instal\u00b7lar plaques solars \u00e9s rendible<\/a><\/li>\r\n                    <li><a href=\"https:\/\/www.factorenergia.com\/ca\/blog\/autoconsum-electric\/5-dubtes-compensacio-excedents\/\" title=\"Els 5 dubtes m\u00e9s freq\u00fcents sobre la compensaci\u00f3 d&#8217;excedents\">Els 5 dubtes m\u00e9s freq\u00fcents sobre la compensaci\u00f3 d&#8217;excedents<\/a><\/li>\r\n            <\/ul>\t\r\n<\/div><\/span><\/p>\n<p style=\"text-align: left;\">Els autoconsumidors poden verificar el preu del MWh al mercat majorista, actualitzat di\u00e0riament a les 24 franges hor\u00e0ries del dia a la p\u00e0gina web de la OMIE.<\/p>\n<h3 style=\"color: #777777; font-size: 20px !important; text-align: left;\"><strong>A quin valor compensa els excedents Factorenergia?<\/strong><\/h3>\n<p style=\"text-align: left;\">En els \u00faltims mesos en Factorenergia estem compensat a el preu m\u00e9s alt del mercat. La nostra metodologia de c\u00e0lcul per a la compensaci\u00f3 d&#8217;excedents est\u00e0 relacionada amb el preu indexat de mercat, deduint els costos de gesti\u00f3.<\/p>\n<p>&nbsp;<\/p>\n<p style=\"text-align: left;\">Tota la nostra metodologia de compensaci\u00f3 es realitza de forma transparent per al client. Pots comprobar el valor al que Factorenergia compensa els excedents aqu\u00ed.<\/p>\n<h3 style=\"color: #777777; font-size: 20px !important; text-align: left;\"><strong>Estalvia amb Factorenergia a la teva compensaci\u00f3 d&#8217;excedents<\/strong><\/h3>\n<p style=\"text-align: left;\">Com has pogut observar, l&#8217;energia produ\u00efda mitjan\u00e7ant plaques fotovoltaiques, t\u00e9 grans avantatges! Gr\u00e0cies a la nostra tarifa indexada de compensaci\u00f3 (actualment catalogada entre les m\u00e9s altes del mercat), els nostres consumidors poden arribar a beneficiar-se de grans estalvis a la seva factura mensual de llum.<\/p>\n<p>&nbsp;<\/p>\n<p style=\"text-align: left;\">T&#8217;agradaria con\u00e8ixer quant pots estalviar amb un sistema fotovoltaic? Si est\u00e0s interessat en l&#8217;autoconsum per a la teva llar o empresa pots omplir el seg\u00fcent formulari i autom\u00e0ticament descobrir\u00e0s l&#8217;estalvi d&#8217;energia que obtindr\u00e0s al produir la teva pr\u00f2pia electricitat. Comen\u00e7a a produir la teva energia i estalvia amb la nostra tarifa de compensaci\u00f3 d&#8217;excedents!<\/p>\n","protected":false},"excerpt":{"rendered":"<p>Hi ha moltes raons per optar per l&#8217;autoconsum solar fotovoltaic com a font d&#8217;energia per a la teva llar. Entre elles, l\u2019estalvi considerable que pots aconseguir a la factura de la llum amb el nostre pla de compensaci\u00f3 d&#8217;excedents. Sabies que des del passat mes de juny som la companyia comercialitzadora que compensa a un preu m\u00e9s alt els excedents?<\/p>\n","protected":false},"author":17,"featured_media":0,"comment_status":"open","ping_status":"closed","sticky":false,"template":"","format":"standard","meta":{"inline_featured_image":false,"footnotes":""},"categories":[66],"tags":[],"acf":{"fecha_de_la_entrada":"20210922","imagen_portada":29623,"categoria_blog":null,"tipo_de_distribuidora":null,"tiempo_lectura":"","banner_bool":false,"titulo_banner":"","texto_banner":"","texto_boton_banner":"","url_boton_banner":"","post_relacionados":""},"yoast_head":"<!-- This site is optimized with the Yoast SEO plugin v22.2 - https:\/\/yoast.com\/wordpress\/plugins\/seo\/ -->\n<title>Millor preu en compensaci\u00f3 d&#039;excedents - factorenergia<\/title>\n<meta name=\"description\" content=\"Factorenergia est\u00e0 aplicant el millo preu de compensaci\u00f3 d&#039;excedents per autoconsum solar fotovoltaic, de tot el mercat, des del mes de juny passat.\" \/>\n<meta name=\"robots\" content=\"index, follow, max-snippet:-1, max-image-preview:large, max-video-preview:-1\" \/>\n<link rel=\"canonical\" href=\"https:\/\/www.factorenergia.com\/ca\/blog\/autoconsum-electric\/millor-preu-de-compensacio-excedents\/\" \/>\n<meta name=\"twitter:card\" content=\"summary_large_image\" \/>\n<meta name=\"twitter:title\" content=\"Millor preu en compensaci\u00f3 d&#039;excedents - factorenergia\" \/>\n<meta name=\"twitter:description\" content=\"Factorenergia est\u00e0 aplicant el millo preu de compensaci\u00f3 d&#039;excedents per autoconsum solar fotovoltaic, de tot el mercat, des del mes de juny passat.\" \/>\n<meta name=\"twitter:image\" content=\"https:\/\/www.factorenergia.com\/wp-content\/uploads\/2021\/09\/cat.png\" \/>\n<meta name=\"twitter:creator\" content=\"@factorenergia\" \/>\n<meta name=\"twitter:site\" content=\"@factorenergia\" \/>\n<meta name=\"twitter:label1\" content=\"Written by\" \/>\n\t<meta name=\"twitter:data1\" content=\"Equipo Transici\u00f3n Energ\u00e9tica Factorenergia\" \/>\n\t<meta name=\"twitter:label2\" content=\"Est. reading time\" \/>\n\t<meta name=\"twitter:data2\" content=\"3 minutes\" \/>\n<script type=\"application\/ld+json\" class=\"yoast-schema-graph\">{\"@context\":\"https:\/\/schema.org\",\"@graph\":[{\"@type\":\"WebPage\",\"@id\":\"https:\/\/www.factorenergia.com\/ca\/blog\/autoconsum-electric\/millor-preu-de-compensacio-excedents\/\",\"url\":\"https:\/\/www.factorenergia.com\/ca\/blog\/autoconsum-electric\/millor-preu-de-compensacio-excedents\/\",\"name\":\"Millor preu en compensaci\u00f3 d'excedents - factorenergia\",\"isPartOf\":{\"@id\":\"https:\/\/www.factorenergia.com\/es\/#website\"},\"primaryImageOfPage\":{\"@id\":\"https:\/\/www.factorenergia.com\/ca\/blog\/autoconsum-electric\/millor-preu-de-compensacio-excedents\/#primaryimage\"},\"image\":{\"@id\":\"https:\/\/www.factorenergia.com\/ca\/blog\/autoconsum-electric\/millor-preu-de-compensacio-excedents\/#primaryimage\"},\"thumbnailUrl\":\"https:\/\/www.factorenergia.com\/wp-content\/uploads\/2021\/09\/cat.png\",\"datePublished\":\"2021-09-22T14:12:49+00:00\",\"dateModified\":\"2025-08-06T09:27:49+00:00\",\"author\":{\"@id\":\"https:\/\/www.factorenergia.com\/es\/#\/schema\/person\/dff9e4b6dc520720e3a37bdaaedc5841\"},\"description\":\"Factorenergia est\u00e0 aplicant el millo preu de compensaci\u00f3 d'excedents per autoconsum solar fotovoltaic, de tot el mercat, des del mes de juny passat.\",\"breadcrumb\":{\"@id\":\"https:\/\/www.factorenergia.com\/ca\/blog\/autoconsum-electric\/millor-preu-de-compensacio-excedents\/#breadcrumb\"},\"inLanguage\":\"ca\",\"potentialAction\":[{\"@type\":\"ReadAction\",\"target\":[\"https:\/\/www.factorenergia.com\/ca\/blog\/autoconsum-electric\/millor-preu-de-compensacio-excedents\/\"]}]},{\"@type\":\"ImageObject\",\"inLanguage\":\"ca\",\"@id\":\"https:\/\/www.factorenergia.com\/ca\/blog\/autoconsum-electric\/millor-preu-de-compensacio-excedents\/#primaryimage\",\"url\":\"https:\/\/www.factorenergia.com\/wp-content\/uploads\/2021\/09\/cat.png\",\"contentUrl\":\"https:\/\/www.factorenergia.com\/wp-content\/uploads\/2021\/09\/cat.png\"},{\"@type\":\"BreadcrumbList\",\"@id\":\"https:\/\/www.factorenergia.com\/ca\/blog\/autoconsum-electric\/millor-preu-de-compensacio-excedents\/#breadcrumb\",\"itemListElement\":[{\"@type\":\"ListItem\",\"position\":1,\"name\":\"Portada\",\"item\":\"https:\/\/www.factorenergia.com\/ca\/\"},{\"@type\":\"ListItem\",\"position\":2,\"name\":\"Aplicant el millor preu de compensaci\u00f3 des del mes de juny\"}]},{\"@type\":\"WebSite\",\"@id\":\"https:\/\/www.factorenergia.com\/es\/#website\",\"url\":\"https:\/\/www.factorenergia.com\/es\/\",\"name\":\"factorenergia\",\"description\":\"factorenergia\",\"potentialAction\":[{\"@type\":\"SearchAction\",\"target\":{\"@type\":\"EntryPoint\",\"urlTemplate\":\"https:\/\/www.factorenergia.com\/es\/?s={search_term_string}\"},\"query-input\":\"required name=search_term_string\"}],\"inLanguage\":\"ca\"},{\"@type\":\"Person\",\"@id\":\"https:\/\/www.factorenergia.com\/es\/#\/schema\/person\/dff9e4b6dc520720e3a37bdaaedc5841\",\"name\":\"Equipo Transici\u00f3n Energ\u00e9tica Factorenergia\",\"image\":{\"@type\":\"ImageObject\",\"inLanguage\":\"ca\",\"@id\":\"https:\/\/www.factorenergia.com\/es\/#\/schema\/person\/image\/\",\"url\":\"https:\/\/secure.gravatar.com\/avatar\/1b7c76bab80ee1c4261b06108874e24b?s=96&d=mm&r=g\",\"contentUrl\":\"https:\/\/secure.gravatar.com\/avatar\/1b7c76bab80ee1c4261b06108874e24b?s=96&d=mm&r=g\",\"caption\":\"Equipo Transici\u00f3n Energ\u00e9tica Factorenergia\"},\"description\":\"El equipo est\u00e1 formado por expertos en materia de Luz, Gas y Eficiencia Energ\u00e9tica, que conocen de primera mano las tendencias del mercado. Su experiencia en el sector les permite ofrecer las mejores soluciones energ\u00e9ticas y resolver las dudas planteadas por los clientes.\",\"sameAs\":[\"https:\/\/www.factorenergia.com\/es\/\",\"https:\/\/www.facebook.com\/factorenergiacom\",\"https:\/\/www.instagram.com\/factorenergia_com\/\",\"https:\/\/es.linkedin.com\/company\/factor-energia\",\"https:\/\/twitter.com\/factorenergia\",\"https:\/\/www.youtube.com\/c\/factorenergiacom\"],\"url\":\"https:\/\/www.factorenergia.com\/ca\/blog\/author\/marketing\/\"}]}<\/script>\n<!-- \/ Yoast SEO plugin. -->","yoast_head_json":{"title":"Millor preu en compensaci\u00f3 d'excedents - factorenergia","description":"Factorenergia est\u00e0 aplicant el millo preu de compensaci\u00f3 d'excedents per autoconsum solar fotovoltaic, de tot el mercat, des del mes de juny passat.","robots":{"index":"index","follow":"follow","max-snippet":"max-snippet:-1","max-image-preview":"max-image-preview:large","max-video-preview":"max-video-preview:-1"},"canonical":"https:\/\/www.factorenergia.com\/ca\/blog\/autoconsum-electric\/millor-preu-de-compensacio-excedents\/","twitter_card":"summary_large_image","twitter_title":"Millor preu en compensaci\u00f3 d'excedents - factorenergia","twitter_description":"Factorenergia est\u00e0 aplicant el millo preu de compensaci\u00f3 d'excedents per autoconsum solar fotovoltaic, de tot el mercat, des del mes de juny passat.","twitter_image":"https:\/\/www.factorenergia.com\/wp-content\/uploads\/2021\/09\/cat.png","twitter_creator":"@factorenergia","twitter_site":"@factorenergia","twitter_misc":{"Written by":"Equipo Transici\u00f3n Energ\u00e9tica Factorenergia","Est. reading time":"3 minutes"},"schema":{"@context":"https:\/\/schema.org","@graph":[{"@type":"WebPage","@id":"https:\/\/www.factorenergia.com\/ca\/blog\/autoconsum-electric\/millor-preu-de-compensacio-excedents\/","url":"https:\/\/www.factorenergia.com\/ca\/blog\/autoconsum-electric\/millor-preu-de-compensacio-excedents\/","name":"Millor preu en compensaci\u00f3 d'excedents - factorenergia","isPartOf":{"@id":"https:\/\/www.factorenergia.com\/es\/#website"},"primaryImageOfPage":{"@id":"https:\/\/www.factorenergia.com\/ca\/blog\/autoconsum-electric\/millor-preu-de-compensacio-excedents\/#primaryimage"},"image":{"@id":"https:\/\/www.factorenergia.com\/ca\/blog\/autoconsum-electric\/millor-preu-de-compensacio-excedents\/#primaryimage"},"thumbnailUrl":"https:\/\/www.factorenergia.com\/wp-content\/uploads\/2021\/09\/cat.png","datePublished":"2021-09-22T14:12:49+00:00","dateModified":"2025-08-06T09:27:49+00:00","author":{"@id":"https:\/\/www.factorenergia.com\/es\/#\/schema\/person\/dff9e4b6dc520720e3a37bdaaedc5841"},"description":"Factorenergia est\u00e0 aplicant el millo preu de compensaci\u00f3 d'excedents per autoconsum solar fotovoltaic, de tot el mercat, des del mes de juny passat.","breadcrumb":{"@id":"https:\/\/www.factorenergia.com\/ca\/blog\/autoconsum-electric\/millor-preu-de-compensacio-excedents\/#breadcrumb"},"inLanguage":"ca","potentialAction":[{"@type":"ReadAction","target":["https:\/\/www.factorenergia.com\/ca\/blog\/autoconsum-electric\/millor-preu-de-compensacio-excedents\/"]}]},{"@type":"ImageObject","inLanguage":"ca","@id":"https:\/\/www.factorenergia.com\/ca\/blog\/autoconsum-electric\/millor-preu-de-compensacio-excedents\/#primaryimage","url":"https:\/\/www.factorenergia.com\/wp-content\/uploads\/2021\/09\/cat.png","contentUrl":"https:\/\/www.factorenergia.com\/wp-content\/uploads\/2021\/09\/cat.png"},{"@type":"BreadcrumbList","@id":"https:\/\/www.factorenergia.com\/ca\/blog\/autoconsum-electric\/millor-preu-de-compensacio-excedents\/#breadcrumb","itemListElement":[{"@type":"ListItem","position":1,"name":"Portada","item":"https:\/\/www.factorenergia.com\/ca\/"},{"@type":"ListItem","position":2,"name":"Aplicant el millor preu de compensaci\u00f3 des del mes de juny"}]},{"@type":"WebSite","@id":"https:\/\/www.factorenergia.com\/es\/#website","url":"https:\/\/www.factorenergia.com\/es\/","name":"factorenergia","description":"factorenergia","potentialAction":[{"@type":"SearchAction","target":{"@type":"EntryPoint","urlTemplate":"https:\/\/www.factorenergia.com\/es\/?s={search_term_string}"},"query-input":"required name=search_term_string"}],"inLanguage":"ca"},{"@type":"Person","@id":"https:\/\/www.factorenergia.com\/es\/#\/schema\/person\/dff9e4b6dc520720e3a37bdaaedc5841","name":"Equipo Transici\u00f3n Energ\u00e9tica Factorenergia","image":{"@type":"ImageObject","inLanguage":"ca","@id":"https:\/\/www.factorenergia.com\/es\/#\/schema\/person\/image\/","url":"https:\/\/secure.gravatar.com\/avatar\/1b7c76bab80ee1c4261b06108874e24b?s=96&d=mm&r=g","contentUrl":"https:\/\/secure.gravatar.com\/avatar\/1b7c76bab80ee1c4261b06108874e24b?s=96&d=mm&r=g","caption":"Equipo Transici\u00f3n Energ\u00e9tica Factorenergia"},"description":"El equipo est\u00e1 formado por expertos en materia de Luz, Gas y Eficiencia Energ\u00e9tica, que conocen de primera mano las tendencias del mercado. Su experiencia en el sector les permite ofrecer las mejores soluciones energ\u00e9ticas y resolver las dudas planteadas por los clientes.","sameAs":["https:\/\/www.factorenergia.com\/es\/","https:\/\/www.facebook.com\/factorenergiacom","https:\/\/www.instagram.com\/factorenergia_com\/","https:\/\/es.linkedin.com\/company\/factor-energia","https:\/\/twitter.com\/factorenergia","https:\/\/www.youtube.com\/c\/factorenergiacom"],"url":"https:\/\/www.factorenergia.com\/ca\/blog\/author\/marketing\/"}]}},"_links":{"self":[{"href":"https:\/\/www.factorenergia.com\/ca\/wp-json\/wp\/v2\/posts\/11319"}],"collection":[{"href":"https:\/\/www.factorenergia.com\/ca\/wp-json\/wp\/v2\/posts"}],"about":[{"href":"https:\/\/www.factorenergia.com\/ca\/wp-json\/wp\/v2\/types\/post"}],"author":[{"embeddable":true,"href":"https:\/\/www.factorenergia.com\/ca\/wp-json\/wp\/v2\/users\/17"}],"replies":[{"embeddable":true,"href":"https:\/\/www.factorenergia.com\/ca\/wp-json\/wp\/v2\/comments?post=11319"}],"version-history":[{"count":8,"href":"https:\/\/www.factorenergia.com\/ca\/wp-json\/wp\/v2\/posts\/11319\/revisions"}],"predecessor-version":[{"id":29625,"href":"https:\/\/www.factorenergia.com\/ca\/wp-json\/wp\/v2\/posts\/11319\/revisions\/29625"}],"wp:attachment":[{"href":"https:\/\/www.factorenergia.com\/ca\/wp-json\/wp\/v2\/media?parent=11319"}],"wp:term":[{"taxonomy":"category","embeddable":true,"href":"https:\/\/www.factorenergia.com\/ca\/wp-json\/wp\/v2\/categories?post=11319"},{"taxonomy":"post_tag","embeddable":true,"href":"https:\/\/www.factorenergia.com\/ca\/wp-json\/wp\/v2\/tags?post=11319"}],"curies":[{"name":"wp","href":"https:\/\/api.w.org\/{rel}","templated":true}]}}